{"id":102531,"date":"2025-02-25T07:35:47","date_gmt":"2025-02-25T14:35:47","guid":{"rendered":"https:\/\/fuentesfidedignas.com.mx\/?p=102531"},"modified":"2025-02-25T07:59:41","modified_gmt":"2025-02-25T14:59:41","slug":"fgr-ha-pedido-4-veces-a-eu-la-extradicion-del-mayo-zambada","status":"publish","type":"post","link":"https:\/\/fuentesfidedignas.com.mx\/index.php\/2025\/02\/25\/fgr-ha-pedido-4-veces-a-eu-la-extradicion-del-mayo-zambada\/","title":{"rendered":"FGR ha pedido cuatro veces a EU la extradici\u00f3n del \u2018Mayo\u2019 Zambada"},"content":{"rendered":"\n<p><strong><em>Alejandro Gertz, titular de FGR, detall\u00f3 que Ismael \u2018Mayo\u2019 Zambada tiene tres \u00f3rdenes de aprehensi\u00f3n vigentes en M\u00e9xico<\/em><\/strong><\/p>\n\n\n\n<p>La Fiscal\u00eda General de la Rep\u00fablica (FGR) ha pedido cuatro veces a Estados Unidos la extradici\u00f3n de Ismael Mayo Zambada, quien el viernes pasado exigi\u00f3 su repatriaci\u00f3n a M\u00e9xico con el argumento que lo secuestraron para entregarlo.<\/p>\n\n\n\n<p>El procedimiento al que se refiere esta persona es un requerimiento que ya se cumpli\u00f3 y con amplitud\u201d, asegur\u00f3 el titular de la FGR, Alejandro Gertz Manero, en la conferencia matutina de Palacio Nacional.<\/p>\n\n\n\n<p>El fiscal asever\u00f3 que, desde la captura del cofundador del C\u00e1rtel de Sinaloa el 25 de julio de 2024, la FGR \u201cinici\u00f3 un procedimiento de extradici\u00f3n ante las autoridades norteamericanas para esta persona que hab\u00eda salido del pa\u00eds en contra de su voluntad, que tiene tres \u00f3rdenes de aprehensi\u00f3n vigentes\u201d.<\/p>\n\n\n\n<p>\u201cNo solamente lo presentamos de inmediato, sino que en diciembre del a\u00f1o pasado, el Departamento de Estado de Estados Unidos reconoci\u00f3 que ya ten\u00eda ese requerimiento, hemos insistido en cuatro ocasiones ante la Administraci\u00f3n anterior (de Joe Biden, 2017-2021) del Gobierno norteamericano y no hemos tenido respuesta\u201d, relat\u00f3.<\/p>\n\n\n\n<p><strong>M\u00e9xico dar\u00e1 asistencia consular al \u2018 Mayo \u2018 Zambada<\/strong><br>La pol\u00e9mica aument\u00f3 tras revelarse el viernes que el Mayo Zambada entreg\u00f3 una carta en el Consulado de M\u00e9xico en Nueva York en la que considera que el Gobierno de M\u00e9xico \u201cdebe intervenir\u201d en su caso y pedir su repatriaci\u00f3n \u201ca fin de que el presente asunto no resulte en un colapso en la relaci\u00f3n bilateral entre ambos pa\u00edses\u201d.<\/p>\n\n\n\n<p>Gertz Manero, quien subray\u00f3 que esta petici\u00f3n de extradici\u00f3n \u201cya se cumpli\u00f3\u201d, argument\u00f3 que \u201ces una obligaci\u00f3n\u201d de M\u00e9xico dar asistencia consular a Zambada Garc\u00eda, seg\u00fan la Convenci\u00f3n de Viena, aunque aclar\u00f3 que no ha tenido contacto con los abogados del capo.<\/p>\n\n\n\n<p>\u201cEste no es un caso de excepci\u00f3n ni para bien ni para mal, es exactamente lo mismo, as\u00ed que lo que esa solicitud est\u00e1 haciendo (de Zambada) es refiri\u00e9ndose a hechos que son t\u00e9cnicamente y jur\u00eddicamente clar\u00edsimos y que no est\u00e1n en duda\u201d, argument\u00f3.<\/p>\n\n\n\n<p>El fiscal se refiri\u00f3 de esta manera a la petici\u00f3n presentada el jueves por la defensa de Zambada Garc\u00eda en el Consulado General de M\u00e9xico en Nueva York y publicada por el diario Reforma, en la que el narcotraficante exige que el el Gobierno mexicano lo repatrie.<\/p>\n\n\n\n<p>\u201cDebe intervenir (el Gobierno) a fin de que el presente asunto no resulte en un colapso en la relaci\u00f3n bilateral entre ambos pa\u00edses, puesto que no se debe perder de vista la irregular e ilegal manera en que el suscrito fui puesto a disposici\u00f3n de las autoridades de Estados Unidos\u201d, se menciona en el texto.<\/p>\n\n\n\n<p>El Mayo Zambada qued\u00f3 detenido el 25 de julio de 2024 en Estados Unidos, tras padecer un enga\u00f1o de Joaqu\u00edn Guzm\u00e1n L\u00f3pez, hijo de Joaqu\u00edn Chapo Guzm\u00e1n, y secuestrado en Culiac\u00e1n para entregarlo en Texas a autoridades estadounidenses que lo encarcelaron en Nueva York.<\/p>\n\n\n\n<p>El narcotraficante enfrenta cargos por delincuencia organizada, homicidio, narcotr\u00e1fico en gran escala y lavado de dinero, entre otros.<\/p>\n\n\n\n<p>La detenci\u00f3n del l\u00edder criminal ha desatado una ola de violencia en Sinaloa, y en especial en Culiac\u00e1n, desde septiembre pasado, debido al enfrentamiento entre las c\u00e9lulas delictivas de Los Chapitos y Los Mayos, que han dejado m\u00e1s de 800 homicidios.<\/p>\n","protected":false},"excerpt":{"rendered":"<p>Alejandro Gertz, titular de FGR, detall\u00f3 que Ismael \u2018Mayo\u2019 Zambada tiene tres \u00f3rdenes de aprehensi\u00f3n vigentes en M\u00e9xico La Fiscal\u00eda General de la Rep\u00fablica (FGR) ha pedido cuatro veces a Estados Unidos la extradici\u00f3n de Ismael Mayo Zambada, quien el viernes pasado exigi\u00f3 su repatriaci\u00f3n a M\u00e9xico con el argumento que lo secuestraron para entregarlo. [&hellip;]<\/p>\n","protected":false},"author":47,"featured_media":102268,"comment_status":"open","ping_status":"open","sticky":false,"template":"","format":"standard","meta":{"tdm_status":"","tdm_grid_status":"","footnotes":""},"categories":[37],"tags":[],"class_list":{"0":"post-102531","1":"post","2":"type-post","3":"status-publish","4":"format-standard","5":"has-post-thumbnail","7":"category-nota-principal"},"yoast_head":"<!-- This site is optimized with the Yoast SEO plugin v27.4 - https:\/\/yoast.com\/product\/yoast-seo-wordpress\/ -->\n<title>FGR ha pedido cuatro veces a EU la extradici\u00f3n del \u2018Mayo\u2019 Zambada - Fuentes Fidedignas<\/title>\n<meta name=\"robots\" content=\"index, follow, max-snippet:-1, max-image-preview:large, max-video-preview:-1\" \/>\n<link rel=\"canonical\" href=\"https:\/\/fuentesfidedignas.com.mx\/index.php\/2025\/02\/25\/fgr-ha-pedido-4-veces-a-eu-la-extradicion-del-mayo-zambada\/\" \/>\n<meta property=\"og:locale\" content=\"es_MX\" \/>\n<meta property=\"og:type\" content=\"article\" \/>\n<meta property=\"og:title\" content=\"FGR ha pedido cuatro veces a EU la extradici\u00f3n del \u2018Mayo\u2019 Zambada - Fuentes Fidedignas\" \/>\n<meta property=\"og:description\" content=\"Alejandro Gertz, titular de FGR, detall\u00f3 que Ismael \u2018Mayo\u2019 Zambada tiene tres \u00f3rdenes de aprehensi\u00f3n vigentes en M\u00e9xico La Fiscal\u00eda General de la Rep\u00fablica (FGR) ha pedido cuatro veces a Estados Unidos la extradici\u00f3n de Ismael Mayo Zambada, quien el viernes pasado exigi\u00f3 su repatriaci\u00f3n a M\u00e9xico con el argumento que lo secuestraron para entregarlo. [&hellip;]\" \/>\n<meta property=\"og:url\" content=\"https:\/\/fuentesfidedignas.com.mx\/index.php\/2025\/02\/25\/fgr-ha-pedido-4-veces-a-eu-la-extradicion-del-mayo-zambada\/\" \/>\n<meta property=\"og:site_name\" content=\"Fuentes Fidedignas\" \/>\n<meta property=\"article:publisher\" content=\"https:\/\/www.facebook.com\/Fuentes-Fidedignas-368234489921644\" \/>\n<meta property=\"article:published_time\" content=\"2025-02-25T14:35:47+00:00\" \/>\n<meta property=\"article:modified_time\" content=\"2025-02-25T14:59:41+00:00\" \/>\n<meta property=\"og:image\" content=\"https:\/\/fuentesfidedignas.com.mx\/wp-content\/uploads\/2025\/02\/mayo_zambada.jpg\" \/>\n\t<meta property=\"og:image:width\" content=\"600\" \/>\n\t<meta property=\"og:image:height\" content=\"335\" \/>\n\t<meta property=\"og:image:type\" content=\"image\/jpeg\" \/>\n<meta name=\"author\" content=\"L\u00f3pez D\u00f3riga\" \/>\n<meta name=\"twitter:card\" content=\"summary_large_image\" \/>\n<meta name=\"twitter:creator\" content=\"@fidedignas\" \/>\n<meta name=\"twitter:site\" content=\"@fidedignas\" \/>\n<meta name=\"twitter:label1\" content=\"Escrito por\" \/>\n\t<meta name=\"twitter:data1\" content=\"L\u00f3pez D\u00f3riga\" \/>\n\t<meta name=\"twitter:label2\" content=\"Tiempo de lectura\" \/>\n\t<meta name=\"twitter:data2\" content=\"3 minutos\" \/>\n<script type=\"application\/ld+json\" class=\"yoast-schema-graph\">{\"@context\":\"https:\\\/\\\/schema.org\",\"@graph\":[{\"@type\":\"Article\",\"@id\":\"https:\\\/\\\/fuentesfidedignas.com.mx\\\/index.php\\\/2025\\\/02\\\/25\\\/fgr-ha-pedido-4-veces-a-eu-la-extradicion-del-mayo-zambada\\\/#article\",\"isPartOf\":{\"@id\":\"https:\\\/\\\/fuentesfidedignas.com.mx\\\/index.php\\\/2025\\\/02\\\/25\\\/fgr-ha-pedido-4-veces-a-eu-la-extradicion-del-mayo-zambada\\\/\"},\"author\":{\"name\":\"L\u00f3pez D\u00f3riga\",\"@id\":\"https:\\\/\\\/fuentesfidedignas.com.mx\\\/#\\\/schema\\\/person\\\/67d852f0557c8509146a4b9ddebd543a\"},\"headline\":\"FGR ha pedido cuatro veces a EU la extradici\u00f3n del \u2018Mayo\u2019 Zambada\",\"datePublished\":\"2025-02-25T14:35:47+00:00\",\"dateModified\":\"2025-02-25T14:59:41+00:00\",\"mainEntityOfPage\":{\"@id\":\"https:\\\/\\\/fuentesfidedignas.com.mx\\\/index.php\\\/2025\\\/02\\\/25\\\/fgr-ha-pedido-4-veces-a-eu-la-extradicion-del-mayo-zambada\\\/\"},\"wordCount\":606,\"commentCount\":0,\"publisher\":{\"@id\":\"https:\\\/\\\/fuentesfidedignas.com.mx\\\/#organization\"},\"image\":{\"@id\":\"https:\\\/\\\/fuentesfidedignas.com.mx\\\/index.php\\\/2025\\\/02\\\/25\\\/fgr-ha-pedido-4-veces-a-eu-la-extradicion-del-mayo-zambada\\\/#primaryimage\"},\"thumbnailUrl\":\"https:\\\/\\\/fuentesfidedignas.com.mx\\\/wp-content\\\/uploads\\\/2025\\\/02\\\/mayo_zambada.jpg\",\"articleSection\":[\"NOTA PRINCIPAL\"],\"inLanguage\":\"es\",\"potentialAction\":[{\"@type\":\"CommentAction\",\"name\":\"Comment\",\"target\":[\"https:\\\/\\\/fuentesfidedignas.com.mx\\\/index.php\\\/2025\\\/02\\\/25\\\/fgr-ha-pedido-4-veces-a-eu-la-extradicion-del-mayo-zambada\\\/#respond\"]}]},{\"@type\":\"WebPage\",\"@id\":\"https:\\\/\\\/fuentesfidedignas.com.mx\\\/index.php\\\/2025\\\/02\\\/25\\\/fgr-ha-pedido-4-veces-a-eu-la-extradicion-del-mayo-zambada\\\/\",\"url\":\"https:\\\/\\\/fuentesfidedignas.com.mx\\\/index.php\\\/2025\\\/02\\\/25\\\/fgr-ha-pedido-4-veces-a-eu-la-extradicion-del-mayo-zambada\\\/\",\"name\":\"FGR ha pedido cuatro veces a EU la extradici\u00f3n del \u2018Mayo\u2019 Zambada - Fuentes Fidedignas\",\"isPartOf\":{\"@id\":\"https:\\\/\\\/fuentesfidedignas.com.mx\\\/#website\"},\"primaryImageOfPage\":{\"@id\":\"https:\\\/\\\/fuentesfidedignas.com.mx\\\/index.php\\\/2025\\\/02\\\/25\\\/fgr-ha-pedido-4-veces-a-eu-la-extradicion-del-mayo-zambada\\\/#primaryimage\"},\"image\":{\"@id\":\"https:\\\/\\\/fuentesfidedignas.com.mx\\\/index.php\\\/2025\\\/02\\\/25\\\/fgr-ha-pedido-4-veces-a-eu-la-extradicion-del-mayo-zambada\\\/#primaryimage\"},\"thumbnailUrl\":\"https:\\\/\\\/fuentesfidedignas.com.mx\\\/wp-content\\\/uploads\\\/2025\\\/02\\\/mayo_zambada.jpg\",\"datePublished\":\"2025-02-25T14:35:47+00:00\",\"dateModified\":\"2025-02-25T14:59:41+00:00\",\"breadcrumb\":{\"@id\":\"https:\\\/\\\/fuentesfidedignas.com.mx\\\/index.php\\\/2025\\\/02\\\/25\\\/fgr-ha-pedido-4-veces-a-eu-la-extradicion-del-mayo-zambada\\\/#breadcrumb\"},\"inLanguage\":\"es\",\"potentialAction\":[{\"@type\":\"ReadAction\",\"target\":[\"https:\\\/\\\/fuentesfidedignas.com.mx\\\/index.php\\\/2025\\\/02\\\/25\\\/fgr-ha-pedido-4-veces-a-eu-la-extradicion-del-mayo-zambada\\\/\"]}]},{\"@type\":\"ImageObject\",\"inLanguage\":\"es\",\"@id\":\"https:\\\/\\\/fuentesfidedignas.com.mx\\\/index.php\\\/2025\\\/02\\\/25\\\/fgr-ha-pedido-4-veces-a-eu-la-extradicion-del-mayo-zambada\\\/#primaryimage\",\"url\":\"https:\\\/\\\/fuentesfidedignas.com.mx\\\/wp-content\\\/uploads\\\/2025\\\/02\\\/mayo_zambada.jpg\",\"contentUrl\":\"https:\\\/\\\/fuentesfidedignas.com.mx\\\/wp-content\\\/uploads\\\/2025\\\/02\\\/mayo_zambada.jpg\",\"width\":600,\"height\":335},{\"@type\":\"BreadcrumbList\",\"@id\":\"https:\\\/\\\/fuentesfidedignas.com.mx\\\/index.php\\\/2025\\\/02\\\/25\\\/fgr-ha-pedido-4-veces-a-eu-la-extradicion-del-mayo-zambada\\\/#breadcrumb\",\"itemListElement\":[{\"@type\":\"ListItem\",\"position\":1,\"name\":\"Inicio\",\"item\":\"https:\\\/\\\/fuentesfidedignas.com.mx\\\/\"},{\"@type\":\"ListItem\",\"position\":2,\"name\":\"FGR ha pedido cuatro veces a EU la extradici\u00f3n del \u2018Mayo\u2019 Zambada\"}]},{\"@type\":\"WebSite\",\"@id\":\"https:\\\/\\\/fuentesfidedignas.com.mx\\\/#website\",\"url\":\"https:\\\/\\\/fuentesfidedignas.com.mx\\\/\",\"name\":\"Fuentes Fidedignas\",\"description\":\"Otro sitio realizado con WordPress\",\"publisher\":{\"@id\":\"https:\\\/\\\/fuentesfidedignas.com.mx\\\/#organization\"},\"potentialAction\":[{\"@type\":\"SearchAction\",\"target\":{\"@type\":\"EntryPoint\",\"urlTemplate\":\"https:\\\/\\\/fuentesfidedignas.com.mx\\\/?s={search_term_string}\"},\"query-input\":{\"@type\":\"PropertyValueSpecification\",\"valueRequired\":true,\"valueName\":\"search_term_string\"}}],\"inLanguage\":\"es\"},{\"@type\":\"Organization\",\"@id\":\"https:\\\/\\\/fuentesfidedignas.com.mx\\\/#organization\",\"name\":\"Fuentes Fidedignas\",\"url\":\"https:\\\/\\\/fuentesfidedignas.com.mx\\\/\",\"logo\":{\"@type\":\"ImageObject\",\"inLanguage\":\"es\",\"@id\":\"https:\\\/\\\/fuentesfidedignas.com.mx\\\/#\\\/schema\\\/logo\\\/image\\\/\",\"url\":\"https:\\\/\\\/fuentesfidedignas.com.mx\\\/wp-content\\\/uploads\\\/2021\\\/04\\\/logo-retina.png\",\"contentUrl\":\"https:\\\/\\\/fuentesfidedignas.com.mx\\\/wp-content\\\/uploads\\\/2021\\\/04\\\/logo-retina.png\",\"width\":280,\"height\":51,\"caption\":\"Fuentes Fidedignas\"},\"image\":{\"@id\":\"https:\\\/\\\/fuentesfidedignas.com.mx\\\/#\\\/schema\\\/logo\\\/image\\\/\"},\"sameAs\":[\"https:\\\/\\\/www.facebook.com\\\/Fuentes-Fidedignas-368234489921644\",\"https:\\\/\\\/x.com\\\/fidedignas\"]},{\"@type\":\"Person\",\"@id\":\"https:\\\/\\\/fuentesfidedignas.com.mx\\\/#\\\/schema\\\/person\\\/67d852f0557c8509146a4b9ddebd543a\",\"name\":\"L\u00f3pez D\u00f3riga\",\"image\":{\"@type\":\"ImageObject\",\"inLanguage\":\"es\",\"@id\":\"https:\\\/\\\/secure.gravatar.com\\\/avatar\\\/e525b06574ca18b33cded59dfe5778d6c823b9513154eff47da551b0551bdd1e?s=96&d=mm&r=g\",\"url\":\"https:\\\/\\\/secure.gravatar.com\\\/avatar\\\/e525b06574ca18b33cded59dfe5778d6c823b9513154eff47da551b0551bdd1e?s=96&d=mm&r=g\",\"contentUrl\":\"https:\\\/\\\/secure.gravatar.com\\\/avatar\\\/e525b06574ca18b33cded59dfe5778d6c823b9513154eff47da551b0551bdd1e?s=96&d=mm&r=g\",\"caption\":\"L\u00f3pez D\u00f3riga\"},\"url\":\"https:\\\/\\\/fuentesfidedignas.com.mx\\\/index.php\\\/author\\\/doriga\\\/\"}]}<\/script>\n<!-- \/ Yoast SEO plugin. -->","yoast_head_json":{"title":"FGR ha pedido cuatro veces a EU la extradici\u00f3n del \u2018Mayo\u2019 Zambada - Fuentes Fidedignas","robots":{"index":"index","follow":"follow","max-snippet":"max-snippet:-1","max-image-preview":"max-image-preview:large","max-video-preview":"max-video-preview:-1"},"canonical":"https:\/\/fuentesfidedignas.com.mx\/index.php\/2025\/02\/25\/fgr-ha-pedido-4-veces-a-eu-la-extradicion-del-mayo-zambada\/","og_locale":"es_MX","og_type":"article","og_title":"FGR ha pedido cuatro veces a EU la extradici\u00f3n del \u2018Mayo\u2019 Zambada - Fuentes Fidedignas","og_description":"Alejandro Gertz, titular de FGR, detall\u00f3 que Ismael \u2018Mayo\u2019 Zambada tiene tres \u00f3rdenes de aprehensi\u00f3n vigentes en M\u00e9xico La Fiscal\u00eda General de la Rep\u00fablica (FGR) ha pedido cuatro veces a Estados Unidos la extradici\u00f3n de Ismael Mayo Zambada, quien el viernes pasado exigi\u00f3 su repatriaci\u00f3n a M\u00e9xico con el argumento que lo secuestraron para entregarlo. [&hellip;]","og_url":"https:\/\/fuentesfidedignas.com.mx\/index.php\/2025\/02\/25\/fgr-ha-pedido-4-veces-a-eu-la-extradicion-del-mayo-zambada\/","og_site_name":"Fuentes Fidedignas","article_publisher":"https:\/\/www.facebook.com\/Fuentes-Fidedignas-368234489921644","article_published_time":"2025-02-25T14:35:47+00:00","article_modified_time":"2025-02-25T14:59:41+00:00","og_image":[{"width":600,"height":335,"url":"https:\/\/fuentesfidedignas.com.mx\/wp-content\/uploads\/2025\/02\/mayo_zambada.jpg","type":"image\/jpeg"}],"author":"L\u00f3pez D\u00f3riga","twitter_card":"summary_large_image","twitter_creator":"@fidedignas","twitter_site":"@fidedignas","twitter_misc":{"Escrito por":"L\u00f3pez D\u00f3riga","Tiempo de lectura":"3 minutos"},"schema":{"@context":"https:\/\/schema.org","@graph":[{"@type":"Article","@id":"https:\/\/fuentesfidedignas.com.mx\/index.php\/2025\/02\/25\/fgr-ha-pedido-4-veces-a-eu-la-extradicion-del-mayo-zambada\/#article","isPartOf":{"@id":"https:\/\/fuentesfidedignas.com.mx\/index.php\/2025\/02\/25\/fgr-ha-pedido-4-veces-a-eu-la-extradicion-del-mayo-zambada\/"},"author":{"name":"L\u00f3pez D\u00f3riga","@id":"https:\/\/fuentesfidedignas.com.mx\/#\/schema\/person\/67d852f0557c8509146a4b9ddebd543a"},"headline":"FGR ha pedido cuatro veces a EU la extradici\u00f3n del \u2018Mayo\u2019 Zambada","datePublished":"2025-02-25T14:35:47+00:00","dateModified":"2025-02-25T14:59:41+00:00","mainEntityOfPage":{"@id":"https:\/\/fuentesfidedignas.com.mx\/index.php\/2025\/02\/25\/fgr-ha-pedido-4-veces-a-eu-la-extradicion-del-mayo-zambada\/"},"wordCount":606,"commentCount":0,"publisher":{"@id":"https:\/\/fuentesfidedignas.com.mx\/#organization"},"image":{"@id":"https:\/\/fuentesfidedignas.com.mx\/index.php\/2025\/02\/25\/fgr-ha-pedido-4-veces-a-eu-la-extradicion-del-mayo-zambada\/#primaryimage"},"thumbnailUrl":"https:\/\/fuentesfidedignas.com.mx\/wp-content\/uploads\/2025\/02\/mayo_zambada.jpg","articleSection":["NOTA PRINCIPAL"],"inLanguage":"es","potentialAction":[{"@type":"CommentAction","name":"Comment","target":["https:\/\/fuentesfidedignas.com.mx\/index.php\/2025\/02\/25\/fgr-ha-pedido-4-veces-a-eu-la-extradicion-del-mayo-zambada\/#respond"]}]},{"@type":"WebPage","@id":"https:\/\/fuentesfidedignas.com.mx\/index.php\/2025\/02\/25\/fgr-ha-pedido-4-veces-a-eu-la-extradicion-del-mayo-zambada\/","url":"https:\/\/fuentesfidedignas.com.mx\/index.php\/2025\/02\/25\/fgr-ha-pedido-4-veces-a-eu-la-extradicion-del-mayo-zambada\/","name":"FGR ha pedido cuatro veces a EU la extradici\u00f3n del \u2018Mayo\u2019 Zambada - Fuentes Fidedignas","isPartOf":{"@id":"https:\/\/fuentesfidedignas.com.mx\/#website"},"primaryImageOfPage":{"@id":"https:\/\/fuentesfidedignas.com.mx\/index.php\/2025\/02\/25\/fgr-ha-pedido-4-veces-a-eu-la-extradicion-del-mayo-zambada\/#primaryimage"},"image":{"@id":"https:\/\/fuentesfidedignas.com.mx\/index.php\/2025\/02\/25\/fgr-ha-pedido-4-veces-a-eu-la-extradicion-del-mayo-zambada\/#primaryimage"},"thumbnailUrl":"https:\/\/fuentesfidedignas.com.mx\/wp-content\/uploads\/2025\/02\/mayo_zambada.jpg","datePublished":"2025-02-25T14:35:47+00:00","dateModified":"2025-02-25T14:59:41+00:00","breadcrumb":{"@id":"https:\/\/fuentesfidedignas.com.mx\/index.php\/2025\/02\/25\/fgr-ha-pedido-4-veces-a-eu-la-extradicion-del-mayo-zambada\/#breadcrumb"},"inLanguage":"es","potentialAction":[{"@type":"ReadAction","target":["https:\/\/fuentesfidedignas.com.mx\/index.php\/2025\/02\/25\/fgr-ha-pedido-4-veces-a-eu-la-extradicion-del-mayo-zambada\/"]}]},{"@type":"ImageObject","inLanguage":"es","@id":"https:\/\/fuentesfidedignas.com.mx\/index.php\/2025\/02\/25\/fgr-ha-pedido-4-veces-a-eu-la-extradicion-del-mayo-zambada\/#primaryimage","url":"https:\/\/fuentesfidedignas.com.mx\/wp-content\/uploads\/2025\/02\/mayo_zambada.jpg","contentUrl":"https:\/\/fuentesfidedignas.com.mx\/wp-content\/uploads\/2025\/02\/mayo_zambada.jpg","width":600,"height":335},{"@type":"BreadcrumbList","@id":"https:\/\/fuentesfidedignas.com.mx\/index.php\/2025\/02\/25\/fgr-ha-pedido-4-veces-a-eu-la-extradicion-del-mayo-zambada\/#breadcrumb","itemListElement":[{"@type":"ListItem","position":1,"name":"Inicio","item":"https:\/\/fuentesfidedignas.com.mx\/"},{"@type":"ListItem","position":2,"name":"FGR ha pedido cuatro veces a EU la extradici\u00f3n del \u2018Mayo\u2019 Zambada"}]},{"@type":"WebSite","@id":"https:\/\/fuentesfidedignas.com.mx\/#website","url":"https:\/\/fuentesfidedignas.com.mx\/","name":"Fuentes Fidedignas","description":"Otro sitio realizado con WordPress","publisher":{"@id":"https:\/\/fuentesfidedignas.com.mx\/#organization"},"potentialAction":[{"@type":"SearchAction","target":{"@type":"EntryPoint","urlTemplate":"https:\/\/fuentesfidedignas.com.mx\/?s={search_term_string}"},"query-input":{"@type":"PropertyValueSpecification","valueRequired":true,"valueName":"search_term_string"}}],"inLanguage":"es"},{"@type":"Organization","@id":"https:\/\/fuentesfidedignas.com.mx\/#organization","name":"Fuentes Fidedignas","url":"https:\/\/fuentesfidedignas.com.mx\/","logo":{"@type":"ImageObject","inLanguage":"es","@id":"https:\/\/fuentesfidedignas.com.mx\/#\/schema\/logo\/image\/","url":"https:\/\/fuentesfidedignas.com.mx\/wp-content\/uploads\/2021\/04\/logo-retina.png","contentUrl":"https:\/\/fuentesfidedignas.com.mx\/wp-content\/uploads\/2021\/04\/logo-retina.png","width":280,"height":51,"caption":"Fuentes Fidedignas"},"image":{"@id":"https:\/\/fuentesfidedignas.com.mx\/#\/schema\/logo\/image\/"},"sameAs":["https:\/\/www.facebook.com\/Fuentes-Fidedignas-368234489921644","https:\/\/x.com\/fidedignas"]},{"@type":"Person","@id":"https:\/\/fuentesfidedignas.com.mx\/#\/schema\/person\/67d852f0557c8509146a4b9ddebd543a","name":"L\u00f3pez D\u00f3riga","image":{"@type":"ImageObject","inLanguage":"es","@id":"https:\/\/secure.gravatar.com\/avatar\/e525b06574ca18b33cded59dfe5778d6c823b9513154eff47da551b0551bdd1e?s=96&d=mm&r=g","url":"https:\/\/secure.gravatar.com\/avatar\/e525b06574ca18b33cded59dfe5778d6c823b9513154eff47da551b0551bdd1e?s=96&d=mm&r=g","contentUrl":"https:\/\/secure.gravatar.com\/avatar\/e525b06574ca18b33cded59dfe5778d6c823b9513154eff47da551b0551bdd1e?s=96&d=mm&r=g","caption":"L\u00f3pez D\u00f3riga"},"url":"https:\/\/fuentesfidedignas.com.mx\/index.php\/author\/doriga\/"}]}},"_links":{"self":[{"href":"https:\/\/fuentesfidedignas.com.mx\/index.php\/wp-json\/wp\/v2\/posts\/102531","targetHints":{"allow":["GET"]}}],"collection":[{"href":"https:\/\/fuentesfidedignas.com.mx\/index.php\/wp-json\/wp\/v2\/posts"}],"about":[{"href":"https:\/\/fuentesfidedignas.com.mx\/index.php\/wp-json\/wp\/v2\/types\/post"}],"author":[{"embeddable":true,"href":"https:\/\/fuentesfidedignas.com.mx\/index.php\/wp-json\/wp\/v2\/users\/47"}],"replies":[{"embeddable":true,"href":"https:\/\/fuentesfidedignas.com.mx\/index.php\/wp-json\/wp\/v2\/comments?post=102531"}],"version-history":[{"count":3,"href":"https:\/\/fuentesfidedignas.com.mx\/index.php\/wp-json\/wp\/v2\/posts\/102531\/revisions"}],"predecessor-version":[{"id":102537,"href":"https:\/\/fuentesfidedignas.com.mx\/index.php\/wp-json\/wp\/v2\/posts\/102531\/revisions\/102537"}],"wp:featuredmedia":[{"embeddable":true,"href":"https:\/\/fuentesfidedignas.com.mx\/index.php\/wp-json\/wp\/v2\/media\/102268"}],"wp:attachment":[{"href":"https:\/\/fuentesfidedignas.com.mx\/index.php\/wp-json\/wp\/v2\/media?parent=102531"}],"wp:term":[{"taxonomy":"category","embeddable":true,"href":"https:\/\/fuentesfidedignas.com.mx\/index.php\/wp-json\/wp\/v2\/categories?post=102531"},{"taxonomy":"post_tag","embeddable":true,"href":"https:\/\/fuentesfidedignas.com.mx\/index.php\/wp-json\/wp\/v2\/tags?post=102531"}],"curies":[{"name":"wp","href":"https:\/\/api.w.org\/{rel}","templated":true}]}}