{"id":102475,"date":"2025-02-24T16:41:00","date_gmt":"2025-02-24T23:41:00","guid":{"rendered":"https:\/\/fuentesfidedignas.com.mx\/?p=102475"},"modified":"2025-02-24T17:46:49","modified_gmt":"2025-02-25T00:46:49","slug":"trump-dice-que-aranceles-a-canada-y-mexico-seguiran-adelante-segun-lo-programado","status":"publish","type":"post","link":"https:\/\/fuentesfidedignas.com.mx\/index.php\/2025\/02\/24\/trump-dice-que-aranceles-a-canada-y-mexico-seguiran-adelante-segun-lo-programado\/","title":{"rendered":"Trump dice que aranceles a Canad\u00e1 y M\u00e9xico seguir\u00e1n adelante &#8220;seg\u00fan lo programado&#8221;"},"content":{"rendered":"\n<p><strong><em>Si la amenaza de aranceles se concreta podr\u00eda afectar a las cadenas de suministro en sectores clave como el de los autom\u00f3viles.<\/em><\/strong><\/p>\n\n\n\n<p>El presidente estadounidense, Donald Trump, afirm\u00f3 este lunes que el arancel general de 25% sobre las importaciones estadounidenses de productos originarios de M\u00e9xico y Canad\u00e1 sigue programado para entrar en vigor a partir del pr\u00f3ximo 4 de marzo.<\/p>\n\n\n\n<p>\u201cLos aranceles est\u00e1n avanzando, a tiempo y seg\u00fan lo previsto\u201d, dijo Trump, en respuesta a la pregunta de un periodista que pregunt\u00f3 en la Casa Blanca sobre las negociaciones en curso con Canad\u00e1 y M\u00e9xico.<\/p>\n\n\n\n<p>La declaraci\u00f3n de Trump se produjo a pesar de los esfuerzos de los dos pa\u00edses vecinos de Estados Unidos, quienes son adem\u00e1s sus principales socios comerciales.<\/p>\n\n\n\n<p>De hecho, Marcelo Ebrard, secretario de Econom\u00eda, inici\u00f3 este lunes un \u201ctrabajo conjunto\u201d con sus contrapartes en Washington, como parte de las mesas de di\u00e1logo para abordar los aranceles ordenados por Trump.<\/p>\n\n\n\n<p>Ebrard se reuni\u00f3 el jueves de la semana pasada con el secretario de Comercio, Howard Lutnick; el titular de la Representaci\u00f3n Comercial de Estados Unidos (USTR), Jamieson Greer, y el Consejo Econ\u00f3mico del Presidente, Kevin Hasset, en Washington.<\/p>\n\n\n\n<p>\u201cEstamos a tiempo con los aranceles y parece que est\u00e1n avanzando muy r\u00e1pidamente\u201d, a\u00f1adi\u00f3 Trump en su misma respuesta. \u201cHemos sido maltratados muy mal por muchos pa\u00edses, no s\u00f3lo Canad\u00e1 y M\u00e9xico\u201d.<\/p>\n\n\n\n<p>Sin embargo, Trump dej\u00f3 incertidumbre, al hacer un comentario adicional: \u201cLo \u00fanico que queremos es reciprocidad. Queremos lo mismo. As\u00ed que si alguien nos cobra, le cobramos (\u2026) ser\u00e1 muy bueno para nuestro pa\u00eds. Este es un abuso que ocurri\u00f3 durante muchos, muchos a\u00f1os, y ni siquiera culpo a los otros pa\u00edses que lo hicieron, culpo a nuestros l\u00edderes por permitir que sucediera\u201d.<\/p>\n\n\n\n<p>Canad\u00e1 y M\u00e9xico deber\u00edan intensificar esta semana sus esfuerzos para evitar los aranceles del 25% sobre sus exportaciones a Estados Unidos en conversaciones para persuadir al Gobierno del presidente Donald Trump de que sus medidas para aumentar la seguridad fronteriza y frenar el tr\u00e1fico de fentanilo est\u00e1n funcionando antes del plazo del 4 de marzo.<\/p>\n\n\n\n<p>Con ello, Trump se enfoc\u00f3 m\u00e1s en la reciprocidad que en los problemas de narcotr\u00e1fico y migraci\u00f3n, relacionados con M\u00e9xico y Canad\u00e1. Actualmente, los tres pa\u00edses de Am\u00e9rica del Norte intercambian pr\u00e1cticamente la totalidad de sus productos sin aranceles, en virtud de un tratado de libre comercio (T-MEC).<\/p>\n\n\n\n<p>Trump ha firmado \u00f3rdenes ejecutivas en las que autoriza el establecimiento de altos aranceles si M\u00e9xico, Canad\u00e1 y China no cumplen con ciertas condiciones vinculadas a la migraci\u00f3n, el narcotr\u00e1fico (en especial con el fentanilo) y la seguridad nacional. Tras acuerdos parciales, Trump dio un plazo de un mes (vence el 4 de marzo) a sus dos pa\u00edses vecinos, no as\u00ed a China, a quien le aplic\u00f3 un arancel adicional de 10% a partir de este martes.<\/p>\n\n\n\n<p>Tambi\u00e9n Trump afirm\u00f3 este viernes que podr\u00eda imponer aranceles a las importaciones de autom\u00f3viles a partir del 2 de abril, al d\u00eda siguiente de que altos funcionarios de su gabinete presenten una serie de revisiones y entreguen recomendaciones de pol\u00edticas con posibles acciones arancelarias, como parte de una orden presidencial.<\/p>\n\n\n\n<p>En una proclamaci\u00f3n m\u00e1s, emitida el 10 de febrero pasado, Trump orden\u00f3 la imposici\u00f3n de un arancel de 25% a todas las importaciones de acero y aluminio a Estados Unidos.<\/p>\n\n\n\n<p>Por \u00faltimo, a mediados de febrero, Trump inform\u00f3 que decidi\u00f3 imponer \u201caranceles rec\u00edprocos\u201d a otros pa\u00edses, lo que complica a\u00fan m\u00e1s el panorama arancelario a escala mundial.<\/p>\n\n\n\n<p>Canad\u00e1 y M\u00e9xico negocian un acuerdo para evitar las tarifas aduaneras con su socio del tratado de libre comercio T-MEC antes del pr\u00f3ximo martes, cuando expira el plazo de un mes dado por Trump para encontrar una soluci\u00f3n.<\/p>\n\n\n\n<p>Este lunes la presidenta de M\u00e9xico, Claudia Sheinbaum, dijo que espera lograr un acuerdo para el viernes.<\/p>\n\n\n\n<p>\u201cEste viernes pues necesitar\u00edamos estar llegando ya a acuerdos importantes. Estar\u00eda, si es necesario, buscando otra llamada por tel\u00e9fono con el presidente Trump, lo que haga falta para llegar a un acuerdo\u201d, dijo la mandataria durante su rueda de prensa matutina, seg\u00fan inform\u00f3 la agencia AFP.<\/p>\n\n\n\n<p>Tanto M\u00e9xico como Canad\u00e1 han tomado ciertas medidas de cooperaci\u00f3n exigidas por su vecino.<\/p>\n\n\n\n<p>M\u00e9xico por ejemplo envi\u00f3 10,000 militares a la frontera com\u00fan para frenar el tr\u00e1fico de droga a Estados Unidos, destino de m\u00e1s de 80% de las exportaciones mexicanas.<\/p>\n\n\n\n<p>Si la amenaza de aranceles se concreta podr\u00eda afectar a las cadenas de suministro en sectores clave como el de los autom\u00f3viles.<\/p>\n","protected":false},"excerpt":{"rendered":"<p>Si la amenaza de aranceles se concreta podr\u00eda afectar a las cadenas de suministro en sectores clave como el de los autom\u00f3viles. El presidente estadounidense, Donald Trump, afirm\u00f3 este lunes que el arancel general de 25% sobre las importaciones estadounidenses de productos originarios de M\u00e9xico y Canad\u00e1 sigue programado para entrar en vigor a partir [&hellip;]<\/p>\n","protected":false},"author":12,"featured_media":102476,"comment_status":"open","ping_status":"open","sticky":false,"template":"","format":"standard","meta":{"tdm_status":"","tdm_grid_status":"","footnotes":""},"categories":[39],"tags":[],"class_list":{"0":"post-102475","1":"post","2":"type-post","3":"status-publish","4":"format-standard","5":"has-post-thumbnail","7":"category-noticias-nacionales"},"yoast_head":"<!-- This site is optimized with the Yoast SEO plugin v27.5 - https:\/\/yoast.com\/product\/yoast-seo-wordpress\/ -->\n<title>Trump dice que aranceles a Canad\u00e1 y M\u00e9xico seguir\u00e1n adelante &quot;seg\u00fan lo programado&quot; - Fuentes Fidedignas<\/title>\n<meta name=\"robots\" content=\"index, follow, max-snippet:-1, max-image-preview:large, max-video-preview:-1\" \/>\n<link rel=\"canonical\" href=\"https:\/\/fuentesfidedignas.com.mx\/index.php\/2025\/02\/24\/trump-dice-que-aranceles-a-canada-y-mexico-seguiran-adelante-segun-lo-programado\/\" \/>\n<meta property=\"og:locale\" content=\"es_MX\" \/>\n<meta property=\"og:type\" content=\"article\" \/>\n<meta property=\"og:title\" content=\"Trump dice que aranceles a Canad\u00e1 y M\u00e9xico seguir\u00e1n adelante &quot;seg\u00fan lo programado&quot; - Fuentes Fidedignas\" \/>\n<meta property=\"og:description\" content=\"Si la amenaza de aranceles se concreta podr\u00eda afectar a las cadenas de suministro en sectores clave como el de los autom\u00f3viles. El presidente estadounidense, Donald Trump, afirm\u00f3 este lunes que el arancel general de 25% sobre las importaciones estadounidenses de productos originarios de M\u00e9xico y Canad\u00e1 sigue programado para entrar en vigor a partir [&hellip;]\" \/>\n<meta property=\"og:url\" content=\"https:\/\/fuentesfidedignas.com.mx\/index.php\/2025\/02\/24\/trump-dice-que-aranceles-a-canada-y-mexico-seguiran-adelante-segun-lo-programado\/\" \/>\n<meta property=\"og:site_name\" content=\"Fuentes Fidedignas\" \/>\n<meta property=\"article:publisher\" content=\"https:\/\/www.facebook.com\/Fuentes-Fidedignas-368234489921644\" \/>\n<meta property=\"article:published_time\" content=\"2025-02-24T23:41:00+00:00\" \/>\n<meta property=\"article:modified_time\" content=\"2025-02-25T00:46:49+00:00\" \/>\n<meta property=\"og:image\" content=\"https:\/\/fuentesfidedignas.com.mx\/wp-content\/uploads\/2025\/02\/Donald-Trump-presidente-de-los-Estados-Unidos.jpg\" \/>\n\t<meta property=\"og:image:width\" content=\"600\" \/>\n\t<meta property=\"og:image:height\" content=\"337\" \/>\n\t<meta property=\"og:image:type\" content=\"image\/jpeg\" \/>\n<meta name=\"author\" content=\"AFP\" \/>\n<meta name=\"twitter:card\" content=\"summary_large_image\" \/>\n<meta name=\"twitter:creator\" content=\"@fidedignas\" \/>\n<meta name=\"twitter:site\" content=\"@fidedignas\" \/>\n<meta name=\"twitter:label1\" content=\"Escrito por\" \/>\n\t<meta name=\"twitter:data1\" content=\"AFP\" \/>\n\t<meta name=\"twitter:label2\" content=\"Tiempo de lectura\" \/>\n\t<meta name=\"twitter:data2\" content=\"4 minutos\" \/>\n<script type=\"application\/ld+json\" class=\"yoast-schema-graph\">{\"@context\":\"https:\\\/\\\/schema.org\",\"@graph\":[{\"@type\":\"Article\",\"@id\":\"https:\\\/\\\/fuentesfidedignas.com.mx\\\/index.php\\\/2025\\\/02\\\/24\\\/trump-dice-que-aranceles-a-canada-y-mexico-seguiran-adelante-segun-lo-programado\\\/#article\",\"isPartOf\":{\"@id\":\"https:\\\/\\\/fuentesfidedignas.com.mx\\\/index.php\\\/2025\\\/02\\\/24\\\/trump-dice-que-aranceles-a-canada-y-mexico-seguiran-adelante-segun-lo-programado\\\/\"},\"author\":{\"name\":\"AFP\",\"@id\":\"https:\\\/\\\/fuentesfidedignas.com.mx\\\/#\\\/schema\\\/person\\\/1827b38c6cf89e1d6cc7d78ca3fae732\"},\"headline\":\"Trump dice que aranceles a Canad\u00e1 y M\u00e9xico seguir\u00e1n adelante &#8220;seg\u00fan lo programado&#8221;\",\"datePublished\":\"2025-02-24T23:41:00+00:00\",\"dateModified\":\"2025-02-25T00:46:49+00:00\",\"mainEntityOfPage\":{\"@id\":\"https:\\\/\\\/fuentesfidedignas.com.mx\\\/index.php\\\/2025\\\/02\\\/24\\\/trump-dice-que-aranceles-a-canada-y-mexico-seguiran-adelante-segun-lo-programado\\\/\"},\"wordCount\":809,\"commentCount\":0,\"publisher\":{\"@id\":\"https:\\\/\\\/fuentesfidedignas.com.mx\\\/#organization\"},\"image\":{\"@id\":\"https:\\\/\\\/fuentesfidedignas.com.mx\\\/index.php\\\/2025\\\/02\\\/24\\\/trump-dice-que-aranceles-a-canada-y-mexico-seguiran-adelante-segun-lo-programado\\\/#primaryimage\"},\"thumbnailUrl\":\"https:\\\/\\\/fuentesfidedignas.com.mx\\\/wp-content\\\/uploads\\\/2025\\\/02\\\/Donald-Trump-presidente-de-los-Estados-Unidos.jpg\",\"articleSection\":[\"NOTICIAS NACIONALES\"],\"inLanguage\":\"es\",\"potentialAction\":[{\"@type\":\"CommentAction\",\"name\":\"Comment\",\"target\":[\"https:\\\/\\\/fuentesfidedignas.com.mx\\\/index.php\\\/2025\\\/02\\\/24\\\/trump-dice-que-aranceles-a-canada-y-mexico-seguiran-adelante-segun-lo-programado\\\/#respond\"]}]},{\"@type\":\"WebPage\",\"@id\":\"https:\\\/\\\/fuentesfidedignas.com.mx\\\/index.php\\\/2025\\\/02\\\/24\\\/trump-dice-que-aranceles-a-canada-y-mexico-seguiran-adelante-segun-lo-programado\\\/\",\"url\":\"https:\\\/\\\/fuentesfidedignas.com.mx\\\/index.php\\\/2025\\\/02\\\/24\\\/trump-dice-que-aranceles-a-canada-y-mexico-seguiran-adelante-segun-lo-programado\\\/\",\"name\":\"Trump dice que aranceles a Canad\u00e1 y M\u00e9xico seguir\u00e1n adelante \\\"seg\u00fan lo programado\\\" - Fuentes Fidedignas\",\"isPartOf\":{\"@id\":\"https:\\\/\\\/fuentesfidedignas.com.mx\\\/#website\"},\"primaryImageOfPage\":{\"@id\":\"https:\\\/\\\/fuentesfidedignas.com.mx\\\/index.php\\\/2025\\\/02\\\/24\\\/trump-dice-que-aranceles-a-canada-y-mexico-seguiran-adelante-segun-lo-programado\\\/#primaryimage\"},\"image\":{\"@id\":\"https:\\\/\\\/fuentesfidedignas.com.mx\\\/index.php\\\/2025\\\/02\\\/24\\\/trump-dice-que-aranceles-a-canada-y-mexico-seguiran-adelante-segun-lo-programado\\\/#primaryimage\"},\"thumbnailUrl\":\"https:\\\/\\\/fuentesfidedignas.com.mx\\\/wp-content\\\/uploads\\\/2025\\\/02\\\/Donald-Trump-presidente-de-los-Estados-Unidos.jpg\",\"datePublished\":\"2025-02-24T23:41:00+00:00\",\"dateModified\":\"2025-02-25T00:46:49+00:00\",\"breadcrumb\":{\"@id\":\"https:\\\/\\\/fuentesfidedignas.com.mx\\\/index.php\\\/2025\\\/02\\\/24\\\/trump-dice-que-aranceles-a-canada-y-mexico-seguiran-adelante-segun-lo-programado\\\/#breadcrumb\"},\"inLanguage\":\"es\",\"potentialAction\":[{\"@type\":\"ReadAction\",\"target\":[\"https:\\\/\\\/fuentesfidedignas.com.mx\\\/index.php\\\/2025\\\/02\\\/24\\\/trump-dice-que-aranceles-a-canada-y-mexico-seguiran-adelante-segun-lo-programado\\\/\"]}]},{\"@type\":\"ImageObject\",\"inLanguage\":\"es\",\"@id\":\"https:\\\/\\\/fuentesfidedignas.com.mx\\\/index.php\\\/2025\\\/02\\\/24\\\/trump-dice-que-aranceles-a-canada-y-mexico-seguiran-adelante-segun-lo-programado\\\/#primaryimage\",\"url\":\"https:\\\/\\\/fuentesfidedignas.com.mx\\\/wp-content\\\/uploads\\\/2025\\\/02\\\/Donald-Trump-presidente-de-los-Estados-Unidos.jpg\",\"contentUrl\":\"https:\\\/\\\/fuentesfidedignas.com.mx\\\/wp-content\\\/uploads\\\/2025\\\/02\\\/Donald-Trump-presidente-de-los-Estados-Unidos.jpg\",\"width\":600,\"height\":337},{\"@type\":\"BreadcrumbList\",\"@id\":\"https:\\\/\\\/fuentesfidedignas.com.mx\\\/index.php\\\/2025\\\/02\\\/24\\\/trump-dice-que-aranceles-a-canada-y-mexico-seguiran-adelante-segun-lo-programado\\\/#breadcrumb\",\"itemListElement\":[{\"@type\":\"ListItem\",\"position\":1,\"name\":\"Inicio\",\"item\":\"https:\\\/\\\/fuentesfidedignas.com.mx\\\/\"},{\"@type\":\"ListItem\",\"position\":2,\"name\":\"Trump dice que aranceles a Canad\u00e1 y M\u00e9xico seguir\u00e1n adelante &#8220;seg\u00fan lo programado&#8221;\"}]},{\"@type\":\"WebSite\",\"@id\":\"https:\\\/\\\/fuentesfidedignas.com.mx\\\/#website\",\"url\":\"https:\\\/\\\/fuentesfidedignas.com.mx\\\/\",\"name\":\"Fuentes Fidedignas\",\"description\":\"Otro sitio realizado con WordPress\",\"publisher\":{\"@id\":\"https:\\\/\\\/fuentesfidedignas.com.mx\\\/#organization\"},\"potentialAction\":[{\"@type\":\"SearchAction\",\"target\":{\"@type\":\"EntryPoint\",\"urlTemplate\":\"https:\\\/\\\/fuentesfidedignas.com.mx\\\/?s={search_term_string}\"},\"query-input\":{\"@type\":\"PropertyValueSpecification\",\"valueRequired\":true,\"valueName\":\"search_term_string\"}}],\"inLanguage\":\"es\"},{\"@type\":\"Organization\",\"@id\":\"https:\\\/\\\/fuentesfidedignas.com.mx\\\/#organization\",\"name\":\"Fuentes Fidedignas\",\"url\":\"https:\\\/\\\/fuentesfidedignas.com.mx\\\/\",\"logo\":{\"@type\":\"ImageObject\",\"inLanguage\":\"es\",\"@id\":\"https:\\\/\\\/fuentesfidedignas.com.mx\\\/#\\\/schema\\\/logo\\\/image\\\/\",\"url\":\"https:\\\/\\\/fuentesfidedignas.com.mx\\\/wp-content\\\/uploads\\\/2021\\\/04\\\/logo-retina.png\",\"contentUrl\":\"https:\\\/\\\/fuentesfidedignas.com.mx\\\/wp-content\\\/uploads\\\/2021\\\/04\\\/logo-retina.png\",\"width\":280,\"height\":51,\"caption\":\"Fuentes Fidedignas\"},\"image\":{\"@id\":\"https:\\\/\\\/fuentesfidedignas.com.mx\\\/#\\\/schema\\\/logo\\\/image\\\/\"},\"sameAs\":[\"https:\\\/\\\/www.facebook.com\\\/Fuentes-Fidedignas-368234489921644\",\"https:\\\/\\\/x.com\\\/fidedignas\"]},{\"@type\":\"Person\",\"@id\":\"https:\\\/\\\/fuentesfidedignas.com.mx\\\/#\\\/schema\\\/person\\\/1827b38c6cf89e1d6cc7d78ca3fae732\",\"name\":\"AFP\",\"image\":{\"@type\":\"ImageObject\",\"inLanguage\":\"es\",\"@id\":\"https:\\\/\\\/secure.gravatar.com\\\/avatar\\\/236827d2ee9bf15e1ea99e0c1cd1b467cffa55e324d177638d0f8de7950cbae6?s=96&d=mm&r=g\",\"url\":\"https:\\\/\\\/secure.gravatar.com\\\/avatar\\\/236827d2ee9bf15e1ea99e0c1cd1b467cffa55e324d177638d0f8de7950cbae6?s=96&d=mm&r=g\",\"contentUrl\":\"https:\\\/\\\/secure.gravatar.com\\\/avatar\\\/236827d2ee9bf15e1ea99e0c1cd1b467cffa55e324d177638d0f8de7950cbae6?s=96&d=mm&r=g\",\"caption\":\"AFP\"},\"url\":\"https:\\\/\\\/fuentesfidedignas.com.mx\\\/index.php\\\/author\\\/afp\\\/\"}]}<\/script>\n<!-- \/ Yoast SEO plugin. -->","yoast_head_json":{"title":"Trump dice que aranceles a Canad\u00e1 y M\u00e9xico seguir\u00e1n adelante \"seg\u00fan lo programado\" - Fuentes Fidedignas","robots":{"index":"index","follow":"follow","max-snippet":"max-snippet:-1","max-image-preview":"max-image-preview:large","max-video-preview":"max-video-preview:-1"},"canonical":"https:\/\/fuentesfidedignas.com.mx\/index.php\/2025\/02\/24\/trump-dice-que-aranceles-a-canada-y-mexico-seguiran-adelante-segun-lo-programado\/","og_locale":"es_MX","og_type":"article","og_title":"Trump dice que aranceles a Canad\u00e1 y M\u00e9xico seguir\u00e1n adelante \"seg\u00fan lo programado\" - Fuentes Fidedignas","og_description":"Si la amenaza de aranceles se concreta podr\u00eda afectar a las cadenas de suministro en sectores clave como el de los autom\u00f3viles. El presidente estadounidense, Donald Trump, afirm\u00f3 este lunes que el arancel general de 25% sobre las importaciones estadounidenses de productos originarios de M\u00e9xico y Canad\u00e1 sigue programado para entrar en vigor a partir [&hellip;]","og_url":"https:\/\/fuentesfidedignas.com.mx\/index.php\/2025\/02\/24\/trump-dice-que-aranceles-a-canada-y-mexico-seguiran-adelante-segun-lo-programado\/","og_site_name":"Fuentes Fidedignas","article_publisher":"https:\/\/www.facebook.com\/Fuentes-Fidedignas-368234489921644","article_published_time":"2025-02-24T23:41:00+00:00","article_modified_time":"2025-02-25T00:46:49+00:00","og_image":[{"width":600,"height":337,"url":"https:\/\/fuentesfidedignas.com.mx\/wp-content\/uploads\/2025\/02\/Donald-Trump-presidente-de-los-Estados-Unidos.jpg","type":"image\/jpeg"}],"author":"AFP","twitter_card":"summary_large_image","twitter_creator":"@fidedignas","twitter_site":"@fidedignas","twitter_misc":{"Escrito por":"AFP","Tiempo de lectura":"4 minutos"},"schema":{"@context":"https:\/\/schema.org","@graph":[{"@type":"Article","@id":"https:\/\/fuentesfidedignas.com.mx\/index.php\/2025\/02\/24\/trump-dice-que-aranceles-a-canada-y-mexico-seguiran-adelante-segun-lo-programado\/#article","isPartOf":{"@id":"https:\/\/fuentesfidedignas.com.mx\/index.php\/2025\/02\/24\/trump-dice-que-aranceles-a-canada-y-mexico-seguiran-adelante-segun-lo-programado\/"},"author":{"name":"AFP","@id":"https:\/\/fuentesfidedignas.com.mx\/#\/schema\/person\/1827b38c6cf89e1d6cc7d78ca3fae732"},"headline":"Trump dice que aranceles a Canad\u00e1 y M\u00e9xico seguir\u00e1n adelante &#8220;seg\u00fan lo programado&#8221;","datePublished":"2025-02-24T23:41:00+00:00","dateModified":"2025-02-25T00:46:49+00:00","mainEntityOfPage":{"@id":"https:\/\/fuentesfidedignas.com.mx\/index.php\/2025\/02\/24\/trump-dice-que-aranceles-a-canada-y-mexico-seguiran-adelante-segun-lo-programado\/"},"wordCount":809,"commentCount":0,"publisher":{"@id":"https:\/\/fuentesfidedignas.com.mx\/#organization"},"image":{"@id":"https:\/\/fuentesfidedignas.com.mx\/index.php\/2025\/02\/24\/trump-dice-que-aranceles-a-canada-y-mexico-seguiran-adelante-segun-lo-programado\/#primaryimage"},"thumbnailUrl":"https:\/\/fuentesfidedignas.com.mx\/wp-content\/uploads\/2025\/02\/Donald-Trump-presidente-de-los-Estados-Unidos.jpg","articleSection":["NOTICIAS NACIONALES"],"inLanguage":"es","potentialAction":[{"@type":"CommentAction","name":"Comment","target":["https:\/\/fuentesfidedignas.com.mx\/index.php\/2025\/02\/24\/trump-dice-que-aranceles-a-canada-y-mexico-seguiran-adelante-segun-lo-programado\/#respond"]}]},{"@type":"WebPage","@id":"https:\/\/fuentesfidedignas.com.mx\/index.php\/2025\/02\/24\/trump-dice-que-aranceles-a-canada-y-mexico-seguiran-adelante-segun-lo-programado\/","url":"https:\/\/fuentesfidedignas.com.mx\/index.php\/2025\/02\/24\/trump-dice-que-aranceles-a-canada-y-mexico-seguiran-adelante-segun-lo-programado\/","name":"Trump dice que aranceles a Canad\u00e1 y M\u00e9xico seguir\u00e1n adelante \"seg\u00fan lo programado\" - Fuentes Fidedignas","isPartOf":{"@id":"https:\/\/fuentesfidedignas.com.mx\/#website"},"primaryImageOfPage":{"@id":"https:\/\/fuentesfidedignas.com.mx\/index.php\/2025\/02\/24\/trump-dice-que-aranceles-a-canada-y-mexico-seguiran-adelante-segun-lo-programado\/#primaryimage"},"image":{"@id":"https:\/\/fuentesfidedignas.com.mx\/index.php\/2025\/02\/24\/trump-dice-que-aranceles-a-canada-y-mexico-seguiran-adelante-segun-lo-programado\/#primaryimage"},"thumbnailUrl":"https:\/\/fuentesfidedignas.com.mx\/wp-content\/uploads\/2025\/02\/Donald-Trump-presidente-de-los-Estados-Unidos.jpg","datePublished":"2025-02-24T23:41:00+00:00","dateModified":"2025-02-25T00:46:49+00:00","breadcrumb":{"@id":"https:\/\/fuentesfidedignas.com.mx\/index.php\/2025\/02\/24\/trump-dice-que-aranceles-a-canada-y-mexico-seguiran-adelante-segun-lo-programado\/#breadcrumb"},"inLanguage":"es","potentialAction":[{"@type":"ReadAction","target":["https:\/\/fuentesfidedignas.com.mx\/index.php\/2025\/02\/24\/trump-dice-que-aranceles-a-canada-y-mexico-seguiran-adelante-segun-lo-programado\/"]}]},{"@type":"ImageObject","inLanguage":"es","@id":"https:\/\/fuentesfidedignas.com.mx\/index.php\/2025\/02\/24\/trump-dice-que-aranceles-a-canada-y-mexico-seguiran-adelante-segun-lo-programado\/#primaryimage","url":"https:\/\/fuentesfidedignas.com.mx\/wp-content\/uploads\/2025\/02\/Donald-Trump-presidente-de-los-Estados-Unidos.jpg","contentUrl":"https:\/\/fuentesfidedignas.com.mx\/wp-content\/uploads\/2025\/02\/Donald-Trump-presidente-de-los-Estados-Unidos.jpg","width":600,"height":337},{"@type":"BreadcrumbList","@id":"https:\/\/fuentesfidedignas.com.mx\/index.php\/2025\/02\/24\/trump-dice-que-aranceles-a-canada-y-mexico-seguiran-adelante-segun-lo-programado\/#breadcrumb","itemListElement":[{"@type":"ListItem","position":1,"name":"Inicio","item":"https:\/\/fuentesfidedignas.com.mx\/"},{"@type":"ListItem","position":2,"name":"Trump dice que aranceles a Canad\u00e1 y M\u00e9xico seguir\u00e1n adelante &#8220;seg\u00fan lo programado&#8221;"}]},{"@type":"WebSite","@id":"https:\/\/fuentesfidedignas.com.mx\/#website","url":"https:\/\/fuentesfidedignas.com.mx\/","name":"Fuentes Fidedignas","description":"Otro sitio realizado con WordPress","publisher":{"@id":"https:\/\/fuentesfidedignas.com.mx\/#organization"},"potentialAction":[{"@type":"SearchAction","target":{"@type":"EntryPoint","urlTemplate":"https:\/\/fuentesfidedignas.com.mx\/?s={search_term_string}"},"query-input":{"@type":"PropertyValueSpecification","valueRequired":true,"valueName":"search_term_string"}}],"inLanguage":"es"},{"@type":"Organization","@id":"https:\/\/fuentesfidedignas.com.mx\/#organization","name":"Fuentes Fidedignas","url":"https:\/\/fuentesfidedignas.com.mx\/","logo":{"@type":"ImageObject","inLanguage":"es","@id":"https:\/\/fuentesfidedignas.com.mx\/#\/schema\/logo\/image\/","url":"https:\/\/fuentesfidedignas.com.mx\/wp-content\/uploads\/2021\/04\/logo-retina.png","contentUrl":"https:\/\/fuentesfidedignas.com.mx\/wp-content\/uploads\/2021\/04\/logo-retina.png","width":280,"height":51,"caption":"Fuentes Fidedignas"},"image":{"@id":"https:\/\/fuentesfidedignas.com.mx\/#\/schema\/logo\/image\/"},"sameAs":["https:\/\/www.facebook.com\/Fuentes-Fidedignas-368234489921644","https:\/\/x.com\/fidedignas"]},{"@type":"Person","@id":"https:\/\/fuentesfidedignas.com.mx\/#\/schema\/person\/1827b38c6cf89e1d6cc7d78ca3fae732","name":"AFP","image":{"@type":"ImageObject","inLanguage":"es","@id":"https:\/\/secure.gravatar.com\/avatar\/236827d2ee9bf15e1ea99e0c1cd1b467cffa55e324d177638d0f8de7950cbae6?s=96&d=mm&r=g","url":"https:\/\/secure.gravatar.com\/avatar\/236827d2ee9bf15e1ea99e0c1cd1b467cffa55e324d177638d0f8de7950cbae6?s=96&d=mm&r=g","contentUrl":"https:\/\/secure.gravatar.com\/avatar\/236827d2ee9bf15e1ea99e0c1cd1b467cffa55e324d177638d0f8de7950cbae6?s=96&d=mm&r=g","caption":"AFP"},"url":"https:\/\/fuentesfidedignas.com.mx\/index.php\/author\/afp\/"}]}},"_links":{"self":[{"href":"https:\/\/fuentesfidedignas.com.mx\/index.php\/wp-json\/wp\/v2\/posts\/102475","targetHints":{"allow":["GET"]}}],"collection":[{"href":"https:\/\/fuentesfidedignas.com.mx\/index.php\/wp-json\/wp\/v2\/posts"}],"about":[{"href":"https:\/\/fuentesfidedignas.com.mx\/index.php\/wp-json\/wp\/v2\/types\/post"}],"author":[{"embeddable":true,"href":"https:\/\/fuentesfidedignas.com.mx\/index.php\/wp-json\/wp\/v2\/users\/12"}],"replies":[{"embeddable":true,"href":"https:\/\/fuentesfidedignas.com.mx\/index.php\/wp-json\/wp\/v2\/comments?post=102475"}],"version-history":[{"count":1,"href":"https:\/\/fuentesfidedignas.com.mx\/index.php\/wp-json\/wp\/v2\/posts\/102475\/revisions"}],"predecessor-version":[{"id":102477,"href":"https:\/\/fuentesfidedignas.com.mx\/index.php\/wp-json\/wp\/v2\/posts\/102475\/revisions\/102477"}],"wp:featuredmedia":[{"embeddable":true,"href":"https:\/\/fuentesfidedignas.com.mx\/index.php\/wp-json\/wp\/v2\/media\/102476"}],"wp:attachment":[{"href":"https:\/\/fuentesfidedignas.com.mx\/index.php\/wp-json\/wp\/v2\/media?parent=102475"}],"wp:term":[{"taxonomy":"category","embeddable":true,"href":"https:\/\/fuentesfidedignas.com.mx\/index.php\/wp-json\/wp\/v2\/categories?post=102475"},{"taxonomy":"post_tag","embeddable":true,"href":"https:\/\/fuentesfidedignas.com.mx\/index.php\/wp-json\/wp\/v2\/tags?post=102475"}],"curies":[{"name":"wp","href":"https:\/\/api.w.org\/{rel}","templated":true}]}}