{"id":102383,"date":"2025-02-23T12:08:34","date_gmt":"2025-02-23T19:08:34","guid":{"rendered":"https:\/\/fuentesfidedignas.com.mx\/?p=102383"},"modified":"2025-02-23T12:10:09","modified_gmt":"2025-02-23T19:10:09","slug":"unidad-empresarial-en-hora-tragica-de-sinaloa-pide-esperanza-kasuga-osaka","status":"publish","type":"post","link":"https:\/\/fuentesfidedignas.com.mx\/index.php\/2025\/02\/23\/unidad-empresarial-en-hora-tragica-de-sinaloa-pide-esperanza-kasuga-osaka\/","title":{"rendered":"Unidad empresarial en hora tr\u00e1gica de Sinaloa, pide Esperanza Kasuga Osaka"},"content":{"rendered":"\n<p>\u00abEs momento de tomar acci\u00f3n en nuestros espacios sociales y laborales para rescatar la paz que es indispensable para garantizar el bienestar presente y futuro de nuestro pueblo\u00bb: EKO<\/p>\n\n\n\n<p>La tarde del jueves 20 de febrero anterior, la clases empresarial de Mazatl\u00e1n se reuni\u00f3 en El Cielo residencial para rendir un merecido homenaje a la distinguida empresaria Esperanza Masako Kasuga Osaka por su trayectoria empresarial y liderazgo en Coparmex.<\/p>\n\n\n\n<p>Mujer fuerte que ha superado la adversidad en varias \u00e9pocas de su vida, compa\u00f1era entusiasta, servidora p\u00fablica y dirigente decidida y ciudadana comprometida con el bien com\u00fan, Kasuga Osaka es una empresaria ejemplar que abri\u00f3 camino a muchas mujeres que hoy ocupan cargos directivos en espacios empresariales hist\u00f3ricamente reservado a los hombres. Fue ella la primera mujer en dirigir organismos empresariales como Coparmex y Canacintra en el pa\u00eds, por lo que recientemente ha sido recibido homenajes tanto en Mazatl\u00e1n como en el interior de la rep\u00fablica.<\/p>\n\n\n\n<p>Como regidora del Ayuntamiento de Mazatl\u00e1n 2014-2016 puso especial \u00e9nfasis en la transparencia y rendici\u00f3n de cuentas de la administraci\u00f3n p\u00fablica municipal y se opuso con rigor al dispendio del dinero de los ciudadanos en negocios personales u obras con presupuestos exhorbitantes, como ocurri\u00f3 con el proyecto de l\u00e1mparas led del entonces alcalde Carlos Felton, quien de manera irresponsable intent\u00f3 endeudar al gobierno municipal con varios millones de pesos. Su p\u00fablica oposici\u00f3n fue fundamental para que el Congreso del Estado no autorizara la solicitud de endeudamiento.Entre otras muchas aportaciones a la ciudad que eligi\u00f3 para formar a su familia, desde hace muchos a\u00f1os entreg\u00f3 en comodato un cami\u00f3n recolector de basura que sigue sirviendo a los mazatlecos. Ha participado en diversas organizaciones de la sociedad civil precisamente para que las dependencias gubernamentales rindan cuentas a sus gobernados y detengan el deterioro ambiental que avanza en el puerto en nombre del \u00abprogreso\u00bb con graves consecuencias para la sobrevivencia del municipio que seg\u00fan estudios recientes padecer\u00e1 una severa crisis de agua en 2027, entre otras muchas razones derivadas del cambio clim\u00e1tico.<\/p>\n\n\n\n<p>Por la importancia que representa, en esta hora tr\u00e1gica de Sinaloa, reproducimos \u00edntegras las palabras de agradecimiento de Esperanza Masako Kasuga Osaka:<\/p>\n\n\n\n<p>Muy queridos y estimados amigos:<\/p>\n\n\n\n<p>Agradezco a todos Ustedes por acompa\u00f1arnos en este d\u00eda memorable en el que celebramos el 50 Aniversario del Centro Empresarial de Mazatl\u00e1n y del Sur de Sinaloa, S.P.<\/p>\n\n\n\n<p>Hoy, quiero dedicar mi mensaje a las nuevas generaciones de empresarios que est\u00e1n empezando este camino y tambi\u00e9n a quienes alg\u00fan d\u00eda estar\u00e1n en otra dimensi\u00f3n.<\/p>\n\n\n\n<p>A partir de la aparici\u00f3n de la Internet, que si bien inici\u00f3 en 1940 tuvo su auge como red colaborativa e interactiva de acceso generalizado hasta el a\u00f1o 2000, el mundo empez\u00f3 a cambiar de manera vertiginosa para bien y para mal. Hoy no ser\u00eda posible entender al mundo sin las redes sociales, que pueden ayudar a generar riqueza, es cierto, pero tambi\u00e9n a formar l\u00edderes que provean desarrollo y bienestar en un entorno donde la tecnolog\u00eda avanza a pasos agigantados y los desaf\u00edos globales son cada vez m\u00e1s complejos. Pero no debemos perder de vista que lo m\u00e1s importante sigue y seguir\u00e1 siendo el factor humano.<\/p>\n\n\n\n<p>A lo largo de mi vida he aprendido que hay tres principios que todo empresario debe tener presente:<\/p>\n\n\n\n<ol class=\"wp-block-list\">\n<li>El bien ser \u2013 Actuar con \u00e9tica, con valores, con honestidad. No hay \u00e9xito empresarial que valga la pena, si no se construye sobre bases s\u00f3lidas de integridad y responsabilidad.<\/li>\n\n\n\n<li>El bien estar \u2013 Las empresas deben crecer en n\u00fameros, as\u00ed como en su impacto social. Debemos cuidar el desarrollo y bienestar de nuestros colaboradores, de nuestras comunidades y de nuestro entorno.<\/li>\n\n\n\n<li>El bien com\u00fan \u2013 No podemos crecer solos. Nuestro crecimiento debe ser compartido, porque solo as\u00ed construiremos una sociedad m\u00e1s equitativa y sostenible.<\/li>\n<\/ol>\n\n\n\n<p>Quiero que cada joven empresario entienda que no se trata solamente de hacer negocio en beneficio propio, sino de dejar una huella en el futuro, contribuyendo a la formaci\u00f3n \u00e9tica de futuras generaciones. Que cuando miren hacia atr\u00e1s, no vean s\u00f3lo n\u00fameros sino tambi\u00e9n las vidas que transformaron, las familias que fortalecieron y la comunidad pr\u00f3spera que construyeron con su trabajo.<\/p>\n\n\n\n<p>Nuestra generaci\u00f3n abri\u00f3 algunos caminos en este sentido y a ustedes corresponde la responsabilidad de ampliarlos y pavimentarlos para los que vienen detr\u00e1s. No tengan miedo de innovar, de poner en duda lo establecido y tomar riesgos con prop\u00f3sitos claros.<\/p>\n\n\n\n<p>Valoren la importancia de participar activamente en COPARMEX a nivel local, regional o nacional, desde el compromiso de la libre empresa, la justicia social, y el desarrollo econ\u00f3mico del pa\u00eds. Nunca olviden que el \u00e9xito individual s\u00f3lo tiene sentido cuando contribuye al \u00e9xito colectivo.<\/p>\n\n\n\n<p>Me voy a permitir hacer la siguiente reflexi\u00f3n:<\/p>\n\n\n\n<p>Estamos viviendo momentos in\u00e9ditos de inseguridad y violencia que nos vulneran como personas, incluyendo por igual a ni\u00f1os, familias, colaboradores y tambi\u00e9n a las fuentes generadoras de empleo, como son nuestras empresas.<\/p>\n\n\n\n<p>En 1929, la Confederaci\u00f3n Patronal de la Rep\u00fablica Mexicana, (COPARMEX), que es nuestro Sindicato Patronal, fue fundada por un grupo de empresarios de Monterrey con el prop\u00f3sito de acotar la intervenci\u00f3n absoluta del Estado en la econom\u00eda y fortalecer la voz de la iniciativa privada como contrapeso en la toma de decisiones, considerando los factores hist\u00f3ricos, pol\u00edticos, econ\u00f3micos y sociales que prevalec\u00edan en aquella \u00e9poca postrevolucionaria y que perduraron de manera recurrente hasta nuestros d\u00edas.<\/p>\n\n\n\n<p>&#8220;A 96 a\u00f1os de su creaci\u00f3n, nos enfrentamos a retos sin precedente en nuestra historia contempor\u00e1nea. Precisamente por falta de contrapesos en la toma de decisiones, se han aprobado de manera unilateral Reformas Constitucionales que aniquilar\u00e1n al Poder Judicial, como lo ha expresado con claridad el ex ministro Jos\u00e9 Ram\u00f3n Coss\u00edo, quien -como muchos otros expertos- pone en duda la legalidad y legitimidad de la elecci\u00f3n de jueces y magistrados por voto popular y advierte que esta reforma, como est\u00e1 planteada, podr\u00eda comprometer la independencia y eficacia del Sistema Judicial Mexicano, aumentando la politizaci\u00f3n, la corrupci\u00f3n y la vulnerabilidad nacional frente al crimen organizado&#8221;.<\/p>\n\n\n\n<p>Ya lo hemos hecho en el pasado para corregir desviaciones del poder pol\u00edtico desde la colaboraci\u00f3n que debe existir entre gobierno y gobernados. Debemos tener muy claro que un gobierno, por eficaz que sea, no puede resolver todos los rezagos sociales y necesita la colaboraci\u00f3n de todos los ciudadanos.<\/p>\n\n\n\n<p>Hoy vemos con mucha tristeza el cierre de varias empresas de Sinaloa que est\u00e1n quebrando por la inseguridad y otras que est\u00e1n migrando a otros lugares del pa\u00eds o del extranjero. Urge que volvamos a cerrar filas en nuestro sector empresarial, invitando a sumarse a todas las c\u00e1maras y organizaciones de la sociedad civil, para contribuir, desde nuestros espacios empresariales, a la pacificaci\u00f3n de nuestro estado, manteniendo abiertas las fuentes de empleo, pero siempre protegiendo a nuestros trabajadores.<\/p>\n\n\n\n<p>&#8220;No solamente es momento de levantar la voz de COPARMEX, es momento de tomar acci\u00f3n en nuestros espacios sociales y laborales que aporten a rescatar la paz que es indispensable para garantizar el bienestar presente y futuro de nuestro pueblo.<\/p>\n\n\n\n<p>Por \u00faltimo, me permito felicitar al Centro Empresarial de Mazatl\u00e1n y del Sur de Sinaloa, S.P., por su 50 Aniversario, en especial a su primer presidente, Don Jos\u00e9 Antonio Cevallos G\u00f3mez, as\u00ed como a todos los ex presidentes que brindaron su tiempo y liderazgo para representar al Sector Empresarial, y a todos los Socios afiliados que con su dedicaci\u00f3n fortalecen en forma colaborativa a nuestra Comunidad&#8221;.<\/p>\n\n\n\n<p>Hoy recibo este Galard\u00f3n con toda humildad, con el coraz\u00f3n lleno de gratitud a COPARMEX y a todos mis amigos empresarios que han sido ejemplo a seguir, con la certeza de que el verdadero premio no est\u00e1 en el reconocimiento sino en la huella que dejemos en los dem\u00e1s.<\/p>\n\n\n\n<p>Gracias a todos los que han sido parte de este camino. Gracias a quienes han trabajado conmigo, a quienes han cre\u00eddo en mis proyectos y a quienes, con su ejemplo, me han inspirado a seguir adelante.<\/p>\n\n\n\n<p>&#8220;Sigamos construyendo un M\u00e9xico en paz, m\u00e1s fuerte, m\u00e1s justo y m\u00e1s pr\u00f3spero para todos&#8221;.<\/p>\n\n\n\n<p>Muchas gracias !<\/p>\n\n\n\n<p>Esperanza M. Kazuga Osaka<\/p>\n\n\n\n<p>2025.02.20.<\/p>\n\n\n\n<figure class=\"wp-block-embed is-type-video is-provider-youtube wp-block-embed-youtube wp-embed-aspect-16-9 wp-has-aspect-ratio\"><div class=\"wp-block-embed__wrapper\">\n<iframe loading=\"lazy\" title=\"Unidad empresarial por La Paz en Sinaloa\" width=\"696\" height=\"392\" src=\"https:\/\/www.youtube.com\/embed\/fDqkZ4ReaH0?feature=oembed\" frameborder=\"0\" allow=\"accelerometer; autoplay; clipboard-write; encrypted-media; gyroscope; picture-in-picture; web-share\" referrerpolicy=\"strict-origin-when-cross-origin\" allowfullscreen><\/iframe>\n<\/div><\/figure>\n","protected":false},"excerpt":{"rendered":"<p>\u00abEs momento de tomar acci\u00f3n en nuestros espacios sociales y laborales para rescatar la paz que es indispensable para garantizar el bienestar presente y futuro de nuestro pueblo\u00bb: EKO La tarde del jueves 20 de febrero anterior, la clases empresarial de Mazatl\u00e1n se reuni\u00f3 en El Cielo residencial para rendir un merecido homenaje a la [&hellip;]<\/p>\n","protected":false},"author":132,"featured_media":102384,"comment_status":"open","ping_status":"open","sticky":false,"template":"","format":"standard","meta":{"tdm_status":"","tdm_grid_status":"","footnotes":""},"categories":[3064,2814],"tags":[],"class_list":{"0":"post-102383","1":"post","2":"type-post","3":"status-publish","4":"format-standard","5":"has-post-thumbnail","7":"category-columnas","8":"category-observatorio"},"yoast_head":"<!-- This site is optimized with the Yoast SEO plugin v27.5 - https:\/\/yoast.com\/product\/yoast-seo-wordpress\/ -->\n<title>Unidad empresarial en hora tr\u00e1gica de Sinaloa, pide Esperanza Kasuga Osaka - Fuentes Fidedignas<\/title>\n<meta name=\"robots\" content=\"index, follow, max-snippet:-1, max-image-preview:large, max-video-preview:-1\" \/>\n<link rel=\"canonical\" href=\"https:\/\/fuentesfidedignas.com.mx\/index.php\/2025\/02\/23\/unidad-empresarial-en-hora-tragica-de-sinaloa-pide-esperanza-kasuga-osaka\/\" \/>\n<meta property=\"og:locale\" content=\"es_MX\" \/>\n<meta property=\"og:type\" content=\"article\" \/>\n<meta property=\"og:title\" content=\"Unidad empresarial en hora tr\u00e1gica de Sinaloa, pide Esperanza Kasuga Osaka - Fuentes Fidedignas\" \/>\n<meta property=\"og:description\" content=\"\u00abEs momento de tomar acci\u00f3n en nuestros espacios sociales y laborales para rescatar la paz que es indispensable para garantizar el bienestar presente y futuro de nuestro pueblo\u00bb: EKO La tarde del jueves 20 de febrero anterior, la clases empresarial de Mazatl\u00e1n se reuni\u00f3 en El Cielo residencial para rendir un merecido homenaje a la [&hellip;]\" \/>\n<meta property=\"og:url\" content=\"https:\/\/fuentesfidedignas.com.mx\/index.php\/2025\/02\/23\/unidad-empresarial-en-hora-tragica-de-sinaloa-pide-esperanza-kasuga-osaka\/\" \/>\n<meta property=\"og:site_name\" content=\"Fuentes Fidedignas\" \/>\n<meta property=\"article:publisher\" content=\"https:\/\/www.facebook.com\/Fuentes-Fidedignas-368234489921644\" \/>\n<meta property=\"article:published_time\" content=\"2025-02-23T19:08:34+00:00\" \/>\n<meta property=\"article:modified_time\" content=\"2025-02-23T19:10:09+00:00\" \/>\n<meta property=\"og:image\" content=\"https:\/\/fuentesfidedignas.com.mx\/wp-content\/uploads\/2025\/02\/observatorio.jpg\" \/>\n\t<meta property=\"og:image:width\" content=\"698\" \/>\n\t<meta property=\"og:image:height\" content=\"388\" \/>\n\t<meta property=\"og:image:type\" content=\"image\/jpeg\" \/>\n<meta name=\"author\" content=\"Mario Martini\" \/>\n<meta name=\"twitter:card\" content=\"summary_large_image\" \/>\n<meta name=\"twitter:creator\" content=\"@fidedignas\" \/>\n<meta name=\"twitter:site\" content=\"@fidedignas\" \/>\n<meta name=\"twitter:label1\" content=\"Escrito por\" \/>\n\t<meta name=\"twitter:data1\" content=\"Mario Martini\" \/>\n\t<meta name=\"twitter:label2\" content=\"Tiempo de lectura\" \/>\n\t<meta name=\"twitter:data2\" content=\"7 minutos\" \/>\n<script type=\"application\/ld+json\" class=\"yoast-schema-graph\">{\"@context\":\"https:\\\/\\\/schema.org\",\"@graph\":[{\"@type\":\"Article\",\"@id\":\"https:\\\/\\\/fuentesfidedignas.com.mx\\\/index.php\\\/2025\\\/02\\\/23\\\/unidad-empresarial-en-hora-tragica-de-sinaloa-pide-esperanza-kasuga-osaka\\\/#article\",\"isPartOf\":{\"@id\":\"https:\\\/\\\/fuentesfidedignas.com.mx\\\/index.php\\\/2025\\\/02\\\/23\\\/unidad-empresarial-en-hora-tragica-de-sinaloa-pide-esperanza-kasuga-osaka\\\/\"},\"author\":{\"name\":\"Mario Martini\",\"@id\":\"https:\\\/\\\/fuentesfidedignas.com.mx\\\/#\\\/schema\\\/person\\\/232c3eaed652e7094e12aae0a6b55782\"},\"headline\":\"Unidad empresarial en hora tr\u00e1gica de Sinaloa, pide Esperanza Kasuga Osaka\",\"datePublished\":\"2025-02-23T19:08:34+00:00\",\"dateModified\":\"2025-02-23T19:10:09+00:00\",\"mainEntityOfPage\":{\"@id\":\"https:\\\/\\\/fuentesfidedignas.com.mx\\\/index.php\\\/2025\\\/02\\\/23\\\/unidad-empresarial-en-hora-tragica-de-sinaloa-pide-esperanza-kasuga-osaka\\\/\"},\"wordCount\":1437,\"commentCount\":0,\"publisher\":{\"@id\":\"https:\\\/\\\/fuentesfidedignas.com.mx\\\/#organization\"},\"image\":{\"@id\":\"https:\\\/\\\/fuentesfidedignas.com.mx\\\/index.php\\\/2025\\\/02\\\/23\\\/unidad-empresarial-en-hora-tragica-de-sinaloa-pide-esperanza-kasuga-osaka\\\/#primaryimage\"},\"thumbnailUrl\":\"https:\\\/\\\/fuentesfidedignas.com.mx\\\/wp-content\\\/uploads\\\/2025\\\/02\\\/observatorio.jpg\",\"articleSection\":[\"COLUMNAS\",\"OBSERVATORIO\"],\"inLanguage\":\"es\",\"potentialAction\":[{\"@type\":\"CommentAction\",\"name\":\"Comment\",\"target\":[\"https:\\\/\\\/fuentesfidedignas.com.mx\\\/index.php\\\/2025\\\/02\\\/23\\\/unidad-empresarial-en-hora-tragica-de-sinaloa-pide-esperanza-kasuga-osaka\\\/#respond\"]}]},{\"@type\":\"WebPage\",\"@id\":\"https:\\\/\\\/fuentesfidedignas.com.mx\\\/index.php\\\/2025\\\/02\\\/23\\\/unidad-empresarial-en-hora-tragica-de-sinaloa-pide-esperanza-kasuga-osaka\\\/\",\"url\":\"https:\\\/\\\/fuentesfidedignas.com.mx\\\/index.php\\\/2025\\\/02\\\/23\\\/unidad-empresarial-en-hora-tragica-de-sinaloa-pide-esperanza-kasuga-osaka\\\/\",\"name\":\"Unidad empresarial en hora tr\u00e1gica de Sinaloa, pide Esperanza Kasuga Osaka - Fuentes Fidedignas\",\"isPartOf\":{\"@id\":\"https:\\\/\\\/fuentesfidedignas.com.mx\\\/#website\"},\"primaryImageOfPage\":{\"@id\":\"https:\\\/\\\/fuentesfidedignas.com.mx\\\/index.php\\\/2025\\\/02\\\/23\\\/unidad-empresarial-en-hora-tragica-de-sinaloa-pide-esperanza-kasuga-osaka\\\/#primaryimage\"},\"image\":{\"@id\":\"https:\\\/\\\/fuentesfidedignas.com.mx\\\/index.php\\\/2025\\\/02\\\/23\\\/unidad-empresarial-en-hora-tragica-de-sinaloa-pide-esperanza-kasuga-osaka\\\/#primaryimage\"},\"thumbnailUrl\":\"https:\\\/\\\/fuentesfidedignas.com.mx\\\/wp-content\\\/uploads\\\/2025\\\/02\\\/observatorio.jpg\",\"datePublished\":\"2025-02-23T19:08:34+00:00\",\"dateModified\":\"2025-02-23T19:10:09+00:00\",\"breadcrumb\":{\"@id\":\"https:\\\/\\\/fuentesfidedignas.com.mx\\\/index.php\\\/2025\\\/02\\\/23\\\/unidad-empresarial-en-hora-tragica-de-sinaloa-pide-esperanza-kasuga-osaka\\\/#breadcrumb\"},\"inLanguage\":\"es\",\"potentialAction\":[{\"@type\":\"ReadAction\",\"target\":[\"https:\\\/\\\/fuentesfidedignas.com.mx\\\/index.php\\\/2025\\\/02\\\/23\\\/unidad-empresarial-en-hora-tragica-de-sinaloa-pide-esperanza-kasuga-osaka\\\/\"]}]},{\"@type\":\"ImageObject\",\"inLanguage\":\"es\",\"@id\":\"https:\\\/\\\/fuentesfidedignas.com.mx\\\/index.php\\\/2025\\\/02\\\/23\\\/unidad-empresarial-en-hora-tragica-de-sinaloa-pide-esperanza-kasuga-osaka\\\/#primaryimage\",\"url\":\"https:\\\/\\\/fuentesfidedignas.com.mx\\\/wp-content\\\/uploads\\\/2025\\\/02\\\/observatorio.jpg\",\"contentUrl\":\"https:\\\/\\\/fuentesfidedignas.com.mx\\\/wp-content\\\/uploads\\\/2025\\\/02\\\/observatorio.jpg\",\"width\":698,\"height\":388},{\"@type\":\"BreadcrumbList\",\"@id\":\"https:\\\/\\\/fuentesfidedignas.com.mx\\\/index.php\\\/2025\\\/02\\\/23\\\/unidad-empresarial-en-hora-tragica-de-sinaloa-pide-esperanza-kasuga-osaka\\\/#breadcrumb\",\"itemListElement\":[{\"@type\":\"ListItem\",\"position\":1,\"name\":\"Inicio\",\"item\":\"https:\\\/\\\/fuentesfidedignas.com.mx\\\/\"},{\"@type\":\"ListItem\",\"position\":2,\"name\":\"Unidad empresarial en hora tr\u00e1gica de Sinaloa, pide Esperanza Kasuga Osaka\"}]},{\"@type\":\"WebSite\",\"@id\":\"https:\\\/\\\/fuentesfidedignas.com.mx\\\/#website\",\"url\":\"https:\\\/\\\/fuentesfidedignas.com.mx\\\/\",\"name\":\"Fuentes Fidedignas\",\"description\":\"Otro sitio realizado con WordPress\",\"publisher\":{\"@id\":\"https:\\\/\\\/fuentesfidedignas.com.mx\\\/#organization\"},\"potentialAction\":[{\"@type\":\"SearchAction\",\"target\":{\"@type\":\"EntryPoint\",\"urlTemplate\":\"https:\\\/\\\/fuentesfidedignas.com.mx\\\/?s={search_term_string}\"},\"query-input\":{\"@type\":\"PropertyValueSpecification\",\"valueRequired\":true,\"valueName\":\"search_term_string\"}}],\"inLanguage\":\"es\"},{\"@type\":\"Organization\",\"@id\":\"https:\\\/\\\/fuentesfidedignas.com.mx\\\/#organization\",\"name\":\"Fuentes Fidedignas\",\"url\":\"https:\\\/\\\/fuentesfidedignas.com.mx\\\/\",\"logo\":{\"@type\":\"ImageObject\",\"inLanguage\":\"es\",\"@id\":\"https:\\\/\\\/fuentesfidedignas.com.mx\\\/#\\\/schema\\\/logo\\\/image\\\/\",\"url\":\"https:\\\/\\\/fuentesfidedignas.com.mx\\\/wp-content\\\/uploads\\\/2021\\\/04\\\/logo-retina.png\",\"contentUrl\":\"https:\\\/\\\/fuentesfidedignas.com.mx\\\/wp-content\\\/uploads\\\/2021\\\/04\\\/logo-retina.png\",\"width\":280,\"height\":51,\"caption\":\"Fuentes Fidedignas\"},\"image\":{\"@id\":\"https:\\\/\\\/fuentesfidedignas.com.mx\\\/#\\\/schema\\\/logo\\\/image\\\/\"},\"sameAs\":[\"https:\\\/\\\/www.facebook.com\\\/Fuentes-Fidedignas-368234489921644\",\"https:\\\/\\\/x.com\\\/fidedignas\"]},{\"@type\":\"Person\",\"@id\":\"https:\\\/\\\/fuentesfidedignas.com.mx\\\/#\\\/schema\\\/person\\\/232c3eaed652e7094e12aae0a6b55782\",\"name\":\"Mario Martini\",\"image\":{\"@type\":\"ImageObject\",\"inLanguage\":\"es\",\"@id\":\"https:\\\/\\\/secure.gravatar.com\\\/avatar\\\/d2b02de885e6e0bdb2ea54e643b38f4d78d849161c256fadb5c36fa89d5d781a?s=96&d=mm&r=g\",\"url\":\"https:\\\/\\\/secure.gravatar.com\\\/avatar\\\/d2b02de885e6e0bdb2ea54e643b38f4d78d849161c256fadb5c36fa89d5d781a?s=96&d=mm&r=g\",\"contentUrl\":\"https:\\\/\\\/secure.gravatar.com\\\/avatar\\\/d2b02de885e6e0bdb2ea54e643b38f4d78d849161c256fadb5c36fa89d5d781a?s=96&d=mm&r=g\",\"caption\":\"Mario Martini\"},\"url\":\"https:\\\/\\\/fuentesfidedignas.com.mx\\\/index.php\\\/author\\\/mario-martini\\\/\"}]}<\/script>\n<!-- \/ Yoast SEO plugin. -->","yoast_head_json":{"title":"Unidad empresarial en hora tr\u00e1gica de Sinaloa, pide Esperanza Kasuga Osaka - Fuentes Fidedignas","robots":{"index":"index","follow":"follow","max-snippet":"max-snippet:-1","max-image-preview":"max-image-preview:large","max-video-preview":"max-video-preview:-1"},"canonical":"https:\/\/fuentesfidedignas.com.mx\/index.php\/2025\/02\/23\/unidad-empresarial-en-hora-tragica-de-sinaloa-pide-esperanza-kasuga-osaka\/","og_locale":"es_MX","og_type":"article","og_title":"Unidad empresarial en hora tr\u00e1gica de Sinaloa, pide Esperanza Kasuga Osaka - Fuentes Fidedignas","og_description":"\u00abEs momento de tomar acci\u00f3n en nuestros espacios sociales y laborales para rescatar la paz que es indispensable para garantizar el bienestar presente y futuro de nuestro pueblo\u00bb: EKO La tarde del jueves 20 de febrero anterior, la clases empresarial de Mazatl\u00e1n se reuni\u00f3 en El Cielo residencial para rendir un merecido homenaje a la [&hellip;]","og_url":"https:\/\/fuentesfidedignas.com.mx\/index.php\/2025\/02\/23\/unidad-empresarial-en-hora-tragica-de-sinaloa-pide-esperanza-kasuga-osaka\/","og_site_name":"Fuentes Fidedignas","article_publisher":"https:\/\/www.facebook.com\/Fuentes-Fidedignas-368234489921644","article_published_time":"2025-02-23T19:08:34+00:00","article_modified_time":"2025-02-23T19:10:09+00:00","og_image":[{"width":698,"height":388,"url":"https:\/\/fuentesfidedignas.com.mx\/wp-content\/uploads\/2025\/02\/observatorio.jpg","type":"image\/jpeg"}],"author":"Mario Martini","twitter_card":"summary_large_image","twitter_creator":"@fidedignas","twitter_site":"@fidedignas","twitter_misc":{"Escrito por":"Mario Martini","Tiempo de lectura":"7 minutos"},"schema":{"@context":"https:\/\/schema.org","@graph":[{"@type":"Article","@id":"https:\/\/fuentesfidedignas.com.mx\/index.php\/2025\/02\/23\/unidad-empresarial-en-hora-tragica-de-sinaloa-pide-esperanza-kasuga-osaka\/#article","isPartOf":{"@id":"https:\/\/fuentesfidedignas.com.mx\/index.php\/2025\/02\/23\/unidad-empresarial-en-hora-tragica-de-sinaloa-pide-esperanza-kasuga-osaka\/"},"author":{"name":"Mario Martini","@id":"https:\/\/fuentesfidedignas.com.mx\/#\/schema\/person\/232c3eaed652e7094e12aae0a6b55782"},"headline":"Unidad empresarial en hora tr\u00e1gica de Sinaloa, pide Esperanza Kasuga Osaka","datePublished":"2025-02-23T19:08:34+00:00","dateModified":"2025-02-23T19:10:09+00:00","mainEntityOfPage":{"@id":"https:\/\/fuentesfidedignas.com.mx\/index.php\/2025\/02\/23\/unidad-empresarial-en-hora-tragica-de-sinaloa-pide-esperanza-kasuga-osaka\/"},"wordCount":1437,"commentCount":0,"publisher":{"@id":"https:\/\/fuentesfidedignas.com.mx\/#organization"},"image":{"@id":"https:\/\/fuentesfidedignas.com.mx\/index.php\/2025\/02\/23\/unidad-empresarial-en-hora-tragica-de-sinaloa-pide-esperanza-kasuga-osaka\/#primaryimage"},"thumbnailUrl":"https:\/\/fuentesfidedignas.com.mx\/wp-content\/uploads\/2025\/02\/observatorio.jpg","articleSection":["COLUMNAS","OBSERVATORIO"],"inLanguage":"es","potentialAction":[{"@type":"CommentAction","name":"Comment","target":["https:\/\/fuentesfidedignas.com.mx\/index.php\/2025\/02\/23\/unidad-empresarial-en-hora-tragica-de-sinaloa-pide-esperanza-kasuga-osaka\/#respond"]}]},{"@type":"WebPage","@id":"https:\/\/fuentesfidedignas.com.mx\/index.php\/2025\/02\/23\/unidad-empresarial-en-hora-tragica-de-sinaloa-pide-esperanza-kasuga-osaka\/","url":"https:\/\/fuentesfidedignas.com.mx\/index.php\/2025\/02\/23\/unidad-empresarial-en-hora-tragica-de-sinaloa-pide-esperanza-kasuga-osaka\/","name":"Unidad empresarial en hora tr\u00e1gica de Sinaloa, pide Esperanza Kasuga Osaka - Fuentes Fidedignas","isPartOf":{"@id":"https:\/\/fuentesfidedignas.com.mx\/#website"},"primaryImageOfPage":{"@id":"https:\/\/fuentesfidedignas.com.mx\/index.php\/2025\/02\/23\/unidad-empresarial-en-hora-tragica-de-sinaloa-pide-esperanza-kasuga-osaka\/#primaryimage"},"image":{"@id":"https:\/\/fuentesfidedignas.com.mx\/index.php\/2025\/02\/23\/unidad-empresarial-en-hora-tragica-de-sinaloa-pide-esperanza-kasuga-osaka\/#primaryimage"},"thumbnailUrl":"https:\/\/fuentesfidedignas.com.mx\/wp-content\/uploads\/2025\/02\/observatorio.jpg","datePublished":"2025-02-23T19:08:34+00:00","dateModified":"2025-02-23T19:10:09+00:00","breadcrumb":{"@id":"https:\/\/fuentesfidedignas.com.mx\/index.php\/2025\/02\/23\/unidad-empresarial-en-hora-tragica-de-sinaloa-pide-esperanza-kasuga-osaka\/#breadcrumb"},"inLanguage":"es","potentialAction":[{"@type":"ReadAction","target":["https:\/\/fuentesfidedignas.com.mx\/index.php\/2025\/02\/23\/unidad-empresarial-en-hora-tragica-de-sinaloa-pide-esperanza-kasuga-osaka\/"]}]},{"@type":"ImageObject","inLanguage":"es","@id":"https:\/\/fuentesfidedignas.com.mx\/index.php\/2025\/02\/23\/unidad-empresarial-en-hora-tragica-de-sinaloa-pide-esperanza-kasuga-osaka\/#primaryimage","url":"https:\/\/fuentesfidedignas.com.mx\/wp-content\/uploads\/2025\/02\/observatorio.jpg","contentUrl":"https:\/\/fuentesfidedignas.com.mx\/wp-content\/uploads\/2025\/02\/observatorio.jpg","width":698,"height":388},{"@type":"BreadcrumbList","@id":"https:\/\/fuentesfidedignas.com.mx\/index.php\/2025\/02\/23\/unidad-empresarial-en-hora-tragica-de-sinaloa-pide-esperanza-kasuga-osaka\/#breadcrumb","itemListElement":[{"@type":"ListItem","position":1,"name":"Inicio","item":"https:\/\/fuentesfidedignas.com.mx\/"},{"@type":"ListItem","position":2,"name":"Unidad empresarial en hora tr\u00e1gica de Sinaloa, pide Esperanza Kasuga Osaka"}]},{"@type":"WebSite","@id":"https:\/\/fuentesfidedignas.com.mx\/#website","url":"https:\/\/fuentesfidedignas.com.mx\/","name":"Fuentes Fidedignas","description":"Otro sitio realizado con WordPress","publisher":{"@id":"https:\/\/fuentesfidedignas.com.mx\/#organization"},"potentialAction":[{"@type":"SearchAction","target":{"@type":"EntryPoint","urlTemplate":"https:\/\/fuentesfidedignas.com.mx\/?s={search_term_string}"},"query-input":{"@type":"PropertyValueSpecification","valueRequired":true,"valueName":"search_term_string"}}],"inLanguage":"es"},{"@type":"Organization","@id":"https:\/\/fuentesfidedignas.com.mx\/#organization","name":"Fuentes Fidedignas","url":"https:\/\/fuentesfidedignas.com.mx\/","logo":{"@type":"ImageObject","inLanguage":"es","@id":"https:\/\/fuentesfidedignas.com.mx\/#\/schema\/logo\/image\/","url":"https:\/\/fuentesfidedignas.com.mx\/wp-content\/uploads\/2021\/04\/logo-retina.png","contentUrl":"https:\/\/fuentesfidedignas.com.mx\/wp-content\/uploads\/2021\/04\/logo-retina.png","width":280,"height":51,"caption":"Fuentes Fidedignas"},"image":{"@id":"https:\/\/fuentesfidedignas.com.mx\/#\/schema\/logo\/image\/"},"sameAs":["https:\/\/www.facebook.com\/Fuentes-Fidedignas-368234489921644","https:\/\/x.com\/fidedignas"]},{"@type":"Person","@id":"https:\/\/fuentesfidedignas.com.mx\/#\/schema\/person\/232c3eaed652e7094e12aae0a6b55782","name":"Mario Martini","image":{"@type":"ImageObject","inLanguage":"es","@id":"https:\/\/secure.gravatar.com\/avatar\/d2b02de885e6e0bdb2ea54e643b38f4d78d849161c256fadb5c36fa89d5d781a?s=96&d=mm&r=g","url":"https:\/\/secure.gravatar.com\/avatar\/d2b02de885e6e0bdb2ea54e643b38f4d78d849161c256fadb5c36fa89d5d781a?s=96&d=mm&r=g","contentUrl":"https:\/\/secure.gravatar.com\/avatar\/d2b02de885e6e0bdb2ea54e643b38f4d78d849161c256fadb5c36fa89d5d781a?s=96&d=mm&r=g","caption":"Mario Martini"},"url":"https:\/\/fuentesfidedignas.com.mx\/index.php\/author\/mario-martini\/"}]}},"_links":{"self":[{"href":"https:\/\/fuentesfidedignas.com.mx\/index.php\/wp-json\/wp\/v2\/posts\/102383","targetHints":{"allow":["GET"]}}],"collection":[{"href":"https:\/\/fuentesfidedignas.com.mx\/index.php\/wp-json\/wp\/v2\/posts"}],"about":[{"href":"https:\/\/fuentesfidedignas.com.mx\/index.php\/wp-json\/wp\/v2\/types\/post"}],"author":[{"embeddable":true,"href":"https:\/\/fuentesfidedignas.com.mx\/index.php\/wp-json\/wp\/v2\/users\/132"}],"replies":[{"embeddable":true,"href":"https:\/\/fuentesfidedignas.com.mx\/index.php\/wp-json\/wp\/v2\/comments?post=102383"}],"version-history":[{"count":2,"href":"https:\/\/fuentesfidedignas.com.mx\/index.php\/wp-json\/wp\/v2\/posts\/102383\/revisions"}],"predecessor-version":[{"id":102386,"href":"https:\/\/fuentesfidedignas.com.mx\/index.php\/wp-json\/wp\/v2\/posts\/102383\/revisions\/102386"}],"wp:featuredmedia":[{"embeddable":true,"href":"https:\/\/fuentesfidedignas.com.mx\/index.php\/wp-json\/wp\/v2\/media\/102384"}],"wp:attachment":[{"href":"https:\/\/fuentesfidedignas.com.mx\/index.php\/wp-json\/wp\/v2\/media?parent=102383"}],"wp:term":[{"taxonomy":"category","embeddable":true,"href":"https:\/\/fuentesfidedignas.com.mx\/index.php\/wp-json\/wp\/v2\/categories?post=102383"},{"taxonomy":"post_tag","embeddable":true,"href":"https:\/\/fuentesfidedignas.com.mx\/index.php\/wp-json\/wp\/v2\/tags?post=102383"}],"curies":[{"name":"wp","href":"https:\/\/api.w.org\/{rel}","templated":true}]}}