{"id":102344,"date":"2025-02-22T14:10:16","date_gmt":"2025-02-22T21:10:16","guid":{"rendered":"https:\/\/fuentesfidedignas.com.mx\/?p=102344"},"modified":"2025-02-23T09:54:30","modified_gmt":"2025-02-23T16:54:30","slug":"el-papa-francisco-permanece-en-estado-critico-tras-sufrir-una-crisis-respiratoria","status":"publish","type":"post","link":"https:\/\/fuentesfidedignas.com.mx\/index.php\/2025\/02\/22\/el-papa-francisco-permanece-en-estado-critico-tras-sufrir-una-crisis-respiratoria\/","title":{"rendered":"El Papa Francisco permanece en estado \u201ccr\u00edtico\u201d tras sufrir una crisis respiratoria"},"content":{"rendered":"\n<p><em>Presenta trombocitopenia debido a una anemia que requiri\u00f3 transfusiones de sangre, seg\u00fan el \u00faltimo parte m\u00e9dico<\/em><\/p>\n\n\n\n<p>El&nbsp;<strong>papa Francisco<\/strong>, hospitalizado en el&nbsp;<strong>hospital Gemelli<\/strong>, permanece en estado \u201ccr\u00edtico\u201d tras sufrir este s\u00e1bado una crisis respiratoria por lo que se le tuvo que suministrar ox\u00edgeno.<\/p>\n\n\n\n<p>Presenta trombocitopenia debido a una anemia que requiri\u00f3 transfusiones de sangre, seg\u00fan el \u00faltimo parte m\u00e9dico.null<\/p>\n\n\n\n<figure class=\"wp-block-embed is-type-rich is-provider-twitter wp-block-embed-twitter\"><div class=\"wp-block-embed__wrapper\">\n<blockquote class=\"twitter-tweet\" data-width=\"550\" data-dnt=\"true\"><p lang=\"es\" dir=\"ltr\">El estado de salud del<br>papa Francisco sigue siendo cr\u00edtico por lo que no se encuentra fuera de peligro. El Vaticano inform\u00f3 que esta ma\u00f1ana tuvo una prolongada crisis respiratoria por lo que necesit\u00f3  la aplicaci\u00f3n de flujos altos y prolongados de \u00f3xigeno<\/p>&mdash; Valentina Alazraki (@valealazraki) <a href=\"https:\/\/twitter.com\/valealazraki\/status\/1893366735874498776?ref_src=twsrc%5Etfw\">February 22, 2025<\/a><\/blockquote><script async src=\"https:\/\/platform.twitter.com\/widgets.js\" charset=\"utf-8\"><\/script>\n<\/div><\/figure>\n","protected":false},"excerpt":{"rendered":"<p>Presenta trombocitopenia debido a una anemia que requiri\u00f3 transfusiones de sangre, seg\u00fan el \u00faltimo parte m\u00e9dico El&nbsp;papa Francisco, hospitalizado en el&nbsp;hospital Gemelli, permanece en estado \u201ccr\u00edtico\u201d tras sufrir este s\u00e1bado una crisis respiratoria por lo que se le tuvo que suministrar ox\u00edgeno. Presenta trombocitopenia debido a una anemia que requiri\u00f3 transfusiones de sangre, seg\u00fan el [&hellip;]<\/p>\n","protected":false},"author":47,"featured_media":102343,"comment_status":"closed","ping_status":"open","sticky":false,"template":"","format":"standard","meta":{"tdm_status":"","tdm_grid_status":"","footnotes":""},"categories":[1],"tags":[],"class_list":{"0":"post-102344","1":"post","2":"type-post","3":"status-publish","4":"format-standard","5":"has-post-thumbnail","7":"category-sin-categoria"},"yoast_head":"<!-- This site is optimized with the Yoast SEO plugin v27.4 - https:\/\/yoast.com\/product\/yoast-seo-wordpress\/ -->\n<title>El Papa Francisco permanece en estado \u201ccr\u00edtico\u201d tras sufrir una crisis respiratoria - Fuentes Fidedignas<\/title>\n<meta name=\"robots\" content=\"index, follow, max-snippet:-1, max-image-preview:large, max-video-preview:-1\" \/>\n<link rel=\"canonical\" href=\"https:\/\/fuentesfidedignas.com.mx\/index.php\/2025\/02\/22\/el-papa-francisco-permanece-en-estado-critico-tras-sufrir-una-crisis-respiratoria\/\" \/>\n<meta property=\"og:locale\" content=\"es_MX\" \/>\n<meta property=\"og:type\" content=\"article\" \/>\n<meta property=\"og:title\" content=\"El Papa Francisco permanece en estado \u201ccr\u00edtico\u201d tras sufrir una crisis respiratoria - Fuentes Fidedignas\" \/>\n<meta property=\"og:description\" content=\"Presenta trombocitopenia debido a una anemia que requiri\u00f3 transfusiones de sangre, seg\u00fan el \u00faltimo parte m\u00e9dico El&nbsp;papa Francisco, hospitalizado en el&nbsp;hospital Gemelli, permanece en estado \u201ccr\u00edtico\u201d tras sufrir este s\u00e1bado una crisis respiratoria por lo que se le tuvo que suministrar ox\u00edgeno. Presenta trombocitopenia debido a una anemia que requiri\u00f3 transfusiones de sangre, seg\u00fan el [&hellip;]\" \/>\n<meta property=\"og:url\" content=\"https:\/\/fuentesfidedignas.com.mx\/index.php\/2025\/02\/22\/el-papa-francisco-permanece-en-estado-critico-tras-sufrir-una-crisis-respiratoria\/\" \/>\n<meta property=\"og:site_name\" content=\"Fuentes Fidedignas\" \/>\n<meta property=\"article:publisher\" content=\"https:\/\/www.facebook.com\/Fuentes-Fidedignas-368234489921644\" \/>\n<meta property=\"article:published_time\" content=\"2025-02-22T21:10:16+00:00\" \/>\n<meta property=\"article:modified_time\" content=\"2025-02-23T16:54:30+00:00\" \/>\n<meta property=\"og:image\" content=\"https:\/\/fuentesfidedignas.com.mx\/wp-content\/uploads\/2025\/02\/img_9108-1.jpg\" \/>\n\t<meta property=\"og:image:width\" content=\"1536\" \/>\n\t<meta property=\"og:image:height\" content=\"1024\" \/>\n\t<meta property=\"og:image:type\" content=\"image\/jpeg\" \/>\n<meta name=\"author\" content=\"L\u00f3pez D\u00f3riga\" \/>\n<meta name=\"twitter:card\" content=\"summary_large_image\" \/>\n<meta name=\"twitter:creator\" content=\"@fidedignas\" \/>\n<meta name=\"twitter:site\" content=\"@fidedignas\" \/>\n<meta name=\"twitter:label1\" content=\"Escrito por\" \/>\n\t<meta name=\"twitter:data1\" content=\"L\u00f3pez D\u00f3riga\" \/>\n\t<meta name=\"twitter:label2\" content=\"Tiempo de lectura\" \/>\n\t<meta name=\"twitter:data2\" content=\"1 minuto\" \/>\n<script type=\"application\/ld+json\" class=\"yoast-schema-graph\">{\"@context\":\"https:\\\/\\\/schema.org\",\"@graph\":[{\"@type\":\"Article\",\"@id\":\"https:\\\/\\\/fuentesfidedignas.com.mx\\\/index.php\\\/2025\\\/02\\\/22\\\/el-papa-francisco-permanece-en-estado-critico-tras-sufrir-una-crisis-respiratoria\\\/#article\",\"isPartOf\":{\"@id\":\"https:\\\/\\\/fuentesfidedignas.com.mx\\\/index.php\\\/2025\\\/02\\\/22\\\/el-papa-francisco-permanece-en-estado-critico-tras-sufrir-una-crisis-respiratoria\\\/\"},\"author\":{\"name\":\"L\u00f3pez D\u00f3riga\",\"@id\":\"https:\\\/\\\/fuentesfidedignas.com.mx\\\/#\\\/schema\\\/person\\\/67d852f0557c8509146a4b9ddebd543a\"},\"headline\":\"El Papa Francisco permanece en estado \u201ccr\u00edtico\u201d tras sufrir una crisis respiratoria\",\"datePublished\":\"2025-02-22T21:10:16+00:00\",\"dateModified\":\"2025-02-23T16:54:30+00:00\",\"mainEntityOfPage\":{\"@id\":\"https:\\\/\\\/fuentesfidedignas.com.mx\\\/index.php\\\/2025\\\/02\\\/22\\\/el-papa-francisco-permanece-en-estado-critico-tras-sufrir-una-crisis-respiratoria\\\/\"},\"wordCount\":89,\"publisher\":{\"@id\":\"https:\\\/\\\/fuentesfidedignas.com.mx\\\/#organization\"},\"image\":{\"@id\":\"https:\\\/\\\/fuentesfidedignas.com.mx\\\/index.php\\\/2025\\\/02\\\/22\\\/el-papa-francisco-permanece-en-estado-critico-tras-sufrir-una-crisis-respiratoria\\\/#primaryimage\"},\"thumbnailUrl\":\"https:\\\/\\\/fuentesfidedignas.com.mx\\\/wp-content\\\/uploads\\\/2025\\\/02\\\/img_9108-1.jpg\",\"inLanguage\":\"es\"},{\"@type\":\"WebPage\",\"@id\":\"https:\\\/\\\/fuentesfidedignas.com.mx\\\/index.php\\\/2025\\\/02\\\/22\\\/el-papa-francisco-permanece-en-estado-critico-tras-sufrir-una-crisis-respiratoria\\\/\",\"url\":\"https:\\\/\\\/fuentesfidedignas.com.mx\\\/index.php\\\/2025\\\/02\\\/22\\\/el-papa-francisco-permanece-en-estado-critico-tras-sufrir-una-crisis-respiratoria\\\/\",\"name\":\"El Papa Francisco permanece en estado \u201ccr\u00edtico\u201d tras sufrir una crisis respiratoria - Fuentes Fidedignas\",\"isPartOf\":{\"@id\":\"https:\\\/\\\/fuentesfidedignas.com.mx\\\/#website\"},\"primaryImageOfPage\":{\"@id\":\"https:\\\/\\\/fuentesfidedignas.com.mx\\\/index.php\\\/2025\\\/02\\\/22\\\/el-papa-francisco-permanece-en-estado-critico-tras-sufrir-una-crisis-respiratoria\\\/#primaryimage\"},\"image\":{\"@id\":\"https:\\\/\\\/fuentesfidedignas.com.mx\\\/index.php\\\/2025\\\/02\\\/22\\\/el-papa-francisco-permanece-en-estado-critico-tras-sufrir-una-crisis-respiratoria\\\/#primaryimage\"},\"thumbnailUrl\":\"https:\\\/\\\/fuentesfidedignas.com.mx\\\/wp-content\\\/uploads\\\/2025\\\/02\\\/img_9108-1.jpg\",\"datePublished\":\"2025-02-22T21:10:16+00:00\",\"dateModified\":\"2025-02-23T16:54:30+00:00\",\"breadcrumb\":{\"@id\":\"https:\\\/\\\/fuentesfidedignas.com.mx\\\/index.php\\\/2025\\\/02\\\/22\\\/el-papa-francisco-permanece-en-estado-critico-tras-sufrir-una-crisis-respiratoria\\\/#breadcrumb\"},\"inLanguage\":\"es\",\"potentialAction\":[{\"@type\":\"ReadAction\",\"target\":[\"https:\\\/\\\/fuentesfidedignas.com.mx\\\/index.php\\\/2025\\\/02\\\/22\\\/el-papa-francisco-permanece-en-estado-critico-tras-sufrir-una-crisis-respiratoria\\\/\"]}]},{\"@type\":\"ImageObject\",\"inLanguage\":\"es\",\"@id\":\"https:\\\/\\\/fuentesfidedignas.com.mx\\\/index.php\\\/2025\\\/02\\\/22\\\/el-papa-francisco-permanece-en-estado-critico-tras-sufrir-una-crisis-respiratoria\\\/#primaryimage\",\"url\":\"https:\\\/\\\/fuentesfidedignas.com.mx\\\/wp-content\\\/uploads\\\/2025\\\/02\\\/img_9108-1.jpg\",\"contentUrl\":\"https:\\\/\\\/fuentesfidedignas.com.mx\\\/wp-content\\\/uploads\\\/2025\\\/02\\\/img_9108-1.jpg\",\"width\":1536,\"height\":1024},{\"@type\":\"BreadcrumbList\",\"@id\":\"https:\\\/\\\/fuentesfidedignas.com.mx\\\/index.php\\\/2025\\\/02\\\/22\\\/el-papa-francisco-permanece-en-estado-critico-tras-sufrir-una-crisis-respiratoria\\\/#breadcrumb\",\"itemListElement\":[{\"@type\":\"ListItem\",\"position\":1,\"name\":\"Inicio\",\"item\":\"https:\\\/\\\/fuentesfidedignas.com.mx\\\/\"},{\"@type\":\"ListItem\",\"position\":2,\"name\":\"El Papa Francisco permanece en estado \u201ccr\u00edtico\u201d tras sufrir una crisis respiratoria\"}]},{\"@type\":\"WebSite\",\"@id\":\"https:\\\/\\\/fuentesfidedignas.com.mx\\\/#website\",\"url\":\"https:\\\/\\\/fuentesfidedignas.com.mx\\\/\",\"name\":\"Fuentes Fidedignas\",\"description\":\"Otro sitio realizado con WordPress\",\"publisher\":{\"@id\":\"https:\\\/\\\/fuentesfidedignas.com.mx\\\/#organization\"},\"potentialAction\":[{\"@type\":\"SearchAction\",\"target\":{\"@type\":\"EntryPoint\",\"urlTemplate\":\"https:\\\/\\\/fuentesfidedignas.com.mx\\\/?s={search_term_string}\"},\"query-input\":{\"@type\":\"PropertyValueSpecification\",\"valueRequired\":true,\"valueName\":\"search_term_string\"}}],\"inLanguage\":\"es\"},{\"@type\":\"Organization\",\"@id\":\"https:\\\/\\\/fuentesfidedignas.com.mx\\\/#organization\",\"name\":\"Fuentes Fidedignas\",\"url\":\"https:\\\/\\\/fuentesfidedignas.com.mx\\\/\",\"logo\":{\"@type\":\"ImageObject\",\"inLanguage\":\"es\",\"@id\":\"https:\\\/\\\/fuentesfidedignas.com.mx\\\/#\\\/schema\\\/logo\\\/image\\\/\",\"url\":\"https:\\\/\\\/fuentesfidedignas.com.mx\\\/wp-content\\\/uploads\\\/2021\\\/04\\\/logo-retina.png\",\"contentUrl\":\"https:\\\/\\\/fuentesfidedignas.com.mx\\\/wp-content\\\/uploads\\\/2021\\\/04\\\/logo-retina.png\",\"width\":280,\"height\":51,\"caption\":\"Fuentes Fidedignas\"},\"image\":{\"@id\":\"https:\\\/\\\/fuentesfidedignas.com.mx\\\/#\\\/schema\\\/logo\\\/image\\\/\"},\"sameAs\":[\"https:\\\/\\\/www.facebook.com\\\/Fuentes-Fidedignas-368234489921644\",\"https:\\\/\\\/x.com\\\/fidedignas\"]},{\"@type\":\"Person\",\"@id\":\"https:\\\/\\\/fuentesfidedignas.com.mx\\\/#\\\/schema\\\/person\\\/67d852f0557c8509146a4b9ddebd543a\",\"name\":\"L\u00f3pez D\u00f3riga\",\"image\":{\"@type\":\"ImageObject\",\"inLanguage\":\"es\",\"@id\":\"https:\\\/\\\/secure.gravatar.com\\\/avatar\\\/e525b06574ca18b33cded59dfe5778d6c823b9513154eff47da551b0551bdd1e?s=96&d=mm&r=g\",\"url\":\"https:\\\/\\\/secure.gravatar.com\\\/avatar\\\/e525b06574ca18b33cded59dfe5778d6c823b9513154eff47da551b0551bdd1e?s=96&d=mm&r=g\",\"contentUrl\":\"https:\\\/\\\/secure.gravatar.com\\\/avatar\\\/e525b06574ca18b33cded59dfe5778d6c823b9513154eff47da551b0551bdd1e?s=96&d=mm&r=g\",\"caption\":\"L\u00f3pez D\u00f3riga\"},\"url\":\"https:\\\/\\\/fuentesfidedignas.com.mx\\\/index.php\\\/author\\\/doriga\\\/\"}]}<\/script>\n<!-- \/ Yoast SEO plugin. -->","yoast_head_json":{"title":"El Papa Francisco permanece en estado \u201ccr\u00edtico\u201d tras sufrir una crisis respiratoria - Fuentes Fidedignas","robots":{"index":"index","follow":"follow","max-snippet":"max-snippet:-1","max-image-preview":"max-image-preview:large","max-video-preview":"max-video-preview:-1"},"canonical":"https:\/\/fuentesfidedignas.com.mx\/index.php\/2025\/02\/22\/el-papa-francisco-permanece-en-estado-critico-tras-sufrir-una-crisis-respiratoria\/","og_locale":"es_MX","og_type":"article","og_title":"El Papa Francisco permanece en estado \u201ccr\u00edtico\u201d tras sufrir una crisis respiratoria - Fuentes Fidedignas","og_description":"Presenta trombocitopenia debido a una anemia que requiri\u00f3 transfusiones de sangre, seg\u00fan el \u00faltimo parte m\u00e9dico El&nbsp;papa Francisco, hospitalizado en el&nbsp;hospital Gemelli, permanece en estado \u201ccr\u00edtico\u201d tras sufrir este s\u00e1bado una crisis respiratoria por lo que se le tuvo que suministrar ox\u00edgeno. Presenta trombocitopenia debido a una anemia que requiri\u00f3 transfusiones de sangre, seg\u00fan el [&hellip;]","og_url":"https:\/\/fuentesfidedignas.com.mx\/index.php\/2025\/02\/22\/el-papa-francisco-permanece-en-estado-critico-tras-sufrir-una-crisis-respiratoria\/","og_site_name":"Fuentes Fidedignas","article_publisher":"https:\/\/www.facebook.com\/Fuentes-Fidedignas-368234489921644","article_published_time":"2025-02-22T21:10:16+00:00","article_modified_time":"2025-02-23T16:54:30+00:00","og_image":[{"width":1536,"height":1024,"url":"https:\/\/fuentesfidedignas.com.mx\/wp-content\/uploads\/2025\/02\/img_9108-1.jpg","type":"image\/jpeg"}],"author":"L\u00f3pez D\u00f3riga","twitter_card":"summary_large_image","twitter_creator":"@fidedignas","twitter_site":"@fidedignas","twitter_misc":{"Escrito por":"L\u00f3pez D\u00f3riga","Tiempo de lectura":"1 minuto"},"schema":{"@context":"https:\/\/schema.org","@graph":[{"@type":"Article","@id":"https:\/\/fuentesfidedignas.com.mx\/index.php\/2025\/02\/22\/el-papa-francisco-permanece-en-estado-critico-tras-sufrir-una-crisis-respiratoria\/#article","isPartOf":{"@id":"https:\/\/fuentesfidedignas.com.mx\/index.php\/2025\/02\/22\/el-papa-francisco-permanece-en-estado-critico-tras-sufrir-una-crisis-respiratoria\/"},"author":{"name":"L\u00f3pez D\u00f3riga","@id":"https:\/\/fuentesfidedignas.com.mx\/#\/schema\/person\/67d852f0557c8509146a4b9ddebd543a"},"headline":"El Papa Francisco permanece en estado \u201ccr\u00edtico\u201d tras sufrir una crisis respiratoria","datePublished":"2025-02-22T21:10:16+00:00","dateModified":"2025-02-23T16:54:30+00:00","mainEntityOfPage":{"@id":"https:\/\/fuentesfidedignas.com.mx\/index.php\/2025\/02\/22\/el-papa-francisco-permanece-en-estado-critico-tras-sufrir-una-crisis-respiratoria\/"},"wordCount":89,"publisher":{"@id":"https:\/\/fuentesfidedignas.com.mx\/#organization"},"image":{"@id":"https:\/\/fuentesfidedignas.com.mx\/index.php\/2025\/02\/22\/el-papa-francisco-permanece-en-estado-critico-tras-sufrir-una-crisis-respiratoria\/#primaryimage"},"thumbnailUrl":"https:\/\/fuentesfidedignas.com.mx\/wp-content\/uploads\/2025\/02\/img_9108-1.jpg","inLanguage":"es"},{"@type":"WebPage","@id":"https:\/\/fuentesfidedignas.com.mx\/index.php\/2025\/02\/22\/el-papa-francisco-permanece-en-estado-critico-tras-sufrir-una-crisis-respiratoria\/","url":"https:\/\/fuentesfidedignas.com.mx\/index.php\/2025\/02\/22\/el-papa-francisco-permanece-en-estado-critico-tras-sufrir-una-crisis-respiratoria\/","name":"El Papa Francisco permanece en estado \u201ccr\u00edtico\u201d tras sufrir una crisis respiratoria - Fuentes Fidedignas","isPartOf":{"@id":"https:\/\/fuentesfidedignas.com.mx\/#website"},"primaryImageOfPage":{"@id":"https:\/\/fuentesfidedignas.com.mx\/index.php\/2025\/02\/22\/el-papa-francisco-permanece-en-estado-critico-tras-sufrir-una-crisis-respiratoria\/#primaryimage"},"image":{"@id":"https:\/\/fuentesfidedignas.com.mx\/index.php\/2025\/02\/22\/el-papa-francisco-permanece-en-estado-critico-tras-sufrir-una-crisis-respiratoria\/#primaryimage"},"thumbnailUrl":"https:\/\/fuentesfidedignas.com.mx\/wp-content\/uploads\/2025\/02\/img_9108-1.jpg","datePublished":"2025-02-22T21:10:16+00:00","dateModified":"2025-02-23T16:54:30+00:00","breadcrumb":{"@id":"https:\/\/fuentesfidedignas.com.mx\/index.php\/2025\/02\/22\/el-papa-francisco-permanece-en-estado-critico-tras-sufrir-una-crisis-respiratoria\/#breadcrumb"},"inLanguage":"es","potentialAction":[{"@type":"ReadAction","target":["https:\/\/fuentesfidedignas.com.mx\/index.php\/2025\/02\/22\/el-papa-francisco-permanece-en-estado-critico-tras-sufrir-una-crisis-respiratoria\/"]}]},{"@type":"ImageObject","inLanguage":"es","@id":"https:\/\/fuentesfidedignas.com.mx\/index.php\/2025\/02\/22\/el-papa-francisco-permanece-en-estado-critico-tras-sufrir-una-crisis-respiratoria\/#primaryimage","url":"https:\/\/fuentesfidedignas.com.mx\/wp-content\/uploads\/2025\/02\/img_9108-1.jpg","contentUrl":"https:\/\/fuentesfidedignas.com.mx\/wp-content\/uploads\/2025\/02\/img_9108-1.jpg","width":1536,"height":1024},{"@type":"BreadcrumbList","@id":"https:\/\/fuentesfidedignas.com.mx\/index.php\/2025\/02\/22\/el-papa-francisco-permanece-en-estado-critico-tras-sufrir-una-crisis-respiratoria\/#breadcrumb","itemListElement":[{"@type":"ListItem","position":1,"name":"Inicio","item":"https:\/\/fuentesfidedignas.com.mx\/"},{"@type":"ListItem","position":2,"name":"El Papa Francisco permanece en estado \u201ccr\u00edtico\u201d tras sufrir una crisis respiratoria"}]},{"@type":"WebSite","@id":"https:\/\/fuentesfidedignas.com.mx\/#website","url":"https:\/\/fuentesfidedignas.com.mx\/","name":"Fuentes Fidedignas","description":"Otro sitio realizado con WordPress","publisher":{"@id":"https:\/\/fuentesfidedignas.com.mx\/#organization"},"potentialAction":[{"@type":"SearchAction","target":{"@type":"EntryPoint","urlTemplate":"https:\/\/fuentesfidedignas.com.mx\/?s={search_term_string}"},"query-input":{"@type":"PropertyValueSpecification","valueRequired":true,"valueName":"search_term_string"}}],"inLanguage":"es"},{"@type":"Organization","@id":"https:\/\/fuentesfidedignas.com.mx\/#organization","name":"Fuentes Fidedignas","url":"https:\/\/fuentesfidedignas.com.mx\/","logo":{"@type":"ImageObject","inLanguage":"es","@id":"https:\/\/fuentesfidedignas.com.mx\/#\/schema\/logo\/image\/","url":"https:\/\/fuentesfidedignas.com.mx\/wp-content\/uploads\/2021\/04\/logo-retina.png","contentUrl":"https:\/\/fuentesfidedignas.com.mx\/wp-content\/uploads\/2021\/04\/logo-retina.png","width":280,"height":51,"caption":"Fuentes Fidedignas"},"image":{"@id":"https:\/\/fuentesfidedignas.com.mx\/#\/schema\/logo\/image\/"},"sameAs":["https:\/\/www.facebook.com\/Fuentes-Fidedignas-368234489921644","https:\/\/x.com\/fidedignas"]},{"@type":"Person","@id":"https:\/\/fuentesfidedignas.com.mx\/#\/schema\/person\/67d852f0557c8509146a4b9ddebd543a","name":"L\u00f3pez D\u00f3riga","image":{"@type":"ImageObject","inLanguage":"es","@id":"https:\/\/secure.gravatar.com\/avatar\/e525b06574ca18b33cded59dfe5778d6c823b9513154eff47da551b0551bdd1e?s=96&d=mm&r=g","url":"https:\/\/secure.gravatar.com\/avatar\/e525b06574ca18b33cded59dfe5778d6c823b9513154eff47da551b0551bdd1e?s=96&d=mm&r=g","contentUrl":"https:\/\/secure.gravatar.com\/avatar\/e525b06574ca18b33cded59dfe5778d6c823b9513154eff47da551b0551bdd1e?s=96&d=mm&r=g","caption":"L\u00f3pez D\u00f3riga"},"url":"https:\/\/fuentesfidedignas.com.mx\/index.php\/author\/doriga\/"}]}},"_links":{"self":[{"href":"https:\/\/fuentesfidedignas.com.mx\/index.php\/wp-json\/wp\/v2\/posts\/102344","targetHints":{"allow":["GET"]}}],"collection":[{"href":"https:\/\/fuentesfidedignas.com.mx\/index.php\/wp-json\/wp\/v2\/posts"}],"about":[{"href":"https:\/\/fuentesfidedignas.com.mx\/index.php\/wp-json\/wp\/v2\/types\/post"}],"author":[{"embeddable":true,"href":"https:\/\/fuentesfidedignas.com.mx\/index.php\/wp-json\/wp\/v2\/users\/47"}],"replies":[{"embeddable":true,"href":"https:\/\/fuentesfidedignas.com.mx\/index.php\/wp-json\/wp\/v2\/comments?post=102344"}],"version-history":[{"count":2,"href":"https:\/\/fuentesfidedignas.com.mx\/index.php\/wp-json\/wp\/v2\/posts\/102344\/revisions"}],"predecessor-version":[{"id":102346,"href":"https:\/\/fuentesfidedignas.com.mx\/index.php\/wp-json\/wp\/v2\/posts\/102344\/revisions\/102346"}],"wp:featuredmedia":[{"embeddable":true,"href":"https:\/\/fuentesfidedignas.com.mx\/index.php\/wp-json\/wp\/v2\/media\/102343"}],"wp:attachment":[{"href":"https:\/\/fuentesfidedignas.com.mx\/index.php\/wp-json\/wp\/v2\/media?parent=102344"}],"wp:term":[{"taxonomy":"category","embeddable":true,"href":"https:\/\/fuentesfidedignas.com.mx\/index.php\/wp-json\/wp\/v2\/categories?post=102344"},{"taxonomy":"post_tag","embeddable":true,"href":"https:\/\/fuentesfidedignas.com.mx\/index.php\/wp-json\/wp\/v2\/tags?post=102344"}],"curies":[{"name":"wp","href":"https:\/\/api.w.org\/{rel}","templated":true}]}}