{"id":102295,"date":"2025-02-21T17:17:06","date_gmt":"2025-02-22T00:17:06","guid":{"rendered":"https:\/\/fuentesfidedignas.com.mx\/?p=102295"},"modified":"2025-02-22T14:11:39","modified_gmt":"2025-02-22T21:11:39","slug":"papa-francisco-no-esta-fuera-de-peligro-dice-su-medico","status":"publish","type":"post","link":"https:\/\/fuentesfidedignas.com.mx\/index.php\/2025\/02\/21\/papa-francisco-no-esta-fuera-de-peligro-dice-su-medico\/","title":{"rendered":"Papa Francisco \u201cno est\u00e1 fuera de peligro\u201d, dice su m\u00e9dico"},"content":{"rendered":"\n<p><strong><em>Papa Francisco permanecer\u00e1 una semana m\u00e1s hospitalizado.<\/em><\/strong><\/p>\n\n\n\n<p>El Papa Francisco, hospitalizado desde hace una semana por una neumon\u00eda en ambos pulmones, no est\u00e1 \u201cfuera de peligro\u201d y deber\u00e1 permanecer ingresado \u201cal menos, toda la pr\u00f3xima semana\u201c, aunque no est\u00e1 conectado a ninguna m\u00e1quina y hace bromas, informaron sus m\u00e9dicos este viernes.<\/p>\n\n\n\n<p>\u201cEl Papa no est\u00e1 fuera de peligro\u201c, respondi\u00f3 el doctor Sergio Alfieri, en una rueda de prensa en el hospital Gemelli, donde el Pont\u00edfice de 88 a\u00f1os est\u00e1 ingresado desde el viernes pasado. Por eso se aconseja, \u201cpor prudencia\u201c, mantenerlo hospitalizado, \u201cal menos, toda la pr\u00f3xima semana\u201c, a\u00f1adi\u00f3.<\/p>\n\n\n\n<p><strong>Papa Francisco contin\u00faa con sus actividades; m\u00e9dicos le insisten en \u201cbajar el ritmo\u201d<\/strong><br>La hospitalizaci\u00f3n del jefe de la Iglesia cat\u00f3lica, la cuarta desde 2021, ha atizado las conjeturas sobre su futuro, aunque los m\u00e9dicos aseguraron este viernes que est\u00e1 bromeando y no est\u00e1 conectado a ninguna m\u00e1quina.<\/p>\n\n\n\n<p>El Vaticano inform\u00f3 que el jesuita argentino hab\u00eda pasado otra noche sin incidentes y que en la ma\u00f1ana \u201cse levant\u00f3 y desayun\u00f3\u201c. El Papa recibe estos d\u00edas a sus colaboradores m\u00e1s cercanos, lee, firma documentos y hace llamadas telef\u00f3nicas, indic\u00f3 la Santa Sede.<\/p>\n\n\n\n<p>\u201cSi lo enviamos a Santa Marta [la residencia del Papa en el Vaticano] volver\u00e1 a trabajar como antes\u201c, argument\u00f3 el m\u00e9dico Alfieri. Los doctores le han insistido que debe bajar el ritmo<\/p>\n\n\n\n<p>Jorge Bergoglio ingres\u00f3 en el hospital el viernes pasado debido a una neumon\u00eda bilateral, una infecci\u00f3n del tejido pulmonar potencialmente mortal. Pero en los \u00faltimos d\u00edas, el Vaticano inform\u00f3 que su estado de salud hab\u00eda mejorado.<\/p>\n\n\n\n<p><strong>Atenci\u00f3n en la salud del Papa<\/strong><br>\u201cEl estado cl\u00ednico del Santo Padre mejor\u00f3 ligeramente. Est\u00e1 apir\u00e9tico [sin fiebre] y sus par\u00e1metros hemodin\u00e1micos [circulaci\u00f3n sangu\u00ednea] siguen estables\u201d, indic\u00f3 la Santa Sede en su parte m\u00e9dico del jueves por la noche.<\/p>\n","protected":false},"excerpt":{"rendered":"<p>Papa Francisco permanecer\u00e1 una semana m\u00e1s hospitalizado. El Papa Francisco, hospitalizado desde hace una semana por una neumon\u00eda en ambos pulmones, no est\u00e1 \u201cfuera de peligro\u201d y deber\u00e1 permanecer ingresado \u201cal menos, toda la pr\u00f3xima semana\u201c, aunque no est\u00e1 conectado a ninguna m\u00e1quina y hace bromas, informaron sus m\u00e9dicos este viernes. \u201cEl Papa no est\u00e1 [&hellip;]<\/p>\n","protected":false},"author":12,"featured_media":102296,"comment_status":"open","ping_status":"open","sticky":false,"template":"","format":"standard","meta":{"tdm_status":"","tdm_grid_status":"","footnotes":""},"categories":[],"tags":[],"class_list":["post-102295","post","type-post","status-publish","format-standard","has-post-thumbnail"],"yoast_head":"<!-- This site is optimized with the Yoast SEO plugin v27.5 - https:\/\/yoast.com\/product\/yoast-seo-wordpress\/ -->\n<title>Papa Francisco \u201cno est\u00e1 fuera de peligro\u201d, dice su m\u00e9dico - Fuentes Fidedignas<\/title>\n<meta name=\"robots\" content=\"index, follow, max-snippet:-1, max-image-preview:large, max-video-preview:-1\" \/>\n<link rel=\"canonical\" href=\"https:\/\/fuentesfidedignas.com.mx\/index.php\/2025\/02\/21\/papa-francisco-no-esta-fuera-de-peligro-dice-su-medico\/\" \/>\n<meta property=\"og:locale\" content=\"es_MX\" \/>\n<meta property=\"og:type\" content=\"article\" \/>\n<meta property=\"og:title\" content=\"Papa Francisco \u201cno est\u00e1 fuera de peligro\u201d, dice su m\u00e9dico - Fuentes Fidedignas\" \/>\n<meta property=\"og:description\" content=\"Papa Francisco permanecer\u00e1 una semana m\u00e1s hospitalizado. El Papa Francisco, hospitalizado desde hace una semana por una neumon\u00eda en ambos pulmones, no est\u00e1 \u201cfuera de peligro\u201d y deber\u00e1 permanecer ingresado \u201cal menos, toda la pr\u00f3xima semana\u201c, aunque no est\u00e1 conectado a ninguna m\u00e1quina y hace bromas, informaron sus m\u00e9dicos este viernes. \u201cEl Papa no est\u00e1 [&hellip;]\" \/>\n<meta property=\"og:url\" content=\"https:\/\/fuentesfidedignas.com.mx\/index.php\/2025\/02\/21\/papa-francisco-no-esta-fuera-de-peligro-dice-su-medico\/\" \/>\n<meta property=\"og:site_name\" content=\"Fuentes Fidedignas\" \/>\n<meta property=\"article:publisher\" content=\"https:\/\/www.facebook.com\/Fuentes-Fidedignas-368234489921644\" \/>\n<meta property=\"article:published_time\" content=\"2025-02-22T00:17:06+00:00\" \/>\n<meta property=\"article:modified_time\" content=\"2025-02-22T21:11:39+00:00\" \/>\n<meta property=\"og:image\" content=\"https:\/\/fuentesfidedignas.com.mx\/wp-content\/uploads\/2025\/02\/medico_papa.jpg\" \/>\n\t<meta property=\"og:image:width\" content=\"600\" \/>\n\t<meta property=\"og:image:height\" content=\"334\" \/>\n\t<meta property=\"og:image:type\" content=\"image\/jpeg\" \/>\n<meta name=\"author\" content=\"AFP\" \/>\n<meta name=\"twitter:card\" content=\"summary_large_image\" \/>\n<meta name=\"twitter:creator\" content=\"@fidedignas\" \/>\n<meta name=\"twitter:site\" content=\"@fidedignas\" \/>\n<meta name=\"twitter:label1\" content=\"Escrito por\" \/>\n\t<meta name=\"twitter:data1\" content=\"AFP\" \/>\n\t<meta name=\"twitter:label2\" content=\"Tiempo de lectura\" \/>\n\t<meta name=\"twitter:data2\" content=\"2 minutos\" \/>\n<script type=\"application\/ld+json\" class=\"yoast-schema-graph\">{\"@context\":\"https:\\\/\\\/schema.org\",\"@graph\":[{\"@type\":\"Article\",\"@id\":\"https:\\\/\\\/fuentesfidedignas.com.mx\\\/index.php\\\/2025\\\/02\\\/21\\\/papa-francisco-no-esta-fuera-de-peligro-dice-su-medico\\\/#article\",\"isPartOf\":{\"@id\":\"https:\\\/\\\/fuentesfidedignas.com.mx\\\/index.php\\\/2025\\\/02\\\/21\\\/papa-francisco-no-esta-fuera-de-peligro-dice-su-medico\\\/\"},\"author\":{\"name\":\"AFP\",\"@id\":\"https:\\\/\\\/fuentesfidedignas.com.mx\\\/#\\\/schema\\\/person\\\/1827b38c6cf89e1d6cc7d78ca3fae732\"},\"headline\":\"Papa Francisco \u201cno est\u00e1 fuera de peligro\u201d, dice su m\u00e9dico\",\"datePublished\":\"2025-02-22T00:17:06+00:00\",\"dateModified\":\"2025-02-22T21:11:39+00:00\",\"mainEntityOfPage\":{\"@id\":\"https:\\\/\\\/fuentesfidedignas.com.mx\\\/index.php\\\/2025\\\/02\\\/21\\\/papa-francisco-no-esta-fuera-de-peligro-dice-su-medico\\\/\"},\"wordCount\":339,\"commentCount\":0,\"publisher\":{\"@id\":\"https:\\\/\\\/fuentesfidedignas.com.mx\\\/#organization\"},\"image\":{\"@id\":\"https:\\\/\\\/fuentesfidedignas.com.mx\\\/index.php\\\/2025\\\/02\\\/21\\\/papa-francisco-no-esta-fuera-de-peligro-dice-su-medico\\\/#primaryimage\"},\"thumbnailUrl\":\"https:\\\/\\\/fuentesfidedignas.com.mx\\\/wp-content\\\/uploads\\\/2025\\\/02\\\/medico_papa.jpg\",\"inLanguage\":\"es\",\"potentialAction\":[{\"@type\":\"CommentAction\",\"name\":\"Comment\",\"target\":[\"https:\\\/\\\/fuentesfidedignas.com.mx\\\/index.php\\\/2025\\\/02\\\/21\\\/papa-francisco-no-esta-fuera-de-peligro-dice-su-medico\\\/#respond\"]}]},{\"@type\":\"WebPage\",\"@id\":\"https:\\\/\\\/fuentesfidedignas.com.mx\\\/index.php\\\/2025\\\/02\\\/21\\\/papa-francisco-no-esta-fuera-de-peligro-dice-su-medico\\\/\",\"url\":\"https:\\\/\\\/fuentesfidedignas.com.mx\\\/index.php\\\/2025\\\/02\\\/21\\\/papa-francisco-no-esta-fuera-de-peligro-dice-su-medico\\\/\",\"name\":\"Papa Francisco \u201cno est\u00e1 fuera de peligro\u201d, dice su m\u00e9dico - Fuentes Fidedignas\",\"isPartOf\":{\"@id\":\"https:\\\/\\\/fuentesfidedignas.com.mx\\\/#website\"},\"primaryImageOfPage\":{\"@id\":\"https:\\\/\\\/fuentesfidedignas.com.mx\\\/index.php\\\/2025\\\/02\\\/21\\\/papa-francisco-no-esta-fuera-de-peligro-dice-su-medico\\\/#primaryimage\"},\"image\":{\"@id\":\"https:\\\/\\\/fuentesfidedignas.com.mx\\\/index.php\\\/2025\\\/02\\\/21\\\/papa-francisco-no-esta-fuera-de-peligro-dice-su-medico\\\/#primaryimage\"},\"thumbnailUrl\":\"https:\\\/\\\/fuentesfidedignas.com.mx\\\/wp-content\\\/uploads\\\/2025\\\/02\\\/medico_papa.jpg\",\"datePublished\":\"2025-02-22T00:17:06+00:00\",\"dateModified\":\"2025-02-22T21:11:39+00:00\",\"breadcrumb\":{\"@id\":\"https:\\\/\\\/fuentesfidedignas.com.mx\\\/index.php\\\/2025\\\/02\\\/21\\\/papa-francisco-no-esta-fuera-de-peligro-dice-su-medico\\\/#breadcrumb\"},\"inLanguage\":\"es\",\"potentialAction\":[{\"@type\":\"ReadAction\",\"target\":[\"https:\\\/\\\/fuentesfidedignas.com.mx\\\/index.php\\\/2025\\\/02\\\/21\\\/papa-francisco-no-esta-fuera-de-peligro-dice-su-medico\\\/\"]}]},{\"@type\":\"ImageObject\",\"inLanguage\":\"es\",\"@id\":\"https:\\\/\\\/fuentesfidedignas.com.mx\\\/index.php\\\/2025\\\/02\\\/21\\\/papa-francisco-no-esta-fuera-de-peligro-dice-su-medico\\\/#primaryimage\",\"url\":\"https:\\\/\\\/fuentesfidedignas.com.mx\\\/wp-content\\\/uploads\\\/2025\\\/02\\\/medico_papa.jpg\",\"contentUrl\":\"https:\\\/\\\/fuentesfidedignas.com.mx\\\/wp-content\\\/uploads\\\/2025\\\/02\\\/medico_papa.jpg\",\"width\":600,\"height\":334},{\"@type\":\"BreadcrumbList\",\"@id\":\"https:\\\/\\\/fuentesfidedignas.com.mx\\\/index.php\\\/2025\\\/02\\\/21\\\/papa-francisco-no-esta-fuera-de-peligro-dice-su-medico\\\/#breadcrumb\",\"itemListElement\":[{\"@type\":\"ListItem\",\"position\":1,\"name\":\"Inicio\",\"item\":\"https:\\\/\\\/fuentesfidedignas.com.mx\\\/\"},{\"@type\":\"ListItem\",\"position\":2,\"name\":\"Papa Francisco \u201cno est\u00e1 fuera de peligro\u201d, dice su m\u00e9dico\"}]},{\"@type\":\"WebSite\",\"@id\":\"https:\\\/\\\/fuentesfidedignas.com.mx\\\/#website\",\"url\":\"https:\\\/\\\/fuentesfidedignas.com.mx\\\/\",\"name\":\"Fuentes Fidedignas\",\"description\":\"Otro sitio realizado con WordPress\",\"publisher\":{\"@id\":\"https:\\\/\\\/fuentesfidedignas.com.mx\\\/#organization\"},\"potentialAction\":[{\"@type\":\"SearchAction\",\"target\":{\"@type\":\"EntryPoint\",\"urlTemplate\":\"https:\\\/\\\/fuentesfidedignas.com.mx\\\/?s={search_term_string}\"},\"query-input\":{\"@type\":\"PropertyValueSpecification\",\"valueRequired\":true,\"valueName\":\"search_term_string\"}}],\"inLanguage\":\"es\"},{\"@type\":\"Organization\",\"@id\":\"https:\\\/\\\/fuentesfidedignas.com.mx\\\/#organization\",\"name\":\"Fuentes Fidedignas\",\"url\":\"https:\\\/\\\/fuentesfidedignas.com.mx\\\/\",\"logo\":{\"@type\":\"ImageObject\",\"inLanguage\":\"es\",\"@id\":\"https:\\\/\\\/fuentesfidedignas.com.mx\\\/#\\\/schema\\\/logo\\\/image\\\/\",\"url\":\"https:\\\/\\\/fuentesfidedignas.com.mx\\\/wp-content\\\/uploads\\\/2021\\\/04\\\/logo-retina.png\",\"contentUrl\":\"https:\\\/\\\/fuentesfidedignas.com.mx\\\/wp-content\\\/uploads\\\/2021\\\/04\\\/logo-retina.png\",\"width\":280,\"height\":51,\"caption\":\"Fuentes Fidedignas\"},\"image\":{\"@id\":\"https:\\\/\\\/fuentesfidedignas.com.mx\\\/#\\\/schema\\\/logo\\\/image\\\/\"},\"sameAs\":[\"https:\\\/\\\/www.facebook.com\\\/Fuentes-Fidedignas-368234489921644\",\"https:\\\/\\\/x.com\\\/fidedignas\"]},{\"@type\":\"Person\",\"@id\":\"https:\\\/\\\/fuentesfidedignas.com.mx\\\/#\\\/schema\\\/person\\\/1827b38c6cf89e1d6cc7d78ca3fae732\",\"name\":\"AFP\",\"image\":{\"@type\":\"ImageObject\",\"inLanguage\":\"es\",\"@id\":\"https:\\\/\\\/secure.gravatar.com\\\/avatar\\\/236827d2ee9bf15e1ea99e0c1cd1b467cffa55e324d177638d0f8de7950cbae6?s=96&d=mm&r=g\",\"url\":\"https:\\\/\\\/secure.gravatar.com\\\/avatar\\\/236827d2ee9bf15e1ea99e0c1cd1b467cffa55e324d177638d0f8de7950cbae6?s=96&d=mm&r=g\",\"contentUrl\":\"https:\\\/\\\/secure.gravatar.com\\\/avatar\\\/236827d2ee9bf15e1ea99e0c1cd1b467cffa55e324d177638d0f8de7950cbae6?s=96&d=mm&r=g\",\"caption\":\"AFP\"},\"url\":\"https:\\\/\\\/fuentesfidedignas.com.mx\\\/index.php\\\/author\\\/afp\\\/\"}]}<\/script>\n<!-- \/ Yoast SEO plugin. -->","yoast_head_json":{"title":"Papa Francisco \u201cno est\u00e1 fuera de peligro\u201d, dice su m\u00e9dico - Fuentes Fidedignas","robots":{"index":"index","follow":"follow","max-snippet":"max-snippet:-1","max-image-preview":"max-image-preview:large","max-video-preview":"max-video-preview:-1"},"canonical":"https:\/\/fuentesfidedignas.com.mx\/index.php\/2025\/02\/21\/papa-francisco-no-esta-fuera-de-peligro-dice-su-medico\/","og_locale":"es_MX","og_type":"article","og_title":"Papa Francisco \u201cno est\u00e1 fuera de peligro\u201d, dice su m\u00e9dico - Fuentes Fidedignas","og_description":"Papa Francisco permanecer\u00e1 una semana m\u00e1s hospitalizado. El Papa Francisco, hospitalizado desde hace una semana por una neumon\u00eda en ambos pulmones, no est\u00e1 \u201cfuera de peligro\u201d y deber\u00e1 permanecer ingresado \u201cal menos, toda la pr\u00f3xima semana\u201c, aunque no est\u00e1 conectado a ninguna m\u00e1quina y hace bromas, informaron sus m\u00e9dicos este viernes. \u201cEl Papa no est\u00e1 [&hellip;]","og_url":"https:\/\/fuentesfidedignas.com.mx\/index.php\/2025\/02\/21\/papa-francisco-no-esta-fuera-de-peligro-dice-su-medico\/","og_site_name":"Fuentes Fidedignas","article_publisher":"https:\/\/www.facebook.com\/Fuentes-Fidedignas-368234489921644","article_published_time":"2025-02-22T00:17:06+00:00","article_modified_time":"2025-02-22T21:11:39+00:00","og_image":[{"width":600,"height":334,"url":"https:\/\/fuentesfidedignas.com.mx\/wp-content\/uploads\/2025\/02\/medico_papa.jpg","type":"image\/jpeg"}],"author":"AFP","twitter_card":"summary_large_image","twitter_creator":"@fidedignas","twitter_site":"@fidedignas","twitter_misc":{"Escrito por":"AFP","Tiempo de lectura":"2 minutos"},"schema":{"@context":"https:\/\/schema.org","@graph":[{"@type":"Article","@id":"https:\/\/fuentesfidedignas.com.mx\/index.php\/2025\/02\/21\/papa-francisco-no-esta-fuera-de-peligro-dice-su-medico\/#article","isPartOf":{"@id":"https:\/\/fuentesfidedignas.com.mx\/index.php\/2025\/02\/21\/papa-francisco-no-esta-fuera-de-peligro-dice-su-medico\/"},"author":{"name":"AFP","@id":"https:\/\/fuentesfidedignas.com.mx\/#\/schema\/person\/1827b38c6cf89e1d6cc7d78ca3fae732"},"headline":"Papa Francisco \u201cno est\u00e1 fuera de peligro\u201d, dice su m\u00e9dico","datePublished":"2025-02-22T00:17:06+00:00","dateModified":"2025-02-22T21:11:39+00:00","mainEntityOfPage":{"@id":"https:\/\/fuentesfidedignas.com.mx\/index.php\/2025\/02\/21\/papa-francisco-no-esta-fuera-de-peligro-dice-su-medico\/"},"wordCount":339,"commentCount":0,"publisher":{"@id":"https:\/\/fuentesfidedignas.com.mx\/#organization"},"image":{"@id":"https:\/\/fuentesfidedignas.com.mx\/index.php\/2025\/02\/21\/papa-francisco-no-esta-fuera-de-peligro-dice-su-medico\/#primaryimage"},"thumbnailUrl":"https:\/\/fuentesfidedignas.com.mx\/wp-content\/uploads\/2025\/02\/medico_papa.jpg","inLanguage":"es","potentialAction":[{"@type":"CommentAction","name":"Comment","target":["https:\/\/fuentesfidedignas.com.mx\/index.php\/2025\/02\/21\/papa-francisco-no-esta-fuera-de-peligro-dice-su-medico\/#respond"]}]},{"@type":"WebPage","@id":"https:\/\/fuentesfidedignas.com.mx\/index.php\/2025\/02\/21\/papa-francisco-no-esta-fuera-de-peligro-dice-su-medico\/","url":"https:\/\/fuentesfidedignas.com.mx\/index.php\/2025\/02\/21\/papa-francisco-no-esta-fuera-de-peligro-dice-su-medico\/","name":"Papa Francisco \u201cno est\u00e1 fuera de peligro\u201d, dice su m\u00e9dico - Fuentes Fidedignas","isPartOf":{"@id":"https:\/\/fuentesfidedignas.com.mx\/#website"},"primaryImageOfPage":{"@id":"https:\/\/fuentesfidedignas.com.mx\/index.php\/2025\/02\/21\/papa-francisco-no-esta-fuera-de-peligro-dice-su-medico\/#primaryimage"},"image":{"@id":"https:\/\/fuentesfidedignas.com.mx\/index.php\/2025\/02\/21\/papa-francisco-no-esta-fuera-de-peligro-dice-su-medico\/#primaryimage"},"thumbnailUrl":"https:\/\/fuentesfidedignas.com.mx\/wp-content\/uploads\/2025\/02\/medico_papa.jpg","datePublished":"2025-02-22T00:17:06+00:00","dateModified":"2025-02-22T21:11:39+00:00","breadcrumb":{"@id":"https:\/\/fuentesfidedignas.com.mx\/index.php\/2025\/02\/21\/papa-francisco-no-esta-fuera-de-peligro-dice-su-medico\/#breadcrumb"},"inLanguage":"es","potentialAction":[{"@type":"ReadAction","target":["https:\/\/fuentesfidedignas.com.mx\/index.php\/2025\/02\/21\/papa-francisco-no-esta-fuera-de-peligro-dice-su-medico\/"]}]},{"@type":"ImageObject","inLanguage":"es","@id":"https:\/\/fuentesfidedignas.com.mx\/index.php\/2025\/02\/21\/papa-francisco-no-esta-fuera-de-peligro-dice-su-medico\/#primaryimage","url":"https:\/\/fuentesfidedignas.com.mx\/wp-content\/uploads\/2025\/02\/medico_papa.jpg","contentUrl":"https:\/\/fuentesfidedignas.com.mx\/wp-content\/uploads\/2025\/02\/medico_papa.jpg","width":600,"height":334},{"@type":"BreadcrumbList","@id":"https:\/\/fuentesfidedignas.com.mx\/index.php\/2025\/02\/21\/papa-francisco-no-esta-fuera-de-peligro-dice-su-medico\/#breadcrumb","itemListElement":[{"@type":"ListItem","position":1,"name":"Inicio","item":"https:\/\/fuentesfidedignas.com.mx\/"},{"@type":"ListItem","position":2,"name":"Papa Francisco \u201cno est\u00e1 fuera de peligro\u201d, dice su m\u00e9dico"}]},{"@type":"WebSite","@id":"https:\/\/fuentesfidedignas.com.mx\/#website","url":"https:\/\/fuentesfidedignas.com.mx\/","name":"Fuentes Fidedignas","description":"Otro sitio realizado con WordPress","publisher":{"@id":"https:\/\/fuentesfidedignas.com.mx\/#organization"},"potentialAction":[{"@type":"SearchAction","target":{"@type":"EntryPoint","urlTemplate":"https:\/\/fuentesfidedignas.com.mx\/?s={search_term_string}"},"query-input":{"@type":"PropertyValueSpecification","valueRequired":true,"valueName":"search_term_string"}}],"inLanguage":"es"},{"@type":"Organization","@id":"https:\/\/fuentesfidedignas.com.mx\/#organization","name":"Fuentes Fidedignas","url":"https:\/\/fuentesfidedignas.com.mx\/","logo":{"@type":"ImageObject","inLanguage":"es","@id":"https:\/\/fuentesfidedignas.com.mx\/#\/schema\/logo\/image\/","url":"https:\/\/fuentesfidedignas.com.mx\/wp-content\/uploads\/2021\/04\/logo-retina.png","contentUrl":"https:\/\/fuentesfidedignas.com.mx\/wp-content\/uploads\/2021\/04\/logo-retina.png","width":280,"height":51,"caption":"Fuentes Fidedignas"},"image":{"@id":"https:\/\/fuentesfidedignas.com.mx\/#\/schema\/logo\/image\/"},"sameAs":["https:\/\/www.facebook.com\/Fuentes-Fidedignas-368234489921644","https:\/\/x.com\/fidedignas"]},{"@type":"Person","@id":"https:\/\/fuentesfidedignas.com.mx\/#\/schema\/person\/1827b38c6cf89e1d6cc7d78ca3fae732","name":"AFP","image":{"@type":"ImageObject","inLanguage":"es","@id":"https:\/\/secure.gravatar.com\/avatar\/236827d2ee9bf15e1ea99e0c1cd1b467cffa55e324d177638d0f8de7950cbae6?s=96&d=mm&r=g","url":"https:\/\/secure.gravatar.com\/avatar\/236827d2ee9bf15e1ea99e0c1cd1b467cffa55e324d177638d0f8de7950cbae6?s=96&d=mm&r=g","contentUrl":"https:\/\/secure.gravatar.com\/avatar\/236827d2ee9bf15e1ea99e0c1cd1b467cffa55e324d177638d0f8de7950cbae6?s=96&d=mm&r=g","caption":"AFP"},"url":"https:\/\/fuentesfidedignas.com.mx\/index.php\/author\/afp\/"}]}},"_links":{"self":[{"href":"https:\/\/fuentesfidedignas.com.mx\/index.php\/wp-json\/wp\/v2\/posts\/102295","targetHints":{"allow":["GET"]}}],"collection":[{"href":"https:\/\/fuentesfidedignas.com.mx\/index.php\/wp-json\/wp\/v2\/posts"}],"about":[{"href":"https:\/\/fuentesfidedignas.com.mx\/index.php\/wp-json\/wp\/v2\/types\/post"}],"author":[{"embeddable":true,"href":"https:\/\/fuentesfidedignas.com.mx\/index.php\/wp-json\/wp\/v2\/users\/12"}],"replies":[{"embeddable":true,"href":"https:\/\/fuentesfidedignas.com.mx\/index.php\/wp-json\/wp\/v2\/comments?post=102295"}],"version-history":[{"count":1,"href":"https:\/\/fuentesfidedignas.com.mx\/index.php\/wp-json\/wp\/v2\/posts\/102295\/revisions"}],"predecessor-version":[{"id":102297,"href":"https:\/\/fuentesfidedignas.com.mx\/index.php\/wp-json\/wp\/v2\/posts\/102295\/revisions\/102297"}],"wp:featuredmedia":[{"embeddable":true,"href":"https:\/\/fuentesfidedignas.com.mx\/index.php\/wp-json\/wp\/v2\/media\/102296"}],"wp:attachment":[{"href":"https:\/\/fuentesfidedignas.com.mx\/index.php\/wp-json\/wp\/v2\/media?parent=102295"}],"wp:term":[{"taxonomy":"category","embeddable":true,"href":"https:\/\/fuentesfidedignas.com.mx\/index.php\/wp-json\/wp\/v2\/categories?post=102295"},{"taxonomy":"post_tag","embeddable":true,"href":"https:\/\/fuentesfidedignas.com.mx\/index.php\/wp-json\/wp\/v2\/tags?post=102295"}],"curies":[{"name":"wp","href":"https:\/\/api.w.org\/{rel}","templated":true}]}}