{"id":102259,"date":"2025-02-21T07:25:37","date_gmt":"2025-02-21T14:25:37","guid":{"rendered":"https:\/\/fuentesfidedignas.com.mx\/?p=102259"},"modified":"2025-02-21T07:27:50","modified_gmt":"2025-02-21T14:27:50","slug":"defensa-de-el-menchito-pide-sentencia-minima-crecio-en-un-ambiente-forjado-con-violencia","status":"publish","type":"post","link":"https:\/\/fuentesfidedignas.com.mx\/index.php\/2025\/02\/21\/defensa-de-el-menchito-pide-sentencia-minima-crecio-en-un-ambiente-forjado-con-violencia\/","title":{"rendered":"Defensa de &#8216;El Menchito&#8217; pide sentencia m\u00ednima: &#8220;creci\u00f3 en un ambiente forjado con violencia&#8221;"},"content":{"rendered":"\n<p><strong><em>Solicitaron que se le imponga solo 40 a\u00f1os de prisi\u00f3n y no las sentencias de por vida que solicit\u00f3 la fiscal\u00eda estadunidense.<\/em><\/strong><\/p>\n\n\n\n<p>Los abogados de Rub\u00e9n Oseguera Gonz\u00e1lez, El Menchito, han se\u00f1alado al poderoso l\u00edder del C\u00e1rtel Jalisco Nueva Generaci\u00f3n, y padre de su cliente, como el culpable de que se haya involucrado en actividades criminales desde que era un adolescente, por lo que han solicitado la sentencia m\u00ednima por tr\u00e1fico de coca\u00edna y metanfetamina y posesi\u00f3n de armas de fuego en su contra.&nbsp;<\/p>\n\n\n\n<p>Por tanto, solicitaron que se le impongan solo 40 a\u00f1os de prisi\u00f3n, la m\u00ednima, y no las sentencias de por vida que solicit\u00f3 la fiscal\u00eda estadunidense por haber traficado coca\u00edna y metanfetamina.<\/p>\n\n\n\n<p>\u201c\u00c9l creci\u00f3 en un ambiente inestable forjado con violencia y corrupci\u00f3n, un ambiente dominado por su padre, quien parece haber reclutado al se\u00f1or Oseguera para participar en la conspiraci\u00f3n a la edad de 14 a\u00f1os, cuando era solo un menor.&nbsp;<\/p>\n\n\n\n<p>&#8220;El se\u00f1or Oseguera es tan culpable como cualquiera que sea producto y v\u00edctima de un ambiente as\u00ed\u201d, aseguran los abogados del mexicano de 35 a\u00f1os, quien ser\u00e1 sentenciado este 7 de marzo.<\/p>\n\n\n\n<p>Adem\u00e1s, la defensa de El Menchito asegur\u00f3 que el caso fue fabricado por la fiscal\u00eda estadunidense hasta que fue detenido, pues ninguno de los testigos del gobierno lo hab\u00eda mencionado sino hasta que fue acusado en enero de 2016.&nbsp;<\/p>\n\n\n\n<p>\u201cEl caso contra el se\u00f1or Oseguera fue, en su mayor\u00eda, fabricado despu\u00e9s de que fue acusado.\u201d<\/p>\n\n\n\n<p>Tambi\u00e9n aseguran que los testimonios carecen de credibilidad e incluso a veces se contradec\u00edan. Y es que las personas que se\u00f1alaron al Menchito como traficante de drogas, uno de los l\u00edderes del CJNG y como una persona violenta, son narcotraficantes o criminales confesos, como \u00d3scar Nava Valencia, El Lobo y Elpidio Mojarro Ram\u00edrez, El Pilo, del C\u00e1rtel del Milenio y Mario Ram\u00edrez Trevi\u00f1o, X20, del C\u00e1rtel del Golfo.<\/p>\n\n\n\n<p>En su memor\u00e1ndum, la defensa tambi\u00e9n solicita a la jueza Beryl A. Howell que tome en cuenta que, durante su participaci\u00f3n en el c\u00e1rtel, Oseguera Gonz\u00e1lez era o un menor de edad o un ofensor joven, pero nunca un adulto, pues lo arrestaron a los 25 a\u00f1os en M\u00e9xico.&nbsp;<\/p>\n\n\n\n<p>Incluso solicit\u00f3 que no se le castigue de m\u00e1s por haber decidido ir a juicio y echarse para atr\u00e1s en el acuerdo de culpabilidad que ya hab\u00eda firmado meses antes de sentarse ante un gran jurado.<\/p>\n\n\n\n<p>El Menchito fue encontrado culpable de tr\u00e1fico de coca\u00edna y metanfetamina y posesi\u00f3n de armas de fuego en septiembre de 2024, y ahora la fiscal\u00eda estadunidense ha solicitado \u201csentencias consecutivas de por vida\u201d para evitar que Oseguera salga de prisi\u00f3n para volver a cometer delitos, adem\u00e1s de una multa de m\u00e1s de 12 mil millones de d\u00f3lares.<\/p>\n","protected":false},"excerpt":{"rendered":"<p>Solicitaron que se le imponga solo 40 a\u00f1os de prisi\u00f3n y no las sentencias de por vida que solicit\u00f3 la fiscal\u00eda estadunidense. Los abogados de Rub\u00e9n Oseguera Gonz\u00e1lez, El Menchito, han se\u00f1alado al poderoso l\u00edder del C\u00e1rtel Jalisco Nueva Generaci\u00f3n, y padre de su cliente, como el culpable de que se haya involucrado en actividades [&hellip;]<\/p>\n","protected":false},"author":9,"featured_media":101773,"comment_status":"open","ping_status":"open","sticky":false,"template":"","format":"standard","meta":{"tdm_status":"","tdm_grid_status":"","footnotes":""},"categories":[39],"tags":[],"class_list":{"0":"post-102259","1":"post","2":"type-post","3":"status-publish","4":"format-standard","5":"has-post-thumbnail","7":"category-noticias-nacionales"},"yoast_head":"<!-- This site is optimized with the Yoast SEO plugin v27.5 - https:\/\/yoast.com\/product\/yoast-seo-wordpress\/ -->\n<title>Defensa de &#039;El Menchito&#039; pide sentencia m\u00ednima: &quot;creci\u00f3 en un ambiente forjado con violencia&quot; - Fuentes Fidedignas<\/title>\n<meta name=\"robots\" content=\"index, follow, max-snippet:-1, max-image-preview:large, max-video-preview:-1\" \/>\n<link rel=\"canonical\" href=\"https:\/\/fuentesfidedignas.com.mx\/index.php\/2025\/02\/21\/defensa-de-el-menchito-pide-sentencia-minima-crecio-en-un-ambiente-forjado-con-violencia\/\" \/>\n<meta property=\"og:locale\" content=\"es_MX\" \/>\n<meta property=\"og:type\" content=\"article\" \/>\n<meta property=\"og:title\" content=\"Defensa de &#039;El Menchito&#039; pide sentencia m\u00ednima: &quot;creci\u00f3 en un ambiente forjado con violencia&quot; - Fuentes Fidedignas\" \/>\n<meta property=\"og:description\" content=\"Solicitaron que se le imponga solo 40 a\u00f1os de prisi\u00f3n y no las sentencias de por vida que solicit\u00f3 la fiscal\u00eda estadunidense. Los abogados de Rub\u00e9n Oseguera Gonz\u00e1lez, El Menchito, han se\u00f1alado al poderoso l\u00edder del C\u00e1rtel Jalisco Nueva Generaci\u00f3n, y padre de su cliente, como el culpable de que se haya involucrado en actividades [&hellip;]\" \/>\n<meta property=\"og:url\" content=\"https:\/\/fuentesfidedignas.com.mx\/index.php\/2025\/02\/21\/defensa-de-el-menchito-pide-sentencia-minima-crecio-en-un-ambiente-forjado-con-violencia\/\" \/>\n<meta property=\"og:site_name\" content=\"Fuentes Fidedignas\" \/>\n<meta property=\"article:publisher\" content=\"https:\/\/www.facebook.com\/Fuentes-Fidedignas-368234489921644\" \/>\n<meta property=\"article:published_time\" content=\"2025-02-21T14:25:37+00:00\" \/>\n<meta property=\"article:modified_time\" content=\"2025-02-21T14:27:50+00:00\" \/>\n<meta property=\"og:image\" content=\"https:\/\/fuentesfidedignas.com.mx\/wp-content\/uploads\/2025\/02\/ruben-oseguera-gonzalez-alias-el-menchito.jpg\" \/>\n\t<meta property=\"og:image:width\" content=\"600\" \/>\n\t<meta property=\"og:image:height\" content=\"337\" \/>\n\t<meta property=\"og:image:type\" content=\"image\/jpeg\" \/>\n<meta name=\"author\" content=\"Milenio\" \/>\n<meta name=\"twitter:card\" content=\"summary_large_image\" \/>\n<meta name=\"twitter:creator\" content=\"@fidedignas\" \/>\n<meta name=\"twitter:site\" content=\"@fidedignas\" \/>\n<meta name=\"twitter:label1\" content=\"Escrito por\" \/>\n\t<meta name=\"twitter:data1\" content=\"Milenio\" \/>\n\t<meta name=\"twitter:label2\" content=\"Tiempo de lectura\" \/>\n\t<meta name=\"twitter:data2\" content=\"3 minutos\" \/>\n<script type=\"application\/ld+json\" class=\"yoast-schema-graph\">{\"@context\":\"https:\\\/\\\/schema.org\",\"@graph\":[{\"@type\":\"Article\",\"@id\":\"https:\\\/\\\/fuentesfidedignas.com.mx\\\/index.php\\\/2025\\\/02\\\/21\\\/defensa-de-el-menchito-pide-sentencia-minima-crecio-en-un-ambiente-forjado-con-violencia\\\/#article\",\"isPartOf\":{\"@id\":\"https:\\\/\\\/fuentesfidedignas.com.mx\\\/index.php\\\/2025\\\/02\\\/21\\\/defensa-de-el-menchito-pide-sentencia-minima-crecio-en-un-ambiente-forjado-con-violencia\\\/\"},\"author\":{\"name\":\"Milenio\",\"@id\":\"https:\\\/\\\/fuentesfidedignas.com.mx\\\/#\\\/schema\\\/person\\\/47ec0135738f4b0c7495f06a77a2c976\"},\"headline\":\"Defensa de &#8216;El Menchito&#8217; pide sentencia m\u00ednima: &#8220;creci\u00f3 en un ambiente forjado con violencia&#8221;\",\"datePublished\":\"2025-02-21T14:25:37+00:00\",\"dateModified\":\"2025-02-21T14:27:50+00:00\",\"mainEntityOfPage\":{\"@id\":\"https:\\\/\\\/fuentesfidedignas.com.mx\\\/index.php\\\/2025\\\/02\\\/21\\\/defensa-de-el-menchito-pide-sentencia-minima-crecio-en-un-ambiente-forjado-con-violencia\\\/\"},\"wordCount\":521,\"commentCount\":0,\"publisher\":{\"@id\":\"https:\\\/\\\/fuentesfidedignas.com.mx\\\/#organization\"},\"image\":{\"@id\":\"https:\\\/\\\/fuentesfidedignas.com.mx\\\/index.php\\\/2025\\\/02\\\/21\\\/defensa-de-el-menchito-pide-sentencia-minima-crecio-en-un-ambiente-forjado-con-violencia\\\/#primaryimage\"},\"thumbnailUrl\":\"https:\\\/\\\/fuentesfidedignas.com.mx\\\/wp-content\\\/uploads\\\/2025\\\/02\\\/ruben-oseguera-gonzalez-alias-el-menchito.jpg\",\"articleSection\":[\"NOTICIAS NACIONALES\"],\"inLanguage\":\"es\",\"potentialAction\":[{\"@type\":\"CommentAction\",\"name\":\"Comment\",\"target\":[\"https:\\\/\\\/fuentesfidedignas.com.mx\\\/index.php\\\/2025\\\/02\\\/21\\\/defensa-de-el-menchito-pide-sentencia-minima-crecio-en-un-ambiente-forjado-con-violencia\\\/#respond\"]}]},{\"@type\":\"WebPage\",\"@id\":\"https:\\\/\\\/fuentesfidedignas.com.mx\\\/index.php\\\/2025\\\/02\\\/21\\\/defensa-de-el-menchito-pide-sentencia-minima-crecio-en-un-ambiente-forjado-con-violencia\\\/\",\"url\":\"https:\\\/\\\/fuentesfidedignas.com.mx\\\/index.php\\\/2025\\\/02\\\/21\\\/defensa-de-el-menchito-pide-sentencia-minima-crecio-en-un-ambiente-forjado-con-violencia\\\/\",\"name\":\"Defensa de 'El Menchito' pide sentencia m\u00ednima: \\\"creci\u00f3 en un ambiente forjado con violencia\\\" - Fuentes Fidedignas\",\"isPartOf\":{\"@id\":\"https:\\\/\\\/fuentesfidedignas.com.mx\\\/#website\"},\"primaryImageOfPage\":{\"@id\":\"https:\\\/\\\/fuentesfidedignas.com.mx\\\/index.php\\\/2025\\\/02\\\/21\\\/defensa-de-el-menchito-pide-sentencia-minima-crecio-en-un-ambiente-forjado-con-violencia\\\/#primaryimage\"},\"image\":{\"@id\":\"https:\\\/\\\/fuentesfidedignas.com.mx\\\/index.php\\\/2025\\\/02\\\/21\\\/defensa-de-el-menchito-pide-sentencia-minima-crecio-en-un-ambiente-forjado-con-violencia\\\/#primaryimage\"},\"thumbnailUrl\":\"https:\\\/\\\/fuentesfidedignas.com.mx\\\/wp-content\\\/uploads\\\/2025\\\/02\\\/ruben-oseguera-gonzalez-alias-el-menchito.jpg\",\"datePublished\":\"2025-02-21T14:25:37+00:00\",\"dateModified\":\"2025-02-21T14:27:50+00:00\",\"breadcrumb\":{\"@id\":\"https:\\\/\\\/fuentesfidedignas.com.mx\\\/index.php\\\/2025\\\/02\\\/21\\\/defensa-de-el-menchito-pide-sentencia-minima-crecio-en-un-ambiente-forjado-con-violencia\\\/#breadcrumb\"},\"inLanguage\":\"es\",\"potentialAction\":[{\"@type\":\"ReadAction\",\"target\":[\"https:\\\/\\\/fuentesfidedignas.com.mx\\\/index.php\\\/2025\\\/02\\\/21\\\/defensa-de-el-menchito-pide-sentencia-minima-crecio-en-un-ambiente-forjado-con-violencia\\\/\"]}]},{\"@type\":\"ImageObject\",\"inLanguage\":\"es\",\"@id\":\"https:\\\/\\\/fuentesfidedignas.com.mx\\\/index.php\\\/2025\\\/02\\\/21\\\/defensa-de-el-menchito-pide-sentencia-minima-crecio-en-un-ambiente-forjado-con-violencia\\\/#primaryimage\",\"url\":\"https:\\\/\\\/fuentesfidedignas.com.mx\\\/wp-content\\\/uploads\\\/2025\\\/02\\\/ruben-oseguera-gonzalez-alias-el-menchito.jpg\",\"contentUrl\":\"https:\\\/\\\/fuentesfidedignas.com.mx\\\/wp-content\\\/uploads\\\/2025\\\/02\\\/ruben-oseguera-gonzalez-alias-el-menchito.jpg\",\"width\":600,\"height\":337},{\"@type\":\"BreadcrumbList\",\"@id\":\"https:\\\/\\\/fuentesfidedignas.com.mx\\\/index.php\\\/2025\\\/02\\\/21\\\/defensa-de-el-menchito-pide-sentencia-minima-crecio-en-un-ambiente-forjado-con-violencia\\\/#breadcrumb\",\"itemListElement\":[{\"@type\":\"ListItem\",\"position\":1,\"name\":\"Inicio\",\"item\":\"https:\\\/\\\/fuentesfidedignas.com.mx\\\/\"},{\"@type\":\"ListItem\",\"position\":2,\"name\":\"Defensa de &#8216;El Menchito&#8217; pide sentencia m\u00ednima: &#8220;creci\u00f3 en un ambiente forjado con violencia&#8221;\"}]},{\"@type\":\"WebSite\",\"@id\":\"https:\\\/\\\/fuentesfidedignas.com.mx\\\/#website\",\"url\":\"https:\\\/\\\/fuentesfidedignas.com.mx\\\/\",\"name\":\"Fuentes Fidedignas\",\"description\":\"Otro sitio realizado con WordPress\",\"publisher\":{\"@id\":\"https:\\\/\\\/fuentesfidedignas.com.mx\\\/#organization\"},\"potentialAction\":[{\"@type\":\"SearchAction\",\"target\":{\"@type\":\"EntryPoint\",\"urlTemplate\":\"https:\\\/\\\/fuentesfidedignas.com.mx\\\/?s={search_term_string}\"},\"query-input\":{\"@type\":\"PropertyValueSpecification\",\"valueRequired\":true,\"valueName\":\"search_term_string\"}}],\"inLanguage\":\"es\"},{\"@type\":\"Organization\",\"@id\":\"https:\\\/\\\/fuentesfidedignas.com.mx\\\/#organization\",\"name\":\"Fuentes Fidedignas\",\"url\":\"https:\\\/\\\/fuentesfidedignas.com.mx\\\/\",\"logo\":{\"@type\":\"ImageObject\",\"inLanguage\":\"es\",\"@id\":\"https:\\\/\\\/fuentesfidedignas.com.mx\\\/#\\\/schema\\\/logo\\\/image\\\/\",\"url\":\"https:\\\/\\\/fuentesfidedignas.com.mx\\\/wp-content\\\/uploads\\\/2021\\\/04\\\/logo-retina.png\",\"contentUrl\":\"https:\\\/\\\/fuentesfidedignas.com.mx\\\/wp-content\\\/uploads\\\/2021\\\/04\\\/logo-retina.png\",\"width\":280,\"height\":51,\"caption\":\"Fuentes Fidedignas\"},\"image\":{\"@id\":\"https:\\\/\\\/fuentesfidedignas.com.mx\\\/#\\\/schema\\\/logo\\\/image\\\/\"},\"sameAs\":[\"https:\\\/\\\/www.facebook.com\\\/Fuentes-Fidedignas-368234489921644\",\"https:\\\/\\\/x.com\\\/fidedignas\"]},{\"@type\":\"Person\",\"@id\":\"https:\\\/\\\/fuentesfidedignas.com.mx\\\/#\\\/schema\\\/person\\\/47ec0135738f4b0c7495f06a77a2c976\",\"name\":\"Milenio\",\"image\":{\"@type\":\"ImageObject\",\"inLanguage\":\"es\",\"@id\":\"https:\\\/\\\/secure.gravatar.com\\\/avatar\\\/acabf7b54753e51c2c76457954577c236b3b764789b19879565769739d1e4a75?s=96&d=mm&r=g\",\"url\":\"https:\\\/\\\/secure.gravatar.com\\\/avatar\\\/acabf7b54753e51c2c76457954577c236b3b764789b19879565769739d1e4a75?s=96&d=mm&r=g\",\"contentUrl\":\"https:\\\/\\\/secure.gravatar.com\\\/avatar\\\/acabf7b54753e51c2c76457954577c236b3b764789b19879565769739d1e4a75?s=96&d=mm&r=g\",\"caption\":\"Milenio\"},\"url\":\"https:\\\/\\\/fuentesfidedignas.com.mx\\\/index.php\\\/author\\\/milenio\\\/\"}]}<\/script>\n<!-- \/ Yoast SEO plugin. -->","yoast_head_json":{"title":"Defensa de 'El Menchito' pide sentencia m\u00ednima: \"creci\u00f3 en un ambiente forjado con violencia\" - Fuentes Fidedignas","robots":{"index":"index","follow":"follow","max-snippet":"max-snippet:-1","max-image-preview":"max-image-preview:large","max-video-preview":"max-video-preview:-1"},"canonical":"https:\/\/fuentesfidedignas.com.mx\/index.php\/2025\/02\/21\/defensa-de-el-menchito-pide-sentencia-minima-crecio-en-un-ambiente-forjado-con-violencia\/","og_locale":"es_MX","og_type":"article","og_title":"Defensa de 'El Menchito' pide sentencia m\u00ednima: \"creci\u00f3 en un ambiente forjado con violencia\" - Fuentes Fidedignas","og_description":"Solicitaron que se le imponga solo 40 a\u00f1os de prisi\u00f3n y no las sentencias de por vida que solicit\u00f3 la fiscal\u00eda estadunidense. Los abogados de Rub\u00e9n Oseguera Gonz\u00e1lez, El Menchito, han se\u00f1alado al poderoso l\u00edder del C\u00e1rtel Jalisco Nueva Generaci\u00f3n, y padre de su cliente, como el culpable de que se haya involucrado en actividades [&hellip;]","og_url":"https:\/\/fuentesfidedignas.com.mx\/index.php\/2025\/02\/21\/defensa-de-el-menchito-pide-sentencia-minima-crecio-en-un-ambiente-forjado-con-violencia\/","og_site_name":"Fuentes Fidedignas","article_publisher":"https:\/\/www.facebook.com\/Fuentes-Fidedignas-368234489921644","article_published_time":"2025-02-21T14:25:37+00:00","article_modified_time":"2025-02-21T14:27:50+00:00","og_image":[{"width":600,"height":337,"url":"https:\/\/fuentesfidedignas.com.mx\/wp-content\/uploads\/2025\/02\/ruben-oseguera-gonzalez-alias-el-menchito.jpg","type":"image\/jpeg"}],"author":"Milenio","twitter_card":"summary_large_image","twitter_creator":"@fidedignas","twitter_site":"@fidedignas","twitter_misc":{"Escrito por":"Milenio","Tiempo de lectura":"3 minutos"},"schema":{"@context":"https:\/\/schema.org","@graph":[{"@type":"Article","@id":"https:\/\/fuentesfidedignas.com.mx\/index.php\/2025\/02\/21\/defensa-de-el-menchito-pide-sentencia-minima-crecio-en-un-ambiente-forjado-con-violencia\/#article","isPartOf":{"@id":"https:\/\/fuentesfidedignas.com.mx\/index.php\/2025\/02\/21\/defensa-de-el-menchito-pide-sentencia-minima-crecio-en-un-ambiente-forjado-con-violencia\/"},"author":{"name":"Milenio","@id":"https:\/\/fuentesfidedignas.com.mx\/#\/schema\/person\/47ec0135738f4b0c7495f06a77a2c976"},"headline":"Defensa de &#8216;El Menchito&#8217; pide sentencia m\u00ednima: &#8220;creci\u00f3 en un ambiente forjado con violencia&#8221;","datePublished":"2025-02-21T14:25:37+00:00","dateModified":"2025-02-21T14:27:50+00:00","mainEntityOfPage":{"@id":"https:\/\/fuentesfidedignas.com.mx\/index.php\/2025\/02\/21\/defensa-de-el-menchito-pide-sentencia-minima-crecio-en-un-ambiente-forjado-con-violencia\/"},"wordCount":521,"commentCount":0,"publisher":{"@id":"https:\/\/fuentesfidedignas.com.mx\/#organization"},"image":{"@id":"https:\/\/fuentesfidedignas.com.mx\/index.php\/2025\/02\/21\/defensa-de-el-menchito-pide-sentencia-minima-crecio-en-un-ambiente-forjado-con-violencia\/#primaryimage"},"thumbnailUrl":"https:\/\/fuentesfidedignas.com.mx\/wp-content\/uploads\/2025\/02\/ruben-oseguera-gonzalez-alias-el-menchito.jpg","articleSection":["NOTICIAS NACIONALES"],"inLanguage":"es","potentialAction":[{"@type":"CommentAction","name":"Comment","target":["https:\/\/fuentesfidedignas.com.mx\/index.php\/2025\/02\/21\/defensa-de-el-menchito-pide-sentencia-minima-crecio-en-un-ambiente-forjado-con-violencia\/#respond"]}]},{"@type":"WebPage","@id":"https:\/\/fuentesfidedignas.com.mx\/index.php\/2025\/02\/21\/defensa-de-el-menchito-pide-sentencia-minima-crecio-en-un-ambiente-forjado-con-violencia\/","url":"https:\/\/fuentesfidedignas.com.mx\/index.php\/2025\/02\/21\/defensa-de-el-menchito-pide-sentencia-minima-crecio-en-un-ambiente-forjado-con-violencia\/","name":"Defensa de 'El Menchito' pide sentencia m\u00ednima: \"creci\u00f3 en un ambiente forjado con violencia\" - Fuentes Fidedignas","isPartOf":{"@id":"https:\/\/fuentesfidedignas.com.mx\/#website"},"primaryImageOfPage":{"@id":"https:\/\/fuentesfidedignas.com.mx\/index.php\/2025\/02\/21\/defensa-de-el-menchito-pide-sentencia-minima-crecio-en-un-ambiente-forjado-con-violencia\/#primaryimage"},"image":{"@id":"https:\/\/fuentesfidedignas.com.mx\/index.php\/2025\/02\/21\/defensa-de-el-menchito-pide-sentencia-minima-crecio-en-un-ambiente-forjado-con-violencia\/#primaryimage"},"thumbnailUrl":"https:\/\/fuentesfidedignas.com.mx\/wp-content\/uploads\/2025\/02\/ruben-oseguera-gonzalez-alias-el-menchito.jpg","datePublished":"2025-02-21T14:25:37+00:00","dateModified":"2025-02-21T14:27:50+00:00","breadcrumb":{"@id":"https:\/\/fuentesfidedignas.com.mx\/index.php\/2025\/02\/21\/defensa-de-el-menchito-pide-sentencia-minima-crecio-en-un-ambiente-forjado-con-violencia\/#breadcrumb"},"inLanguage":"es","potentialAction":[{"@type":"ReadAction","target":["https:\/\/fuentesfidedignas.com.mx\/index.php\/2025\/02\/21\/defensa-de-el-menchito-pide-sentencia-minima-crecio-en-un-ambiente-forjado-con-violencia\/"]}]},{"@type":"ImageObject","inLanguage":"es","@id":"https:\/\/fuentesfidedignas.com.mx\/index.php\/2025\/02\/21\/defensa-de-el-menchito-pide-sentencia-minima-crecio-en-un-ambiente-forjado-con-violencia\/#primaryimage","url":"https:\/\/fuentesfidedignas.com.mx\/wp-content\/uploads\/2025\/02\/ruben-oseguera-gonzalez-alias-el-menchito.jpg","contentUrl":"https:\/\/fuentesfidedignas.com.mx\/wp-content\/uploads\/2025\/02\/ruben-oseguera-gonzalez-alias-el-menchito.jpg","width":600,"height":337},{"@type":"BreadcrumbList","@id":"https:\/\/fuentesfidedignas.com.mx\/index.php\/2025\/02\/21\/defensa-de-el-menchito-pide-sentencia-minima-crecio-en-un-ambiente-forjado-con-violencia\/#breadcrumb","itemListElement":[{"@type":"ListItem","position":1,"name":"Inicio","item":"https:\/\/fuentesfidedignas.com.mx\/"},{"@type":"ListItem","position":2,"name":"Defensa de &#8216;El Menchito&#8217; pide sentencia m\u00ednima: &#8220;creci\u00f3 en un ambiente forjado con violencia&#8221;"}]},{"@type":"WebSite","@id":"https:\/\/fuentesfidedignas.com.mx\/#website","url":"https:\/\/fuentesfidedignas.com.mx\/","name":"Fuentes Fidedignas","description":"Otro sitio realizado con WordPress","publisher":{"@id":"https:\/\/fuentesfidedignas.com.mx\/#organization"},"potentialAction":[{"@type":"SearchAction","target":{"@type":"EntryPoint","urlTemplate":"https:\/\/fuentesfidedignas.com.mx\/?s={search_term_string}"},"query-input":{"@type":"PropertyValueSpecification","valueRequired":true,"valueName":"search_term_string"}}],"inLanguage":"es"},{"@type":"Organization","@id":"https:\/\/fuentesfidedignas.com.mx\/#organization","name":"Fuentes Fidedignas","url":"https:\/\/fuentesfidedignas.com.mx\/","logo":{"@type":"ImageObject","inLanguage":"es","@id":"https:\/\/fuentesfidedignas.com.mx\/#\/schema\/logo\/image\/","url":"https:\/\/fuentesfidedignas.com.mx\/wp-content\/uploads\/2021\/04\/logo-retina.png","contentUrl":"https:\/\/fuentesfidedignas.com.mx\/wp-content\/uploads\/2021\/04\/logo-retina.png","width":280,"height":51,"caption":"Fuentes Fidedignas"},"image":{"@id":"https:\/\/fuentesfidedignas.com.mx\/#\/schema\/logo\/image\/"},"sameAs":["https:\/\/www.facebook.com\/Fuentes-Fidedignas-368234489921644","https:\/\/x.com\/fidedignas"]},{"@type":"Person","@id":"https:\/\/fuentesfidedignas.com.mx\/#\/schema\/person\/47ec0135738f4b0c7495f06a77a2c976","name":"Milenio","image":{"@type":"ImageObject","inLanguage":"es","@id":"https:\/\/secure.gravatar.com\/avatar\/acabf7b54753e51c2c76457954577c236b3b764789b19879565769739d1e4a75?s=96&d=mm&r=g","url":"https:\/\/secure.gravatar.com\/avatar\/acabf7b54753e51c2c76457954577c236b3b764789b19879565769739d1e4a75?s=96&d=mm&r=g","contentUrl":"https:\/\/secure.gravatar.com\/avatar\/acabf7b54753e51c2c76457954577c236b3b764789b19879565769739d1e4a75?s=96&d=mm&r=g","caption":"Milenio"},"url":"https:\/\/fuentesfidedignas.com.mx\/index.php\/author\/milenio\/"}]}},"_links":{"self":[{"href":"https:\/\/fuentesfidedignas.com.mx\/index.php\/wp-json\/wp\/v2\/posts\/102259","targetHints":{"allow":["GET"]}}],"collection":[{"href":"https:\/\/fuentesfidedignas.com.mx\/index.php\/wp-json\/wp\/v2\/posts"}],"about":[{"href":"https:\/\/fuentesfidedignas.com.mx\/index.php\/wp-json\/wp\/v2\/types\/post"}],"author":[{"embeddable":true,"href":"https:\/\/fuentesfidedignas.com.mx\/index.php\/wp-json\/wp\/v2\/users\/9"}],"replies":[{"embeddable":true,"href":"https:\/\/fuentesfidedignas.com.mx\/index.php\/wp-json\/wp\/v2\/comments?post=102259"}],"version-history":[{"count":2,"href":"https:\/\/fuentesfidedignas.com.mx\/index.php\/wp-json\/wp\/v2\/posts\/102259\/revisions"}],"predecessor-version":[{"id":102261,"href":"https:\/\/fuentesfidedignas.com.mx\/index.php\/wp-json\/wp\/v2\/posts\/102259\/revisions\/102261"}],"wp:featuredmedia":[{"embeddable":true,"href":"https:\/\/fuentesfidedignas.com.mx\/index.php\/wp-json\/wp\/v2\/media\/101773"}],"wp:attachment":[{"href":"https:\/\/fuentesfidedignas.com.mx\/index.php\/wp-json\/wp\/v2\/media?parent=102259"}],"wp:term":[{"taxonomy":"category","embeddable":true,"href":"https:\/\/fuentesfidedignas.com.mx\/index.php\/wp-json\/wp\/v2\/categories?post=102259"},{"taxonomy":"post_tag","embeddable":true,"href":"https:\/\/fuentesfidedignas.com.mx\/index.php\/wp-json\/wp\/v2\/tags?post=102259"}],"curies":[{"name":"wp","href":"https:\/\/api.w.org\/{rel}","templated":true}]}}