{"id":102227,"date":"2025-02-20T19:15:43","date_gmt":"2025-02-21T02:15:43","guid":{"rendered":"https:\/\/fuentesfidedignas.com.mx\/?p=102227"},"modified":"2025-02-20T19:15:47","modified_gmt":"2025-02-21T02:15:47","slug":"queretaro-primer-estado-de-mexico-en-prohibir-los-celulares-en-las-escuelas","status":"publish","type":"post","link":"https:\/\/fuentesfidedignas.com.mx\/index.php\/2025\/02\/20\/queretaro-primer-estado-de-mexico-en-prohibir-los-celulares-en-las-escuelas\/","title":{"rendered":"Quer\u00e9taro, primer estado de M\u00e9xico en prohibir los celulares en las escuelas"},"content":{"rendered":"\n<p><strong><em>Quer\u00e9taro se convierte en el primer estado en regular el uso de celulares en escuelas de nivel b\u00e1sico y medio superior<\/em><\/strong><\/p>\n\n\n\n<p>Las escuelas de Quer\u00e9taro comenzaron a aplicar este jueves la ley que impuls\u00f3 el gobernador del estado, Mauricio Kuri Gonz\u00e1lez, en la que se proh\u00edbe el uso de dispositivos m\u00f3viles en las escuelas de la demarcaci\u00f3n, la primera de este tipo en el pa\u00eds norteamericano.<\/p>\n\n\n\n<p>El gobernador del estado apunt\u00f3 que lo que se busca es generar conciencia sobre las afectaciones psicol\u00f3gicas y sociales que pueda tener el uso constante del celular y los contenidos en las redes sociales.<\/p>\n\n\n\n<p>Quer\u00e9taro se convierte as\u00ed en el primer estado en tener regulaciones estrictas con el uso de celulares en las escuelas, y que se aplicar\u00e1n en escuelas p\u00fablicas y privadas para los alumnos de nivel b\u00e1sico y medio superior.<\/p>\n\n\n\n<p>\u201cEs que creo que no estamos viendo la gravedad del asunto, es un tema muy preocupante que pueden causar vidas de ni\u00f1os, causar ser infelices a los \u2018chavitos\u2019 (chicos), que tengan un ni\u00f1o con ansiedad, que tenga, deseos de morirse porque no le llega al requisito que ve en redes sociales y esa parte hay que cuidarla mucho\u201d, declar\u00f3 Kuri Gonz\u00e1lez.<\/p>\n\n\n\n<p>Por su parte, Irene Quintanar, titular de la Unidad de Servicios para la Educaci\u00f3n B\u00e1sica en el Estado de Quer\u00e9taro (USEBEQ), coment\u00f3 que ya se ven\u00eda haciendo un trabajo de conciencia tanto con los maestros como con los alumnos y padres de familia de cara a la entrada en vigor de la norma.<\/p>\n\n\n\n<p>\u201cPrevio a esto hicimos varios talleres, trabajamos en civismo digital, tenemos un programa \u2018un, dos, tres por la paz\u2019. Tenemos que trabajar y vivir en sana convivencia y todo eso lo fuimos trabajando en el pasado ciclo escolar y a partir de ahora lo que haremos va a ser un tema formativo, un tema preventivo\u201d, explic\u00f3 la coordinadora general de USEBEQ.<\/p>\n\n\n\n<p>De igual forma, los padres de familia creen que es una iniciativa positiva para despegar a los j\u00f3venes del uso constante del celular y contar con una buena comunicaci\u00f3n con los hijos para saber sus actividades en el \u00e1mbito digital.<\/p>\n\n\n\n<p>Esta iniciativa arranca en la entidad queretana a manera de prueba y ejemplo para los dem\u00e1s estados de la Rep\u00fablica mexicana.<\/p>\n\n\n\n<p>\u201cAqu\u00ed s\u00ed podr\u00eda ser \u2018vamos a ver c\u00f3mo funciona\u2019, aunque a m\u00ed s\u00ed me gustar\u00eda que fuera una ley o una regla que se manejara, no nada m\u00e1s en toda la Rep\u00fablica, sino abri\u00e9ndome m\u00e1s a otros lugares[\u2026] no puedes entrar a clase con tu celular, o sea entras y dejas tu celular, si tienes horas libres o salgas de clase puedes tomar tu celular\u201d, analiz\u00f3 Raymundo Garc\u00eda, padre de familia de la capital, Quer\u00e9taro.<\/p>\n","protected":false},"excerpt":{"rendered":"<p>Quer\u00e9taro se convierte en el primer estado en regular el uso de celulares en escuelas de nivel b\u00e1sico y medio superior Las escuelas de Quer\u00e9taro comenzaron a aplicar este jueves la ley que impuls\u00f3 el gobernador del estado, Mauricio Kuri Gonz\u00e1lez, en la que se proh\u00edbe el uso de dispositivos m\u00f3viles en las escuelas de [&hellip;]<\/p>\n","protected":false},"author":47,"featured_media":12793,"comment_status":"open","ping_status":"open","sticky":false,"template":"","format":"standard","meta":{"tdm_status":"","tdm_grid_status":"","footnotes":""},"categories":[39],"tags":[],"class_list":{"0":"post-102227","1":"post","2":"type-post","3":"status-publish","4":"format-standard","5":"has-post-thumbnail","7":"category-noticias-nacionales"},"yoast_head":"<!-- This site is optimized with the Yoast SEO plugin v27.4 - https:\/\/yoast.com\/product\/yoast-seo-wordpress\/ -->\n<title>Quer\u00e9taro, primer estado de M\u00e9xico en prohibir los celulares en las escuelas - Fuentes Fidedignas<\/title>\n<meta name=\"robots\" content=\"index, follow, max-snippet:-1, max-image-preview:large, max-video-preview:-1\" \/>\n<link rel=\"canonical\" href=\"https:\/\/fuentesfidedignas.com.mx\/index.php\/2025\/02\/20\/queretaro-primer-estado-de-mexico-en-prohibir-los-celulares-en-las-escuelas\/\" \/>\n<meta property=\"og:locale\" content=\"es_MX\" \/>\n<meta property=\"og:type\" content=\"article\" \/>\n<meta property=\"og:title\" content=\"Quer\u00e9taro, primer estado de M\u00e9xico en prohibir los celulares en las escuelas - Fuentes Fidedignas\" \/>\n<meta property=\"og:description\" content=\"Quer\u00e9taro se convierte en el primer estado en regular el uso de celulares en escuelas de nivel b\u00e1sico y medio superior Las escuelas de Quer\u00e9taro comenzaron a aplicar este jueves la ley que impuls\u00f3 el gobernador del estado, Mauricio Kuri Gonz\u00e1lez, en la que se proh\u00edbe el uso de dispositivos m\u00f3viles en las escuelas de [&hellip;]\" \/>\n<meta property=\"og:url\" content=\"https:\/\/fuentesfidedignas.com.mx\/index.php\/2025\/02\/20\/queretaro-primer-estado-de-mexico-en-prohibir-los-celulares-en-las-escuelas\/\" \/>\n<meta property=\"og:site_name\" content=\"Fuentes Fidedignas\" \/>\n<meta property=\"article:publisher\" content=\"https:\/\/www.facebook.com\/Fuentes-Fidedignas-368234489921644\" \/>\n<meta property=\"article:published_time\" content=\"2025-02-21T02:15:43+00:00\" \/>\n<meta property=\"article:modified_time\" content=\"2025-02-21T02:15:47+00:00\" \/>\n<meta property=\"og:image\" content=\"https:\/\/fuentesfidedignas.com.mx\/wp-content\/uploads\/2021\/09\/celulares-whatsapp-12-1.jpg\" \/>\n\t<meta property=\"og:image:width\" content=\"1280\" \/>\n\t<meta property=\"og:image:height\" content=\"720\" \/>\n\t<meta property=\"og:image:type\" content=\"image\/jpeg\" \/>\n<meta name=\"author\" content=\"L\u00f3pez D\u00f3riga\" \/>\n<meta name=\"twitter:card\" content=\"summary_large_image\" \/>\n<meta name=\"twitter:creator\" content=\"@fidedignas\" \/>\n<meta name=\"twitter:site\" content=\"@fidedignas\" \/>\n<meta name=\"twitter:label1\" content=\"Escrito por\" \/>\n\t<meta name=\"twitter:data1\" content=\"L\u00f3pez D\u00f3riga\" \/>\n\t<meta name=\"twitter:label2\" content=\"Tiempo de lectura\" \/>\n\t<meta name=\"twitter:data2\" content=\"3 minutos\" \/>\n<script type=\"application\/ld+json\" class=\"yoast-schema-graph\">{\"@context\":\"https:\\\/\\\/schema.org\",\"@graph\":[{\"@type\":\"Article\",\"@id\":\"https:\\\/\\\/fuentesfidedignas.com.mx\\\/index.php\\\/2025\\\/02\\\/20\\\/queretaro-primer-estado-de-mexico-en-prohibir-los-celulares-en-las-escuelas\\\/#article\",\"isPartOf\":{\"@id\":\"https:\\\/\\\/fuentesfidedignas.com.mx\\\/index.php\\\/2025\\\/02\\\/20\\\/queretaro-primer-estado-de-mexico-en-prohibir-los-celulares-en-las-escuelas\\\/\"},\"author\":{\"name\":\"L\u00f3pez D\u00f3riga\",\"@id\":\"https:\\\/\\\/fuentesfidedignas.com.mx\\\/#\\\/schema\\\/person\\\/67d852f0557c8509146a4b9ddebd543a\"},\"headline\":\"Quer\u00e9taro, primer estado de M\u00e9xico en prohibir los celulares en las escuelas\",\"datePublished\":\"2025-02-21T02:15:43+00:00\",\"dateModified\":\"2025-02-21T02:15:47+00:00\",\"mainEntityOfPage\":{\"@id\":\"https:\\\/\\\/fuentesfidedignas.com.mx\\\/index.php\\\/2025\\\/02\\\/20\\\/queretaro-primer-estado-de-mexico-en-prohibir-los-celulares-en-las-escuelas\\\/\"},\"wordCount\":496,\"commentCount\":0,\"publisher\":{\"@id\":\"https:\\\/\\\/fuentesfidedignas.com.mx\\\/#organization\"},\"image\":{\"@id\":\"https:\\\/\\\/fuentesfidedignas.com.mx\\\/index.php\\\/2025\\\/02\\\/20\\\/queretaro-primer-estado-de-mexico-en-prohibir-los-celulares-en-las-escuelas\\\/#primaryimage\"},\"thumbnailUrl\":\"https:\\\/\\\/fuentesfidedignas.com.mx\\\/wp-content\\\/uploads\\\/2021\\\/09\\\/celulares-whatsapp-12-1.jpg\",\"articleSection\":[\"NOTICIAS NACIONALES\"],\"inLanguage\":\"es\",\"potentialAction\":[{\"@type\":\"CommentAction\",\"name\":\"Comment\",\"target\":[\"https:\\\/\\\/fuentesfidedignas.com.mx\\\/index.php\\\/2025\\\/02\\\/20\\\/queretaro-primer-estado-de-mexico-en-prohibir-los-celulares-en-las-escuelas\\\/#respond\"]}]},{\"@type\":\"WebPage\",\"@id\":\"https:\\\/\\\/fuentesfidedignas.com.mx\\\/index.php\\\/2025\\\/02\\\/20\\\/queretaro-primer-estado-de-mexico-en-prohibir-los-celulares-en-las-escuelas\\\/\",\"url\":\"https:\\\/\\\/fuentesfidedignas.com.mx\\\/index.php\\\/2025\\\/02\\\/20\\\/queretaro-primer-estado-de-mexico-en-prohibir-los-celulares-en-las-escuelas\\\/\",\"name\":\"Quer\u00e9taro, primer estado de M\u00e9xico en prohibir los celulares en las escuelas - Fuentes Fidedignas\",\"isPartOf\":{\"@id\":\"https:\\\/\\\/fuentesfidedignas.com.mx\\\/#website\"},\"primaryImageOfPage\":{\"@id\":\"https:\\\/\\\/fuentesfidedignas.com.mx\\\/index.php\\\/2025\\\/02\\\/20\\\/queretaro-primer-estado-de-mexico-en-prohibir-los-celulares-en-las-escuelas\\\/#primaryimage\"},\"image\":{\"@id\":\"https:\\\/\\\/fuentesfidedignas.com.mx\\\/index.php\\\/2025\\\/02\\\/20\\\/queretaro-primer-estado-de-mexico-en-prohibir-los-celulares-en-las-escuelas\\\/#primaryimage\"},\"thumbnailUrl\":\"https:\\\/\\\/fuentesfidedignas.com.mx\\\/wp-content\\\/uploads\\\/2021\\\/09\\\/celulares-whatsapp-12-1.jpg\",\"datePublished\":\"2025-02-21T02:15:43+00:00\",\"dateModified\":\"2025-02-21T02:15:47+00:00\",\"breadcrumb\":{\"@id\":\"https:\\\/\\\/fuentesfidedignas.com.mx\\\/index.php\\\/2025\\\/02\\\/20\\\/queretaro-primer-estado-de-mexico-en-prohibir-los-celulares-en-las-escuelas\\\/#breadcrumb\"},\"inLanguage\":\"es\",\"potentialAction\":[{\"@type\":\"ReadAction\",\"target\":[\"https:\\\/\\\/fuentesfidedignas.com.mx\\\/index.php\\\/2025\\\/02\\\/20\\\/queretaro-primer-estado-de-mexico-en-prohibir-los-celulares-en-las-escuelas\\\/\"]}]},{\"@type\":\"ImageObject\",\"inLanguage\":\"es\",\"@id\":\"https:\\\/\\\/fuentesfidedignas.com.mx\\\/index.php\\\/2025\\\/02\\\/20\\\/queretaro-primer-estado-de-mexico-en-prohibir-los-celulares-en-las-escuelas\\\/#primaryimage\",\"url\":\"https:\\\/\\\/fuentesfidedignas.com.mx\\\/wp-content\\\/uploads\\\/2021\\\/09\\\/celulares-whatsapp-12-1.jpg\",\"contentUrl\":\"https:\\\/\\\/fuentesfidedignas.com.mx\\\/wp-content\\\/uploads\\\/2021\\\/09\\\/celulares-whatsapp-12-1.jpg\",\"width\":1280,\"height\":720},{\"@type\":\"BreadcrumbList\",\"@id\":\"https:\\\/\\\/fuentesfidedignas.com.mx\\\/index.php\\\/2025\\\/02\\\/20\\\/queretaro-primer-estado-de-mexico-en-prohibir-los-celulares-en-las-escuelas\\\/#breadcrumb\",\"itemListElement\":[{\"@type\":\"ListItem\",\"position\":1,\"name\":\"Inicio\",\"item\":\"https:\\\/\\\/fuentesfidedignas.com.mx\\\/\"},{\"@type\":\"ListItem\",\"position\":2,\"name\":\"Quer\u00e9taro, primer estado de M\u00e9xico en prohibir los celulares en las escuelas\"}]},{\"@type\":\"WebSite\",\"@id\":\"https:\\\/\\\/fuentesfidedignas.com.mx\\\/#website\",\"url\":\"https:\\\/\\\/fuentesfidedignas.com.mx\\\/\",\"name\":\"Fuentes Fidedignas\",\"description\":\"Otro sitio realizado con WordPress\",\"publisher\":{\"@id\":\"https:\\\/\\\/fuentesfidedignas.com.mx\\\/#organization\"},\"potentialAction\":[{\"@type\":\"SearchAction\",\"target\":{\"@type\":\"EntryPoint\",\"urlTemplate\":\"https:\\\/\\\/fuentesfidedignas.com.mx\\\/?s={search_term_string}\"},\"query-input\":{\"@type\":\"PropertyValueSpecification\",\"valueRequired\":true,\"valueName\":\"search_term_string\"}}],\"inLanguage\":\"es\"},{\"@type\":\"Organization\",\"@id\":\"https:\\\/\\\/fuentesfidedignas.com.mx\\\/#organization\",\"name\":\"Fuentes Fidedignas\",\"url\":\"https:\\\/\\\/fuentesfidedignas.com.mx\\\/\",\"logo\":{\"@type\":\"ImageObject\",\"inLanguage\":\"es\",\"@id\":\"https:\\\/\\\/fuentesfidedignas.com.mx\\\/#\\\/schema\\\/logo\\\/image\\\/\",\"url\":\"https:\\\/\\\/fuentesfidedignas.com.mx\\\/wp-content\\\/uploads\\\/2021\\\/04\\\/logo-retina.png\",\"contentUrl\":\"https:\\\/\\\/fuentesfidedignas.com.mx\\\/wp-content\\\/uploads\\\/2021\\\/04\\\/logo-retina.png\",\"width\":280,\"height\":51,\"caption\":\"Fuentes Fidedignas\"},\"image\":{\"@id\":\"https:\\\/\\\/fuentesfidedignas.com.mx\\\/#\\\/schema\\\/logo\\\/image\\\/\"},\"sameAs\":[\"https:\\\/\\\/www.facebook.com\\\/Fuentes-Fidedignas-368234489921644\",\"https:\\\/\\\/x.com\\\/fidedignas\"]},{\"@type\":\"Person\",\"@id\":\"https:\\\/\\\/fuentesfidedignas.com.mx\\\/#\\\/schema\\\/person\\\/67d852f0557c8509146a4b9ddebd543a\",\"name\":\"L\u00f3pez D\u00f3riga\",\"image\":{\"@type\":\"ImageObject\",\"inLanguage\":\"es\",\"@id\":\"https:\\\/\\\/secure.gravatar.com\\\/avatar\\\/e525b06574ca18b33cded59dfe5778d6c823b9513154eff47da551b0551bdd1e?s=96&d=mm&r=g\",\"url\":\"https:\\\/\\\/secure.gravatar.com\\\/avatar\\\/e525b06574ca18b33cded59dfe5778d6c823b9513154eff47da551b0551bdd1e?s=96&d=mm&r=g\",\"contentUrl\":\"https:\\\/\\\/secure.gravatar.com\\\/avatar\\\/e525b06574ca18b33cded59dfe5778d6c823b9513154eff47da551b0551bdd1e?s=96&d=mm&r=g\",\"caption\":\"L\u00f3pez D\u00f3riga\"},\"url\":\"https:\\\/\\\/fuentesfidedignas.com.mx\\\/index.php\\\/author\\\/doriga\\\/\"}]}<\/script>\n<!-- \/ Yoast SEO plugin. -->","yoast_head_json":{"title":"Quer\u00e9taro, primer estado de M\u00e9xico en prohibir los celulares en las escuelas - Fuentes Fidedignas","robots":{"index":"index","follow":"follow","max-snippet":"max-snippet:-1","max-image-preview":"max-image-preview:large","max-video-preview":"max-video-preview:-1"},"canonical":"https:\/\/fuentesfidedignas.com.mx\/index.php\/2025\/02\/20\/queretaro-primer-estado-de-mexico-en-prohibir-los-celulares-en-las-escuelas\/","og_locale":"es_MX","og_type":"article","og_title":"Quer\u00e9taro, primer estado de M\u00e9xico en prohibir los celulares en las escuelas - Fuentes Fidedignas","og_description":"Quer\u00e9taro se convierte en el primer estado en regular el uso de celulares en escuelas de nivel b\u00e1sico y medio superior Las escuelas de Quer\u00e9taro comenzaron a aplicar este jueves la ley que impuls\u00f3 el gobernador del estado, Mauricio Kuri Gonz\u00e1lez, en la que se proh\u00edbe el uso de dispositivos m\u00f3viles en las escuelas de [&hellip;]","og_url":"https:\/\/fuentesfidedignas.com.mx\/index.php\/2025\/02\/20\/queretaro-primer-estado-de-mexico-en-prohibir-los-celulares-en-las-escuelas\/","og_site_name":"Fuentes Fidedignas","article_publisher":"https:\/\/www.facebook.com\/Fuentes-Fidedignas-368234489921644","article_published_time":"2025-02-21T02:15:43+00:00","article_modified_time":"2025-02-21T02:15:47+00:00","og_image":[{"width":1280,"height":720,"url":"https:\/\/fuentesfidedignas.com.mx\/wp-content\/uploads\/2021\/09\/celulares-whatsapp-12-1.jpg","type":"image\/jpeg"}],"author":"L\u00f3pez D\u00f3riga","twitter_card":"summary_large_image","twitter_creator":"@fidedignas","twitter_site":"@fidedignas","twitter_misc":{"Escrito por":"L\u00f3pez D\u00f3riga","Tiempo de lectura":"3 minutos"},"schema":{"@context":"https:\/\/schema.org","@graph":[{"@type":"Article","@id":"https:\/\/fuentesfidedignas.com.mx\/index.php\/2025\/02\/20\/queretaro-primer-estado-de-mexico-en-prohibir-los-celulares-en-las-escuelas\/#article","isPartOf":{"@id":"https:\/\/fuentesfidedignas.com.mx\/index.php\/2025\/02\/20\/queretaro-primer-estado-de-mexico-en-prohibir-los-celulares-en-las-escuelas\/"},"author":{"name":"L\u00f3pez D\u00f3riga","@id":"https:\/\/fuentesfidedignas.com.mx\/#\/schema\/person\/67d852f0557c8509146a4b9ddebd543a"},"headline":"Quer\u00e9taro, primer estado de M\u00e9xico en prohibir los celulares en las escuelas","datePublished":"2025-02-21T02:15:43+00:00","dateModified":"2025-02-21T02:15:47+00:00","mainEntityOfPage":{"@id":"https:\/\/fuentesfidedignas.com.mx\/index.php\/2025\/02\/20\/queretaro-primer-estado-de-mexico-en-prohibir-los-celulares-en-las-escuelas\/"},"wordCount":496,"commentCount":0,"publisher":{"@id":"https:\/\/fuentesfidedignas.com.mx\/#organization"},"image":{"@id":"https:\/\/fuentesfidedignas.com.mx\/index.php\/2025\/02\/20\/queretaro-primer-estado-de-mexico-en-prohibir-los-celulares-en-las-escuelas\/#primaryimage"},"thumbnailUrl":"https:\/\/fuentesfidedignas.com.mx\/wp-content\/uploads\/2021\/09\/celulares-whatsapp-12-1.jpg","articleSection":["NOTICIAS NACIONALES"],"inLanguage":"es","potentialAction":[{"@type":"CommentAction","name":"Comment","target":["https:\/\/fuentesfidedignas.com.mx\/index.php\/2025\/02\/20\/queretaro-primer-estado-de-mexico-en-prohibir-los-celulares-en-las-escuelas\/#respond"]}]},{"@type":"WebPage","@id":"https:\/\/fuentesfidedignas.com.mx\/index.php\/2025\/02\/20\/queretaro-primer-estado-de-mexico-en-prohibir-los-celulares-en-las-escuelas\/","url":"https:\/\/fuentesfidedignas.com.mx\/index.php\/2025\/02\/20\/queretaro-primer-estado-de-mexico-en-prohibir-los-celulares-en-las-escuelas\/","name":"Quer\u00e9taro, primer estado de M\u00e9xico en prohibir los celulares en las escuelas - Fuentes Fidedignas","isPartOf":{"@id":"https:\/\/fuentesfidedignas.com.mx\/#website"},"primaryImageOfPage":{"@id":"https:\/\/fuentesfidedignas.com.mx\/index.php\/2025\/02\/20\/queretaro-primer-estado-de-mexico-en-prohibir-los-celulares-en-las-escuelas\/#primaryimage"},"image":{"@id":"https:\/\/fuentesfidedignas.com.mx\/index.php\/2025\/02\/20\/queretaro-primer-estado-de-mexico-en-prohibir-los-celulares-en-las-escuelas\/#primaryimage"},"thumbnailUrl":"https:\/\/fuentesfidedignas.com.mx\/wp-content\/uploads\/2021\/09\/celulares-whatsapp-12-1.jpg","datePublished":"2025-02-21T02:15:43+00:00","dateModified":"2025-02-21T02:15:47+00:00","breadcrumb":{"@id":"https:\/\/fuentesfidedignas.com.mx\/index.php\/2025\/02\/20\/queretaro-primer-estado-de-mexico-en-prohibir-los-celulares-en-las-escuelas\/#breadcrumb"},"inLanguage":"es","potentialAction":[{"@type":"ReadAction","target":["https:\/\/fuentesfidedignas.com.mx\/index.php\/2025\/02\/20\/queretaro-primer-estado-de-mexico-en-prohibir-los-celulares-en-las-escuelas\/"]}]},{"@type":"ImageObject","inLanguage":"es","@id":"https:\/\/fuentesfidedignas.com.mx\/index.php\/2025\/02\/20\/queretaro-primer-estado-de-mexico-en-prohibir-los-celulares-en-las-escuelas\/#primaryimage","url":"https:\/\/fuentesfidedignas.com.mx\/wp-content\/uploads\/2021\/09\/celulares-whatsapp-12-1.jpg","contentUrl":"https:\/\/fuentesfidedignas.com.mx\/wp-content\/uploads\/2021\/09\/celulares-whatsapp-12-1.jpg","width":1280,"height":720},{"@type":"BreadcrumbList","@id":"https:\/\/fuentesfidedignas.com.mx\/index.php\/2025\/02\/20\/queretaro-primer-estado-de-mexico-en-prohibir-los-celulares-en-las-escuelas\/#breadcrumb","itemListElement":[{"@type":"ListItem","position":1,"name":"Inicio","item":"https:\/\/fuentesfidedignas.com.mx\/"},{"@type":"ListItem","position":2,"name":"Quer\u00e9taro, primer estado de M\u00e9xico en prohibir los celulares en las escuelas"}]},{"@type":"WebSite","@id":"https:\/\/fuentesfidedignas.com.mx\/#website","url":"https:\/\/fuentesfidedignas.com.mx\/","name":"Fuentes Fidedignas","description":"Otro sitio realizado con WordPress","publisher":{"@id":"https:\/\/fuentesfidedignas.com.mx\/#organization"},"potentialAction":[{"@type":"SearchAction","target":{"@type":"EntryPoint","urlTemplate":"https:\/\/fuentesfidedignas.com.mx\/?s={search_term_string}"},"query-input":{"@type":"PropertyValueSpecification","valueRequired":true,"valueName":"search_term_string"}}],"inLanguage":"es"},{"@type":"Organization","@id":"https:\/\/fuentesfidedignas.com.mx\/#organization","name":"Fuentes Fidedignas","url":"https:\/\/fuentesfidedignas.com.mx\/","logo":{"@type":"ImageObject","inLanguage":"es","@id":"https:\/\/fuentesfidedignas.com.mx\/#\/schema\/logo\/image\/","url":"https:\/\/fuentesfidedignas.com.mx\/wp-content\/uploads\/2021\/04\/logo-retina.png","contentUrl":"https:\/\/fuentesfidedignas.com.mx\/wp-content\/uploads\/2021\/04\/logo-retina.png","width":280,"height":51,"caption":"Fuentes Fidedignas"},"image":{"@id":"https:\/\/fuentesfidedignas.com.mx\/#\/schema\/logo\/image\/"},"sameAs":["https:\/\/www.facebook.com\/Fuentes-Fidedignas-368234489921644","https:\/\/x.com\/fidedignas"]},{"@type":"Person","@id":"https:\/\/fuentesfidedignas.com.mx\/#\/schema\/person\/67d852f0557c8509146a4b9ddebd543a","name":"L\u00f3pez D\u00f3riga","image":{"@type":"ImageObject","inLanguage":"es","@id":"https:\/\/secure.gravatar.com\/avatar\/e525b06574ca18b33cded59dfe5778d6c823b9513154eff47da551b0551bdd1e?s=96&d=mm&r=g","url":"https:\/\/secure.gravatar.com\/avatar\/e525b06574ca18b33cded59dfe5778d6c823b9513154eff47da551b0551bdd1e?s=96&d=mm&r=g","contentUrl":"https:\/\/secure.gravatar.com\/avatar\/e525b06574ca18b33cded59dfe5778d6c823b9513154eff47da551b0551bdd1e?s=96&d=mm&r=g","caption":"L\u00f3pez D\u00f3riga"},"url":"https:\/\/fuentesfidedignas.com.mx\/index.php\/author\/doriga\/"}]}},"_links":{"self":[{"href":"https:\/\/fuentesfidedignas.com.mx\/index.php\/wp-json\/wp\/v2\/posts\/102227","targetHints":{"allow":["GET"]}}],"collection":[{"href":"https:\/\/fuentesfidedignas.com.mx\/index.php\/wp-json\/wp\/v2\/posts"}],"about":[{"href":"https:\/\/fuentesfidedignas.com.mx\/index.php\/wp-json\/wp\/v2\/types\/post"}],"author":[{"embeddable":true,"href":"https:\/\/fuentesfidedignas.com.mx\/index.php\/wp-json\/wp\/v2\/users\/47"}],"replies":[{"embeddable":true,"href":"https:\/\/fuentesfidedignas.com.mx\/index.php\/wp-json\/wp\/v2\/comments?post=102227"}],"version-history":[{"count":1,"href":"https:\/\/fuentesfidedignas.com.mx\/index.php\/wp-json\/wp\/v2\/posts\/102227\/revisions"}],"predecessor-version":[{"id":102228,"href":"https:\/\/fuentesfidedignas.com.mx\/index.php\/wp-json\/wp\/v2\/posts\/102227\/revisions\/102228"}],"wp:featuredmedia":[{"embeddable":true,"href":"https:\/\/fuentesfidedignas.com.mx\/index.php\/wp-json\/wp\/v2\/media\/12793"}],"wp:attachment":[{"href":"https:\/\/fuentesfidedignas.com.mx\/index.php\/wp-json\/wp\/v2\/media?parent=102227"}],"wp:term":[{"taxonomy":"category","embeddable":true,"href":"https:\/\/fuentesfidedignas.com.mx\/index.php\/wp-json\/wp\/v2\/categories?post=102227"},{"taxonomy":"post_tag","embeddable":true,"href":"https:\/\/fuentesfidedignas.com.mx\/index.php\/wp-json\/wp\/v2\/tags?post=102227"}],"curies":[{"name":"wp","href":"https:\/\/api.w.org\/{rel}","templated":true}]}}