{"id":102110,"date":"2025-02-19T16:38:00","date_gmt":"2025-02-19T23:38:00","guid":{"rendered":"https:\/\/fuentesfidedignas.com.mx\/?p=102110"},"modified":"2025-02-19T17:44:02","modified_gmt":"2025-02-20T00:44:02","slug":"carteles-mexicanos-ya-son-elegibles-para-ataques-con-drones-afirma-elon-musk","status":"publish","type":"post","link":"https:\/\/fuentesfidedignas.com.mx\/index.php\/2025\/02\/19\/carteles-mexicanos-ya-son-elegibles-para-ataques-con-drones-afirma-elon-musk\/","title":{"rendered":"C\u00e1rteles mexicanos ya son elegibles para ataques con drones, afirma Elon Musk"},"content":{"rendered":"\n<p><strong><em>Musk subray\u00f3 que la designaci\u00f3n de seis c\u00e1rteles de M\u00e9xico como organizaciones terroristas \u201csignifica que son elegibles para ataques con drones\u201d<\/em><\/strong><\/p>\n\n\n\n<p>Elon Musk, jefe del nuevo Departamento de Eficiencia Gubernamental del Gobierno de Estados Unidos, se pronunci\u00f3 por atacar a los c\u00e1rteles mexicanos con drones.<\/p>\n\n\n\n<p>Mediante su cuenta de X, el magnate subray\u00f3 que la designaci\u00f3n de seis c\u00e1rteles de M\u00e9xico como organizaciones terroristas \u201csignifica que son elegibles para ataques con drones\u201d.<\/p>\n\n\n\n<p><blockquote class=\"twitter-tweet\"><p lang=\"en\" dir=\"ltr\">That means they\u2019re eligible for drone strikes <a href=\"https:\/\/t.co\/aWxKkeAinG\">https:\/\/t.co\/aWxKkeAinG<\/a><\/p>\u2014 Elon Musk (@elonmusk) <a href=\"https:\/\/twitter.com\/elonmusk\/status\/1892288041894465657?ref_src=twsrc%5Etfw\">February 19, 2025<\/a><\/blockquote> <script async=\"\" src=\"https:\/\/platform.twitter.com\/widgets.js\" charset=\"utf-8\"><\/script><\/p>\n\n\n\n<p>El Departamento de Estado de EE.UU. anunci\u00f3 la designaci\u00f3n como organizaciones terroristas de:<br>\u2022C\u00e1rtel de Sinaloa<br>\u2022C\u00e1rtel Jalisco Nueva Generaci\u00f3n (CJNG)<br>\u2022C\u00e1rteles Unidos<br>\u2022C\u00e1rtel del Noreste<br>\u2022C\u00e1rtel del Golfo<br>\u2022La Nueva Familia Michoacana<\/p>\n\n\n\n<p>Estos grupos pasar\u00e1n a formar parte de una lista de organizaciones -que incluyen al Estado Isl\u00e1mico y a Al-Qaeda\u2013 a las que las empresas y ciudadanos estadounidenses tienen prohibido dar \u201capoyo material\u201d.<\/p>\n\n\n\n<p>Apenas un d\u00eda antes medios estadounidenses revelaron que la Agencia Central de Investigaci\u00f3n (CIA) de Estados Unidos realiza misiones encubiertas en M\u00e9xico para espiar a los c\u00e1rteles de la droga.<\/p>\n\n\n\n<p>Dichas misiones se llevan a cabo con drones MQ-9, los cuales ha usado para atacar a presuntos terroristas en Siria, Irak y Somalia, si bien no est\u00e1n cargados.<\/p>\n\n\n\n<p>Esto se suma al incremento de vuelos esp\u00eda por parte del Pent\u00e1gono para controlar a los c\u00e1rteles de la droga.<\/p>\n\n\n\n<p>El general Gregory Guillot, jefe del Comando Norte de EE.UU., detall\u00f3 que se vigila a los c\u00e1rteles \u201ca trav\u00e9s de reconocimiento a\u00e9reo para obtener m\u00e1s informaci\u00f3n sobre ellos y averiguar c\u00f3mo contrarrestar sus acciones\u201d.<\/p>\n\n\n\n<p>Y agreg\u00f3 que el Pent\u00e1gono necesitar\u00e1 \u201cuna presencia mar\u00edtima significativamente mayor\u201d en el Golfo de M\u00e9xico, en cooperaci\u00f3n con la Guardia Costera.<\/p>\n\n\n\n<p>Por su parte, la presidenta Claudia Sheinbaum expres\u00f3 que no le \u201calarman\u201d los vuelos de espionaje de EE.UU. en M\u00e9xico, aunque adelant\u00f3 que solicitar\u00e1 al Gobierno de Donald Trump una explicaci\u00f3n.<\/p>\n","protected":false},"excerpt":{"rendered":"<p>Musk subray\u00f3 que la designaci\u00f3n de seis c\u00e1rteles de M\u00e9xico como organizaciones terroristas \u201csignifica que son elegibles para ataques con drones\u201d Elon Musk, jefe del nuevo Departamento de Eficiencia Gubernamental del Gobierno de Estados Unidos, se pronunci\u00f3 por atacar a los c\u00e1rteles mexicanos con drones. Mediante su cuenta de X, el magnate subray\u00f3 que la [&hellip;]<\/p>\n","protected":false},"author":47,"featured_media":102111,"comment_status":"open","ping_status":"open","sticky":false,"template":"","format":"standard","meta":{"tdm_status":"","tdm_grid_status":"","footnotes":""},"categories":[39],"tags":[],"class_list":{"0":"post-102110","1":"post","2":"type-post","3":"status-publish","4":"format-standard","5":"has-post-thumbnail","7":"category-noticias-nacionales"},"yoast_head":"<!-- This site is optimized with the Yoast SEO plugin v27.5 - https:\/\/yoast.com\/product\/yoast-seo-wordpress\/ -->\n<title>C\u00e1rteles mexicanos ya son elegibles para ataques con drones, afirma Elon Musk - Fuentes Fidedignas<\/title>\n<meta name=\"robots\" content=\"index, follow, max-snippet:-1, max-image-preview:large, max-video-preview:-1\" \/>\n<link rel=\"canonical\" href=\"https:\/\/fuentesfidedignas.com.mx\/index.php\/2025\/02\/19\/carteles-mexicanos-ya-son-elegibles-para-ataques-con-drones-afirma-elon-musk\/\" \/>\n<meta property=\"og:locale\" content=\"es_MX\" \/>\n<meta property=\"og:type\" content=\"article\" \/>\n<meta property=\"og:title\" content=\"C\u00e1rteles mexicanos ya son elegibles para ataques con drones, afirma Elon Musk - Fuentes Fidedignas\" \/>\n<meta property=\"og:description\" content=\"Musk subray\u00f3 que la designaci\u00f3n de seis c\u00e1rteles de M\u00e9xico como organizaciones terroristas \u201csignifica que son elegibles para ataques con drones\u201d Elon Musk, jefe del nuevo Departamento de Eficiencia Gubernamental del Gobierno de Estados Unidos, se pronunci\u00f3 por atacar a los c\u00e1rteles mexicanos con drones. Mediante su cuenta de X, el magnate subray\u00f3 que la [&hellip;]\" \/>\n<meta property=\"og:url\" content=\"https:\/\/fuentesfidedignas.com.mx\/index.php\/2025\/02\/19\/carteles-mexicanos-ya-son-elegibles-para-ataques-con-drones-afirma-elon-musk\/\" \/>\n<meta property=\"og:site_name\" content=\"Fuentes Fidedignas\" \/>\n<meta property=\"article:publisher\" content=\"https:\/\/www.facebook.com\/Fuentes-Fidedignas-368234489921644\" \/>\n<meta property=\"article:published_time\" content=\"2025-02-19T23:38:00+00:00\" \/>\n<meta property=\"article:modified_time\" content=\"2025-02-20T00:44:02+00:00\" \/>\n<meta property=\"og:image\" content=\"https:\/\/fuentesfidedignas.com.mx\/wp-content\/uploads\/2025\/02\/drone-mq-9a-reaper.jpg\" \/>\n\t<meta property=\"og:image:width\" content=\"600\" \/>\n\t<meta property=\"og:image:height\" content=\"337\" \/>\n\t<meta property=\"og:image:type\" content=\"image\/jpeg\" \/>\n<meta name=\"author\" content=\"L\u00f3pez D\u00f3riga\" \/>\n<meta name=\"twitter:card\" content=\"summary_large_image\" \/>\n<meta name=\"twitter:creator\" content=\"@fidedignas\" \/>\n<meta name=\"twitter:site\" content=\"@fidedignas\" \/>\n<meta name=\"twitter:label1\" content=\"Escrito por\" \/>\n\t<meta name=\"twitter:data1\" content=\"L\u00f3pez D\u00f3riga\" \/>\n\t<meta name=\"twitter:label2\" content=\"Tiempo de lectura\" \/>\n\t<meta name=\"twitter:data2\" content=\"2 minutos\" \/>\n<script type=\"application\/ld+json\" class=\"yoast-schema-graph\">{\"@context\":\"https:\\\/\\\/schema.org\",\"@graph\":[{\"@type\":\"Article\",\"@id\":\"https:\\\/\\\/fuentesfidedignas.com.mx\\\/index.php\\\/2025\\\/02\\\/19\\\/carteles-mexicanos-ya-son-elegibles-para-ataques-con-drones-afirma-elon-musk\\\/#article\",\"isPartOf\":{\"@id\":\"https:\\\/\\\/fuentesfidedignas.com.mx\\\/index.php\\\/2025\\\/02\\\/19\\\/carteles-mexicanos-ya-son-elegibles-para-ataques-con-drones-afirma-elon-musk\\\/\"},\"author\":{\"name\":\"L\u00f3pez D\u00f3riga\",\"@id\":\"https:\\\/\\\/fuentesfidedignas.com.mx\\\/#\\\/schema\\\/person\\\/67d852f0557c8509146a4b9ddebd543a\"},\"headline\":\"C\u00e1rteles mexicanos ya son elegibles para ataques con drones, afirma Elon Musk\",\"datePublished\":\"2025-02-19T23:38:00+00:00\",\"dateModified\":\"2025-02-20T00:44:02+00:00\",\"mainEntityOfPage\":{\"@id\":\"https:\\\/\\\/fuentesfidedignas.com.mx\\\/index.php\\\/2025\\\/02\\\/19\\\/carteles-mexicanos-ya-son-elegibles-para-ataques-con-drones-afirma-elon-musk\\\/\"},\"wordCount\":370,\"commentCount\":0,\"publisher\":{\"@id\":\"https:\\\/\\\/fuentesfidedignas.com.mx\\\/#organization\"},\"image\":{\"@id\":\"https:\\\/\\\/fuentesfidedignas.com.mx\\\/index.php\\\/2025\\\/02\\\/19\\\/carteles-mexicanos-ya-son-elegibles-para-ataques-con-drones-afirma-elon-musk\\\/#primaryimage\"},\"thumbnailUrl\":\"https:\\\/\\\/fuentesfidedignas.com.mx\\\/wp-content\\\/uploads\\\/2025\\\/02\\\/drone-mq-9a-reaper.jpg\",\"articleSection\":[\"NOTICIAS NACIONALES\"],\"inLanguage\":\"es\",\"potentialAction\":[{\"@type\":\"CommentAction\",\"name\":\"Comment\",\"target\":[\"https:\\\/\\\/fuentesfidedignas.com.mx\\\/index.php\\\/2025\\\/02\\\/19\\\/carteles-mexicanos-ya-son-elegibles-para-ataques-con-drones-afirma-elon-musk\\\/#respond\"]}]},{\"@type\":\"WebPage\",\"@id\":\"https:\\\/\\\/fuentesfidedignas.com.mx\\\/index.php\\\/2025\\\/02\\\/19\\\/carteles-mexicanos-ya-son-elegibles-para-ataques-con-drones-afirma-elon-musk\\\/\",\"url\":\"https:\\\/\\\/fuentesfidedignas.com.mx\\\/index.php\\\/2025\\\/02\\\/19\\\/carteles-mexicanos-ya-son-elegibles-para-ataques-con-drones-afirma-elon-musk\\\/\",\"name\":\"C\u00e1rteles mexicanos ya son elegibles para ataques con drones, afirma Elon Musk - Fuentes Fidedignas\",\"isPartOf\":{\"@id\":\"https:\\\/\\\/fuentesfidedignas.com.mx\\\/#website\"},\"primaryImageOfPage\":{\"@id\":\"https:\\\/\\\/fuentesfidedignas.com.mx\\\/index.php\\\/2025\\\/02\\\/19\\\/carteles-mexicanos-ya-son-elegibles-para-ataques-con-drones-afirma-elon-musk\\\/#primaryimage\"},\"image\":{\"@id\":\"https:\\\/\\\/fuentesfidedignas.com.mx\\\/index.php\\\/2025\\\/02\\\/19\\\/carteles-mexicanos-ya-son-elegibles-para-ataques-con-drones-afirma-elon-musk\\\/#primaryimage\"},\"thumbnailUrl\":\"https:\\\/\\\/fuentesfidedignas.com.mx\\\/wp-content\\\/uploads\\\/2025\\\/02\\\/drone-mq-9a-reaper.jpg\",\"datePublished\":\"2025-02-19T23:38:00+00:00\",\"dateModified\":\"2025-02-20T00:44:02+00:00\",\"breadcrumb\":{\"@id\":\"https:\\\/\\\/fuentesfidedignas.com.mx\\\/index.php\\\/2025\\\/02\\\/19\\\/carteles-mexicanos-ya-son-elegibles-para-ataques-con-drones-afirma-elon-musk\\\/#breadcrumb\"},\"inLanguage\":\"es\",\"potentialAction\":[{\"@type\":\"ReadAction\",\"target\":[\"https:\\\/\\\/fuentesfidedignas.com.mx\\\/index.php\\\/2025\\\/02\\\/19\\\/carteles-mexicanos-ya-son-elegibles-para-ataques-con-drones-afirma-elon-musk\\\/\"]}]},{\"@type\":\"ImageObject\",\"inLanguage\":\"es\",\"@id\":\"https:\\\/\\\/fuentesfidedignas.com.mx\\\/index.php\\\/2025\\\/02\\\/19\\\/carteles-mexicanos-ya-son-elegibles-para-ataques-con-drones-afirma-elon-musk\\\/#primaryimage\",\"url\":\"https:\\\/\\\/fuentesfidedignas.com.mx\\\/wp-content\\\/uploads\\\/2025\\\/02\\\/drone-mq-9a-reaper.jpg\",\"contentUrl\":\"https:\\\/\\\/fuentesfidedignas.com.mx\\\/wp-content\\\/uploads\\\/2025\\\/02\\\/drone-mq-9a-reaper.jpg\",\"width\":600,\"height\":337},{\"@type\":\"BreadcrumbList\",\"@id\":\"https:\\\/\\\/fuentesfidedignas.com.mx\\\/index.php\\\/2025\\\/02\\\/19\\\/carteles-mexicanos-ya-son-elegibles-para-ataques-con-drones-afirma-elon-musk\\\/#breadcrumb\",\"itemListElement\":[{\"@type\":\"ListItem\",\"position\":1,\"name\":\"Inicio\",\"item\":\"https:\\\/\\\/fuentesfidedignas.com.mx\\\/\"},{\"@type\":\"ListItem\",\"position\":2,\"name\":\"C\u00e1rteles mexicanos ya son elegibles para ataques con drones, afirma Elon Musk\"}]},{\"@type\":\"WebSite\",\"@id\":\"https:\\\/\\\/fuentesfidedignas.com.mx\\\/#website\",\"url\":\"https:\\\/\\\/fuentesfidedignas.com.mx\\\/\",\"name\":\"Fuentes Fidedignas\",\"description\":\"Otro sitio realizado con WordPress\",\"publisher\":{\"@id\":\"https:\\\/\\\/fuentesfidedignas.com.mx\\\/#organization\"},\"potentialAction\":[{\"@type\":\"SearchAction\",\"target\":{\"@type\":\"EntryPoint\",\"urlTemplate\":\"https:\\\/\\\/fuentesfidedignas.com.mx\\\/?s={search_term_string}\"},\"query-input\":{\"@type\":\"PropertyValueSpecification\",\"valueRequired\":true,\"valueName\":\"search_term_string\"}}],\"inLanguage\":\"es\"},{\"@type\":\"Organization\",\"@id\":\"https:\\\/\\\/fuentesfidedignas.com.mx\\\/#organization\",\"name\":\"Fuentes Fidedignas\",\"url\":\"https:\\\/\\\/fuentesfidedignas.com.mx\\\/\",\"logo\":{\"@type\":\"ImageObject\",\"inLanguage\":\"es\",\"@id\":\"https:\\\/\\\/fuentesfidedignas.com.mx\\\/#\\\/schema\\\/logo\\\/image\\\/\",\"url\":\"https:\\\/\\\/fuentesfidedignas.com.mx\\\/wp-content\\\/uploads\\\/2021\\\/04\\\/logo-retina.png\",\"contentUrl\":\"https:\\\/\\\/fuentesfidedignas.com.mx\\\/wp-content\\\/uploads\\\/2021\\\/04\\\/logo-retina.png\",\"width\":280,\"height\":51,\"caption\":\"Fuentes Fidedignas\"},\"image\":{\"@id\":\"https:\\\/\\\/fuentesfidedignas.com.mx\\\/#\\\/schema\\\/logo\\\/image\\\/\"},\"sameAs\":[\"https:\\\/\\\/www.facebook.com\\\/Fuentes-Fidedignas-368234489921644\",\"https:\\\/\\\/x.com\\\/fidedignas\"]},{\"@type\":\"Person\",\"@id\":\"https:\\\/\\\/fuentesfidedignas.com.mx\\\/#\\\/schema\\\/person\\\/67d852f0557c8509146a4b9ddebd543a\",\"name\":\"L\u00f3pez D\u00f3riga\",\"image\":{\"@type\":\"ImageObject\",\"inLanguage\":\"es\",\"@id\":\"https:\\\/\\\/secure.gravatar.com\\\/avatar\\\/e525b06574ca18b33cded59dfe5778d6c823b9513154eff47da551b0551bdd1e?s=96&d=mm&r=g\",\"url\":\"https:\\\/\\\/secure.gravatar.com\\\/avatar\\\/e525b06574ca18b33cded59dfe5778d6c823b9513154eff47da551b0551bdd1e?s=96&d=mm&r=g\",\"contentUrl\":\"https:\\\/\\\/secure.gravatar.com\\\/avatar\\\/e525b06574ca18b33cded59dfe5778d6c823b9513154eff47da551b0551bdd1e?s=96&d=mm&r=g\",\"caption\":\"L\u00f3pez D\u00f3riga\"},\"url\":\"https:\\\/\\\/fuentesfidedignas.com.mx\\\/index.php\\\/author\\\/doriga\\\/\"}]}<\/script>\n<!-- \/ Yoast SEO plugin. -->","yoast_head_json":{"title":"C\u00e1rteles mexicanos ya son elegibles para ataques con drones, afirma Elon Musk - Fuentes Fidedignas","robots":{"index":"index","follow":"follow","max-snippet":"max-snippet:-1","max-image-preview":"max-image-preview:large","max-video-preview":"max-video-preview:-1"},"canonical":"https:\/\/fuentesfidedignas.com.mx\/index.php\/2025\/02\/19\/carteles-mexicanos-ya-son-elegibles-para-ataques-con-drones-afirma-elon-musk\/","og_locale":"es_MX","og_type":"article","og_title":"C\u00e1rteles mexicanos ya son elegibles para ataques con drones, afirma Elon Musk - Fuentes Fidedignas","og_description":"Musk subray\u00f3 que la designaci\u00f3n de seis c\u00e1rteles de M\u00e9xico como organizaciones terroristas \u201csignifica que son elegibles para ataques con drones\u201d Elon Musk, jefe del nuevo Departamento de Eficiencia Gubernamental del Gobierno de Estados Unidos, se pronunci\u00f3 por atacar a los c\u00e1rteles mexicanos con drones. Mediante su cuenta de X, el magnate subray\u00f3 que la [&hellip;]","og_url":"https:\/\/fuentesfidedignas.com.mx\/index.php\/2025\/02\/19\/carteles-mexicanos-ya-son-elegibles-para-ataques-con-drones-afirma-elon-musk\/","og_site_name":"Fuentes Fidedignas","article_publisher":"https:\/\/www.facebook.com\/Fuentes-Fidedignas-368234489921644","article_published_time":"2025-02-19T23:38:00+00:00","article_modified_time":"2025-02-20T00:44:02+00:00","og_image":[{"width":600,"height":337,"url":"https:\/\/fuentesfidedignas.com.mx\/wp-content\/uploads\/2025\/02\/drone-mq-9a-reaper.jpg","type":"image\/jpeg"}],"author":"L\u00f3pez D\u00f3riga","twitter_card":"summary_large_image","twitter_creator":"@fidedignas","twitter_site":"@fidedignas","twitter_misc":{"Escrito por":"L\u00f3pez D\u00f3riga","Tiempo de lectura":"2 minutos"},"schema":{"@context":"https:\/\/schema.org","@graph":[{"@type":"Article","@id":"https:\/\/fuentesfidedignas.com.mx\/index.php\/2025\/02\/19\/carteles-mexicanos-ya-son-elegibles-para-ataques-con-drones-afirma-elon-musk\/#article","isPartOf":{"@id":"https:\/\/fuentesfidedignas.com.mx\/index.php\/2025\/02\/19\/carteles-mexicanos-ya-son-elegibles-para-ataques-con-drones-afirma-elon-musk\/"},"author":{"name":"L\u00f3pez D\u00f3riga","@id":"https:\/\/fuentesfidedignas.com.mx\/#\/schema\/person\/67d852f0557c8509146a4b9ddebd543a"},"headline":"C\u00e1rteles mexicanos ya son elegibles para ataques con drones, afirma Elon Musk","datePublished":"2025-02-19T23:38:00+00:00","dateModified":"2025-02-20T00:44:02+00:00","mainEntityOfPage":{"@id":"https:\/\/fuentesfidedignas.com.mx\/index.php\/2025\/02\/19\/carteles-mexicanos-ya-son-elegibles-para-ataques-con-drones-afirma-elon-musk\/"},"wordCount":370,"commentCount":0,"publisher":{"@id":"https:\/\/fuentesfidedignas.com.mx\/#organization"},"image":{"@id":"https:\/\/fuentesfidedignas.com.mx\/index.php\/2025\/02\/19\/carteles-mexicanos-ya-son-elegibles-para-ataques-con-drones-afirma-elon-musk\/#primaryimage"},"thumbnailUrl":"https:\/\/fuentesfidedignas.com.mx\/wp-content\/uploads\/2025\/02\/drone-mq-9a-reaper.jpg","articleSection":["NOTICIAS NACIONALES"],"inLanguage":"es","potentialAction":[{"@type":"CommentAction","name":"Comment","target":["https:\/\/fuentesfidedignas.com.mx\/index.php\/2025\/02\/19\/carteles-mexicanos-ya-son-elegibles-para-ataques-con-drones-afirma-elon-musk\/#respond"]}]},{"@type":"WebPage","@id":"https:\/\/fuentesfidedignas.com.mx\/index.php\/2025\/02\/19\/carteles-mexicanos-ya-son-elegibles-para-ataques-con-drones-afirma-elon-musk\/","url":"https:\/\/fuentesfidedignas.com.mx\/index.php\/2025\/02\/19\/carteles-mexicanos-ya-son-elegibles-para-ataques-con-drones-afirma-elon-musk\/","name":"C\u00e1rteles mexicanos ya son elegibles para ataques con drones, afirma Elon Musk - Fuentes Fidedignas","isPartOf":{"@id":"https:\/\/fuentesfidedignas.com.mx\/#website"},"primaryImageOfPage":{"@id":"https:\/\/fuentesfidedignas.com.mx\/index.php\/2025\/02\/19\/carteles-mexicanos-ya-son-elegibles-para-ataques-con-drones-afirma-elon-musk\/#primaryimage"},"image":{"@id":"https:\/\/fuentesfidedignas.com.mx\/index.php\/2025\/02\/19\/carteles-mexicanos-ya-son-elegibles-para-ataques-con-drones-afirma-elon-musk\/#primaryimage"},"thumbnailUrl":"https:\/\/fuentesfidedignas.com.mx\/wp-content\/uploads\/2025\/02\/drone-mq-9a-reaper.jpg","datePublished":"2025-02-19T23:38:00+00:00","dateModified":"2025-02-20T00:44:02+00:00","breadcrumb":{"@id":"https:\/\/fuentesfidedignas.com.mx\/index.php\/2025\/02\/19\/carteles-mexicanos-ya-son-elegibles-para-ataques-con-drones-afirma-elon-musk\/#breadcrumb"},"inLanguage":"es","potentialAction":[{"@type":"ReadAction","target":["https:\/\/fuentesfidedignas.com.mx\/index.php\/2025\/02\/19\/carteles-mexicanos-ya-son-elegibles-para-ataques-con-drones-afirma-elon-musk\/"]}]},{"@type":"ImageObject","inLanguage":"es","@id":"https:\/\/fuentesfidedignas.com.mx\/index.php\/2025\/02\/19\/carteles-mexicanos-ya-son-elegibles-para-ataques-con-drones-afirma-elon-musk\/#primaryimage","url":"https:\/\/fuentesfidedignas.com.mx\/wp-content\/uploads\/2025\/02\/drone-mq-9a-reaper.jpg","contentUrl":"https:\/\/fuentesfidedignas.com.mx\/wp-content\/uploads\/2025\/02\/drone-mq-9a-reaper.jpg","width":600,"height":337},{"@type":"BreadcrumbList","@id":"https:\/\/fuentesfidedignas.com.mx\/index.php\/2025\/02\/19\/carteles-mexicanos-ya-son-elegibles-para-ataques-con-drones-afirma-elon-musk\/#breadcrumb","itemListElement":[{"@type":"ListItem","position":1,"name":"Inicio","item":"https:\/\/fuentesfidedignas.com.mx\/"},{"@type":"ListItem","position":2,"name":"C\u00e1rteles mexicanos ya son elegibles para ataques con drones, afirma Elon Musk"}]},{"@type":"WebSite","@id":"https:\/\/fuentesfidedignas.com.mx\/#website","url":"https:\/\/fuentesfidedignas.com.mx\/","name":"Fuentes Fidedignas","description":"Otro sitio realizado con WordPress","publisher":{"@id":"https:\/\/fuentesfidedignas.com.mx\/#organization"},"potentialAction":[{"@type":"SearchAction","target":{"@type":"EntryPoint","urlTemplate":"https:\/\/fuentesfidedignas.com.mx\/?s={search_term_string}"},"query-input":{"@type":"PropertyValueSpecification","valueRequired":true,"valueName":"search_term_string"}}],"inLanguage":"es"},{"@type":"Organization","@id":"https:\/\/fuentesfidedignas.com.mx\/#organization","name":"Fuentes Fidedignas","url":"https:\/\/fuentesfidedignas.com.mx\/","logo":{"@type":"ImageObject","inLanguage":"es","@id":"https:\/\/fuentesfidedignas.com.mx\/#\/schema\/logo\/image\/","url":"https:\/\/fuentesfidedignas.com.mx\/wp-content\/uploads\/2021\/04\/logo-retina.png","contentUrl":"https:\/\/fuentesfidedignas.com.mx\/wp-content\/uploads\/2021\/04\/logo-retina.png","width":280,"height":51,"caption":"Fuentes Fidedignas"},"image":{"@id":"https:\/\/fuentesfidedignas.com.mx\/#\/schema\/logo\/image\/"},"sameAs":["https:\/\/www.facebook.com\/Fuentes-Fidedignas-368234489921644","https:\/\/x.com\/fidedignas"]},{"@type":"Person","@id":"https:\/\/fuentesfidedignas.com.mx\/#\/schema\/person\/67d852f0557c8509146a4b9ddebd543a","name":"L\u00f3pez D\u00f3riga","image":{"@type":"ImageObject","inLanguage":"es","@id":"https:\/\/secure.gravatar.com\/avatar\/e525b06574ca18b33cded59dfe5778d6c823b9513154eff47da551b0551bdd1e?s=96&d=mm&r=g","url":"https:\/\/secure.gravatar.com\/avatar\/e525b06574ca18b33cded59dfe5778d6c823b9513154eff47da551b0551bdd1e?s=96&d=mm&r=g","contentUrl":"https:\/\/secure.gravatar.com\/avatar\/e525b06574ca18b33cded59dfe5778d6c823b9513154eff47da551b0551bdd1e?s=96&d=mm&r=g","caption":"L\u00f3pez D\u00f3riga"},"url":"https:\/\/fuentesfidedignas.com.mx\/index.php\/author\/doriga\/"}]}},"_links":{"self":[{"href":"https:\/\/fuentesfidedignas.com.mx\/index.php\/wp-json\/wp\/v2\/posts\/102110","targetHints":{"allow":["GET"]}}],"collection":[{"href":"https:\/\/fuentesfidedignas.com.mx\/index.php\/wp-json\/wp\/v2\/posts"}],"about":[{"href":"https:\/\/fuentesfidedignas.com.mx\/index.php\/wp-json\/wp\/v2\/types\/post"}],"author":[{"embeddable":true,"href":"https:\/\/fuentesfidedignas.com.mx\/index.php\/wp-json\/wp\/v2\/users\/47"}],"replies":[{"embeddable":true,"href":"https:\/\/fuentesfidedignas.com.mx\/index.php\/wp-json\/wp\/v2\/comments?post=102110"}],"version-history":[{"count":2,"href":"https:\/\/fuentesfidedignas.com.mx\/index.php\/wp-json\/wp\/v2\/posts\/102110\/revisions"}],"predecessor-version":[{"id":102113,"href":"https:\/\/fuentesfidedignas.com.mx\/index.php\/wp-json\/wp\/v2\/posts\/102110\/revisions\/102113"}],"wp:featuredmedia":[{"embeddable":true,"href":"https:\/\/fuentesfidedignas.com.mx\/index.php\/wp-json\/wp\/v2\/media\/102111"}],"wp:attachment":[{"href":"https:\/\/fuentesfidedignas.com.mx\/index.php\/wp-json\/wp\/v2\/media?parent=102110"}],"wp:term":[{"taxonomy":"category","embeddable":true,"href":"https:\/\/fuentesfidedignas.com.mx\/index.php\/wp-json\/wp\/v2\/categories?post=102110"},{"taxonomy":"post_tag","embeddable":true,"href":"https:\/\/fuentesfidedignas.com.mx\/index.php\/wp-json\/wp\/v2\/tags?post=102110"}],"curies":[{"name":"wp","href":"https:\/\/api.w.org\/{rel}","templated":true}]}}