{"id":102047,"date":"2025-02-19T04:31:00","date_gmt":"2025-02-19T11:31:00","guid":{"rendered":"https:\/\/fuentesfidedignas.com.mx\/?p=102047"},"modified":"2025-02-18T21:35:23","modified_gmt":"2025-02-19T04:35:23","slug":"descubren-el-asentamiento-castillo-viejo-en-zona-arqueologica-de-chichen-itza","status":"publish","type":"post","link":"https:\/\/fuentesfidedignas.com.mx\/index.php\/2025\/02\/19\/descubren-el-asentamiento-castillo-viejo-en-zona-arqueologica-de-chichen-itza\/","title":{"rendered":"Descubren el asentamiento \u2018Castillo Viejo\u2019 en zona arqueol\u00f3gica de Chich\u00e9n Itz\u00e1"},"content":{"rendered":"\n<p><strong><em>Investigadores detallaron nuevos hallazgos en Chich\u00e9n Itz\u00e1, considerada la zona arqueol\u00f3gica m\u00e1s visitada de M\u00e9xico y Am\u00e9rica<\/em><\/strong><\/p>\n\n\n\n<p>La zona arqueol\u00f3gica de Chich\u00e9n Itz\u00e1, la m\u00e1s visitada de M\u00e9xico y Am\u00e9rica con 2.3 millones de viajeros al a\u00f1o, sigue develando misterios, con el descubrimiento del asentamiento denominado \u2018Castillo Viejo\u2019, seg\u00fan explicaron investigadores.<\/p>\n\n\n\n<p>El director de Proyectos Arqueol\u00f3gicos de Chich\u00e9n Itz\u00e1, Jos\u00e9 Osorio Le\u00f3n, indic\u00f3 a EFE que este nuevo n\u00facleo en investigaci\u00f3n se ubica al noroeste de Chich\u00e9n Viejo y es una zona de monumentos importantes, con elementos especiales que datan del Cl\u00e1sico Tard\u00edo (600 a 900 despu\u00e9s de Cristo).<\/p>\n\n\n\n<p>Adem\u00e1s, gracias a la tecnolog\u00eda lidar (acr\u00f3nimo en ingl\u00e9s de Light Detection and Ranging) conocen m\u00e1s a detalle el asentamiento del \u2018Castillo Viejo\u2019, que tiene una extensi\u00f3n promedio de 30 kil\u00f3metros cuadrados.<\/p>\n\n\n\n<p>&#8220;Chich\u00e9n Itz\u00e1 tiene un largo periodo de ocupaci\u00f3n y se est\u00e1 investigando poco a poco\u201d, explic\u00f3 el exdirector de la zona arqueol\u00f3gica, Patrimonio Mundial de la Humanidad desde 1988 y maravilla del mundo moderno desde 2007.<\/p>\n\n\n\n<p>Sobre el sitio \u2018Castillo Viejo\u2019, Osorio Le\u00f3n dijo que se le denomina as\u00ed porque el n\u00facleo tiene una estructura piramidal de altura considerable, y es uno de los tres edificios m\u00e1s altos de Chich\u00e9n Itz\u00e1, despu\u00e9s del Castillo de Kukulc\u00e1n y El Osario, ambos abiertos al p\u00fablico.<\/p>\n\n\n\n<p>Osorio Le\u00f3n se\u00f1al\u00f3 que no se trata de un palacio maya, \u201ccomo se tiene en mente\u201d, sino una estructura piramidal con acceso escalonado y un templo superior sin intervenciones anteriores.<\/p>\n\n\n\n<p>El \u2018Castillo Viejo\u2019, que ya se conoc\u00eda desde los a\u00f1os 30, forma parte de un conjunto que es la base de palacios y templos muy particulares, como los que se encuentran en la parte central de Chich\u00e9n Itz\u00e1.<\/p>\n\n\n\n<p>El investigador apunt\u00f3 que ya se ten\u00eda un levantamiento arqueol\u00f3gico, topogr\u00e1fico y arquitect\u00f3nico del sitio, pero con el lidar se redefinieron los registros de esa \u00e9poca, llevando al descubrimiento de \u201cnuevas estructuras que dan continuidad al asentamiento\u201d.<\/p>\n\n\n\n<p>Al mezclar los nuevos planos con los registros primarios, tambi\u00e9n notaron que se vincula directamente con los Sacb\u00e9s (Camino blanco) en Chich\u00e9n Itz\u00e1, que podr\u00edan aumentar de 102 hasta 130 con los descubiertos en el nuevo n\u00facleo.<\/p>\n\n\n\n<p>El investigador revel\u00f3 que a la par trabajan en un proyecto de senderos con intervenci\u00f3n de \u00e1reas habitacionales que se incluir\u00e1n en recorridos ecoarqueol\u00f3gicos en el trayecto de acceso a Chich\u00e9n Viejo \u201cpara conocer \u00e1reas habitacionales, donde vivi\u00f3 la poblaci\u00f3n que construy\u00f3 los grandes monumentos\u201d.<\/p>\n\n\n\n<p><strong>Preparan festejos de primer aniversario del Gran Museo<\/strong><br>Por otra parte, la nueva directora de Chich\u00e9n Itz\u00e1, Mar\u00eda Guadalupe Espinosa Rodr\u00edguez, dijo a EFE que el pr\u00f3ximo 28 de febrero celebrar\u00e1n \u201cen grande\u201d el primer aniversario del Gran Museo de Chich\u00e9n Itz\u00e1.<\/p>\n\n\n\n<p>&#8220;Habr\u00e1 conversatorios sobre las investigaciones m\u00e1s recientes de arqueolog\u00eda terrestre y subacu\u00e1tica realizada en el Chich\u00e9n y el Cenote Sagrado\u201d, indic\u00f3.<\/p>\n\n\n\n<p>El Gran Museo de Chich\u00e9n Itz\u00e1 tiene 322 piezas que cautivan a visitantes locales, nacionales e internacionales, desde vasijas y joyer\u00eda hallada en el Cenote Sagrado, hasta un aro del juego de pelota, La fachada del Osario e incensarios antropomorfos.<\/p>\n\n\n\n<p>En el evento participar\u00e1n Helena Barba Meinecke, investigadora responsable de la Arqueolog\u00eda Subacu\u00e1tica en la Pen\u00ednsula de Yucat\u00e1n, y Guillermo de Anda, \u201cque ha tenido un papel fundamental en el Gran Acu\u00edfero Maya\u201d, indic\u00f3 la directora.<\/p>\n","protected":false},"excerpt":{"rendered":"<p>Investigadores detallaron nuevos hallazgos en Chich\u00e9n Itz\u00e1, considerada la zona arqueol\u00f3gica m\u00e1s visitada de M\u00e9xico y Am\u00e9rica La zona arqueol\u00f3gica de Chich\u00e9n Itz\u00e1, la m\u00e1s visitada de M\u00e9xico y Am\u00e9rica con 2.3 millones de viajeros al a\u00f1o, sigue develando misterios, con el descubrimiento del asentamiento denominado \u2018Castillo Viejo\u2019, seg\u00fan explicaron investigadores. El director de Proyectos [&hellip;]<\/p>\n","protected":false},"author":22,"featured_media":102048,"comment_status":"open","ping_status":"open","sticky":false,"template":"","format":"standard","meta":{"tdm_status":"","tdm_grid_status":"","footnotes":""},"categories":[40],"tags":[],"class_list":{"0":"post-102047","1":"post","2":"type-post","3":"status-publish","4":"format-standard","5":"has-post-thumbnail","7":"category-las-asombrosas"},"yoast_head":"<!-- This site is optimized with the Yoast SEO plugin v27.5 - https:\/\/yoast.com\/product\/yoast-seo-wordpress\/ -->\n<title>Descubren el asentamiento \u2018Castillo Viejo\u2019 en zona arqueol\u00f3gica de Chich\u00e9n Itz\u00e1 - Fuentes Fidedignas<\/title>\n<meta name=\"robots\" content=\"index, follow, max-snippet:-1, max-image-preview:large, max-video-preview:-1\" \/>\n<link rel=\"canonical\" href=\"https:\/\/fuentesfidedignas.com.mx\/index.php\/2025\/02\/19\/descubren-el-asentamiento-castillo-viejo-en-zona-arqueologica-de-chichen-itza\/\" \/>\n<meta property=\"og:locale\" content=\"es_MX\" \/>\n<meta property=\"og:type\" content=\"article\" \/>\n<meta property=\"og:title\" content=\"Descubren el asentamiento \u2018Castillo Viejo\u2019 en zona arqueol\u00f3gica de Chich\u00e9n Itz\u00e1 - Fuentes Fidedignas\" \/>\n<meta property=\"og:description\" content=\"Investigadores detallaron nuevos hallazgos en Chich\u00e9n Itz\u00e1, considerada la zona arqueol\u00f3gica m\u00e1s visitada de M\u00e9xico y Am\u00e9rica La zona arqueol\u00f3gica de Chich\u00e9n Itz\u00e1, la m\u00e1s visitada de M\u00e9xico y Am\u00e9rica con 2.3 millones de viajeros al a\u00f1o, sigue develando misterios, con el descubrimiento del asentamiento denominado \u2018Castillo Viejo\u2019, seg\u00fan explicaron investigadores. El director de Proyectos [&hellip;]\" \/>\n<meta property=\"og:url\" content=\"https:\/\/fuentesfidedignas.com.mx\/index.php\/2025\/02\/19\/descubren-el-asentamiento-castillo-viejo-en-zona-arqueologica-de-chichen-itza\/\" \/>\n<meta property=\"og:site_name\" content=\"Fuentes Fidedignas\" \/>\n<meta property=\"article:publisher\" content=\"https:\/\/www.facebook.com\/Fuentes-Fidedignas-368234489921644\" \/>\n<meta property=\"article:published_time\" content=\"2025-02-19T11:31:00+00:00\" \/>\n<meta property=\"og:image\" content=\"https:\/\/fuentesfidedignas.com.mx\/wp-content\/uploads\/2025\/02\/chichen-itza.jpg\" \/>\n\t<meta property=\"og:image:width\" content=\"600\" \/>\n\t<meta property=\"og:image:height\" content=\"400\" \/>\n\t<meta property=\"og:image:type\" content=\"image\/jpeg\" \/>\n<meta name=\"author\" content=\"EFE\" \/>\n<meta name=\"twitter:card\" content=\"summary_large_image\" \/>\n<meta name=\"twitter:creator\" content=\"@fidedignas\" \/>\n<meta name=\"twitter:site\" content=\"@fidedignas\" \/>\n<meta name=\"twitter:label1\" content=\"Escrito por\" \/>\n\t<meta name=\"twitter:data1\" content=\"EFE\" \/>\n\t<meta name=\"twitter:label2\" content=\"Tiempo de lectura\" \/>\n\t<meta name=\"twitter:data2\" content=\"3 minutos\" \/>\n<script type=\"application\/ld+json\" class=\"yoast-schema-graph\">{\"@context\":\"https:\\\/\\\/schema.org\",\"@graph\":[{\"@type\":\"Article\",\"@id\":\"https:\\\/\\\/fuentesfidedignas.com.mx\\\/index.php\\\/2025\\\/02\\\/19\\\/descubren-el-asentamiento-castillo-viejo-en-zona-arqueologica-de-chichen-itza\\\/#article\",\"isPartOf\":{\"@id\":\"https:\\\/\\\/fuentesfidedignas.com.mx\\\/index.php\\\/2025\\\/02\\\/19\\\/descubren-el-asentamiento-castillo-viejo-en-zona-arqueologica-de-chichen-itza\\\/\"},\"author\":{\"name\":\"EFE\",\"@id\":\"https:\\\/\\\/fuentesfidedignas.com.mx\\\/#\\\/schema\\\/person\\\/0d44615087b5a626d5d3f13afe31ac41\"},\"headline\":\"Descubren el asentamiento \u2018Castillo Viejo\u2019 en zona arqueol\u00f3gica de Chich\u00e9n Itz\u00e1\",\"datePublished\":\"2025-02-19T11:31:00+00:00\",\"mainEntityOfPage\":{\"@id\":\"https:\\\/\\\/fuentesfidedignas.com.mx\\\/index.php\\\/2025\\\/02\\\/19\\\/descubren-el-asentamiento-castillo-viejo-en-zona-arqueologica-de-chichen-itza\\\/\"},\"wordCount\":617,\"commentCount\":0,\"publisher\":{\"@id\":\"https:\\\/\\\/fuentesfidedignas.com.mx\\\/#organization\"},\"image\":{\"@id\":\"https:\\\/\\\/fuentesfidedignas.com.mx\\\/index.php\\\/2025\\\/02\\\/19\\\/descubren-el-asentamiento-castillo-viejo-en-zona-arqueologica-de-chichen-itza\\\/#primaryimage\"},\"thumbnailUrl\":\"https:\\\/\\\/fuentesfidedignas.com.mx\\\/wp-content\\\/uploads\\\/2025\\\/02\\\/chichen-itza.jpg\",\"articleSection\":[\"LAS ASOMBROSAS\"],\"inLanguage\":\"es\",\"potentialAction\":[{\"@type\":\"CommentAction\",\"name\":\"Comment\",\"target\":[\"https:\\\/\\\/fuentesfidedignas.com.mx\\\/index.php\\\/2025\\\/02\\\/19\\\/descubren-el-asentamiento-castillo-viejo-en-zona-arqueologica-de-chichen-itza\\\/#respond\"]}]},{\"@type\":\"WebPage\",\"@id\":\"https:\\\/\\\/fuentesfidedignas.com.mx\\\/index.php\\\/2025\\\/02\\\/19\\\/descubren-el-asentamiento-castillo-viejo-en-zona-arqueologica-de-chichen-itza\\\/\",\"url\":\"https:\\\/\\\/fuentesfidedignas.com.mx\\\/index.php\\\/2025\\\/02\\\/19\\\/descubren-el-asentamiento-castillo-viejo-en-zona-arqueologica-de-chichen-itza\\\/\",\"name\":\"Descubren el asentamiento \u2018Castillo Viejo\u2019 en zona arqueol\u00f3gica de Chich\u00e9n Itz\u00e1 - Fuentes Fidedignas\",\"isPartOf\":{\"@id\":\"https:\\\/\\\/fuentesfidedignas.com.mx\\\/#website\"},\"primaryImageOfPage\":{\"@id\":\"https:\\\/\\\/fuentesfidedignas.com.mx\\\/index.php\\\/2025\\\/02\\\/19\\\/descubren-el-asentamiento-castillo-viejo-en-zona-arqueologica-de-chichen-itza\\\/#primaryimage\"},\"image\":{\"@id\":\"https:\\\/\\\/fuentesfidedignas.com.mx\\\/index.php\\\/2025\\\/02\\\/19\\\/descubren-el-asentamiento-castillo-viejo-en-zona-arqueologica-de-chichen-itza\\\/#primaryimage\"},\"thumbnailUrl\":\"https:\\\/\\\/fuentesfidedignas.com.mx\\\/wp-content\\\/uploads\\\/2025\\\/02\\\/chichen-itza.jpg\",\"datePublished\":\"2025-02-19T11:31:00+00:00\",\"breadcrumb\":{\"@id\":\"https:\\\/\\\/fuentesfidedignas.com.mx\\\/index.php\\\/2025\\\/02\\\/19\\\/descubren-el-asentamiento-castillo-viejo-en-zona-arqueologica-de-chichen-itza\\\/#breadcrumb\"},\"inLanguage\":\"es\",\"potentialAction\":[{\"@type\":\"ReadAction\",\"target\":[\"https:\\\/\\\/fuentesfidedignas.com.mx\\\/index.php\\\/2025\\\/02\\\/19\\\/descubren-el-asentamiento-castillo-viejo-en-zona-arqueologica-de-chichen-itza\\\/\"]}]},{\"@type\":\"ImageObject\",\"inLanguage\":\"es\",\"@id\":\"https:\\\/\\\/fuentesfidedignas.com.mx\\\/index.php\\\/2025\\\/02\\\/19\\\/descubren-el-asentamiento-castillo-viejo-en-zona-arqueologica-de-chichen-itza\\\/#primaryimage\",\"url\":\"https:\\\/\\\/fuentesfidedignas.com.mx\\\/wp-content\\\/uploads\\\/2025\\\/02\\\/chichen-itza.jpg\",\"contentUrl\":\"https:\\\/\\\/fuentesfidedignas.com.mx\\\/wp-content\\\/uploads\\\/2025\\\/02\\\/chichen-itza.jpg\",\"width\":600,\"height\":400},{\"@type\":\"BreadcrumbList\",\"@id\":\"https:\\\/\\\/fuentesfidedignas.com.mx\\\/index.php\\\/2025\\\/02\\\/19\\\/descubren-el-asentamiento-castillo-viejo-en-zona-arqueologica-de-chichen-itza\\\/#breadcrumb\",\"itemListElement\":[{\"@type\":\"ListItem\",\"position\":1,\"name\":\"Inicio\",\"item\":\"https:\\\/\\\/fuentesfidedignas.com.mx\\\/\"},{\"@type\":\"ListItem\",\"position\":2,\"name\":\"Descubren el asentamiento \u2018Castillo Viejo\u2019 en zona arqueol\u00f3gica de Chich\u00e9n Itz\u00e1\"}]},{\"@type\":\"WebSite\",\"@id\":\"https:\\\/\\\/fuentesfidedignas.com.mx\\\/#website\",\"url\":\"https:\\\/\\\/fuentesfidedignas.com.mx\\\/\",\"name\":\"Fuentes Fidedignas\",\"description\":\"Otro sitio realizado con WordPress\",\"publisher\":{\"@id\":\"https:\\\/\\\/fuentesfidedignas.com.mx\\\/#organization\"},\"potentialAction\":[{\"@type\":\"SearchAction\",\"target\":{\"@type\":\"EntryPoint\",\"urlTemplate\":\"https:\\\/\\\/fuentesfidedignas.com.mx\\\/?s={search_term_string}\"},\"query-input\":{\"@type\":\"PropertyValueSpecification\",\"valueRequired\":true,\"valueName\":\"search_term_string\"}}],\"inLanguage\":\"es\"},{\"@type\":\"Organization\",\"@id\":\"https:\\\/\\\/fuentesfidedignas.com.mx\\\/#organization\",\"name\":\"Fuentes Fidedignas\",\"url\":\"https:\\\/\\\/fuentesfidedignas.com.mx\\\/\",\"logo\":{\"@type\":\"ImageObject\",\"inLanguage\":\"es\",\"@id\":\"https:\\\/\\\/fuentesfidedignas.com.mx\\\/#\\\/schema\\\/logo\\\/image\\\/\",\"url\":\"https:\\\/\\\/fuentesfidedignas.com.mx\\\/wp-content\\\/uploads\\\/2021\\\/04\\\/logo-retina.png\",\"contentUrl\":\"https:\\\/\\\/fuentesfidedignas.com.mx\\\/wp-content\\\/uploads\\\/2021\\\/04\\\/logo-retina.png\",\"width\":280,\"height\":51,\"caption\":\"Fuentes Fidedignas\"},\"image\":{\"@id\":\"https:\\\/\\\/fuentesfidedignas.com.mx\\\/#\\\/schema\\\/logo\\\/image\\\/\"},\"sameAs\":[\"https:\\\/\\\/www.facebook.com\\\/Fuentes-Fidedignas-368234489921644\",\"https:\\\/\\\/x.com\\\/fidedignas\"]},{\"@type\":\"Person\",\"@id\":\"https:\\\/\\\/fuentesfidedignas.com.mx\\\/#\\\/schema\\\/person\\\/0d44615087b5a626d5d3f13afe31ac41\",\"name\":\"EFE\",\"image\":{\"@type\":\"ImageObject\",\"inLanguage\":\"es\",\"@id\":\"https:\\\/\\\/secure.gravatar.com\\\/avatar\\\/7048c2d9b569d9bed55bb53ad23821e6e047aa66338fb6ea9868627bbb9f54e8?s=96&d=mm&r=g\",\"url\":\"https:\\\/\\\/secure.gravatar.com\\\/avatar\\\/7048c2d9b569d9bed55bb53ad23821e6e047aa66338fb6ea9868627bbb9f54e8?s=96&d=mm&r=g\",\"contentUrl\":\"https:\\\/\\\/secure.gravatar.com\\\/avatar\\\/7048c2d9b569d9bed55bb53ad23821e6e047aa66338fb6ea9868627bbb9f54e8?s=96&d=mm&r=g\",\"caption\":\"EFE\"},\"url\":\"https:\\\/\\\/fuentesfidedignas.com.mx\\\/index.php\\\/author\\\/efe\\\/\"}]}<\/script>\n<!-- \/ Yoast SEO plugin. -->","yoast_head_json":{"title":"Descubren el asentamiento \u2018Castillo Viejo\u2019 en zona arqueol\u00f3gica de Chich\u00e9n Itz\u00e1 - Fuentes Fidedignas","robots":{"index":"index","follow":"follow","max-snippet":"max-snippet:-1","max-image-preview":"max-image-preview:large","max-video-preview":"max-video-preview:-1"},"canonical":"https:\/\/fuentesfidedignas.com.mx\/index.php\/2025\/02\/19\/descubren-el-asentamiento-castillo-viejo-en-zona-arqueologica-de-chichen-itza\/","og_locale":"es_MX","og_type":"article","og_title":"Descubren el asentamiento \u2018Castillo Viejo\u2019 en zona arqueol\u00f3gica de Chich\u00e9n Itz\u00e1 - Fuentes Fidedignas","og_description":"Investigadores detallaron nuevos hallazgos en Chich\u00e9n Itz\u00e1, considerada la zona arqueol\u00f3gica m\u00e1s visitada de M\u00e9xico y Am\u00e9rica La zona arqueol\u00f3gica de Chich\u00e9n Itz\u00e1, la m\u00e1s visitada de M\u00e9xico y Am\u00e9rica con 2.3 millones de viajeros al a\u00f1o, sigue develando misterios, con el descubrimiento del asentamiento denominado \u2018Castillo Viejo\u2019, seg\u00fan explicaron investigadores. El director de Proyectos [&hellip;]","og_url":"https:\/\/fuentesfidedignas.com.mx\/index.php\/2025\/02\/19\/descubren-el-asentamiento-castillo-viejo-en-zona-arqueologica-de-chichen-itza\/","og_site_name":"Fuentes Fidedignas","article_publisher":"https:\/\/www.facebook.com\/Fuentes-Fidedignas-368234489921644","article_published_time":"2025-02-19T11:31:00+00:00","og_image":[{"width":600,"height":400,"url":"https:\/\/fuentesfidedignas.com.mx\/wp-content\/uploads\/2025\/02\/chichen-itza.jpg","type":"image\/jpeg"}],"author":"EFE","twitter_card":"summary_large_image","twitter_creator":"@fidedignas","twitter_site":"@fidedignas","twitter_misc":{"Escrito por":"EFE","Tiempo de lectura":"3 minutos"},"schema":{"@context":"https:\/\/schema.org","@graph":[{"@type":"Article","@id":"https:\/\/fuentesfidedignas.com.mx\/index.php\/2025\/02\/19\/descubren-el-asentamiento-castillo-viejo-en-zona-arqueologica-de-chichen-itza\/#article","isPartOf":{"@id":"https:\/\/fuentesfidedignas.com.mx\/index.php\/2025\/02\/19\/descubren-el-asentamiento-castillo-viejo-en-zona-arqueologica-de-chichen-itza\/"},"author":{"name":"EFE","@id":"https:\/\/fuentesfidedignas.com.mx\/#\/schema\/person\/0d44615087b5a626d5d3f13afe31ac41"},"headline":"Descubren el asentamiento \u2018Castillo Viejo\u2019 en zona arqueol\u00f3gica de Chich\u00e9n Itz\u00e1","datePublished":"2025-02-19T11:31:00+00:00","mainEntityOfPage":{"@id":"https:\/\/fuentesfidedignas.com.mx\/index.php\/2025\/02\/19\/descubren-el-asentamiento-castillo-viejo-en-zona-arqueologica-de-chichen-itza\/"},"wordCount":617,"commentCount":0,"publisher":{"@id":"https:\/\/fuentesfidedignas.com.mx\/#organization"},"image":{"@id":"https:\/\/fuentesfidedignas.com.mx\/index.php\/2025\/02\/19\/descubren-el-asentamiento-castillo-viejo-en-zona-arqueologica-de-chichen-itza\/#primaryimage"},"thumbnailUrl":"https:\/\/fuentesfidedignas.com.mx\/wp-content\/uploads\/2025\/02\/chichen-itza.jpg","articleSection":["LAS ASOMBROSAS"],"inLanguage":"es","potentialAction":[{"@type":"CommentAction","name":"Comment","target":["https:\/\/fuentesfidedignas.com.mx\/index.php\/2025\/02\/19\/descubren-el-asentamiento-castillo-viejo-en-zona-arqueologica-de-chichen-itza\/#respond"]}]},{"@type":"WebPage","@id":"https:\/\/fuentesfidedignas.com.mx\/index.php\/2025\/02\/19\/descubren-el-asentamiento-castillo-viejo-en-zona-arqueologica-de-chichen-itza\/","url":"https:\/\/fuentesfidedignas.com.mx\/index.php\/2025\/02\/19\/descubren-el-asentamiento-castillo-viejo-en-zona-arqueologica-de-chichen-itza\/","name":"Descubren el asentamiento \u2018Castillo Viejo\u2019 en zona arqueol\u00f3gica de Chich\u00e9n Itz\u00e1 - Fuentes Fidedignas","isPartOf":{"@id":"https:\/\/fuentesfidedignas.com.mx\/#website"},"primaryImageOfPage":{"@id":"https:\/\/fuentesfidedignas.com.mx\/index.php\/2025\/02\/19\/descubren-el-asentamiento-castillo-viejo-en-zona-arqueologica-de-chichen-itza\/#primaryimage"},"image":{"@id":"https:\/\/fuentesfidedignas.com.mx\/index.php\/2025\/02\/19\/descubren-el-asentamiento-castillo-viejo-en-zona-arqueologica-de-chichen-itza\/#primaryimage"},"thumbnailUrl":"https:\/\/fuentesfidedignas.com.mx\/wp-content\/uploads\/2025\/02\/chichen-itza.jpg","datePublished":"2025-02-19T11:31:00+00:00","breadcrumb":{"@id":"https:\/\/fuentesfidedignas.com.mx\/index.php\/2025\/02\/19\/descubren-el-asentamiento-castillo-viejo-en-zona-arqueologica-de-chichen-itza\/#breadcrumb"},"inLanguage":"es","potentialAction":[{"@type":"ReadAction","target":["https:\/\/fuentesfidedignas.com.mx\/index.php\/2025\/02\/19\/descubren-el-asentamiento-castillo-viejo-en-zona-arqueologica-de-chichen-itza\/"]}]},{"@type":"ImageObject","inLanguage":"es","@id":"https:\/\/fuentesfidedignas.com.mx\/index.php\/2025\/02\/19\/descubren-el-asentamiento-castillo-viejo-en-zona-arqueologica-de-chichen-itza\/#primaryimage","url":"https:\/\/fuentesfidedignas.com.mx\/wp-content\/uploads\/2025\/02\/chichen-itza.jpg","contentUrl":"https:\/\/fuentesfidedignas.com.mx\/wp-content\/uploads\/2025\/02\/chichen-itza.jpg","width":600,"height":400},{"@type":"BreadcrumbList","@id":"https:\/\/fuentesfidedignas.com.mx\/index.php\/2025\/02\/19\/descubren-el-asentamiento-castillo-viejo-en-zona-arqueologica-de-chichen-itza\/#breadcrumb","itemListElement":[{"@type":"ListItem","position":1,"name":"Inicio","item":"https:\/\/fuentesfidedignas.com.mx\/"},{"@type":"ListItem","position":2,"name":"Descubren el asentamiento \u2018Castillo Viejo\u2019 en zona arqueol\u00f3gica de Chich\u00e9n Itz\u00e1"}]},{"@type":"WebSite","@id":"https:\/\/fuentesfidedignas.com.mx\/#website","url":"https:\/\/fuentesfidedignas.com.mx\/","name":"Fuentes Fidedignas","description":"Otro sitio realizado con WordPress","publisher":{"@id":"https:\/\/fuentesfidedignas.com.mx\/#organization"},"potentialAction":[{"@type":"SearchAction","target":{"@type":"EntryPoint","urlTemplate":"https:\/\/fuentesfidedignas.com.mx\/?s={search_term_string}"},"query-input":{"@type":"PropertyValueSpecification","valueRequired":true,"valueName":"search_term_string"}}],"inLanguage":"es"},{"@type":"Organization","@id":"https:\/\/fuentesfidedignas.com.mx\/#organization","name":"Fuentes Fidedignas","url":"https:\/\/fuentesfidedignas.com.mx\/","logo":{"@type":"ImageObject","inLanguage":"es","@id":"https:\/\/fuentesfidedignas.com.mx\/#\/schema\/logo\/image\/","url":"https:\/\/fuentesfidedignas.com.mx\/wp-content\/uploads\/2021\/04\/logo-retina.png","contentUrl":"https:\/\/fuentesfidedignas.com.mx\/wp-content\/uploads\/2021\/04\/logo-retina.png","width":280,"height":51,"caption":"Fuentes Fidedignas"},"image":{"@id":"https:\/\/fuentesfidedignas.com.mx\/#\/schema\/logo\/image\/"},"sameAs":["https:\/\/www.facebook.com\/Fuentes-Fidedignas-368234489921644","https:\/\/x.com\/fidedignas"]},{"@type":"Person","@id":"https:\/\/fuentesfidedignas.com.mx\/#\/schema\/person\/0d44615087b5a626d5d3f13afe31ac41","name":"EFE","image":{"@type":"ImageObject","inLanguage":"es","@id":"https:\/\/secure.gravatar.com\/avatar\/7048c2d9b569d9bed55bb53ad23821e6e047aa66338fb6ea9868627bbb9f54e8?s=96&d=mm&r=g","url":"https:\/\/secure.gravatar.com\/avatar\/7048c2d9b569d9bed55bb53ad23821e6e047aa66338fb6ea9868627bbb9f54e8?s=96&d=mm&r=g","contentUrl":"https:\/\/secure.gravatar.com\/avatar\/7048c2d9b569d9bed55bb53ad23821e6e047aa66338fb6ea9868627bbb9f54e8?s=96&d=mm&r=g","caption":"EFE"},"url":"https:\/\/fuentesfidedignas.com.mx\/index.php\/author\/efe\/"}]}},"_links":{"self":[{"href":"https:\/\/fuentesfidedignas.com.mx\/index.php\/wp-json\/wp\/v2\/posts\/102047","targetHints":{"allow":["GET"]}}],"collection":[{"href":"https:\/\/fuentesfidedignas.com.mx\/index.php\/wp-json\/wp\/v2\/posts"}],"about":[{"href":"https:\/\/fuentesfidedignas.com.mx\/index.php\/wp-json\/wp\/v2\/types\/post"}],"author":[{"embeddable":true,"href":"https:\/\/fuentesfidedignas.com.mx\/index.php\/wp-json\/wp\/v2\/users\/22"}],"replies":[{"embeddable":true,"href":"https:\/\/fuentesfidedignas.com.mx\/index.php\/wp-json\/wp\/v2\/comments?post=102047"}],"version-history":[{"count":1,"href":"https:\/\/fuentesfidedignas.com.mx\/index.php\/wp-json\/wp\/v2\/posts\/102047\/revisions"}],"predecessor-version":[{"id":102049,"href":"https:\/\/fuentesfidedignas.com.mx\/index.php\/wp-json\/wp\/v2\/posts\/102047\/revisions\/102049"}],"wp:featuredmedia":[{"embeddable":true,"href":"https:\/\/fuentesfidedignas.com.mx\/index.php\/wp-json\/wp\/v2\/media\/102048"}],"wp:attachment":[{"href":"https:\/\/fuentesfidedignas.com.mx\/index.php\/wp-json\/wp\/v2\/media?parent=102047"}],"wp:term":[{"taxonomy":"category","embeddable":true,"href":"https:\/\/fuentesfidedignas.com.mx\/index.php\/wp-json\/wp\/v2\/categories?post=102047"},{"taxonomy":"post_tag","embeddable":true,"href":"https:\/\/fuentesfidedignas.com.mx\/index.php\/wp-json\/wp\/v2\/tags?post=102047"}],"curies":[{"name":"wp","href":"https:\/\/api.w.org\/{rel}","templated":true}]}}