{"id":102011,"date":"2025-02-18T17:23:49","date_gmt":"2025-02-19T00:23:49","guid":{"rendered":"https:\/\/fuentesfidedignas.com.mx\/?p=102011"},"modified":"2025-02-18T17:23:55","modified_gmt":"2025-02-19T00:23:55","slug":"vinculan-a-proceso-al-jando-piloto-de-los-chapitos","status":"publish","type":"post","link":"https:\/\/fuentesfidedignas.com.mx\/index.php\/2025\/02\/18\/vinculan-a-proceso-al-jando-piloto-de-los-chapitos\/","title":{"rendered":"Vinculan a proceso al \u2018Jando\u2019, piloto de Los Chapitos"},"content":{"rendered":"\n<p><strong><em>Mauro \u201cN\u201d, alias el \u2018Jando\u2019, fue se\u00f1alado por delitos contra la salud y portaci\u00f3n de arma de fuego de uso exclusivo del Ej\u00e9rcito<\/em><\/strong><\/p>\n\n\n\n<p>Un juez federal vincul\u00f3 a proceso a Mauro \u201cN\u201d, alias Jando, se\u00f1alado por autoridades como piloto del grupo criminal Los Chapitos, facci\u00f3n del C\u00e1rtel de Sinaloa.<\/p>\n\n\n\n<p>El piloto aviador fue se\u00f1alado por delitos contra la salud, en la modalidad de posesi\u00f3n de fentanilo y clorhidrato de metanfetamina, con fines de comercio, as\u00ed como portaci\u00f3n de arma de fuego de uso exclusivo del Ej\u00e9rcito.<\/p>\n\n\n\n<p>\u201cEn audiencia inicial el Ministerio P\u00fablico de la Federaci\u00f3n (MPF), aport\u00f3 los datos de prueba suficientes para que el Juez de Distrito Especializado en el Sistema Penal Acusatorio en Almoloya de Ju\u00e1rez, Estado de M\u00e9xico, decretara la vinculaci\u00f3n e impusiera prisi\u00f3n preventiva oficiosa en el Centro Federal de Readaptaci\u00f3n Social n\u00famero 1 \u2018Altiplano\u2019 y tres meses para la investigaci\u00f3n complementaria\u201d, indic\u00f3 la Fiscal\u00eda General de la Rep\u00fablica (FGR).<\/p>\n\n\n\n<p>El Jando fue detenido el 8 de febrero en la comunidad Jes\u00fas Mar\u00eda de Culiac\u00e1n, en Sinaloa.<\/p>\n\n\n\n<p>Los efectivos realizaban patrullajes de prevenci\u00f3n del delito cuando fueron agredidos con armas de fuego por los ocupantes de una camioneta, al tiempo que trataban de escapar en diferentes direcciones; el hoy vinculado portaba un arma larga y una mochila, intent\u00f3 esconderse en un inmueble, pero fue detenido.<\/p>\n\n\n\n<p>A Mauro \u201cN\u201d, se le asegur\u00f3 un arma de fuego de uso exclusivo con guardamanos de madera y portafusil, dos cargadores y 59 cartuchos.<\/p>\n\n\n\n<p>En la mochila se encontraron dos bolsas transparentes que conten\u00edan mil tabletas de fentanilo y otra bolsa pl\u00e1stica con 990.2 gramos de clorhidrato de metanfetamina.<\/p>\n","protected":false},"excerpt":{"rendered":"<p>Mauro \u201cN\u201d, alias el \u2018Jando\u2019, fue se\u00f1alado por delitos contra la salud y portaci\u00f3n de arma de fuego de uso exclusivo del Ej\u00e9rcito Un juez federal vincul\u00f3 a proceso a Mauro \u201cN\u201d, alias Jando, se\u00f1alado por autoridades como piloto del grupo criminal Los Chapitos, facci\u00f3n del C\u00e1rtel de Sinaloa. El piloto aviador fue se\u00f1alado por [&hellip;]<\/p>\n","protected":false},"author":47,"featured_media":102012,"comment_status":"open","ping_status":"open","sticky":false,"template":"","format":"standard","meta":{"tdm_status":"","tdm_grid_status":"","footnotes":""},"categories":[39],"tags":[],"class_list":{"0":"post-102011","1":"post","2":"type-post","3":"status-publish","4":"format-standard","5":"has-post-thumbnail","7":"category-noticias-nacionales"},"yoast_head":"<!-- This site is optimized with the Yoast SEO plugin v27.5 - https:\/\/yoast.com\/product\/yoast-seo-wordpress\/ -->\n<title>Vinculan a proceso al \u2018Jando\u2019, piloto de Los Chapitos - Fuentes Fidedignas<\/title>\n<meta name=\"robots\" content=\"index, follow, max-snippet:-1, max-image-preview:large, max-video-preview:-1\" \/>\n<link rel=\"canonical\" href=\"https:\/\/fuentesfidedignas.com.mx\/index.php\/2025\/02\/18\/vinculan-a-proceso-al-jando-piloto-de-los-chapitos\/\" \/>\n<meta property=\"og:locale\" content=\"es_MX\" \/>\n<meta property=\"og:type\" content=\"article\" \/>\n<meta property=\"og:title\" content=\"Vinculan a proceso al \u2018Jando\u2019, piloto de Los Chapitos - Fuentes Fidedignas\" \/>\n<meta property=\"og:description\" content=\"Mauro \u201cN\u201d, alias el \u2018Jando\u2019, fue se\u00f1alado por delitos contra la salud y portaci\u00f3n de arma de fuego de uso exclusivo del Ej\u00e9rcito Un juez federal vincul\u00f3 a proceso a Mauro \u201cN\u201d, alias Jando, se\u00f1alado por autoridades como piloto del grupo criminal Los Chapitos, facci\u00f3n del C\u00e1rtel de Sinaloa. El piloto aviador fue se\u00f1alado por [&hellip;]\" \/>\n<meta property=\"og:url\" content=\"https:\/\/fuentesfidedignas.com.mx\/index.php\/2025\/02\/18\/vinculan-a-proceso-al-jando-piloto-de-los-chapitos\/\" \/>\n<meta property=\"og:site_name\" content=\"Fuentes Fidedignas\" \/>\n<meta property=\"article:publisher\" content=\"https:\/\/www.facebook.com\/Fuentes-Fidedignas-368234489921644\" \/>\n<meta property=\"article:published_time\" content=\"2025-02-19T00:23:49+00:00\" \/>\n<meta property=\"article:modified_time\" content=\"2025-02-19T00:23:55+00:00\" \/>\n<meta property=\"og:image\" content=\"https:\/\/fuentesfidedignas.com.mx\/wp-content\/uploads\/2025\/02\/mauro-n-piloto-los-chapitos.jpg\" \/>\n\t<meta property=\"og:image:width\" content=\"600\" \/>\n\t<meta property=\"og:image:height\" content=\"400\" \/>\n\t<meta property=\"og:image:type\" content=\"image\/jpeg\" \/>\n<meta name=\"author\" content=\"L\u00f3pez D\u00f3riga\" \/>\n<meta name=\"twitter:card\" content=\"summary_large_image\" \/>\n<meta name=\"twitter:creator\" content=\"@fidedignas\" \/>\n<meta name=\"twitter:site\" content=\"@fidedignas\" \/>\n<meta name=\"twitter:label1\" content=\"Escrito por\" \/>\n\t<meta name=\"twitter:data1\" content=\"L\u00f3pez D\u00f3riga\" \/>\n\t<meta name=\"twitter:label2\" content=\"Tiempo de lectura\" \/>\n\t<meta name=\"twitter:data2\" content=\"2 minutos\" \/>\n<script type=\"application\/ld+json\" class=\"yoast-schema-graph\">{\"@context\":\"https:\\\/\\\/schema.org\",\"@graph\":[{\"@type\":\"Article\",\"@id\":\"https:\\\/\\\/fuentesfidedignas.com.mx\\\/index.php\\\/2025\\\/02\\\/18\\\/vinculan-a-proceso-al-jando-piloto-de-los-chapitos\\\/#article\",\"isPartOf\":{\"@id\":\"https:\\\/\\\/fuentesfidedignas.com.mx\\\/index.php\\\/2025\\\/02\\\/18\\\/vinculan-a-proceso-al-jando-piloto-de-los-chapitos\\\/\"},\"author\":{\"name\":\"L\u00f3pez D\u00f3riga\",\"@id\":\"https:\\\/\\\/fuentesfidedignas.com.mx\\\/#\\\/schema\\\/person\\\/67d852f0557c8509146a4b9ddebd543a\"},\"headline\":\"Vinculan a proceso al \u2018Jando\u2019, piloto de Los Chapitos\",\"datePublished\":\"2025-02-19T00:23:49+00:00\",\"dateModified\":\"2025-02-19T00:23:55+00:00\",\"mainEntityOfPage\":{\"@id\":\"https:\\\/\\\/fuentesfidedignas.com.mx\\\/index.php\\\/2025\\\/02\\\/18\\\/vinculan-a-proceso-al-jando-piloto-de-los-chapitos\\\/\"},\"wordCount\":300,\"commentCount\":0,\"publisher\":{\"@id\":\"https:\\\/\\\/fuentesfidedignas.com.mx\\\/#organization\"},\"image\":{\"@id\":\"https:\\\/\\\/fuentesfidedignas.com.mx\\\/index.php\\\/2025\\\/02\\\/18\\\/vinculan-a-proceso-al-jando-piloto-de-los-chapitos\\\/#primaryimage\"},\"thumbnailUrl\":\"https:\\\/\\\/fuentesfidedignas.com.mx\\\/wp-content\\\/uploads\\\/2025\\\/02\\\/mauro-n-piloto-los-chapitos.jpg\",\"articleSection\":[\"NOTICIAS NACIONALES\"],\"inLanguage\":\"es\",\"potentialAction\":[{\"@type\":\"CommentAction\",\"name\":\"Comment\",\"target\":[\"https:\\\/\\\/fuentesfidedignas.com.mx\\\/index.php\\\/2025\\\/02\\\/18\\\/vinculan-a-proceso-al-jando-piloto-de-los-chapitos\\\/#respond\"]}]},{\"@type\":\"WebPage\",\"@id\":\"https:\\\/\\\/fuentesfidedignas.com.mx\\\/index.php\\\/2025\\\/02\\\/18\\\/vinculan-a-proceso-al-jando-piloto-de-los-chapitos\\\/\",\"url\":\"https:\\\/\\\/fuentesfidedignas.com.mx\\\/index.php\\\/2025\\\/02\\\/18\\\/vinculan-a-proceso-al-jando-piloto-de-los-chapitos\\\/\",\"name\":\"Vinculan a proceso al \u2018Jando\u2019, piloto de Los Chapitos - Fuentes Fidedignas\",\"isPartOf\":{\"@id\":\"https:\\\/\\\/fuentesfidedignas.com.mx\\\/#website\"},\"primaryImageOfPage\":{\"@id\":\"https:\\\/\\\/fuentesfidedignas.com.mx\\\/index.php\\\/2025\\\/02\\\/18\\\/vinculan-a-proceso-al-jando-piloto-de-los-chapitos\\\/#primaryimage\"},\"image\":{\"@id\":\"https:\\\/\\\/fuentesfidedignas.com.mx\\\/index.php\\\/2025\\\/02\\\/18\\\/vinculan-a-proceso-al-jando-piloto-de-los-chapitos\\\/#primaryimage\"},\"thumbnailUrl\":\"https:\\\/\\\/fuentesfidedignas.com.mx\\\/wp-content\\\/uploads\\\/2025\\\/02\\\/mauro-n-piloto-los-chapitos.jpg\",\"datePublished\":\"2025-02-19T00:23:49+00:00\",\"dateModified\":\"2025-02-19T00:23:55+00:00\",\"breadcrumb\":{\"@id\":\"https:\\\/\\\/fuentesfidedignas.com.mx\\\/index.php\\\/2025\\\/02\\\/18\\\/vinculan-a-proceso-al-jando-piloto-de-los-chapitos\\\/#breadcrumb\"},\"inLanguage\":\"es\",\"potentialAction\":[{\"@type\":\"ReadAction\",\"target\":[\"https:\\\/\\\/fuentesfidedignas.com.mx\\\/index.php\\\/2025\\\/02\\\/18\\\/vinculan-a-proceso-al-jando-piloto-de-los-chapitos\\\/\"]}]},{\"@type\":\"ImageObject\",\"inLanguage\":\"es\",\"@id\":\"https:\\\/\\\/fuentesfidedignas.com.mx\\\/index.php\\\/2025\\\/02\\\/18\\\/vinculan-a-proceso-al-jando-piloto-de-los-chapitos\\\/#primaryimage\",\"url\":\"https:\\\/\\\/fuentesfidedignas.com.mx\\\/wp-content\\\/uploads\\\/2025\\\/02\\\/mauro-n-piloto-los-chapitos.jpg\",\"contentUrl\":\"https:\\\/\\\/fuentesfidedignas.com.mx\\\/wp-content\\\/uploads\\\/2025\\\/02\\\/mauro-n-piloto-los-chapitos.jpg\",\"width\":600,\"height\":400},{\"@type\":\"BreadcrumbList\",\"@id\":\"https:\\\/\\\/fuentesfidedignas.com.mx\\\/index.php\\\/2025\\\/02\\\/18\\\/vinculan-a-proceso-al-jando-piloto-de-los-chapitos\\\/#breadcrumb\",\"itemListElement\":[{\"@type\":\"ListItem\",\"position\":1,\"name\":\"Inicio\",\"item\":\"https:\\\/\\\/fuentesfidedignas.com.mx\\\/\"},{\"@type\":\"ListItem\",\"position\":2,\"name\":\"Vinculan a proceso al \u2018Jando\u2019, piloto de Los Chapitos\"}]},{\"@type\":\"WebSite\",\"@id\":\"https:\\\/\\\/fuentesfidedignas.com.mx\\\/#website\",\"url\":\"https:\\\/\\\/fuentesfidedignas.com.mx\\\/\",\"name\":\"Fuentes Fidedignas\",\"description\":\"Otro sitio realizado con WordPress\",\"publisher\":{\"@id\":\"https:\\\/\\\/fuentesfidedignas.com.mx\\\/#organization\"},\"potentialAction\":[{\"@type\":\"SearchAction\",\"target\":{\"@type\":\"EntryPoint\",\"urlTemplate\":\"https:\\\/\\\/fuentesfidedignas.com.mx\\\/?s={search_term_string}\"},\"query-input\":{\"@type\":\"PropertyValueSpecification\",\"valueRequired\":true,\"valueName\":\"search_term_string\"}}],\"inLanguage\":\"es\"},{\"@type\":\"Organization\",\"@id\":\"https:\\\/\\\/fuentesfidedignas.com.mx\\\/#organization\",\"name\":\"Fuentes Fidedignas\",\"url\":\"https:\\\/\\\/fuentesfidedignas.com.mx\\\/\",\"logo\":{\"@type\":\"ImageObject\",\"inLanguage\":\"es\",\"@id\":\"https:\\\/\\\/fuentesfidedignas.com.mx\\\/#\\\/schema\\\/logo\\\/image\\\/\",\"url\":\"https:\\\/\\\/fuentesfidedignas.com.mx\\\/wp-content\\\/uploads\\\/2021\\\/04\\\/logo-retina.png\",\"contentUrl\":\"https:\\\/\\\/fuentesfidedignas.com.mx\\\/wp-content\\\/uploads\\\/2021\\\/04\\\/logo-retina.png\",\"width\":280,\"height\":51,\"caption\":\"Fuentes Fidedignas\"},\"image\":{\"@id\":\"https:\\\/\\\/fuentesfidedignas.com.mx\\\/#\\\/schema\\\/logo\\\/image\\\/\"},\"sameAs\":[\"https:\\\/\\\/www.facebook.com\\\/Fuentes-Fidedignas-368234489921644\",\"https:\\\/\\\/x.com\\\/fidedignas\"]},{\"@type\":\"Person\",\"@id\":\"https:\\\/\\\/fuentesfidedignas.com.mx\\\/#\\\/schema\\\/person\\\/67d852f0557c8509146a4b9ddebd543a\",\"name\":\"L\u00f3pez D\u00f3riga\",\"image\":{\"@type\":\"ImageObject\",\"inLanguage\":\"es\",\"@id\":\"https:\\\/\\\/secure.gravatar.com\\\/avatar\\\/e525b06574ca18b33cded59dfe5778d6c823b9513154eff47da551b0551bdd1e?s=96&d=mm&r=g\",\"url\":\"https:\\\/\\\/secure.gravatar.com\\\/avatar\\\/e525b06574ca18b33cded59dfe5778d6c823b9513154eff47da551b0551bdd1e?s=96&d=mm&r=g\",\"contentUrl\":\"https:\\\/\\\/secure.gravatar.com\\\/avatar\\\/e525b06574ca18b33cded59dfe5778d6c823b9513154eff47da551b0551bdd1e?s=96&d=mm&r=g\",\"caption\":\"L\u00f3pez D\u00f3riga\"},\"url\":\"https:\\\/\\\/fuentesfidedignas.com.mx\\\/index.php\\\/author\\\/doriga\\\/\"}]}<\/script>\n<!-- \/ Yoast SEO plugin. -->","yoast_head_json":{"title":"Vinculan a proceso al \u2018Jando\u2019, piloto de Los Chapitos - Fuentes Fidedignas","robots":{"index":"index","follow":"follow","max-snippet":"max-snippet:-1","max-image-preview":"max-image-preview:large","max-video-preview":"max-video-preview:-1"},"canonical":"https:\/\/fuentesfidedignas.com.mx\/index.php\/2025\/02\/18\/vinculan-a-proceso-al-jando-piloto-de-los-chapitos\/","og_locale":"es_MX","og_type":"article","og_title":"Vinculan a proceso al \u2018Jando\u2019, piloto de Los Chapitos - Fuentes Fidedignas","og_description":"Mauro \u201cN\u201d, alias el \u2018Jando\u2019, fue se\u00f1alado por delitos contra la salud y portaci\u00f3n de arma de fuego de uso exclusivo del Ej\u00e9rcito Un juez federal vincul\u00f3 a proceso a Mauro \u201cN\u201d, alias Jando, se\u00f1alado por autoridades como piloto del grupo criminal Los Chapitos, facci\u00f3n del C\u00e1rtel de Sinaloa. El piloto aviador fue se\u00f1alado por [&hellip;]","og_url":"https:\/\/fuentesfidedignas.com.mx\/index.php\/2025\/02\/18\/vinculan-a-proceso-al-jando-piloto-de-los-chapitos\/","og_site_name":"Fuentes Fidedignas","article_publisher":"https:\/\/www.facebook.com\/Fuentes-Fidedignas-368234489921644","article_published_time":"2025-02-19T00:23:49+00:00","article_modified_time":"2025-02-19T00:23:55+00:00","og_image":[{"width":600,"height":400,"url":"https:\/\/fuentesfidedignas.com.mx\/wp-content\/uploads\/2025\/02\/mauro-n-piloto-los-chapitos.jpg","type":"image\/jpeg"}],"author":"L\u00f3pez D\u00f3riga","twitter_card":"summary_large_image","twitter_creator":"@fidedignas","twitter_site":"@fidedignas","twitter_misc":{"Escrito por":"L\u00f3pez D\u00f3riga","Tiempo de lectura":"2 minutos"},"schema":{"@context":"https:\/\/schema.org","@graph":[{"@type":"Article","@id":"https:\/\/fuentesfidedignas.com.mx\/index.php\/2025\/02\/18\/vinculan-a-proceso-al-jando-piloto-de-los-chapitos\/#article","isPartOf":{"@id":"https:\/\/fuentesfidedignas.com.mx\/index.php\/2025\/02\/18\/vinculan-a-proceso-al-jando-piloto-de-los-chapitos\/"},"author":{"name":"L\u00f3pez D\u00f3riga","@id":"https:\/\/fuentesfidedignas.com.mx\/#\/schema\/person\/67d852f0557c8509146a4b9ddebd543a"},"headline":"Vinculan a proceso al \u2018Jando\u2019, piloto de Los Chapitos","datePublished":"2025-02-19T00:23:49+00:00","dateModified":"2025-02-19T00:23:55+00:00","mainEntityOfPage":{"@id":"https:\/\/fuentesfidedignas.com.mx\/index.php\/2025\/02\/18\/vinculan-a-proceso-al-jando-piloto-de-los-chapitos\/"},"wordCount":300,"commentCount":0,"publisher":{"@id":"https:\/\/fuentesfidedignas.com.mx\/#organization"},"image":{"@id":"https:\/\/fuentesfidedignas.com.mx\/index.php\/2025\/02\/18\/vinculan-a-proceso-al-jando-piloto-de-los-chapitos\/#primaryimage"},"thumbnailUrl":"https:\/\/fuentesfidedignas.com.mx\/wp-content\/uploads\/2025\/02\/mauro-n-piloto-los-chapitos.jpg","articleSection":["NOTICIAS NACIONALES"],"inLanguage":"es","potentialAction":[{"@type":"CommentAction","name":"Comment","target":["https:\/\/fuentesfidedignas.com.mx\/index.php\/2025\/02\/18\/vinculan-a-proceso-al-jando-piloto-de-los-chapitos\/#respond"]}]},{"@type":"WebPage","@id":"https:\/\/fuentesfidedignas.com.mx\/index.php\/2025\/02\/18\/vinculan-a-proceso-al-jando-piloto-de-los-chapitos\/","url":"https:\/\/fuentesfidedignas.com.mx\/index.php\/2025\/02\/18\/vinculan-a-proceso-al-jando-piloto-de-los-chapitos\/","name":"Vinculan a proceso al \u2018Jando\u2019, piloto de Los Chapitos - Fuentes Fidedignas","isPartOf":{"@id":"https:\/\/fuentesfidedignas.com.mx\/#website"},"primaryImageOfPage":{"@id":"https:\/\/fuentesfidedignas.com.mx\/index.php\/2025\/02\/18\/vinculan-a-proceso-al-jando-piloto-de-los-chapitos\/#primaryimage"},"image":{"@id":"https:\/\/fuentesfidedignas.com.mx\/index.php\/2025\/02\/18\/vinculan-a-proceso-al-jando-piloto-de-los-chapitos\/#primaryimage"},"thumbnailUrl":"https:\/\/fuentesfidedignas.com.mx\/wp-content\/uploads\/2025\/02\/mauro-n-piloto-los-chapitos.jpg","datePublished":"2025-02-19T00:23:49+00:00","dateModified":"2025-02-19T00:23:55+00:00","breadcrumb":{"@id":"https:\/\/fuentesfidedignas.com.mx\/index.php\/2025\/02\/18\/vinculan-a-proceso-al-jando-piloto-de-los-chapitos\/#breadcrumb"},"inLanguage":"es","potentialAction":[{"@type":"ReadAction","target":["https:\/\/fuentesfidedignas.com.mx\/index.php\/2025\/02\/18\/vinculan-a-proceso-al-jando-piloto-de-los-chapitos\/"]}]},{"@type":"ImageObject","inLanguage":"es","@id":"https:\/\/fuentesfidedignas.com.mx\/index.php\/2025\/02\/18\/vinculan-a-proceso-al-jando-piloto-de-los-chapitos\/#primaryimage","url":"https:\/\/fuentesfidedignas.com.mx\/wp-content\/uploads\/2025\/02\/mauro-n-piloto-los-chapitos.jpg","contentUrl":"https:\/\/fuentesfidedignas.com.mx\/wp-content\/uploads\/2025\/02\/mauro-n-piloto-los-chapitos.jpg","width":600,"height":400},{"@type":"BreadcrumbList","@id":"https:\/\/fuentesfidedignas.com.mx\/index.php\/2025\/02\/18\/vinculan-a-proceso-al-jando-piloto-de-los-chapitos\/#breadcrumb","itemListElement":[{"@type":"ListItem","position":1,"name":"Inicio","item":"https:\/\/fuentesfidedignas.com.mx\/"},{"@type":"ListItem","position":2,"name":"Vinculan a proceso al \u2018Jando\u2019, piloto de Los Chapitos"}]},{"@type":"WebSite","@id":"https:\/\/fuentesfidedignas.com.mx\/#website","url":"https:\/\/fuentesfidedignas.com.mx\/","name":"Fuentes Fidedignas","description":"Otro sitio realizado con WordPress","publisher":{"@id":"https:\/\/fuentesfidedignas.com.mx\/#organization"},"potentialAction":[{"@type":"SearchAction","target":{"@type":"EntryPoint","urlTemplate":"https:\/\/fuentesfidedignas.com.mx\/?s={search_term_string}"},"query-input":{"@type":"PropertyValueSpecification","valueRequired":true,"valueName":"search_term_string"}}],"inLanguage":"es"},{"@type":"Organization","@id":"https:\/\/fuentesfidedignas.com.mx\/#organization","name":"Fuentes Fidedignas","url":"https:\/\/fuentesfidedignas.com.mx\/","logo":{"@type":"ImageObject","inLanguage":"es","@id":"https:\/\/fuentesfidedignas.com.mx\/#\/schema\/logo\/image\/","url":"https:\/\/fuentesfidedignas.com.mx\/wp-content\/uploads\/2021\/04\/logo-retina.png","contentUrl":"https:\/\/fuentesfidedignas.com.mx\/wp-content\/uploads\/2021\/04\/logo-retina.png","width":280,"height":51,"caption":"Fuentes Fidedignas"},"image":{"@id":"https:\/\/fuentesfidedignas.com.mx\/#\/schema\/logo\/image\/"},"sameAs":["https:\/\/www.facebook.com\/Fuentes-Fidedignas-368234489921644","https:\/\/x.com\/fidedignas"]},{"@type":"Person","@id":"https:\/\/fuentesfidedignas.com.mx\/#\/schema\/person\/67d852f0557c8509146a4b9ddebd543a","name":"L\u00f3pez D\u00f3riga","image":{"@type":"ImageObject","inLanguage":"es","@id":"https:\/\/secure.gravatar.com\/avatar\/e525b06574ca18b33cded59dfe5778d6c823b9513154eff47da551b0551bdd1e?s=96&d=mm&r=g","url":"https:\/\/secure.gravatar.com\/avatar\/e525b06574ca18b33cded59dfe5778d6c823b9513154eff47da551b0551bdd1e?s=96&d=mm&r=g","contentUrl":"https:\/\/secure.gravatar.com\/avatar\/e525b06574ca18b33cded59dfe5778d6c823b9513154eff47da551b0551bdd1e?s=96&d=mm&r=g","caption":"L\u00f3pez D\u00f3riga"},"url":"https:\/\/fuentesfidedignas.com.mx\/index.php\/author\/doriga\/"}]}},"_links":{"self":[{"href":"https:\/\/fuentesfidedignas.com.mx\/index.php\/wp-json\/wp\/v2\/posts\/102011","targetHints":{"allow":["GET"]}}],"collection":[{"href":"https:\/\/fuentesfidedignas.com.mx\/index.php\/wp-json\/wp\/v2\/posts"}],"about":[{"href":"https:\/\/fuentesfidedignas.com.mx\/index.php\/wp-json\/wp\/v2\/types\/post"}],"author":[{"embeddable":true,"href":"https:\/\/fuentesfidedignas.com.mx\/index.php\/wp-json\/wp\/v2\/users\/47"}],"replies":[{"embeddable":true,"href":"https:\/\/fuentesfidedignas.com.mx\/index.php\/wp-json\/wp\/v2\/comments?post=102011"}],"version-history":[{"count":1,"href":"https:\/\/fuentesfidedignas.com.mx\/index.php\/wp-json\/wp\/v2\/posts\/102011\/revisions"}],"predecessor-version":[{"id":102013,"href":"https:\/\/fuentesfidedignas.com.mx\/index.php\/wp-json\/wp\/v2\/posts\/102011\/revisions\/102013"}],"wp:featuredmedia":[{"embeddable":true,"href":"https:\/\/fuentesfidedignas.com.mx\/index.php\/wp-json\/wp\/v2\/media\/102012"}],"wp:attachment":[{"href":"https:\/\/fuentesfidedignas.com.mx\/index.php\/wp-json\/wp\/v2\/media?parent=102011"}],"wp:term":[{"taxonomy":"category","embeddable":true,"href":"https:\/\/fuentesfidedignas.com.mx\/index.php\/wp-json\/wp\/v2\/categories?post=102011"},{"taxonomy":"post_tag","embeddable":true,"href":"https:\/\/fuentesfidedignas.com.mx\/index.php\/wp-json\/wp\/v2\/tags?post=102011"}],"curies":[{"name":"wp","href":"https:\/\/api.w.org\/{rel}","templated":true}]}}