{"id":1019,"date":"2021-05-04T12:48:19","date_gmt":"2021-05-04T19:48:19","guid":{"rendered":"https:\/\/fuentesfidedignas.com.mx\/?p=1019"},"modified":"2021-05-04T19:22:15","modified_gmt":"2021-05-05T02:22:15","slug":"va-cosala-con-mario-zamora-hace-compromisos-con-sus-habitantes","status":"publish","type":"post","link":"https:\/\/fuentesfidedignas.com.mx\/index.php\/2021\/05\/04\/va-cosala-con-mario-zamora-hace-compromisos-con-sus-habitantes\/","title":{"rendered":"Va Cosal\u00e1 con Mario Zamora; hace compromisos con sus habitantes"},"content":{"rendered":"\n<p><strong>Regresar a los hoteleros el impuesto por hospedaje e impulsar proyectos estrat\u00e9gicos para el desarrollo de Cosal\u00e1<\/strong><\/p>\n\n\n\n<p>Cosal\u00e1, Sinaloa a 04 de mayo del 2021.- De gira por Cosal\u00e1, Mario Zamora estableci\u00f3 compromisos con los habitantes de este municipio serrano, donde encabez\u00f3 encuentros con los sectores productivos, vecinos de distintas comunidades, empresarios hoteleros, prestadores de servicios y l\u00edderes pol\u00edticos, quienes aseguraron que con su apoyo, el pr\u00f3ximo 6 de junio, ser\u00e1 el gobernador de Sinaloa.<\/p>\n\n\n\n<p>En un primer y provechoso evento con sectores productivos, clase pol\u00edtica y habitantes de las sindicaturas, La Ilama, Santa Cruz de Alay\u00e1, San Jos\u00e9 de las Bocas, y Guadalupe de Los Reyes, Mario Zamora manifest\u00f3 que su gobierno, ser\u00e1 un gobierno amigo, que junto con los habitantes de Cosal\u00e1, resolver\u00e1 cosas.<\/p>\n\n\n\n<p>El abanderado de los partidos del PRI, PRD y PAN hizo el compromiso de rehabilitar el Centro de Salud de Cosal\u00e1, con medicamento, doctores, y especialistas de lunes a domingo, para atender a los pacientes en los primeros s\u00edntomas de cualquier enfermedad.&nbsp;<\/p>\n\n\n\n<p>El pr\u00f3ximo gobernador del estado, reiter\u00f3 que dar\u00e1 cr\u00e9dito barato a trav\u00e9s de la Financiera Estatal, para los que quieran una oportunidad de salir adelante. En ese sentido, ejemplific\u00f3 los 300 pescadores de las cinco cooperativas de la presa Jos\u00e9 L\u00f3pez Portillo, \u201cEl Comedero\u201d, que por conducto de Jes\u00fas Gerardo Madero Acosta, le pidieron su apoyo para hacer crecer sus negocios.<\/p>\n\n\n\n<p>En representaci\u00f3n de los cosaltecos, la se\u00f1ora Lupita Monta\u00f1o, expres\u00f3 que, \u201cqueremos y estamos seguros que vamos a ganar este 6 de junio, como tambi\u00e9n nosotros tenemos la seguridad que vamos a darle su apoyo\u2026 nuestro pr\u00f3ximo gobernador ser\u00e1 Mario Zamora \u201c.<\/p>\n\n\n\n<p>En su participaci\u00f3n, agreg\u00f3 que fue una de las jefas de familia afectadas por la eliminaci\u00f3n del programa PROSPERA y las Estancias Infantiles; sin embargo, dijo estar confiada que Mario Zamora regresar\u00e1 estos apoyos cuando sea gobernador.<\/p>\n\n\n\n<p>\u201cA m\u00ed se me hace injusto, como muchas madres de familia aqu\u00ed presentes, ocupamos el apoyo y ahorita es cuando\u201d, dijo.<\/p>\n\n\n\n<p>Despu\u00e9s, el candidato de la alianza PRI, PRD y PAN, se reuni\u00f3 con empresarios hoteleros y prestadores de servicios de Cosal\u00e1, quienes entregaron un documento con cinco proyectos estrat\u00e9gicos para detonar el crecimiento econ\u00f3mico y tur\u00edstico del Pueblo M\u00e1gico.<\/p>\n\n\n\n<p>En nombre del sector hotelero, la empresaria Iris Mar\u00eda Sadol Osorio, dio lectura a dicho oficio, donde destac\u00f3 la construcci\u00f3n de la carretera de Alcoyonqui, Culiac\u00e1n-Cosal\u00e1, la pavimentaci\u00f3n de la comunidad Las Flechas hasta La Ilama, la instalaci\u00f3n de una antena m\u00f3vil, un proyecto hidroagr\u00edcola para llevar agua de la presa Jos\u00e9 L\u00f3pez Portillo a las comunidades serranas, remodelar y explotar las grutas del municipio, y la creaci\u00f3n de una estaci\u00f3n de bomberos.<\/p>\n\n\n\n<p>\u201cSegura estoy que ser\u00e1s nuestro pr\u00f3ximo gobernador de Sinaloa, y abanderar\u00e1s estos proyectos que tanto aquejan a este bello pueblo, s\u00e9 que tendremos un amigo en el gobierno\u201d, extern\u00f3.<\/p>\n\n\n\n<p>Los hoteleros y prestadores de servicios, tambi\u00e9n solicitaron que el 3 por ciento del impuesto, que les quitan sobre la tarifa de hospedaje, se regrese al municipio donde se genera.<\/p>\n\n\n\n<p>En respuesta a estas peticiones, Mario Zamora Gast\u00e9lum, se comprometi\u00f3 a regresar este impuesto, pues se\u00f1al\u00f3 que es justo que las personas que lo generan, se les regrese para seguir reactivando la econom\u00eda.<\/p>\n\n\n\n<p>En ese marco, Mario Zamora Gast\u00e9lum, destac\u00f3 que su gobierno continuar\u00e1 con el programa de viajes por Sinaloa, pues resalt\u00f3 que contribuye en el turismo y beneficia a la gente.<\/p>\n\n\n\n<p>En cuanto a la cobertura m\u00f3vil y la estaci\u00f3n de bomberos, el abanderado de la alianza \u201cVa por Sinaloa\u201d, se comprometi\u00f3 a gestionarlas durante su gobierno, porque representa un beneficio para toda la poblaci\u00f3n.<\/p>\n\n\n\n<p>Respecto a la carretera y el proyecto hidroagr\u00edcola, el aspirante al Gobierno de Sinaloa, dijo que revisar\u00e1 su viabilidad.<\/p>\n\n\n\n<p>Para concluir su gira de campa\u00f1a por el Pueblo M\u00e1gico de Cosal\u00e1, Mario Zamora Gast\u00e9lum, acudi\u00f3 al mercado municipal, donde salud\u00f3, escuch\u00f3 y comparti\u00f3 sus propuestas a los cosaltecos.<\/p>\n","protected":false},"excerpt":{"rendered":"<p>Regresar a los hoteleros el impuesto por hospedaje e impulsar proyectos estrat\u00e9gicos para el desarrollo de Cosal\u00e1 Cosal\u00e1, Sinaloa a 04 de mayo del 2021.- De gira por Cosal\u00e1, Mario Zamora estableci\u00f3 compromisos con los habitantes de este municipio serrano, donde encabez\u00f3 encuentros con los sectores productivos, vecinos de distintas comunidades, empresarios hoteleros, prestadores de [&hellip;]<\/p>\n","protected":false},"author":4,"featured_media":1020,"comment_status":"open","ping_status":"open","sticky":false,"template":"","format":"standard","meta":{"tdm_status":"","tdm_grid_status":"","footnotes":""},"categories":[38],"tags":[],"class_list":{"0":"post-1019","1":"post","2":"type-post","3":"status-publish","4":"format-standard","5":"has-post-thumbnail","7":"category-noticias-locales"},"yoast_head":"<!-- This site is optimized with the Yoast SEO plugin v27.5 - https:\/\/yoast.com\/product\/yoast-seo-wordpress\/ -->\n<title>Va Cosal\u00e1 con Mario Zamora; hace compromisos con sus habitantes - Fuentes Fidedignas<\/title>\n<meta name=\"robots\" content=\"index, follow, max-snippet:-1, max-image-preview:large, max-video-preview:-1\" \/>\n<link rel=\"canonical\" href=\"https:\/\/fuentesfidedignas.com.mx\/index.php\/2021\/05\/04\/va-cosala-con-mario-zamora-hace-compromisos-con-sus-habitantes\/\" \/>\n<meta property=\"og:locale\" content=\"es_MX\" \/>\n<meta property=\"og:type\" content=\"article\" \/>\n<meta property=\"og:title\" content=\"Va Cosal\u00e1 con Mario Zamora; hace compromisos con sus habitantes - Fuentes Fidedignas\" \/>\n<meta property=\"og:description\" content=\"Regresar a los hoteleros el impuesto por hospedaje e impulsar proyectos estrat\u00e9gicos para el desarrollo de Cosal\u00e1 Cosal\u00e1, Sinaloa a 04 de mayo del 2021.- De gira por Cosal\u00e1, Mario Zamora estableci\u00f3 compromisos con los habitantes de este municipio serrano, donde encabez\u00f3 encuentros con los sectores productivos, vecinos de distintas comunidades, empresarios hoteleros, prestadores de [&hellip;]\" \/>\n<meta property=\"og:url\" content=\"https:\/\/fuentesfidedignas.com.mx\/index.php\/2021\/05\/04\/va-cosala-con-mario-zamora-hace-compromisos-con-sus-habitantes\/\" \/>\n<meta property=\"og:site_name\" content=\"Fuentes Fidedignas\" \/>\n<meta property=\"article:publisher\" content=\"https:\/\/www.facebook.com\/Fuentes-Fidedignas-368234489921644\" \/>\n<meta property=\"article:published_time\" content=\"2021-05-04T19:48:19+00:00\" \/>\n<meta property=\"article:modified_time\" content=\"2021-05-05T02:22:15+00:00\" \/>\n<meta property=\"og:image\" content=\"https:\/\/fuentesfidedignas.com.mx\/wp-content\/uploads\/2021\/05\/zamora0405.jpg\" \/>\n\t<meta property=\"og:image:width\" content=\"1024\" \/>\n\t<meta property=\"og:image:height\" content=\"682\" \/>\n\t<meta property=\"og:image:type\" content=\"image\/jpeg\" \/>\n<meta name=\"author\" content=\"Redacci\u00f3n\" \/>\n<meta name=\"twitter:card\" content=\"summary_large_image\" \/>\n<meta name=\"twitter:creator\" content=\"@fidedignas\" \/>\n<meta name=\"twitter:site\" content=\"@fidedignas\" \/>\n<meta name=\"twitter:label1\" content=\"Escrito por\" \/>\n\t<meta name=\"twitter:data1\" content=\"Redacci\u00f3n\" \/>\n\t<meta name=\"twitter:label2\" content=\"Tiempo de lectura\" \/>\n\t<meta name=\"twitter:data2\" content=\"3 minutos\" \/>\n<script type=\"application\/ld+json\" class=\"yoast-schema-graph\">{\"@context\":\"https:\\\/\\\/schema.org\",\"@graph\":[{\"@type\":\"Article\",\"@id\":\"https:\\\/\\\/fuentesfidedignas.com.mx\\\/index.php\\\/2021\\\/05\\\/04\\\/va-cosala-con-mario-zamora-hace-compromisos-con-sus-habitantes\\\/#article\",\"isPartOf\":{\"@id\":\"https:\\\/\\\/fuentesfidedignas.com.mx\\\/index.php\\\/2021\\\/05\\\/04\\\/va-cosala-con-mario-zamora-hace-compromisos-con-sus-habitantes\\\/\"},\"author\":{\"name\":\"Redacci\u00f3n\",\"@id\":\"https:\\\/\\\/fuentesfidedignas.com.mx\\\/#\\\/schema\\\/person\\\/331be9283d37198e2acd5750279085b0\"},\"headline\":\"Va Cosal\u00e1 con Mario Zamora; hace compromisos con sus habitantes\",\"datePublished\":\"2021-05-04T19:48:19+00:00\",\"dateModified\":\"2021-05-05T02:22:15+00:00\",\"mainEntityOfPage\":{\"@id\":\"https:\\\/\\\/fuentesfidedignas.com.mx\\\/index.php\\\/2021\\\/05\\\/04\\\/va-cosala-con-mario-zamora-hace-compromisos-con-sus-habitantes\\\/\"},\"wordCount\":698,\"commentCount\":0,\"publisher\":{\"@id\":\"https:\\\/\\\/fuentesfidedignas.com.mx\\\/#organization\"},\"image\":{\"@id\":\"https:\\\/\\\/fuentesfidedignas.com.mx\\\/index.php\\\/2021\\\/05\\\/04\\\/va-cosala-con-mario-zamora-hace-compromisos-con-sus-habitantes\\\/#primaryimage\"},\"thumbnailUrl\":\"https:\\\/\\\/fuentesfidedignas.com.mx\\\/wp-content\\\/uploads\\\/2021\\\/05\\\/zamora0405.jpg\",\"articleSection\":[\"NOTICIAS LOCALES\"],\"inLanguage\":\"es\",\"potentialAction\":[{\"@type\":\"CommentAction\",\"name\":\"Comment\",\"target\":[\"https:\\\/\\\/fuentesfidedignas.com.mx\\\/index.php\\\/2021\\\/05\\\/04\\\/va-cosala-con-mario-zamora-hace-compromisos-con-sus-habitantes\\\/#respond\"]}]},{\"@type\":\"WebPage\",\"@id\":\"https:\\\/\\\/fuentesfidedignas.com.mx\\\/index.php\\\/2021\\\/05\\\/04\\\/va-cosala-con-mario-zamora-hace-compromisos-con-sus-habitantes\\\/\",\"url\":\"https:\\\/\\\/fuentesfidedignas.com.mx\\\/index.php\\\/2021\\\/05\\\/04\\\/va-cosala-con-mario-zamora-hace-compromisos-con-sus-habitantes\\\/\",\"name\":\"Va Cosal\u00e1 con Mario Zamora; hace compromisos con sus habitantes - Fuentes Fidedignas\",\"isPartOf\":{\"@id\":\"https:\\\/\\\/fuentesfidedignas.com.mx\\\/#website\"},\"primaryImageOfPage\":{\"@id\":\"https:\\\/\\\/fuentesfidedignas.com.mx\\\/index.php\\\/2021\\\/05\\\/04\\\/va-cosala-con-mario-zamora-hace-compromisos-con-sus-habitantes\\\/#primaryimage\"},\"image\":{\"@id\":\"https:\\\/\\\/fuentesfidedignas.com.mx\\\/index.php\\\/2021\\\/05\\\/04\\\/va-cosala-con-mario-zamora-hace-compromisos-con-sus-habitantes\\\/#primaryimage\"},\"thumbnailUrl\":\"https:\\\/\\\/fuentesfidedignas.com.mx\\\/wp-content\\\/uploads\\\/2021\\\/05\\\/zamora0405.jpg\",\"datePublished\":\"2021-05-04T19:48:19+00:00\",\"dateModified\":\"2021-05-05T02:22:15+00:00\",\"breadcrumb\":{\"@id\":\"https:\\\/\\\/fuentesfidedignas.com.mx\\\/index.php\\\/2021\\\/05\\\/04\\\/va-cosala-con-mario-zamora-hace-compromisos-con-sus-habitantes\\\/#breadcrumb\"},\"inLanguage\":\"es\",\"potentialAction\":[{\"@type\":\"ReadAction\",\"target\":[\"https:\\\/\\\/fuentesfidedignas.com.mx\\\/index.php\\\/2021\\\/05\\\/04\\\/va-cosala-con-mario-zamora-hace-compromisos-con-sus-habitantes\\\/\"]}]},{\"@type\":\"ImageObject\",\"inLanguage\":\"es\",\"@id\":\"https:\\\/\\\/fuentesfidedignas.com.mx\\\/index.php\\\/2021\\\/05\\\/04\\\/va-cosala-con-mario-zamora-hace-compromisos-con-sus-habitantes\\\/#primaryimage\",\"url\":\"https:\\\/\\\/fuentesfidedignas.com.mx\\\/wp-content\\\/uploads\\\/2021\\\/05\\\/zamora0405.jpg\",\"contentUrl\":\"https:\\\/\\\/fuentesfidedignas.com.mx\\\/wp-content\\\/uploads\\\/2021\\\/05\\\/zamora0405.jpg\",\"width\":1024,\"height\":682},{\"@type\":\"BreadcrumbList\",\"@id\":\"https:\\\/\\\/fuentesfidedignas.com.mx\\\/index.php\\\/2021\\\/05\\\/04\\\/va-cosala-con-mario-zamora-hace-compromisos-con-sus-habitantes\\\/#breadcrumb\",\"itemListElement\":[{\"@type\":\"ListItem\",\"position\":1,\"name\":\"Inicio\",\"item\":\"https:\\\/\\\/fuentesfidedignas.com.mx\\\/\"},{\"@type\":\"ListItem\",\"position\":2,\"name\":\"Va Cosal\u00e1 con Mario Zamora; hace compromisos con sus habitantes\"}]},{\"@type\":\"WebSite\",\"@id\":\"https:\\\/\\\/fuentesfidedignas.com.mx\\\/#website\",\"url\":\"https:\\\/\\\/fuentesfidedignas.com.mx\\\/\",\"name\":\"Fuentes Fidedignas\",\"description\":\"Otro sitio realizado con WordPress\",\"publisher\":{\"@id\":\"https:\\\/\\\/fuentesfidedignas.com.mx\\\/#organization\"},\"potentialAction\":[{\"@type\":\"SearchAction\",\"target\":{\"@type\":\"EntryPoint\",\"urlTemplate\":\"https:\\\/\\\/fuentesfidedignas.com.mx\\\/?s={search_term_string}\"},\"query-input\":{\"@type\":\"PropertyValueSpecification\",\"valueRequired\":true,\"valueName\":\"search_term_string\"}}],\"inLanguage\":\"es\"},{\"@type\":\"Organization\",\"@id\":\"https:\\\/\\\/fuentesfidedignas.com.mx\\\/#organization\",\"name\":\"Fuentes Fidedignas\",\"url\":\"https:\\\/\\\/fuentesfidedignas.com.mx\\\/\",\"logo\":{\"@type\":\"ImageObject\",\"inLanguage\":\"es\",\"@id\":\"https:\\\/\\\/fuentesfidedignas.com.mx\\\/#\\\/schema\\\/logo\\\/image\\\/\",\"url\":\"https:\\\/\\\/fuentesfidedignas.com.mx\\\/wp-content\\\/uploads\\\/2021\\\/04\\\/logo-retina.png\",\"contentUrl\":\"https:\\\/\\\/fuentesfidedignas.com.mx\\\/wp-content\\\/uploads\\\/2021\\\/04\\\/logo-retina.png\",\"width\":280,\"height\":51,\"caption\":\"Fuentes Fidedignas\"},\"image\":{\"@id\":\"https:\\\/\\\/fuentesfidedignas.com.mx\\\/#\\\/schema\\\/logo\\\/image\\\/\"},\"sameAs\":[\"https:\\\/\\\/www.facebook.com\\\/Fuentes-Fidedignas-368234489921644\",\"https:\\\/\\\/x.com\\\/fidedignas\"]},{\"@type\":\"Person\",\"@id\":\"https:\\\/\\\/fuentesfidedignas.com.mx\\\/#\\\/schema\\\/person\\\/331be9283d37198e2acd5750279085b0\",\"name\":\"Redacci\u00f3n\",\"image\":{\"@type\":\"ImageObject\",\"inLanguage\":\"es\",\"@id\":\"https:\\\/\\\/secure.gravatar.com\\\/avatar\\\/f6d8782c11d12b2d4ad3fbb6931aeab5309937a4d6cd2fc9cfaa28a6396a5aec?s=96&d=mm&r=g\",\"url\":\"https:\\\/\\\/secure.gravatar.com\\\/avatar\\\/f6d8782c11d12b2d4ad3fbb6931aeab5309937a4d6cd2fc9cfaa28a6396a5aec?s=96&d=mm&r=g\",\"contentUrl\":\"https:\\\/\\\/secure.gravatar.com\\\/avatar\\\/f6d8782c11d12b2d4ad3fbb6931aeab5309937a4d6cd2fc9cfaa28a6396a5aec?s=96&d=mm&r=g\",\"caption\":\"Redacci\u00f3n\"},\"url\":\"https:\\\/\\\/fuentesfidedignas.com.mx\\\/index.php\\\/author\\\/redaccion\\\/\"}]}<\/script>\n<!-- \/ Yoast SEO plugin. -->","yoast_head_json":{"title":"Va Cosal\u00e1 con Mario Zamora; hace compromisos con sus habitantes - Fuentes Fidedignas","robots":{"index":"index","follow":"follow","max-snippet":"max-snippet:-1","max-image-preview":"max-image-preview:large","max-video-preview":"max-video-preview:-1"},"canonical":"https:\/\/fuentesfidedignas.com.mx\/index.php\/2021\/05\/04\/va-cosala-con-mario-zamora-hace-compromisos-con-sus-habitantes\/","og_locale":"es_MX","og_type":"article","og_title":"Va Cosal\u00e1 con Mario Zamora; hace compromisos con sus habitantes - Fuentes Fidedignas","og_description":"Regresar a los hoteleros el impuesto por hospedaje e impulsar proyectos estrat\u00e9gicos para el desarrollo de Cosal\u00e1 Cosal\u00e1, Sinaloa a 04 de mayo del 2021.- De gira por Cosal\u00e1, Mario Zamora estableci\u00f3 compromisos con los habitantes de este municipio serrano, donde encabez\u00f3 encuentros con los sectores productivos, vecinos de distintas comunidades, empresarios hoteleros, prestadores de [&hellip;]","og_url":"https:\/\/fuentesfidedignas.com.mx\/index.php\/2021\/05\/04\/va-cosala-con-mario-zamora-hace-compromisos-con-sus-habitantes\/","og_site_name":"Fuentes Fidedignas","article_publisher":"https:\/\/www.facebook.com\/Fuentes-Fidedignas-368234489921644","article_published_time":"2021-05-04T19:48:19+00:00","article_modified_time":"2021-05-05T02:22:15+00:00","og_image":[{"width":1024,"height":682,"url":"https:\/\/fuentesfidedignas.com.mx\/wp-content\/uploads\/2021\/05\/zamora0405.jpg","type":"image\/jpeg"}],"author":"Redacci\u00f3n","twitter_card":"summary_large_image","twitter_creator":"@fidedignas","twitter_site":"@fidedignas","twitter_misc":{"Escrito por":"Redacci\u00f3n","Tiempo de lectura":"3 minutos"},"schema":{"@context":"https:\/\/schema.org","@graph":[{"@type":"Article","@id":"https:\/\/fuentesfidedignas.com.mx\/index.php\/2021\/05\/04\/va-cosala-con-mario-zamora-hace-compromisos-con-sus-habitantes\/#article","isPartOf":{"@id":"https:\/\/fuentesfidedignas.com.mx\/index.php\/2021\/05\/04\/va-cosala-con-mario-zamora-hace-compromisos-con-sus-habitantes\/"},"author":{"name":"Redacci\u00f3n","@id":"https:\/\/fuentesfidedignas.com.mx\/#\/schema\/person\/331be9283d37198e2acd5750279085b0"},"headline":"Va Cosal\u00e1 con Mario Zamora; hace compromisos con sus habitantes","datePublished":"2021-05-04T19:48:19+00:00","dateModified":"2021-05-05T02:22:15+00:00","mainEntityOfPage":{"@id":"https:\/\/fuentesfidedignas.com.mx\/index.php\/2021\/05\/04\/va-cosala-con-mario-zamora-hace-compromisos-con-sus-habitantes\/"},"wordCount":698,"commentCount":0,"publisher":{"@id":"https:\/\/fuentesfidedignas.com.mx\/#organization"},"image":{"@id":"https:\/\/fuentesfidedignas.com.mx\/index.php\/2021\/05\/04\/va-cosala-con-mario-zamora-hace-compromisos-con-sus-habitantes\/#primaryimage"},"thumbnailUrl":"https:\/\/fuentesfidedignas.com.mx\/wp-content\/uploads\/2021\/05\/zamora0405.jpg","articleSection":["NOTICIAS LOCALES"],"inLanguage":"es","potentialAction":[{"@type":"CommentAction","name":"Comment","target":["https:\/\/fuentesfidedignas.com.mx\/index.php\/2021\/05\/04\/va-cosala-con-mario-zamora-hace-compromisos-con-sus-habitantes\/#respond"]}]},{"@type":"WebPage","@id":"https:\/\/fuentesfidedignas.com.mx\/index.php\/2021\/05\/04\/va-cosala-con-mario-zamora-hace-compromisos-con-sus-habitantes\/","url":"https:\/\/fuentesfidedignas.com.mx\/index.php\/2021\/05\/04\/va-cosala-con-mario-zamora-hace-compromisos-con-sus-habitantes\/","name":"Va Cosal\u00e1 con Mario Zamora; hace compromisos con sus habitantes - Fuentes Fidedignas","isPartOf":{"@id":"https:\/\/fuentesfidedignas.com.mx\/#website"},"primaryImageOfPage":{"@id":"https:\/\/fuentesfidedignas.com.mx\/index.php\/2021\/05\/04\/va-cosala-con-mario-zamora-hace-compromisos-con-sus-habitantes\/#primaryimage"},"image":{"@id":"https:\/\/fuentesfidedignas.com.mx\/index.php\/2021\/05\/04\/va-cosala-con-mario-zamora-hace-compromisos-con-sus-habitantes\/#primaryimage"},"thumbnailUrl":"https:\/\/fuentesfidedignas.com.mx\/wp-content\/uploads\/2021\/05\/zamora0405.jpg","datePublished":"2021-05-04T19:48:19+00:00","dateModified":"2021-05-05T02:22:15+00:00","breadcrumb":{"@id":"https:\/\/fuentesfidedignas.com.mx\/index.php\/2021\/05\/04\/va-cosala-con-mario-zamora-hace-compromisos-con-sus-habitantes\/#breadcrumb"},"inLanguage":"es","potentialAction":[{"@type":"ReadAction","target":["https:\/\/fuentesfidedignas.com.mx\/index.php\/2021\/05\/04\/va-cosala-con-mario-zamora-hace-compromisos-con-sus-habitantes\/"]}]},{"@type":"ImageObject","inLanguage":"es","@id":"https:\/\/fuentesfidedignas.com.mx\/index.php\/2021\/05\/04\/va-cosala-con-mario-zamora-hace-compromisos-con-sus-habitantes\/#primaryimage","url":"https:\/\/fuentesfidedignas.com.mx\/wp-content\/uploads\/2021\/05\/zamora0405.jpg","contentUrl":"https:\/\/fuentesfidedignas.com.mx\/wp-content\/uploads\/2021\/05\/zamora0405.jpg","width":1024,"height":682},{"@type":"BreadcrumbList","@id":"https:\/\/fuentesfidedignas.com.mx\/index.php\/2021\/05\/04\/va-cosala-con-mario-zamora-hace-compromisos-con-sus-habitantes\/#breadcrumb","itemListElement":[{"@type":"ListItem","position":1,"name":"Inicio","item":"https:\/\/fuentesfidedignas.com.mx\/"},{"@type":"ListItem","position":2,"name":"Va Cosal\u00e1 con Mario Zamora; hace compromisos con sus habitantes"}]},{"@type":"WebSite","@id":"https:\/\/fuentesfidedignas.com.mx\/#website","url":"https:\/\/fuentesfidedignas.com.mx\/","name":"Fuentes Fidedignas","description":"Otro sitio realizado con WordPress","publisher":{"@id":"https:\/\/fuentesfidedignas.com.mx\/#organization"},"potentialAction":[{"@type":"SearchAction","target":{"@type":"EntryPoint","urlTemplate":"https:\/\/fuentesfidedignas.com.mx\/?s={search_term_string}"},"query-input":{"@type":"PropertyValueSpecification","valueRequired":true,"valueName":"search_term_string"}}],"inLanguage":"es"},{"@type":"Organization","@id":"https:\/\/fuentesfidedignas.com.mx\/#organization","name":"Fuentes Fidedignas","url":"https:\/\/fuentesfidedignas.com.mx\/","logo":{"@type":"ImageObject","inLanguage":"es","@id":"https:\/\/fuentesfidedignas.com.mx\/#\/schema\/logo\/image\/","url":"https:\/\/fuentesfidedignas.com.mx\/wp-content\/uploads\/2021\/04\/logo-retina.png","contentUrl":"https:\/\/fuentesfidedignas.com.mx\/wp-content\/uploads\/2021\/04\/logo-retina.png","width":280,"height":51,"caption":"Fuentes Fidedignas"},"image":{"@id":"https:\/\/fuentesfidedignas.com.mx\/#\/schema\/logo\/image\/"},"sameAs":["https:\/\/www.facebook.com\/Fuentes-Fidedignas-368234489921644","https:\/\/x.com\/fidedignas"]},{"@type":"Person","@id":"https:\/\/fuentesfidedignas.com.mx\/#\/schema\/person\/331be9283d37198e2acd5750279085b0","name":"Redacci\u00f3n","image":{"@type":"ImageObject","inLanguage":"es","@id":"https:\/\/secure.gravatar.com\/avatar\/f6d8782c11d12b2d4ad3fbb6931aeab5309937a4d6cd2fc9cfaa28a6396a5aec?s=96&d=mm&r=g","url":"https:\/\/secure.gravatar.com\/avatar\/f6d8782c11d12b2d4ad3fbb6931aeab5309937a4d6cd2fc9cfaa28a6396a5aec?s=96&d=mm&r=g","contentUrl":"https:\/\/secure.gravatar.com\/avatar\/f6d8782c11d12b2d4ad3fbb6931aeab5309937a4d6cd2fc9cfaa28a6396a5aec?s=96&d=mm&r=g","caption":"Redacci\u00f3n"},"url":"https:\/\/fuentesfidedignas.com.mx\/index.php\/author\/redaccion\/"}]}},"_links":{"self":[{"href":"https:\/\/fuentesfidedignas.com.mx\/index.php\/wp-json\/wp\/v2\/posts\/1019","targetHints":{"allow":["GET"]}}],"collection":[{"href":"https:\/\/fuentesfidedignas.com.mx\/index.php\/wp-json\/wp\/v2\/posts"}],"about":[{"href":"https:\/\/fuentesfidedignas.com.mx\/index.php\/wp-json\/wp\/v2\/types\/post"}],"author":[{"embeddable":true,"href":"https:\/\/fuentesfidedignas.com.mx\/index.php\/wp-json\/wp\/v2\/users\/4"}],"replies":[{"embeddable":true,"href":"https:\/\/fuentesfidedignas.com.mx\/index.php\/wp-json\/wp\/v2\/comments?post=1019"}],"version-history":[{"count":1,"href":"https:\/\/fuentesfidedignas.com.mx\/index.php\/wp-json\/wp\/v2\/posts\/1019\/revisions"}],"predecessor-version":[{"id":1021,"href":"https:\/\/fuentesfidedignas.com.mx\/index.php\/wp-json\/wp\/v2\/posts\/1019\/revisions\/1021"}],"wp:featuredmedia":[{"embeddable":true,"href":"https:\/\/fuentesfidedignas.com.mx\/index.php\/wp-json\/wp\/v2\/media\/1020"}],"wp:attachment":[{"href":"https:\/\/fuentesfidedignas.com.mx\/index.php\/wp-json\/wp\/v2\/media?parent=1019"}],"wp:term":[{"taxonomy":"category","embeddable":true,"href":"https:\/\/fuentesfidedignas.com.mx\/index.php\/wp-json\/wp\/v2\/categories?post=1019"},{"taxonomy":"post_tag","embeddable":true,"href":"https:\/\/fuentesfidedignas.com.mx\/index.php\/wp-json\/wp\/v2\/tags?post=1019"}],"curies":[{"name":"wp","href":"https:\/\/api.w.org\/{rel}","templated":true}]}}