{"id":101844,"date":"2025-02-16T13:16:13","date_gmt":"2025-02-16T20:16:13","guid":{"rendered":"https:\/\/fuentesfidedignas.com.mx\/?p=101844"},"modified":"2025-02-16T13:16:17","modified_gmt":"2025-02-16T20:16:17","slug":"en-acapulco-interceptan-ambulancia-que-llevaba-a-hombres-heridos-y-los-matan","status":"publish","type":"post","link":"https:\/\/fuentesfidedignas.com.mx\/index.php\/2025\/02\/16\/en-acapulco-interceptan-ambulancia-que-llevaba-a-hombres-heridos-y-los-matan\/","title":{"rendered":"En Acapulco, interceptan ambulancia que llevaba a hombres heridos y los matan"},"content":{"rendered":"\n<p><strong><em>Las v\u00edctimas eran trasladadas tras un enfrentamiento en Ayutla de los Libres.<\/em><\/strong><\/p>\n\n\n\n<p>Cuatro hombres fueron ejecutados dentro de una ambulancia por un comando en Acapulco, mientras que otros dos resultaron heridos por arma de fuego y se trasladaron por sus propios medios.<\/p>\n\n\n\n<p>El ataque ocurri\u00f3 a bordo de una ambulancia que fue interceptada por un comando en las inmediaciones de Bella Vista Papagayo, en la carretera federal Acapulco Pinotepa Nacional.<\/p>\n\n\n\n<p>Se precisa que en la ambulancia viajaban seis hombres, tres de los cuales iban lesionados por arma de fuego&nbsp;tras un enfrentamiento el s\u00e1bado en el poblado de Tutepec, municipio de Ayutla de los Libres en la Costa Chica.<\/p>\n\n\n\n<p>Se inform\u00f3 que en esa localidad ind\u00edgena de Tutepec, qued\u00f3 un hombre sin vida y tres m\u00e1s lesionados que trasladaron al hospital general en el municipio de Ayutla de los Libres en la costa.<\/p>\n\n\n\n<p>Debido a la gravedad de las heridas que presentaban los tres lesionados se orden\u00f3 su traslado al puerto de Acapulco, y los acompa\u00f1aban tres m\u00e1s hombres en su traslado a un hospital de esta localidad.<\/p>\n\n\n\n<p><strong>Interceptan ambulancia en Acapulco<\/strong><br>En la unidad, viajaban seis hombres, tres de los cuales iban heridos por arma de grueso calibre, y tres acompa\u00f1antes que los llevaban en trasladado a un hospital del puerto de Acapulco.<\/p>\n\n\n\n<p>Tras ser interceptados, dentro de la ambulancia fueron rematados los tres heridos, y sus acompa\u00f1antes fueron atacados a balazos, uno de los cuales muri\u00f3 en la ambulancia y dos m\u00e1s quedaron lesionados.<\/p>\n\n\n\n<p>Los hechos ocurrieron aproximadamente a las 04:05 horas, la madrugada de este domingo a la altura del poblado de Bella Vista, en la carretera federal Acapulco-Pinotepa Nacional, cuando un comando intercept\u00f3 la ambulancia.<\/p>\n\n\n\n<p>Se inform\u00f3 que a bordo de la ambulancia Atenci\u00f3n M\u00e9dica Inmediata (AMI) con n\u00famero A-05 de urgencias B\u00e1sicas, fue interceptada la delincuencia organizada, y asesinaron a los heridos y balearon a su acompa\u00f1ante.<\/p>\n\n\n\n<p>El reporte emitido a las autoridades ocurri\u00f3 aproximadamente a las 04:17 horas.<\/p>\n\n\n\n<p>Fue poco despu\u00e9s de las seis de la ma\u00f1ana que al lugar acudieron efectivos de fuerzas federales, estatales y ministeriales realizan las primeras investigaciones por el m\u00faltiple crimen.<\/p>\n\n\n\n<p>Los cuerpos fueron levantados por personal del Servicio M\u00e9dico Forense (Semefo) y los trasladaron a la morgue de El Quemado&nbsp;en&nbsp;Acapulco.<\/p>\n\n\n\n<p><strong>FGE investiga hechos de violencia en Bella Vista, Acapulco<\/strong><br>Tras la intercepci\u00f3n en la ambulancia, la FGE inform\u00f3 que inici\u00f3 una carpeta de investigaci\u00f3n por homicidio calificado por arma de fuego en agravio de cuatro hombres,\u00a0adem\u00e1s de las lesiones causadas a otros.<\/p>\n\n\n\n<p>Elementos de la Polic\u00eda Investigadora Ministerial (PIM) y los servicios periciales de la FGE de Guerrero llegaron al lugar y realizaron las primeras diligencias, as\u00ed como el levantamiento de los indicios correspondientes.<\/p>\n\n\n\n<p>La Fiscal\u00eda reitera su compromiso con la ciudadan\u00eda guerrerense de garantizar el acceso a la justicia y su firme determinaci\u00f3n en la lucha contra\u00a0la\u00a0impunidad.<\/p>\n","protected":false},"excerpt":{"rendered":"<p>Las v\u00edctimas eran trasladadas tras un enfrentamiento en Ayutla de los Libres. Cuatro hombres fueron ejecutados dentro de una ambulancia por un comando en Acapulco, mientras que otros dos resultaron heridos por arma de fuego y se trasladaron por sus propios medios. El ataque ocurri\u00f3 a bordo de una ambulancia que fue interceptada por un [&hellip;]<\/p>\n","protected":false},"author":9,"featured_media":101845,"comment_status":"open","ping_status":"open","sticky":false,"template":"","format":"standard","meta":{"tdm_status":"","tdm_grid_status":"","footnotes":""},"categories":[39],"tags":[],"class_list":{"0":"post-101844","1":"post","2":"type-post","3":"status-publish","4":"format-standard","5":"has-post-thumbnail","7":"category-noticias-nacionales"},"yoast_head":"<!-- This site is optimized with the Yoast SEO plugin v27.5 - https:\/\/yoast.com\/product\/yoast-seo-wordpress\/ -->\n<title>En Acapulco, interceptan ambulancia que llevaba a hombres heridos y los matan - Fuentes Fidedignas<\/title>\n<meta name=\"robots\" content=\"index, follow, max-snippet:-1, max-image-preview:large, max-video-preview:-1\" \/>\n<link rel=\"canonical\" href=\"https:\/\/fuentesfidedignas.com.mx\/index.php\/2025\/02\/16\/en-acapulco-interceptan-ambulancia-que-llevaba-a-hombres-heridos-y-los-matan\/\" \/>\n<meta property=\"og:locale\" content=\"es_MX\" \/>\n<meta property=\"og:type\" content=\"article\" \/>\n<meta property=\"og:title\" content=\"En Acapulco, interceptan ambulancia que llevaba a hombres heridos y los matan - Fuentes Fidedignas\" \/>\n<meta property=\"og:description\" content=\"Las v\u00edctimas eran trasladadas tras un enfrentamiento en Ayutla de los Libres. Cuatro hombres fueron ejecutados dentro de una ambulancia por un comando en Acapulco, mientras que otros dos resultaron heridos por arma de fuego y se trasladaron por sus propios medios. El ataque ocurri\u00f3 a bordo de una ambulancia que fue interceptada por un [&hellip;]\" \/>\n<meta property=\"og:url\" content=\"https:\/\/fuentesfidedignas.com.mx\/index.php\/2025\/02\/16\/en-acapulco-interceptan-ambulancia-que-llevaba-a-hombres-heridos-y-los-matan\/\" \/>\n<meta property=\"og:site_name\" content=\"Fuentes Fidedignas\" \/>\n<meta property=\"article:publisher\" content=\"https:\/\/www.facebook.com\/Fuentes-Fidedignas-368234489921644\" \/>\n<meta property=\"article:published_time\" content=\"2025-02-16T20:16:13+00:00\" \/>\n<meta property=\"article:modified_time\" content=\"2025-02-16T20:16:17+00:00\" \/>\n<meta property=\"og:image\" content=\"https:\/\/fuentesfidedignas.com.mx\/wp-content\/uploads\/2025\/02\/ambulancia_acapulco.jpg\" \/>\n\t<meta property=\"og:image:width\" content=\"600\" \/>\n\t<meta property=\"og:image:height\" content=\"378\" \/>\n\t<meta property=\"og:image:type\" content=\"image\/jpeg\" \/>\n<meta name=\"author\" content=\"Milenio\" \/>\n<meta name=\"twitter:card\" content=\"summary_large_image\" \/>\n<meta name=\"twitter:creator\" content=\"@fidedignas\" \/>\n<meta name=\"twitter:site\" content=\"@fidedignas\" \/>\n<meta name=\"twitter:label1\" content=\"Escrito por\" \/>\n\t<meta name=\"twitter:data1\" content=\"Milenio\" \/>\n\t<meta name=\"twitter:label2\" content=\"Tiempo de lectura\" \/>\n\t<meta name=\"twitter:data2\" content=\"3 minutos\" \/>\n<script type=\"application\/ld+json\" class=\"yoast-schema-graph\">{\"@context\":\"https:\\\/\\\/schema.org\",\"@graph\":[{\"@type\":\"Article\",\"@id\":\"https:\\\/\\\/fuentesfidedignas.com.mx\\\/index.php\\\/2025\\\/02\\\/16\\\/en-acapulco-interceptan-ambulancia-que-llevaba-a-hombres-heridos-y-los-matan\\\/#article\",\"isPartOf\":{\"@id\":\"https:\\\/\\\/fuentesfidedignas.com.mx\\\/index.php\\\/2025\\\/02\\\/16\\\/en-acapulco-interceptan-ambulancia-que-llevaba-a-hombres-heridos-y-los-matan\\\/\"},\"author\":{\"name\":\"Milenio\",\"@id\":\"https:\\\/\\\/fuentesfidedignas.com.mx\\\/#\\\/schema\\\/person\\\/47ec0135738f4b0c7495f06a77a2c976\"},\"headline\":\"En Acapulco, interceptan ambulancia que llevaba a hombres heridos y los matan\",\"datePublished\":\"2025-02-16T20:16:13+00:00\",\"dateModified\":\"2025-02-16T20:16:17+00:00\",\"mainEntityOfPage\":{\"@id\":\"https:\\\/\\\/fuentesfidedignas.com.mx\\\/index.php\\\/2025\\\/02\\\/16\\\/en-acapulco-interceptan-ambulancia-que-llevaba-a-hombres-heridos-y-los-matan\\\/\"},\"wordCount\":513,\"commentCount\":0,\"publisher\":{\"@id\":\"https:\\\/\\\/fuentesfidedignas.com.mx\\\/#organization\"},\"image\":{\"@id\":\"https:\\\/\\\/fuentesfidedignas.com.mx\\\/index.php\\\/2025\\\/02\\\/16\\\/en-acapulco-interceptan-ambulancia-que-llevaba-a-hombres-heridos-y-los-matan\\\/#primaryimage\"},\"thumbnailUrl\":\"https:\\\/\\\/fuentesfidedignas.com.mx\\\/wp-content\\\/uploads\\\/2025\\\/02\\\/ambulancia_acapulco.jpg\",\"articleSection\":[\"NOTICIAS NACIONALES\"],\"inLanguage\":\"es\",\"potentialAction\":[{\"@type\":\"CommentAction\",\"name\":\"Comment\",\"target\":[\"https:\\\/\\\/fuentesfidedignas.com.mx\\\/index.php\\\/2025\\\/02\\\/16\\\/en-acapulco-interceptan-ambulancia-que-llevaba-a-hombres-heridos-y-los-matan\\\/#respond\"]}]},{\"@type\":\"WebPage\",\"@id\":\"https:\\\/\\\/fuentesfidedignas.com.mx\\\/index.php\\\/2025\\\/02\\\/16\\\/en-acapulco-interceptan-ambulancia-que-llevaba-a-hombres-heridos-y-los-matan\\\/\",\"url\":\"https:\\\/\\\/fuentesfidedignas.com.mx\\\/index.php\\\/2025\\\/02\\\/16\\\/en-acapulco-interceptan-ambulancia-que-llevaba-a-hombres-heridos-y-los-matan\\\/\",\"name\":\"En Acapulco, interceptan ambulancia que llevaba a hombres heridos y los matan - Fuentes Fidedignas\",\"isPartOf\":{\"@id\":\"https:\\\/\\\/fuentesfidedignas.com.mx\\\/#website\"},\"primaryImageOfPage\":{\"@id\":\"https:\\\/\\\/fuentesfidedignas.com.mx\\\/index.php\\\/2025\\\/02\\\/16\\\/en-acapulco-interceptan-ambulancia-que-llevaba-a-hombres-heridos-y-los-matan\\\/#primaryimage\"},\"image\":{\"@id\":\"https:\\\/\\\/fuentesfidedignas.com.mx\\\/index.php\\\/2025\\\/02\\\/16\\\/en-acapulco-interceptan-ambulancia-que-llevaba-a-hombres-heridos-y-los-matan\\\/#primaryimage\"},\"thumbnailUrl\":\"https:\\\/\\\/fuentesfidedignas.com.mx\\\/wp-content\\\/uploads\\\/2025\\\/02\\\/ambulancia_acapulco.jpg\",\"datePublished\":\"2025-02-16T20:16:13+00:00\",\"dateModified\":\"2025-02-16T20:16:17+00:00\",\"breadcrumb\":{\"@id\":\"https:\\\/\\\/fuentesfidedignas.com.mx\\\/index.php\\\/2025\\\/02\\\/16\\\/en-acapulco-interceptan-ambulancia-que-llevaba-a-hombres-heridos-y-los-matan\\\/#breadcrumb\"},\"inLanguage\":\"es\",\"potentialAction\":[{\"@type\":\"ReadAction\",\"target\":[\"https:\\\/\\\/fuentesfidedignas.com.mx\\\/index.php\\\/2025\\\/02\\\/16\\\/en-acapulco-interceptan-ambulancia-que-llevaba-a-hombres-heridos-y-los-matan\\\/\"]}]},{\"@type\":\"ImageObject\",\"inLanguage\":\"es\",\"@id\":\"https:\\\/\\\/fuentesfidedignas.com.mx\\\/index.php\\\/2025\\\/02\\\/16\\\/en-acapulco-interceptan-ambulancia-que-llevaba-a-hombres-heridos-y-los-matan\\\/#primaryimage\",\"url\":\"https:\\\/\\\/fuentesfidedignas.com.mx\\\/wp-content\\\/uploads\\\/2025\\\/02\\\/ambulancia_acapulco.jpg\",\"contentUrl\":\"https:\\\/\\\/fuentesfidedignas.com.mx\\\/wp-content\\\/uploads\\\/2025\\\/02\\\/ambulancia_acapulco.jpg\",\"width\":600,\"height\":378},{\"@type\":\"BreadcrumbList\",\"@id\":\"https:\\\/\\\/fuentesfidedignas.com.mx\\\/index.php\\\/2025\\\/02\\\/16\\\/en-acapulco-interceptan-ambulancia-que-llevaba-a-hombres-heridos-y-los-matan\\\/#breadcrumb\",\"itemListElement\":[{\"@type\":\"ListItem\",\"position\":1,\"name\":\"Inicio\",\"item\":\"https:\\\/\\\/fuentesfidedignas.com.mx\\\/\"},{\"@type\":\"ListItem\",\"position\":2,\"name\":\"En Acapulco, interceptan ambulancia que llevaba a hombres heridos y los matan\"}]},{\"@type\":\"WebSite\",\"@id\":\"https:\\\/\\\/fuentesfidedignas.com.mx\\\/#website\",\"url\":\"https:\\\/\\\/fuentesfidedignas.com.mx\\\/\",\"name\":\"Fuentes Fidedignas\",\"description\":\"Otro sitio realizado con WordPress\",\"publisher\":{\"@id\":\"https:\\\/\\\/fuentesfidedignas.com.mx\\\/#organization\"},\"potentialAction\":[{\"@type\":\"SearchAction\",\"target\":{\"@type\":\"EntryPoint\",\"urlTemplate\":\"https:\\\/\\\/fuentesfidedignas.com.mx\\\/?s={search_term_string}\"},\"query-input\":{\"@type\":\"PropertyValueSpecification\",\"valueRequired\":true,\"valueName\":\"search_term_string\"}}],\"inLanguage\":\"es\"},{\"@type\":\"Organization\",\"@id\":\"https:\\\/\\\/fuentesfidedignas.com.mx\\\/#organization\",\"name\":\"Fuentes Fidedignas\",\"url\":\"https:\\\/\\\/fuentesfidedignas.com.mx\\\/\",\"logo\":{\"@type\":\"ImageObject\",\"inLanguage\":\"es\",\"@id\":\"https:\\\/\\\/fuentesfidedignas.com.mx\\\/#\\\/schema\\\/logo\\\/image\\\/\",\"url\":\"https:\\\/\\\/fuentesfidedignas.com.mx\\\/wp-content\\\/uploads\\\/2021\\\/04\\\/logo-retina.png\",\"contentUrl\":\"https:\\\/\\\/fuentesfidedignas.com.mx\\\/wp-content\\\/uploads\\\/2021\\\/04\\\/logo-retina.png\",\"width\":280,\"height\":51,\"caption\":\"Fuentes Fidedignas\"},\"image\":{\"@id\":\"https:\\\/\\\/fuentesfidedignas.com.mx\\\/#\\\/schema\\\/logo\\\/image\\\/\"},\"sameAs\":[\"https:\\\/\\\/www.facebook.com\\\/Fuentes-Fidedignas-368234489921644\",\"https:\\\/\\\/x.com\\\/fidedignas\"]},{\"@type\":\"Person\",\"@id\":\"https:\\\/\\\/fuentesfidedignas.com.mx\\\/#\\\/schema\\\/person\\\/47ec0135738f4b0c7495f06a77a2c976\",\"name\":\"Milenio\",\"image\":{\"@type\":\"ImageObject\",\"inLanguage\":\"es\",\"@id\":\"https:\\\/\\\/secure.gravatar.com\\\/avatar\\\/acabf7b54753e51c2c76457954577c236b3b764789b19879565769739d1e4a75?s=96&d=mm&r=g\",\"url\":\"https:\\\/\\\/secure.gravatar.com\\\/avatar\\\/acabf7b54753e51c2c76457954577c236b3b764789b19879565769739d1e4a75?s=96&d=mm&r=g\",\"contentUrl\":\"https:\\\/\\\/secure.gravatar.com\\\/avatar\\\/acabf7b54753e51c2c76457954577c236b3b764789b19879565769739d1e4a75?s=96&d=mm&r=g\",\"caption\":\"Milenio\"},\"url\":\"https:\\\/\\\/fuentesfidedignas.com.mx\\\/index.php\\\/author\\\/milenio\\\/\"}]}<\/script>\n<!-- \/ Yoast SEO plugin. -->","yoast_head_json":{"title":"En Acapulco, interceptan ambulancia que llevaba a hombres heridos y los matan - Fuentes Fidedignas","robots":{"index":"index","follow":"follow","max-snippet":"max-snippet:-1","max-image-preview":"max-image-preview:large","max-video-preview":"max-video-preview:-1"},"canonical":"https:\/\/fuentesfidedignas.com.mx\/index.php\/2025\/02\/16\/en-acapulco-interceptan-ambulancia-que-llevaba-a-hombres-heridos-y-los-matan\/","og_locale":"es_MX","og_type":"article","og_title":"En Acapulco, interceptan ambulancia que llevaba a hombres heridos y los matan - Fuentes Fidedignas","og_description":"Las v\u00edctimas eran trasladadas tras un enfrentamiento en Ayutla de los Libres. Cuatro hombres fueron ejecutados dentro de una ambulancia por un comando en Acapulco, mientras que otros dos resultaron heridos por arma de fuego y se trasladaron por sus propios medios. El ataque ocurri\u00f3 a bordo de una ambulancia que fue interceptada por un [&hellip;]","og_url":"https:\/\/fuentesfidedignas.com.mx\/index.php\/2025\/02\/16\/en-acapulco-interceptan-ambulancia-que-llevaba-a-hombres-heridos-y-los-matan\/","og_site_name":"Fuentes Fidedignas","article_publisher":"https:\/\/www.facebook.com\/Fuentes-Fidedignas-368234489921644","article_published_time":"2025-02-16T20:16:13+00:00","article_modified_time":"2025-02-16T20:16:17+00:00","og_image":[{"width":600,"height":378,"url":"https:\/\/fuentesfidedignas.com.mx\/wp-content\/uploads\/2025\/02\/ambulancia_acapulco.jpg","type":"image\/jpeg"}],"author":"Milenio","twitter_card":"summary_large_image","twitter_creator":"@fidedignas","twitter_site":"@fidedignas","twitter_misc":{"Escrito por":"Milenio","Tiempo de lectura":"3 minutos"},"schema":{"@context":"https:\/\/schema.org","@graph":[{"@type":"Article","@id":"https:\/\/fuentesfidedignas.com.mx\/index.php\/2025\/02\/16\/en-acapulco-interceptan-ambulancia-que-llevaba-a-hombres-heridos-y-los-matan\/#article","isPartOf":{"@id":"https:\/\/fuentesfidedignas.com.mx\/index.php\/2025\/02\/16\/en-acapulco-interceptan-ambulancia-que-llevaba-a-hombres-heridos-y-los-matan\/"},"author":{"name":"Milenio","@id":"https:\/\/fuentesfidedignas.com.mx\/#\/schema\/person\/47ec0135738f4b0c7495f06a77a2c976"},"headline":"En Acapulco, interceptan ambulancia que llevaba a hombres heridos y los matan","datePublished":"2025-02-16T20:16:13+00:00","dateModified":"2025-02-16T20:16:17+00:00","mainEntityOfPage":{"@id":"https:\/\/fuentesfidedignas.com.mx\/index.php\/2025\/02\/16\/en-acapulco-interceptan-ambulancia-que-llevaba-a-hombres-heridos-y-los-matan\/"},"wordCount":513,"commentCount":0,"publisher":{"@id":"https:\/\/fuentesfidedignas.com.mx\/#organization"},"image":{"@id":"https:\/\/fuentesfidedignas.com.mx\/index.php\/2025\/02\/16\/en-acapulco-interceptan-ambulancia-que-llevaba-a-hombres-heridos-y-los-matan\/#primaryimage"},"thumbnailUrl":"https:\/\/fuentesfidedignas.com.mx\/wp-content\/uploads\/2025\/02\/ambulancia_acapulco.jpg","articleSection":["NOTICIAS NACIONALES"],"inLanguage":"es","potentialAction":[{"@type":"CommentAction","name":"Comment","target":["https:\/\/fuentesfidedignas.com.mx\/index.php\/2025\/02\/16\/en-acapulco-interceptan-ambulancia-que-llevaba-a-hombres-heridos-y-los-matan\/#respond"]}]},{"@type":"WebPage","@id":"https:\/\/fuentesfidedignas.com.mx\/index.php\/2025\/02\/16\/en-acapulco-interceptan-ambulancia-que-llevaba-a-hombres-heridos-y-los-matan\/","url":"https:\/\/fuentesfidedignas.com.mx\/index.php\/2025\/02\/16\/en-acapulco-interceptan-ambulancia-que-llevaba-a-hombres-heridos-y-los-matan\/","name":"En Acapulco, interceptan ambulancia que llevaba a hombres heridos y los matan - Fuentes Fidedignas","isPartOf":{"@id":"https:\/\/fuentesfidedignas.com.mx\/#website"},"primaryImageOfPage":{"@id":"https:\/\/fuentesfidedignas.com.mx\/index.php\/2025\/02\/16\/en-acapulco-interceptan-ambulancia-que-llevaba-a-hombres-heridos-y-los-matan\/#primaryimage"},"image":{"@id":"https:\/\/fuentesfidedignas.com.mx\/index.php\/2025\/02\/16\/en-acapulco-interceptan-ambulancia-que-llevaba-a-hombres-heridos-y-los-matan\/#primaryimage"},"thumbnailUrl":"https:\/\/fuentesfidedignas.com.mx\/wp-content\/uploads\/2025\/02\/ambulancia_acapulco.jpg","datePublished":"2025-02-16T20:16:13+00:00","dateModified":"2025-02-16T20:16:17+00:00","breadcrumb":{"@id":"https:\/\/fuentesfidedignas.com.mx\/index.php\/2025\/02\/16\/en-acapulco-interceptan-ambulancia-que-llevaba-a-hombres-heridos-y-los-matan\/#breadcrumb"},"inLanguage":"es","potentialAction":[{"@type":"ReadAction","target":["https:\/\/fuentesfidedignas.com.mx\/index.php\/2025\/02\/16\/en-acapulco-interceptan-ambulancia-que-llevaba-a-hombres-heridos-y-los-matan\/"]}]},{"@type":"ImageObject","inLanguage":"es","@id":"https:\/\/fuentesfidedignas.com.mx\/index.php\/2025\/02\/16\/en-acapulco-interceptan-ambulancia-que-llevaba-a-hombres-heridos-y-los-matan\/#primaryimage","url":"https:\/\/fuentesfidedignas.com.mx\/wp-content\/uploads\/2025\/02\/ambulancia_acapulco.jpg","contentUrl":"https:\/\/fuentesfidedignas.com.mx\/wp-content\/uploads\/2025\/02\/ambulancia_acapulco.jpg","width":600,"height":378},{"@type":"BreadcrumbList","@id":"https:\/\/fuentesfidedignas.com.mx\/index.php\/2025\/02\/16\/en-acapulco-interceptan-ambulancia-que-llevaba-a-hombres-heridos-y-los-matan\/#breadcrumb","itemListElement":[{"@type":"ListItem","position":1,"name":"Inicio","item":"https:\/\/fuentesfidedignas.com.mx\/"},{"@type":"ListItem","position":2,"name":"En Acapulco, interceptan ambulancia que llevaba a hombres heridos y los matan"}]},{"@type":"WebSite","@id":"https:\/\/fuentesfidedignas.com.mx\/#website","url":"https:\/\/fuentesfidedignas.com.mx\/","name":"Fuentes Fidedignas","description":"Otro sitio realizado con WordPress","publisher":{"@id":"https:\/\/fuentesfidedignas.com.mx\/#organization"},"potentialAction":[{"@type":"SearchAction","target":{"@type":"EntryPoint","urlTemplate":"https:\/\/fuentesfidedignas.com.mx\/?s={search_term_string}"},"query-input":{"@type":"PropertyValueSpecification","valueRequired":true,"valueName":"search_term_string"}}],"inLanguage":"es"},{"@type":"Organization","@id":"https:\/\/fuentesfidedignas.com.mx\/#organization","name":"Fuentes Fidedignas","url":"https:\/\/fuentesfidedignas.com.mx\/","logo":{"@type":"ImageObject","inLanguage":"es","@id":"https:\/\/fuentesfidedignas.com.mx\/#\/schema\/logo\/image\/","url":"https:\/\/fuentesfidedignas.com.mx\/wp-content\/uploads\/2021\/04\/logo-retina.png","contentUrl":"https:\/\/fuentesfidedignas.com.mx\/wp-content\/uploads\/2021\/04\/logo-retina.png","width":280,"height":51,"caption":"Fuentes Fidedignas"},"image":{"@id":"https:\/\/fuentesfidedignas.com.mx\/#\/schema\/logo\/image\/"},"sameAs":["https:\/\/www.facebook.com\/Fuentes-Fidedignas-368234489921644","https:\/\/x.com\/fidedignas"]},{"@type":"Person","@id":"https:\/\/fuentesfidedignas.com.mx\/#\/schema\/person\/47ec0135738f4b0c7495f06a77a2c976","name":"Milenio","image":{"@type":"ImageObject","inLanguage":"es","@id":"https:\/\/secure.gravatar.com\/avatar\/acabf7b54753e51c2c76457954577c236b3b764789b19879565769739d1e4a75?s=96&d=mm&r=g","url":"https:\/\/secure.gravatar.com\/avatar\/acabf7b54753e51c2c76457954577c236b3b764789b19879565769739d1e4a75?s=96&d=mm&r=g","contentUrl":"https:\/\/secure.gravatar.com\/avatar\/acabf7b54753e51c2c76457954577c236b3b764789b19879565769739d1e4a75?s=96&d=mm&r=g","caption":"Milenio"},"url":"https:\/\/fuentesfidedignas.com.mx\/index.php\/author\/milenio\/"}]}},"_links":{"self":[{"href":"https:\/\/fuentesfidedignas.com.mx\/index.php\/wp-json\/wp\/v2\/posts\/101844","targetHints":{"allow":["GET"]}}],"collection":[{"href":"https:\/\/fuentesfidedignas.com.mx\/index.php\/wp-json\/wp\/v2\/posts"}],"about":[{"href":"https:\/\/fuentesfidedignas.com.mx\/index.php\/wp-json\/wp\/v2\/types\/post"}],"author":[{"embeddable":true,"href":"https:\/\/fuentesfidedignas.com.mx\/index.php\/wp-json\/wp\/v2\/users\/9"}],"replies":[{"embeddable":true,"href":"https:\/\/fuentesfidedignas.com.mx\/index.php\/wp-json\/wp\/v2\/comments?post=101844"}],"version-history":[{"count":1,"href":"https:\/\/fuentesfidedignas.com.mx\/index.php\/wp-json\/wp\/v2\/posts\/101844\/revisions"}],"predecessor-version":[{"id":101846,"href":"https:\/\/fuentesfidedignas.com.mx\/index.php\/wp-json\/wp\/v2\/posts\/101844\/revisions\/101846"}],"wp:featuredmedia":[{"embeddable":true,"href":"https:\/\/fuentesfidedignas.com.mx\/index.php\/wp-json\/wp\/v2\/media\/101845"}],"wp:attachment":[{"href":"https:\/\/fuentesfidedignas.com.mx\/index.php\/wp-json\/wp\/v2\/media?parent=101844"}],"wp:term":[{"taxonomy":"category","embeddable":true,"href":"https:\/\/fuentesfidedignas.com.mx\/index.php\/wp-json\/wp\/v2\/categories?post=101844"},{"taxonomy":"post_tag","embeddable":true,"href":"https:\/\/fuentesfidedignas.com.mx\/index.php\/wp-json\/wp\/v2\/tags?post=101844"}],"curies":[{"name":"wp","href":"https:\/\/api.w.org\/{rel}","templated":true}]}}