{"id":101745,"date":"2025-02-14T16:30:12","date_gmt":"2025-02-14T23:30:12","guid":{"rendered":"https:\/\/fuentesfidedignas.com.mx\/?p=101745"},"modified":"2025-02-14T16:30:14","modified_gmt":"2025-02-14T23:30:14","slug":"tiroteo-durante-desfile-de-los-eagles-deja-dos-heridos","status":"publish","type":"post","link":"https:\/\/fuentesfidedignas.com.mx\/index.php\/2025\/02\/14\/tiroteo-durante-desfile-de-los-eagles-deja-dos-heridos\/","title":{"rendered":"Tiroteo durante desfile de los Eagles deja dos heridos"},"content":{"rendered":"\n<p><strong><em>Los disparos ocurren a unas cuadras de la ruta que llev\u00f3 el desfile del equipo campe\u00f3n del Super Bowl; es el segundo a\u00f1o en el que se registra un tiroteo.<\/em><\/strong><\/p>\n\n\n\n<p>Dos personas resultaron heridas este viernes en un tiroteo durante el desfile de celebraci\u00f3n organizado por los Philadelphia Eagles, despu\u00e9s del t\u00edtulo de la NFL conquistado el domingo en el Super Bowl contra los Kansas City Chiefs, seg\u00fan informan medios estadounidenses.<\/p>\n\n\n\n<p>Las v\u00edctimas del tiroteo, que fueron atendidas y se encuentran en condiciones estables, son dos mujeres, seg\u00fan asegura la cadena CBS.<\/p>\n\n\n\n<p>El Departamento de Polic\u00eda local asegur\u00f3 que el tiroteo ocurri\u00f3 en las calles 23 y Spring Garden, a solo unas cuadras de la ruta que llev\u00f3 el desfile de los Eagles, formado por cuatro camiones que transportaron a Jeffrey Lurie, propietario del equipo, entrenadores y jugadores de los Eagles, seg\u00fan esta fuente.<\/p>\n\n\n\n<p>Todav\u00eda se desconoce la raz\u00f3n que provoc\u00f3 el tiroteo.<\/p>\n\n\n\n<p>El desfile por el triunfo de 40-22 que los Eagles obtuvieron ante los Kansas City Chiefs en el Super Bowl LIX del domingo pasado se aplaz\u00f3 hasta este viernes por las bajas temperaturas que hubo en la ciudad en los d\u00edas anteriores.<\/p>\n\n\n\n<p>La informaci\u00f3n sobre las dos personas heridas fue confirmada en el sitio del diario New York Post y la cadena FOX10 News.<\/p>\n\n\n\n<p>Es el segundo a\u00f1o de manera consecutiva en el que en un desfile de la victoria por el t\u00edtulo de la NFL hay un tiroteo.<\/p>\n\n\n\n<p>El a\u00f1o pasado, durante los festejos por la obtenci\u00f3n del Super Bowl LVIII que los jugadores de los Kansas City Chiefs realizaron frente a sus aficionados en las inmediaciones de Union Station, la estaci\u00f3n central de ferrocarriles de Kansas City, Misuri, una persona muri\u00f3 y varias decenas resultaron heridas por un tiroteo que ocurri\u00f3 al final de la celebraci\u00f3n.<\/p>\n","protected":false},"excerpt":{"rendered":"<p>Los disparos ocurren a unas cuadras de la ruta que llev\u00f3 el desfile del equipo campe\u00f3n del Super Bowl; es el segundo a\u00f1o en el que se registra un tiroteo. Dos personas resultaron heridas este viernes en un tiroteo durante el desfile de celebraci\u00f3n organizado por los Philadelphia Eagles, despu\u00e9s del t\u00edtulo de la NFL [&hellip;]<\/p>\n","protected":false},"author":22,"featured_media":101746,"comment_status":"open","ping_status":"open","sticky":false,"template":"","format":"standard","meta":{"tdm_status":"","tdm_grid_status":"","footnotes":""},"categories":[39],"tags":[],"class_list":{"0":"post-101745","1":"post","2":"type-post","3":"status-publish","4":"format-standard","5":"has-post-thumbnail","7":"category-noticias-nacionales"},"yoast_head":"<!-- This site is optimized with the Yoast SEO plugin v27.5 - https:\/\/yoast.com\/product\/yoast-seo-wordpress\/ -->\n<title>Tiroteo durante desfile de los Eagles deja dos heridos - Fuentes Fidedignas<\/title>\n<meta name=\"robots\" content=\"index, follow, max-snippet:-1, max-image-preview:large, max-video-preview:-1\" \/>\n<link rel=\"canonical\" href=\"https:\/\/fuentesfidedignas.com.mx\/index.php\/2025\/02\/14\/tiroteo-durante-desfile-de-los-eagles-deja-dos-heridos\/\" \/>\n<meta property=\"og:locale\" content=\"es_MX\" \/>\n<meta property=\"og:type\" content=\"article\" \/>\n<meta property=\"og:title\" content=\"Tiroteo durante desfile de los Eagles deja dos heridos - Fuentes Fidedignas\" \/>\n<meta property=\"og:description\" content=\"Los disparos ocurren a unas cuadras de la ruta que llev\u00f3 el desfile del equipo campe\u00f3n del Super Bowl; es el segundo a\u00f1o en el que se registra un tiroteo. Dos personas resultaron heridas este viernes en un tiroteo durante el desfile de celebraci\u00f3n organizado por los Philadelphia Eagles, despu\u00e9s del t\u00edtulo de la NFL [&hellip;]\" \/>\n<meta property=\"og:url\" content=\"https:\/\/fuentesfidedignas.com.mx\/index.php\/2025\/02\/14\/tiroteo-durante-desfile-de-los-eagles-deja-dos-heridos\/\" \/>\n<meta property=\"og:site_name\" content=\"Fuentes Fidedignas\" \/>\n<meta property=\"article:publisher\" content=\"https:\/\/www.facebook.com\/Fuentes-Fidedignas-368234489921644\" \/>\n<meta property=\"article:published_time\" content=\"2025-02-14T23:30:12+00:00\" \/>\n<meta property=\"article:modified_time\" content=\"2025-02-14T23:30:14+00:00\" \/>\n<meta property=\"og:image\" content=\"https:\/\/fuentesfidedignas.com.mx\/wp-content\/uploads\/2025\/02\/desfile_aguilas.jpg\" \/>\n\t<meta property=\"og:image:width\" content=\"600\" \/>\n\t<meta property=\"og:image:height\" content=\"333\" \/>\n\t<meta property=\"og:image:type\" content=\"image\/jpeg\" \/>\n<meta name=\"author\" content=\"EFE\" \/>\n<meta name=\"twitter:card\" content=\"summary_large_image\" \/>\n<meta name=\"twitter:creator\" content=\"@fidedignas\" \/>\n<meta name=\"twitter:site\" content=\"@fidedignas\" \/>\n<meta name=\"twitter:label1\" content=\"Escrito por\" \/>\n\t<meta name=\"twitter:data1\" content=\"EFE\" \/>\n\t<meta name=\"twitter:label2\" content=\"Tiempo de lectura\" \/>\n\t<meta name=\"twitter:data2\" content=\"2 minutos\" \/>\n<script type=\"application\/ld+json\" class=\"yoast-schema-graph\">{\"@context\":\"https:\\\/\\\/schema.org\",\"@graph\":[{\"@type\":\"Article\",\"@id\":\"https:\\\/\\\/fuentesfidedignas.com.mx\\\/index.php\\\/2025\\\/02\\\/14\\\/tiroteo-durante-desfile-de-los-eagles-deja-dos-heridos\\\/#article\",\"isPartOf\":{\"@id\":\"https:\\\/\\\/fuentesfidedignas.com.mx\\\/index.php\\\/2025\\\/02\\\/14\\\/tiroteo-durante-desfile-de-los-eagles-deja-dos-heridos\\\/\"},\"author\":{\"name\":\"EFE\",\"@id\":\"https:\\\/\\\/fuentesfidedignas.com.mx\\\/#\\\/schema\\\/person\\\/0d44615087b5a626d5d3f13afe31ac41\"},\"headline\":\"Tiroteo durante desfile de los Eagles deja dos heridos\",\"datePublished\":\"2025-02-14T23:30:12+00:00\",\"dateModified\":\"2025-02-14T23:30:14+00:00\",\"mainEntityOfPage\":{\"@id\":\"https:\\\/\\\/fuentesfidedignas.com.mx\\\/index.php\\\/2025\\\/02\\\/14\\\/tiroteo-durante-desfile-de-los-eagles-deja-dos-heridos\\\/\"},\"wordCount\":329,\"commentCount\":0,\"publisher\":{\"@id\":\"https:\\\/\\\/fuentesfidedignas.com.mx\\\/#organization\"},\"image\":{\"@id\":\"https:\\\/\\\/fuentesfidedignas.com.mx\\\/index.php\\\/2025\\\/02\\\/14\\\/tiroteo-durante-desfile-de-los-eagles-deja-dos-heridos\\\/#primaryimage\"},\"thumbnailUrl\":\"https:\\\/\\\/fuentesfidedignas.com.mx\\\/wp-content\\\/uploads\\\/2025\\\/02\\\/desfile_aguilas.jpg\",\"articleSection\":[\"NOTICIAS NACIONALES\"],\"inLanguage\":\"es\",\"potentialAction\":[{\"@type\":\"CommentAction\",\"name\":\"Comment\",\"target\":[\"https:\\\/\\\/fuentesfidedignas.com.mx\\\/index.php\\\/2025\\\/02\\\/14\\\/tiroteo-durante-desfile-de-los-eagles-deja-dos-heridos\\\/#respond\"]}]},{\"@type\":\"WebPage\",\"@id\":\"https:\\\/\\\/fuentesfidedignas.com.mx\\\/index.php\\\/2025\\\/02\\\/14\\\/tiroteo-durante-desfile-de-los-eagles-deja-dos-heridos\\\/\",\"url\":\"https:\\\/\\\/fuentesfidedignas.com.mx\\\/index.php\\\/2025\\\/02\\\/14\\\/tiroteo-durante-desfile-de-los-eagles-deja-dos-heridos\\\/\",\"name\":\"Tiroteo durante desfile de los Eagles deja dos heridos - Fuentes Fidedignas\",\"isPartOf\":{\"@id\":\"https:\\\/\\\/fuentesfidedignas.com.mx\\\/#website\"},\"primaryImageOfPage\":{\"@id\":\"https:\\\/\\\/fuentesfidedignas.com.mx\\\/index.php\\\/2025\\\/02\\\/14\\\/tiroteo-durante-desfile-de-los-eagles-deja-dos-heridos\\\/#primaryimage\"},\"image\":{\"@id\":\"https:\\\/\\\/fuentesfidedignas.com.mx\\\/index.php\\\/2025\\\/02\\\/14\\\/tiroteo-durante-desfile-de-los-eagles-deja-dos-heridos\\\/#primaryimage\"},\"thumbnailUrl\":\"https:\\\/\\\/fuentesfidedignas.com.mx\\\/wp-content\\\/uploads\\\/2025\\\/02\\\/desfile_aguilas.jpg\",\"datePublished\":\"2025-02-14T23:30:12+00:00\",\"dateModified\":\"2025-02-14T23:30:14+00:00\",\"breadcrumb\":{\"@id\":\"https:\\\/\\\/fuentesfidedignas.com.mx\\\/index.php\\\/2025\\\/02\\\/14\\\/tiroteo-durante-desfile-de-los-eagles-deja-dos-heridos\\\/#breadcrumb\"},\"inLanguage\":\"es\",\"potentialAction\":[{\"@type\":\"ReadAction\",\"target\":[\"https:\\\/\\\/fuentesfidedignas.com.mx\\\/index.php\\\/2025\\\/02\\\/14\\\/tiroteo-durante-desfile-de-los-eagles-deja-dos-heridos\\\/\"]}]},{\"@type\":\"ImageObject\",\"inLanguage\":\"es\",\"@id\":\"https:\\\/\\\/fuentesfidedignas.com.mx\\\/index.php\\\/2025\\\/02\\\/14\\\/tiroteo-durante-desfile-de-los-eagles-deja-dos-heridos\\\/#primaryimage\",\"url\":\"https:\\\/\\\/fuentesfidedignas.com.mx\\\/wp-content\\\/uploads\\\/2025\\\/02\\\/desfile_aguilas.jpg\",\"contentUrl\":\"https:\\\/\\\/fuentesfidedignas.com.mx\\\/wp-content\\\/uploads\\\/2025\\\/02\\\/desfile_aguilas.jpg\",\"width\":600,\"height\":333},{\"@type\":\"BreadcrumbList\",\"@id\":\"https:\\\/\\\/fuentesfidedignas.com.mx\\\/index.php\\\/2025\\\/02\\\/14\\\/tiroteo-durante-desfile-de-los-eagles-deja-dos-heridos\\\/#breadcrumb\",\"itemListElement\":[{\"@type\":\"ListItem\",\"position\":1,\"name\":\"Inicio\",\"item\":\"https:\\\/\\\/fuentesfidedignas.com.mx\\\/\"},{\"@type\":\"ListItem\",\"position\":2,\"name\":\"Tiroteo durante desfile de los Eagles deja dos heridos\"}]},{\"@type\":\"WebSite\",\"@id\":\"https:\\\/\\\/fuentesfidedignas.com.mx\\\/#website\",\"url\":\"https:\\\/\\\/fuentesfidedignas.com.mx\\\/\",\"name\":\"Fuentes Fidedignas\",\"description\":\"Otro sitio realizado con WordPress\",\"publisher\":{\"@id\":\"https:\\\/\\\/fuentesfidedignas.com.mx\\\/#organization\"},\"potentialAction\":[{\"@type\":\"SearchAction\",\"target\":{\"@type\":\"EntryPoint\",\"urlTemplate\":\"https:\\\/\\\/fuentesfidedignas.com.mx\\\/?s={search_term_string}\"},\"query-input\":{\"@type\":\"PropertyValueSpecification\",\"valueRequired\":true,\"valueName\":\"search_term_string\"}}],\"inLanguage\":\"es\"},{\"@type\":\"Organization\",\"@id\":\"https:\\\/\\\/fuentesfidedignas.com.mx\\\/#organization\",\"name\":\"Fuentes Fidedignas\",\"url\":\"https:\\\/\\\/fuentesfidedignas.com.mx\\\/\",\"logo\":{\"@type\":\"ImageObject\",\"inLanguage\":\"es\",\"@id\":\"https:\\\/\\\/fuentesfidedignas.com.mx\\\/#\\\/schema\\\/logo\\\/image\\\/\",\"url\":\"https:\\\/\\\/fuentesfidedignas.com.mx\\\/wp-content\\\/uploads\\\/2021\\\/04\\\/logo-retina.png\",\"contentUrl\":\"https:\\\/\\\/fuentesfidedignas.com.mx\\\/wp-content\\\/uploads\\\/2021\\\/04\\\/logo-retina.png\",\"width\":280,\"height\":51,\"caption\":\"Fuentes Fidedignas\"},\"image\":{\"@id\":\"https:\\\/\\\/fuentesfidedignas.com.mx\\\/#\\\/schema\\\/logo\\\/image\\\/\"},\"sameAs\":[\"https:\\\/\\\/www.facebook.com\\\/Fuentes-Fidedignas-368234489921644\",\"https:\\\/\\\/x.com\\\/fidedignas\"]},{\"@type\":\"Person\",\"@id\":\"https:\\\/\\\/fuentesfidedignas.com.mx\\\/#\\\/schema\\\/person\\\/0d44615087b5a626d5d3f13afe31ac41\",\"name\":\"EFE\",\"image\":{\"@type\":\"ImageObject\",\"inLanguage\":\"es\",\"@id\":\"https:\\\/\\\/secure.gravatar.com\\\/avatar\\\/7048c2d9b569d9bed55bb53ad23821e6e047aa66338fb6ea9868627bbb9f54e8?s=96&d=mm&r=g\",\"url\":\"https:\\\/\\\/secure.gravatar.com\\\/avatar\\\/7048c2d9b569d9bed55bb53ad23821e6e047aa66338fb6ea9868627bbb9f54e8?s=96&d=mm&r=g\",\"contentUrl\":\"https:\\\/\\\/secure.gravatar.com\\\/avatar\\\/7048c2d9b569d9bed55bb53ad23821e6e047aa66338fb6ea9868627bbb9f54e8?s=96&d=mm&r=g\",\"caption\":\"EFE\"},\"url\":\"https:\\\/\\\/fuentesfidedignas.com.mx\\\/index.php\\\/author\\\/efe\\\/\"}]}<\/script>\n<!-- \/ Yoast SEO plugin. -->","yoast_head_json":{"title":"Tiroteo durante desfile de los Eagles deja dos heridos - Fuentes Fidedignas","robots":{"index":"index","follow":"follow","max-snippet":"max-snippet:-1","max-image-preview":"max-image-preview:large","max-video-preview":"max-video-preview:-1"},"canonical":"https:\/\/fuentesfidedignas.com.mx\/index.php\/2025\/02\/14\/tiroteo-durante-desfile-de-los-eagles-deja-dos-heridos\/","og_locale":"es_MX","og_type":"article","og_title":"Tiroteo durante desfile de los Eagles deja dos heridos - Fuentes Fidedignas","og_description":"Los disparos ocurren a unas cuadras de la ruta que llev\u00f3 el desfile del equipo campe\u00f3n del Super Bowl; es el segundo a\u00f1o en el que se registra un tiroteo. Dos personas resultaron heridas este viernes en un tiroteo durante el desfile de celebraci\u00f3n organizado por los Philadelphia Eagles, despu\u00e9s del t\u00edtulo de la NFL [&hellip;]","og_url":"https:\/\/fuentesfidedignas.com.mx\/index.php\/2025\/02\/14\/tiroteo-durante-desfile-de-los-eagles-deja-dos-heridos\/","og_site_name":"Fuentes Fidedignas","article_publisher":"https:\/\/www.facebook.com\/Fuentes-Fidedignas-368234489921644","article_published_time":"2025-02-14T23:30:12+00:00","article_modified_time":"2025-02-14T23:30:14+00:00","og_image":[{"width":600,"height":333,"url":"https:\/\/fuentesfidedignas.com.mx\/wp-content\/uploads\/2025\/02\/desfile_aguilas.jpg","type":"image\/jpeg"}],"author":"EFE","twitter_card":"summary_large_image","twitter_creator":"@fidedignas","twitter_site":"@fidedignas","twitter_misc":{"Escrito por":"EFE","Tiempo de lectura":"2 minutos"},"schema":{"@context":"https:\/\/schema.org","@graph":[{"@type":"Article","@id":"https:\/\/fuentesfidedignas.com.mx\/index.php\/2025\/02\/14\/tiroteo-durante-desfile-de-los-eagles-deja-dos-heridos\/#article","isPartOf":{"@id":"https:\/\/fuentesfidedignas.com.mx\/index.php\/2025\/02\/14\/tiroteo-durante-desfile-de-los-eagles-deja-dos-heridos\/"},"author":{"name":"EFE","@id":"https:\/\/fuentesfidedignas.com.mx\/#\/schema\/person\/0d44615087b5a626d5d3f13afe31ac41"},"headline":"Tiroteo durante desfile de los Eagles deja dos heridos","datePublished":"2025-02-14T23:30:12+00:00","dateModified":"2025-02-14T23:30:14+00:00","mainEntityOfPage":{"@id":"https:\/\/fuentesfidedignas.com.mx\/index.php\/2025\/02\/14\/tiroteo-durante-desfile-de-los-eagles-deja-dos-heridos\/"},"wordCount":329,"commentCount":0,"publisher":{"@id":"https:\/\/fuentesfidedignas.com.mx\/#organization"},"image":{"@id":"https:\/\/fuentesfidedignas.com.mx\/index.php\/2025\/02\/14\/tiroteo-durante-desfile-de-los-eagles-deja-dos-heridos\/#primaryimage"},"thumbnailUrl":"https:\/\/fuentesfidedignas.com.mx\/wp-content\/uploads\/2025\/02\/desfile_aguilas.jpg","articleSection":["NOTICIAS NACIONALES"],"inLanguage":"es","potentialAction":[{"@type":"CommentAction","name":"Comment","target":["https:\/\/fuentesfidedignas.com.mx\/index.php\/2025\/02\/14\/tiroteo-durante-desfile-de-los-eagles-deja-dos-heridos\/#respond"]}]},{"@type":"WebPage","@id":"https:\/\/fuentesfidedignas.com.mx\/index.php\/2025\/02\/14\/tiroteo-durante-desfile-de-los-eagles-deja-dos-heridos\/","url":"https:\/\/fuentesfidedignas.com.mx\/index.php\/2025\/02\/14\/tiroteo-durante-desfile-de-los-eagles-deja-dos-heridos\/","name":"Tiroteo durante desfile de los Eagles deja dos heridos - Fuentes Fidedignas","isPartOf":{"@id":"https:\/\/fuentesfidedignas.com.mx\/#website"},"primaryImageOfPage":{"@id":"https:\/\/fuentesfidedignas.com.mx\/index.php\/2025\/02\/14\/tiroteo-durante-desfile-de-los-eagles-deja-dos-heridos\/#primaryimage"},"image":{"@id":"https:\/\/fuentesfidedignas.com.mx\/index.php\/2025\/02\/14\/tiroteo-durante-desfile-de-los-eagles-deja-dos-heridos\/#primaryimage"},"thumbnailUrl":"https:\/\/fuentesfidedignas.com.mx\/wp-content\/uploads\/2025\/02\/desfile_aguilas.jpg","datePublished":"2025-02-14T23:30:12+00:00","dateModified":"2025-02-14T23:30:14+00:00","breadcrumb":{"@id":"https:\/\/fuentesfidedignas.com.mx\/index.php\/2025\/02\/14\/tiroteo-durante-desfile-de-los-eagles-deja-dos-heridos\/#breadcrumb"},"inLanguage":"es","potentialAction":[{"@type":"ReadAction","target":["https:\/\/fuentesfidedignas.com.mx\/index.php\/2025\/02\/14\/tiroteo-durante-desfile-de-los-eagles-deja-dos-heridos\/"]}]},{"@type":"ImageObject","inLanguage":"es","@id":"https:\/\/fuentesfidedignas.com.mx\/index.php\/2025\/02\/14\/tiroteo-durante-desfile-de-los-eagles-deja-dos-heridos\/#primaryimage","url":"https:\/\/fuentesfidedignas.com.mx\/wp-content\/uploads\/2025\/02\/desfile_aguilas.jpg","contentUrl":"https:\/\/fuentesfidedignas.com.mx\/wp-content\/uploads\/2025\/02\/desfile_aguilas.jpg","width":600,"height":333},{"@type":"BreadcrumbList","@id":"https:\/\/fuentesfidedignas.com.mx\/index.php\/2025\/02\/14\/tiroteo-durante-desfile-de-los-eagles-deja-dos-heridos\/#breadcrumb","itemListElement":[{"@type":"ListItem","position":1,"name":"Inicio","item":"https:\/\/fuentesfidedignas.com.mx\/"},{"@type":"ListItem","position":2,"name":"Tiroteo durante desfile de los Eagles deja dos heridos"}]},{"@type":"WebSite","@id":"https:\/\/fuentesfidedignas.com.mx\/#website","url":"https:\/\/fuentesfidedignas.com.mx\/","name":"Fuentes Fidedignas","description":"Otro sitio realizado con WordPress","publisher":{"@id":"https:\/\/fuentesfidedignas.com.mx\/#organization"},"potentialAction":[{"@type":"SearchAction","target":{"@type":"EntryPoint","urlTemplate":"https:\/\/fuentesfidedignas.com.mx\/?s={search_term_string}"},"query-input":{"@type":"PropertyValueSpecification","valueRequired":true,"valueName":"search_term_string"}}],"inLanguage":"es"},{"@type":"Organization","@id":"https:\/\/fuentesfidedignas.com.mx\/#organization","name":"Fuentes Fidedignas","url":"https:\/\/fuentesfidedignas.com.mx\/","logo":{"@type":"ImageObject","inLanguage":"es","@id":"https:\/\/fuentesfidedignas.com.mx\/#\/schema\/logo\/image\/","url":"https:\/\/fuentesfidedignas.com.mx\/wp-content\/uploads\/2021\/04\/logo-retina.png","contentUrl":"https:\/\/fuentesfidedignas.com.mx\/wp-content\/uploads\/2021\/04\/logo-retina.png","width":280,"height":51,"caption":"Fuentes Fidedignas"},"image":{"@id":"https:\/\/fuentesfidedignas.com.mx\/#\/schema\/logo\/image\/"},"sameAs":["https:\/\/www.facebook.com\/Fuentes-Fidedignas-368234489921644","https:\/\/x.com\/fidedignas"]},{"@type":"Person","@id":"https:\/\/fuentesfidedignas.com.mx\/#\/schema\/person\/0d44615087b5a626d5d3f13afe31ac41","name":"EFE","image":{"@type":"ImageObject","inLanguage":"es","@id":"https:\/\/secure.gravatar.com\/avatar\/7048c2d9b569d9bed55bb53ad23821e6e047aa66338fb6ea9868627bbb9f54e8?s=96&d=mm&r=g","url":"https:\/\/secure.gravatar.com\/avatar\/7048c2d9b569d9bed55bb53ad23821e6e047aa66338fb6ea9868627bbb9f54e8?s=96&d=mm&r=g","contentUrl":"https:\/\/secure.gravatar.com\/avatar\/7048c2d9b569d9bed55bb53ad23821e6e047aa66338fb6ea9868627bbb9f54e8?s=96&d=mm&r=g","caption":"EFE"},"url":"https:\/\/fuentesfidedignas.com.mx\/index.php\/author\/efe\/"}]}},"_links":{"self":[{"href":"https:\/\/fuentesfidedignas.com.mx\/index.php\/wp-json\/wp\/v2\/posts\/101745","targetHints":{"allow":["GET"]}}],"collection":[{"href":"https:\/\/fuentesfidedignas.com.mx\/index.php\/wp-json\/wp\/v2\/posts"}],"about":[{"href":"https:\/\/fuentesfidedignas.com.mx\/index.php\/wp-json\/wp\/v2\/types\/post"}],"author":[{"embeddable":true,"href":"https:\/\/fuentesfidedignas.com.mx\/index.php\/wp-json\/wp\/v2\/users\/22"}],"replies":[{"embeddable":true,"href":"https:\/\/fuentesfidedignas.com.mx\/index.php\/wp-json\/wp\/v2\/comments?post=101745"}],"version-history":[{"count":1,"href":"https:\/\/fuentesfidedignas.com.mx\/index.php\/wp-json\/wp\/v2\/posts\/101745\/revisions"}],"predecessor-version":[{"id":101747,"href":"https:\/\/fuentesfidedignas.com.mx\/index.php\/wp-json\/wp\/v2\/posts\/101745\/revisions\/101747"}],"wp:featuredmedia":[{"embeddable":true,"href":"https:\/\/fuentesfidedignas.com.mx\/index.php\/wp-json\/wp\/v2\/media\/101746"}],"wp:attachment":[{"href":"https:\/\/fuentesfidedignas.com.mx\/index.php\/wp-json\/wp\/v2\/media?parent=101745"}],"wp:term":[{"taxonomy":"category","embeddable":true,"href":"https:\/\/fuentesfidedignas.com.mx\/index.php\/wp-json\/wp\/v2\/categories?post=101745"},{"taxonomy":"post_tag","embeddable":true,"href":"https:\/\/fuentesfidedignas.com.mx\/index.php\/wp-json\/wp\/v2\/tags?post=101745"}],"curies":[{"name":"wp","href":"https:\/\/api.w.org\/{rel}","templated":true}]}}