{"id":101693,"date":"2025-02-14T04:48:00","date_gmt":"2025-02-14T11:48:00","guid":{"rendered":"https:\/\/fuentesfidedignas.com.mx\/?p=101693"},"modified":"2025-02-13T19:52:50","modified_gmt":"2025-02-14T02:52:50","slug":"video-joven-kayakista-es-tragado-y-expulsado-por-una-ballena","status":"publish","type":"post","link":"https:\/\/fuentesfidedignas.com.mx\/index.php\/2025\/02\/14\/video-joven-kayakista-es-tragado-y-expulsado-por-una-ballena\/","title":{"rendered":"VIDEO | Joven kayakista es tragado y expulsado por una ballena\u00a0"},"content":{"rendered":"\n<p><strong><em>El joven \u201ctragado\u201d relat\u00f3 que jam\u00e1s hab\u00eda visto una ballena en persona hasta ese d\u00eda, cuando la experiencia lo dej\u00f3 en estado de shock<\/em><\/strong><\/p>\n\n\n\n<p>Mientras navegaban en kayak por las fr\u00edas aguas del sur de Chile, un joven vivi\u00f3 una experiencia estremecedora cuando una ballena jorobada emergi\u00f3 inesperadamente y lo engull\u00f3 brevemente antes de expulsarlo de vuelta al oc\u00e9ano.<\/p>\n\n\n\n<p>El ins\u00f3lito incidente tuvo lugar el 8 de febrero de 2025 en el Estrecho de Magallanes. Dell Simancas, de 49 a\u00f1os, y su hijo Adri\u00e1n Simancas, de 24, se encontraban realizando una expedici\u00f3n de trekking y packraft cuando sucedi\u00f3 el impactante episodio.<\/p>\n\n\n\n<p>En el momento del suceso, Dell Simancas estaba filmando a su hijo mientras remaba por la zona. De repente, una inmensa ballena jorobada emergi\u00f3 del agua y, en cuesti\u00f3n de segundos, el joven desapareci\u00f3 de la toma. En el video, se puede escuchar un sonido fuerte justo antes del impactante desenlace.<\/p>\n\n\n\n<p>Sin posibilidad de reaccionar, Adri\u00e1n fue lanzado violentamente de nuevo a la superficie. Toda la escena qued\u00f3 registrada en la grabaci\u00f3n realizada por su padre, quien de inmediato trat\u00f3 de tranquilizarlo.<\/p>\n\n\n\n<p>&#8220;Tranquilo, tranquilo, ya voy&#8221;, le asegur\u00f3 Dell Simancas mientras le indicaba que se sujetara de la cuerda del kayak. Tambi\u00e9n intent\u00f3 calmarlo con un &#8220;no pasa nada&#8221; tras el angustiante episodio.<\/p>\n\n\n\n<figure class=\"wp-block-embed is-type-rich is-provider-twitter wp-block-embed-twitter\"><div class=\"wp-block-embed__wrapper\">\n<blockquote class=\"twitter-tweet\" data-width=\"550\" data-dnt=\"true\"><p lang=\"es\" dir=\"ltr\">&quot;Estrecho de Magallanes&quot;:<br>Por comentarios sobre lo que sucedi\u00f3 en Chile <a href=\"https:\/\/t.co\/4QtBk3HFET\">pic.twitter.com\/4QtBk3HFET<\/a><\/p>&mdash; \u00bfPor qu\u00e9 es tendencia? (@porquetendencia) <a href=\"https:\/\/twitter.com\/porquetendencia\/status\/1890035543783645328?ref_src=twsrc%5Etfw\">February 13, 2025<\/a><\/blockquote><script async src=\"https:\/\/platform.twitter.com\/widgets.js\" charset=\"utf-8\"><\/script>\n<\/div><\/figure>\n\n\n\n<p><strong>Pens\u00e9 que iba a morir<\/strong><br>Adri\u00e1n Simancas relat\u00f3 que jam\u00e1s hab\u00eda visto una ballena en persona hasta ese d\u00eda, cuando la experiencia lo dej\u00f3 en estado de shock.<\/p>\n\n\n\n<p>&#8220;Sent\u00ed un golpe fuerte que me levantaba desde atr\u00e1s. En un principio cre\u00ed que era una ola, pero la fuerza era descomunal. Al girar la cabeza, sent\u00ed en mi rostro una textura viscosa, distingu\u00ed algunos colores y, de repente, algo se cerr\u00f3 sobre m\u00ed y me arrastr\u00f3 hacia abajo. En ese instante, pens\u00e9 que no hab\u00eda nada que pudiera hacer, que iba a morir&#8221;, declar\u00f3 a CNN.<\/p>\n\n\n\n<p>Aunque en un principio crey\u00f3 que el enorme mam\u00edfero marino lo hab\u00eda devorado, lo cierto es que las ballenas jorobadas no pueden ingerir presas grandes debido a su peque\u00f1o es\u00f3fago. Estos animales filtran el agua y retienen solo los alimentos adecuados, expulsando lo que no pueden consumir, lo que explicar\u00eda la r\u00e1pida liberaci\u00f3n del joven de sus fauces.<\/p>\n","protected":false},"excerpt":{"rendered":"<p>El joven \u201ctragado\u201d relat\u00f3 que jam\u00e1s hab\u00eda visto una ballena en persona hasta ese d\u00eda, cuando la experiencia lo dej\u00f3 en estado de shock Mientras navegaban en kayak por las fr\u00edas aguas del sur de Chile, un joven vivi\u00f3 una experiencia estremecedora cuando una ballena jorobada emergi\u00f3 inesperadamente y lo engull\u00f3 brevemente antes de expulsarlo [&hellip;]<\/p>\n","protected":false},"author":57,"featured_media":101694,"comment_status":"open","ping_status":"open","sticky":false,"template":"","format":"standard","meta":{"tdm_status":"","tdm_grid_status":"","footnotes":""},"categories":[40],"tags":[],"class_list":{"0":"post-101693","1":"post","2":"type-post","3":"status-publish","4":"format-standard","5":"has-post-thumbnail","7":"category-las-asombrosas"},"yoast_head":"<!-- This site is optimized with the Yoast SEO plugin v27.5 - https:\/\/yoast.com\/product\/yoast-seo-wordpress\/ -->\n<title>VIDEO | Joven kayakista es tragado y expulsado por una ballena\u00a0 - Fuentes Fidedignas<\/title>\n<meta name=\"robots\" content=\"index, follow, max-snippet:-1, max-image-preview:large, max-video-preview:-1\" \/>\n<link rel=\"canonical\" href=\"https:\/\/fuentesfidedignas.com.mx\/index.php\/2025\/02\/14\/video-joven-kayakista-es-tragado-y-expulsado-por-una-ballena\/\" \/>\n<meta property=\"og:locale\" content=\"es_MX\" \/>\n<meta property=\"og:type\" content=\"article\" \/>\n<meta property=\"og:title\" content=\"VIDEO | Joven kayakista es tragado y expulsado por una ballena\u00a0 - Fuentes Fidedignas\" \/>\n<meta property=\"og:description\" content=\"El joven \u201ctragado\u201d relat\u00f3 que jam\u00e1s hab\u00eda visto una ballena en persona hasta ese d\u00eda, cuando la experiencia lo dej\u00f3 en estado de shock Mientras navegaban en kayak por las fr\u00edas aguas del sur de Chile, un joven vivi\u00f3 una experiencia estremecedora cuando una ballena jorobada emergi\u00f3 inesperadamente y lo engull\u00f3 brevemente antes de expulsarlo [&hellip;]\" \/>\n<meta property=\"og:url\" content=\"https:\/\/fuentesfidedignas.com.mx\/index.php\/2025\/02\/14\/video-joven-kayakista-es-tragado-y-expulsado-por-una-ballena\/\" \/>\n<meta property=\"og:site_name\" content=\"Fuentes Fidedignas\" \/>\n<meta property=\"article:publisher\" content=\"https:\/\/www.facebook.com\/Fuentes-Fidedignas-368234489921644\" \/>\n<meta property=\"article:published_time\" content=\"2025-02-14T11:48:00+00:00\" \/>\n<meta property=\"og:image\" content=\"https:\/\/fuentesfidedignas.com.mx\/wp-content\/uploads\/2025\/02\/joven-ballena.jpg\" \/>\n\t<meta property=\"og:image:width\" content=\"650\" \/>\n\t<meta property=\"og:image:height\" content=\"458\" \/>\n\t<meta property=\"og:image:type\" content=\"image\/jpeg\" \/>\n<meta name=\"author\" content=\"Informador\" \/>\n<meta name=\"twitter:card\" content=\"summary_large_image\" \/>\n<meta name=\"twitter:creator\" content=\"@fidedignas\" \/>\n<meta name=\"twitter:site\" content=\"@fidedignas\" \/>\n<meta name=\"twitter:label1\" content=\"Escrito por\" \/>\n\t<meta name=\"twitter:data1\" content=\"Informador\" \/>\n\t<meta name=\"twitter:label2\" content=\"Tiempo de lectura\" \/>\n\t<meta name=\"twitter:data2\" content=\"2 minutos\" \/>\n<script type=\"application\/ld+json\" class=\"yoast-schema-graph\">{\"@context\":\"https:\\\/\\\/schema.org\",\"@graph\":[{\"@type\":\"Article\",\"@id\":\"https:\\\/\\\/fuentesfidedignas.com.mx\\\/index.php\\\/2025\\\/02\\\/14\\\/video-joven-kayakista-es-tragado-y-expulsado-por-una-ballena\\\/#article\",\"isPartOf\":{\"@id\":\"https:\\\/\\\/fuentesfidedignas.com.mx\\\/index.php\\\/2025\\\/02\\\/14\\\/video-joven-kayakista-es-tragado-y-expulsado-por-una-ballena\\\/\"},\"author\":{\"name\":\"Informador\",\"@id\":\"https:\\\/\\\/fuentesfidedignas.com.mx\\\/#\\\/schema\\\/person\\\/e8086b60a53aa35cbcec560401d45e4f\"},\"headline\":\"VIDEO | Joven kayakista es tragado y expulsado por una ballena\u00a0\",\"datePublished\":\"2025-02-14T11:48:00+00:00\",\"mainEntityOfPage\":{\"@id\":\"https:\\\/\\\/fuentesfidedignas.com.mx\\\/index.php\\\/2025\\\/02\\\/14\\\/video-joven-kayakista-es-tragado-y-expulsado-por-una-ballena\\\/\"},\"wordCount\":404,\"commentCount\":0,\"publisher\":{\"@id\":\"https:\\\/\\\/fuentesfidedignas.com.mx\\\/#organization\"},\"image\":{\"@id\":\"https:\\\/\\\/fuentesfidedignas.com.mx\\\/index.php\\\/2025\\\/02\\\/14\\\/video-joven-kayakista-es-tragado-y-expulsado-por-una-ballena\\\/#primaryimage\"},\"thumbnailUrl\":\"https:\\\/\\\/fuentesfidedignas.com.mx\\\/wp-content\\\/uploads\\\/2025\\\/02\\\/joven-ballena.jpg\",\"articleSection\":[\"LAS ASOMBROSAS\"],\"inLanguage\":\"es\",\"potentialAction\":[{\"@type\":\"CommentAction\",\"name\":\"Comment\",\"target\":[\"https:\\\/\\\/fuentesfidedignas.com.mx\\\/index.php\\\/2025\\\/02\\\/14\\\/video-joven-kayakista-es-tragado-y-expulsado-por-una-ballena\\\/#respond\"]}]},{\"@type\":\"WebPage\",\"@id\":\"https:\\\/\\\/fuentesfidedignas.com.mx\\\/index.php\\\/2025\\\/02\\\/14\\\/video-joven-kayakista-es-tragado-y-expulsado-por-una-ballena\\\/\",\"url\":\"https:\\\/\\\/fuentesfidedignas.com.mx\\\/index.php\\\/2025\\\/02\\\/14\\\/video-joven-kayakista-es-tragado-y-expulsado-por-una-ballena\\\/\",\"name\":\"VIDEO | Joven kayakista es tragado y expulsado por una ballena\u00a0 - Fuentes Fidedignas\",\"isPartOf\":{\"@id\":\"https:\\\/\\\/fuentesfidedignas.com.mx\\\/#website\"},\"primaryImageOfPage\":{\"@id\":\"https:\\\/\\\/fuentesfidedignas.com.mx\\\/index.php\\\/2025\\\/02\\\/14\\\/video-joven-kayakista-es-tragado-y-expulsado-por-una-ballena\\\/#primaryimage\"},\"image\":{\"@id\":\"https:\\\/\\\/fuentesfidedignas.com.mx\\\/index.php\\\/2025\\\/02\\\/14\\\/video-joven-kayakista-es-tragado-y-expulsado-por-una-ballena\\\/#primaryimage\"},\"thumbnailUrl\":\"https:\\\/\\\/fuentesfidedignas.com.mx\\\/wp-content\\\/uploads\\\/2025\\\/02\\\/joven-ballena.jpg\",\"datePublished\":\"2025-02-14T11:48:00+00:00\",\"breadcrumb\":{\"@id\":\"https:\\\/\\\/fuentesfidedignas.com.mx\\\/index.php\\\/2025\\\/02\\\/14\\\/video-joven-kayakista-es-tragado-y-expulsado-por-una-ballena\\\/#breadcrumb\"},\"inLanguage\":\"es\",\"potentialAction\":[{\"@type\":\"ReadAction\",\"target\":[\"https:\\\/\\\/fuentesfidedignas.com.mx\\\/index.php\\\/2025\\\/02\\\/14\\\/video-joven-kayakista-es-tragado-y-expulsado-por-una-ballena\\\/\"]}]},{\"@type\":\"ImageObject\",\"inLanguage\":\"es\",\"@id\":\"https:\\\/\\\/fuentesfidedignas.com.mx\\\/index.php\\\/2025\\\/02\\\/14\\\/video-joven-kayakista-es-tragado-y-expulsado-por-una-ballena\\\/#primaryimage\",\"url\":\"https:\\\/\\\/fuentesfidedignas.com.mx\\\/wp-content\\\/uploads\\\/2025\\\/02\\\/joven-ballena.jpg\",\"contentUrl\":\"https:\\\/\\\/fuentesfidedignas.com.mx\\\/wp-content\\\/uploads\\\/2025\\\/02\\\/joven-ballena.jpg\",\"width\":650,\"height\":458},{\"@type\":\"BreadcrumbList\",\"@id\":\"https:\\\/\\\/fuentesfidedignas.com.mx\\\/index.php\\\/2025\\\/02\\\/14\\\/video-joven-kayakista-es-tragado-y-expulsado-por-una-ballena\\\/#breadcrumb\",\"itemListElement\":[{\"@type\":\"ListItem\",\"position\":1,\"name\":\"Inicio\",\"item\":\"https:\\\/\\\/fuentesfidedignas.com.mx\\\/\"},{\"@type\":\"ListItem\",\"position\":2,\"name\":\"VIDEO | Joven kayakista es tragado y expulsado por una ballena\u00a0\"}]},{\"@type\":\"WebSite\",\"@id\":\"https:\\\/\\\/fuentesfidedignas.com.mx\\\/#website\",\"url\":\"https:\\\/\\\/fuentesfidedignas.com.mx\\\/\",\"name\":\"Fuentes Fidedignas\",\"description\":\"Otro sitio realizado con WordPress\",\"publisher\":{\"@id\":\"https:\\\/\\\/fuentesfidedignas.com.mx\\\/#organization\"},\"potentialAction\":[{\"@type\":\"SearchAction\",\"target\":{\"@type\":\"EntryPoint\",\"urlTemplate\":\"https:\\\/\\\/fuentesfidedignas.com.mx\\\/?s={search_term_string}\"},\"query-input\":{\"@type\":\"PropertyValueSpecification\",\"valueRequired\":true,\"valueName\":\"search_term_string\"}}],\"inLanguage\":\"es\"},{\"@type\":\"Organization\",\"@id\":\"https:\\\/\\\/fuentesfidedignas.com.mx\\\/#organization\",\"name\":\"Fuentes Fidedignas\",\"url\":\"https:\\\/\\\/fuentesfidedignas.com.mx\\\/\",\"logo\":{\"@type\":\"ImageObject\",\"inLanguage\":\"es\",\"@id\":\"https:\\\/\\\/fuentesfidedignas.com.mx\\\/#\\\/schema\\\/logo\\\/image\\\/\",\"url\":\"https:\\\/\\\/fuentesfidedignas.com.mx\\\/wp-content\\\/uploads\\\/2021\\\/04\\\/logo-retina.png\",\"contentUrl\":\"https:\\\/\\\/fuentesfidedignas.com.mx\\\/wp-content\\\/uploads\\\/2021\\\/04\\\/logo-retina.png\",\"width\":280,\"height\":51,\"caption\":\"Fuentes Fidedignas\"},\"image\":{\"@id\":\"https:\\\/\\\/fuentesfidedignas.com.mx\\\/#\\\/schema\\\/logo\\\/image\\\/\"},\"sameAs\":[\"https:\\\/\\\/www.facebook.com\\\/Fuentes-Fidedignas-368234489921644\",\"https:\\\/\\\/x.com\\\/fidedignas\"]},{\"@type\":\"Person\",\"@id\":\"https:\\\/\\\/fuentesfidedignas.com.mx\\\/#\\\/schema\\\/person\\\/e8086b60a53aa35cbcec560401d45e4f\",\"name\":\"Informador\",\"image\":{\"@type\":\"ImageObject\",\"inLanguage\":\"es\",\"@id\":\"https:\\\/\\\/secure.gravatar.com\\\/avatar\\\/5edeacb7d70fb8525dce3f53a2fb61c6e731826a7db7ae0fe142f08846968b35?s=96&d=mm&r=g\",\"url\":\"https:\\\/\\\/secure.gravatar.com\\\/avatar\\\/5edeacb7d70fb8525dce3f53a2fb61c6e731826a7db7ae0fe142f08846968b35?s=96&d=mm&r=g\",\"contentUrl\":\"https:\\\/\\\/secure.gravatar.com\\\/avatar\\\/5edeacb7d70fb8525dce3f53a2fb61c6e731826a7db7ae0fe142f08846968b35?s=96&d=mm&r=g\",\"caption\":\"Informador\"},\"url\":\"https:\\\/\\\/fuentesfidedignas.com.mx\\\/index.php\\\/author\\\/informador\\\/\"}]}<\/script>\n<!-- \/ Yoast SEO plugin. -->","yoast_head_json":{"title":"VIDEO | Joven kayakista es tragado y expulsado por una ballena\u00a0 - Fuentes Fidedignas","robots":{"index":"index","follow":"follow","max-snippet":"max-snippet:-1","max-image-preview":"max-image-preview:large","max-video-preview":"max-video-preview:-1"},"canonical":"https:\/\/fuentesfidedignas.com.mx\/index.php\/2025\/02\/14\/video-joven-kayakista-es-tragado-y-expulsado-por-una-ballena\/","og_locale":"es_MX","og_type":"article","og_title":"VIDEO | Joven kayakista es tragado y expulsado por una ballena\u00a0 - Fuentes Fidedignas","og_description":"El joven \u201ctragado\u201d relat\u00f3 que jam\u00e1s hab\u00eda visto una ballena en persona hasta ese d\u00eda, cuando la experiencia lo dej\u00f3 en estado de shock Mientras navegaban en kayak por las fr\u00edas aguas del sur de Chile, un joven vivi\u00f3 una experiencia estremecedora cuando una ballena jorobada emergi\u00f3 inesperadamente y lo engull\u00f3 brevemente antes de expulsarlo [&hellip;]","og_url":"https:\/\/fuentesfidedignas.com.mx\/index.php\/2025\/02\/14\/video-joven-kayakista-es-tragado-y-expulsado-por-una-ballena\/","og_site_name":"Fuentes Fidedignas","article_publisher":"https:\/\/www.facebook.com\/Fuentes-Fidedignas-368234489921644","article_published_time":"2025-02-14T11:48:00+00:00","og_image":[{"width":650,"height":458,"url":"https:\/\/fuentesfidedignas.com.mx\/wp-content\/uploads\/2025\/02\/joven-ballena.jpg","type":"image\/jpeg"}],"author":"Informador","twitter_card":"summary_large_image","twitter_creator":"@fidedignas","twitter_site":"@fidedignas","twitter_misc":{"Escrito por":"Informador","Tiempo de lectura":"2 minutos"},"schema":{"@context":"https:\/\/schema.org","@graph":[{"@type":"Article","@id":"https:\/\/fuentesfidedignas.com.mx\/index.php\/2025\/02\/14\/video-joven-kayakista-es-tragado-y-expulsado-por-una-ballena\/#article","isPartOf":{"@id":"https:\/\/fuentesfidedignas.com.mx\/index.php\/2025\/02\/14\/video-joven-kayakista-es-tragado-y-expulsado-por-una-ballena\/"},"author":{"name":"Informador","@id":"https:\/\/fuentesfidedignas.com.mx\/#\/schema\/person\/e8086b60a53aa35cbcec560401d45e4f"},"headline":"VIDEO | Joven kayakista es tragado y expulsado por una ballena\u00a0","datePublished":"2025-02-14T11:48:00+00:00","mainEntityOfPage":{"@id":"https:\/\/fuentesfidedignas.com.mx\/index.php\/2025\/02\/14\/video-joven-kayakista-es-tragado-y-expulsado-por-una-ballena\/"},"wordCount":404,"commentCount":0,"publisher":{"@id":"https:\/\/fuentesfidedignas.com.mx\/#organization"},"image":{"@id":"https:\/\/fuentesfidedignas.com.mx\/index.php\/2025\/02\/14\/video-joven-kayakista-es-tragado-y-expulsado-por-una-ballena\/#primaryimage"},"thumbnailUrl":"https:\/\/fuentesfidedignas.com.mx\/wp-content\/uploads\/2025\/02\/joven-ballena.jpg","articleSection":["LAS ASOMBROSAS"],"inLanguage":"es","potentialAction":[{"@type":"CommentAction","name":"Comment","target":["https:\/\/fuentesfidedignas.com.mx\/index.php\/2025\/02\/14\/video-joven-kayakista-es-tragado-y-expulsado-por-una-ballena\/#respond"]}]},{"@type":"WebPage","@id":"https:\/\/fuentesfidedignas.com.mx\/index.php\/2025\/02\/14\/video-joven-kayakista-es-tragado-y-expulsado-por-una-ballena\/","url":"https:\/\/fuentesfidedignas.com.mx\/index.php\/2025\/02\/14\/video-joven-kayakista-es-tragado-y-expulsado-por-una-ballena\/","name":"VIDEO | Joven kayakista es tragado y expulsado por una ballena\u00a0 - Fuentes Fidedignas","isPartOf":{"@id":"https:\/\/fuentesfidedignas.com.mx\/#website"},"primaryImageOfPage":{"@id":"https:\/\/fuentesfidedignas.com.mx\/index.php\/2025\/02\/14\/video-joven-kayakista-es-tragado-y-expulsado-por-una-ballena\/#primaryimage"},"image":{"@id":"https:\/\/fuentesfidedignas.com.mx\/index.php\/2025\/02\/14\/video-joven-kayakista-es-tragado-y-expulsado-por-una-ballena\/#primaryimage"},"thumbnailUrl":"https:\/\/fuentesfidedignas.com.mx\/wp-content\/uploads\/2025\/02\/joven-ballena.jpg","datePublished":"2025-02-14T11:48:00+00:00","breadcrumb":{"@id":"https:\/\/fuentesfidedignas.com.mx\/index.php\/2025\/02\/14\/video-joven-kayakista-es-tragado-y-expulsado-por-una-ballena\/#breadcrumb"},"inLanguage":"es","potentialAction":[{"@type":"ReadAction","target":["https:\/\/fuentesfidedignas.com.mx\/index.php\/2025\/02\/14\/video-joven-kayakista-es-tragado-y-expulsado-por-una-ballena\/"]}]},{"@type":"ImageObject","inLanguage":"es","@id":"https:\/\/fuentesfidedignas.com.mx\/index.php\/2025\/02\/14\/video-joven-kayakista-es-tragado-y-expulsado-por-una-ballena\/#primaryimage","url":"https:\/\/fuentesfidedignas.com.mx\/wp-content\/uploads\/2025\/02\/joven-ballena.jpg","contentUrl":"https:\/\/fuentesfidedignas.com.mx\/wp-content\/uploads\/2025\/02\/joven-ballena.jpg","width":650,"height":458},{"@type":"BreadcrumbList","@id":"https:\/\/fuentesfidedignas.com.mx\/index.php\/2025\/02\/14\/video-joven-kayakista-es-tragado-y-expulsado-por-una-ballena\/#breadcrumb","itemListElement":[{"@type":"ListItem","position":1,"name":"Inicio","item":"https:\/\/fuentesfidedignas.com.mx\/"},{"@type":"ListItem","position":2,"name":"VIDEO | Joven kayakista es tragado y expulsado por una ballena\u00a0"}]},{"@type":"WebSite","@id":"https:\/\/fuentesfidedignas.com.mx\/#website","url":"https:\/\/fuentesfidedignas.com.mx\/","name":"Fuentes Fidedignas","description":"Otro sitio realizado con WordPress","publisher":{"@id":"https:\/\/fuentesfidedignas.com.mx\/#organization"},"potentialAction":[{"@type":"SearchAction","target":{"@type":"EntryPoint","urlTemplate":"https:\/\/fuentesfidedignas.com.mx\/?s={search_term_string}"},"query-input":{"@type":"PropertyValueSpecification","valueRequired":true,"valueName":"search_term_string"}}],"inLanguage":"es"},{"@type":"Organization","@id":"https:\/\/fuentesfidedignas.com.mx\/#organization","name":"Fuentes Fidedignas","url":"https:\/\/fuentesfidedignas.com.mx\/","logo":{"@type":"ImageObject","inLanguage":"es","@id":"https:\/\/fuentesfidedignas.com.mx\/#\/schema\/logo\/image\/","url":"https:\/\/fuentesfidedignas.com.mx\/wp-content\/uploads\/2021\/04\/logo-retina.png","contentUrl":"https:\/\/fuentesfidedignas.com.mx\/wp-content\/uploads\/2021\/04\/logo-retina.png","width":280,"height":51,"caption":"Fuentes Fidedignas"},"image":{"@id":"https:\/\/fuentesfidedignas.com.mx\/#\/schema\/logo\/image\/"},"sameAs":["https:\/\/www.facebook.com\/Fuentes-Fidedignas-368234489921644","https:\/\/x.com\/fidedignas"]},{"@type":"Person","@id":"https:\/\/fuentesfidedignas.com.mx\/#\/schema\/person\/e8086b60a53aa35cbcec560401d45e4f","name":"Informador","image":{"@type":"ImageObject","inLanguage":"es","@id":"https:\/\/secure.gravatar.com\/avatar\/5edeacb7d70fb8525dce3f53a2fb61c6e731826a7db7ae0fe142f08846968b35?s=96&d=mm&r=g","url":"https:\/\/secure.gravatar.com\/avatar\/5edeacb7d70fb8525dce3f53a2fb61c6e731826a7db7ae0fe142f08846968b35?s=96&d=mm&r=g","contentUrl":"https:\/\/secure.gravatar.com\/avatar\/5edeacb7d70fb8525dce3f53a2fb61c6e731826a7db7ae0fe142f08846968b35?s=96&d=mm&r=g","caption":"Informador"},"url":"https:\/\/fuentesfidedignas.com.mx\/index.php\/author\/informador\/"}]}},"_links":{"self":[{"href":"https:\/\/fuentesfidedignas.com.mx\/index.php\/wp-json\/wp\/v2\/posts\/101693","targetHints":{"allow":["GET"]}}],"collection":[{"href":"https:\/\/fuentesfidedignas.com.mx\/index.php\/wp-json\/wp\/v2\/posts"}],"about":[{"href":"https:\/\/fuentesfidedignas.com.mx\/index.php\/wp-json\/wp\/v2\/types\/post"}],"author":[{"embeddable":true,"href":"https:\/\/fuentesfidedignas.com.mx\/index.php\/wp-json\/wp\/v2\/users\/57"}],"replies":[{"embeddable":true,"href":"https:\/\/fuentesfidedignas.com.mx\/index.php\/wp-json\/wp\/v2\/comments?post=101693"}],"version-history":[{"count":2,"href":"https:\/\/fuentesfidedignas.com.mx\/index.php\/wp-json\/wp\/v2\/posts\/101693\/revisions"}],"predecessor-version":[{"id":101696,"href":"https:\/\/fuentesfidedignas.com.mx\/index.php\/wp-json\/wp\/v2\/posts\/101693\/revisions\/101696"}],"wp:featuredmedia":[{"embeddable":true,"href":"https:\/\/fuentesfidedignas.com.mx\/index.php\/wp-json\/wp\/v2\/media\/101694"}],"wp:attachment":[{"href":"https:\/\/fuentesfidedignas.com.mx\/index.php\/wp-json\/wp\/v2\/media?parent=101693"}],"wp:term":[{"taxonomy":"category","embeddable":true,"href":"https:\/\/fuentesfidedignas.com.mx\/index.php\/wp-json\/wp\/v2\/categories?post=101693"},{"taxonomy":"post_tag","embeddable":true,"href":"https:\/\/fuentesfidedignas.com.mx\/index.php\/wp-json\/wp\/v2\/tags?post=101693"}],"curies":[{"name":"wp","href":"https:\/\/api.w.org\/{rel}","templated":true}]}}