{"id":101674,"date":"2025-02-13T16:55:38","date_gmt":"2025-02-13T23:55:38","guid":{"rendered":"https:\/\/fuentesfidedignas.com.mx\/?p=101674"},"modified":"2025-02-13T16:56:40","modified_gmt":"2025-02-13T23:56:40","slug":"entrega-de-nombramientos-a-agentes-del-ministerio-publico-policias-de-investigacion-y-peritos","status":"publish","type":"post","link":"https:\/\/fuentesfidedignas.com.mx\/index.php\/2025\/02\/13\/entrega-de-nombramientos-a-agentes-del-ministerio-publico-policias-de-investigacion-y-peritos\/","title":{"rendered":"Entregan Nombramientos a Agentes del Ministerio P\u00fablico, Polic\u00edas De Investigaci\u00f3n y Peritos"},"content":{"rendered":"\n<p><strong><em>Todos ellos acreditaron el curso de formaci\u00f3n inicial en la Universidad de la Polic\u00eda (Unipol) en diciembre de 2024.<\/em><\/strong><\/p>\n\n\n\n<p>Culiac\u00e1n, Sinaloa. La Fiscal\u00eda General del Estado de Sinaloa llev\u00f3 a cabo la entrega de nombramientos a los nuevos Agentes del Ministerio P\u00fablico, Polic\u00edas de Investigaci\u00f3n y Peritos Especiales que se integran a la Instituci\u00f3n.<\/p>\n\n\n\n<p>El evento estuvo presidido por la Fiscal General del Estado, Claudia Zulema S\u00e1nchez Kondo, quien resalt\u00f3 la importancia del compromiso, la \u00e9tica y el profesionalismo en el desempe\u00f1o de sus funciones.<\/p>\n\n\n\n<p>&#8220;Se van a sumar al personal, a las agencias, a la Polic\u00eda de Investigaci\u00f3n. Esto es derivado del curso que termin\u00f3 en diciembre de 2024, y lo que les pido es trabajar con \u00e9tica profesional, que traigan todas las ganas y que dejen que el personal y los titulares con quienes van a estar a cargo les compartan la experiencia y ense\u00f1anza que, a lo largo de los a\u00f1os, han adquirido aqu\u00ed en la Instituci\u00f3n\u201d, expres\u00f3 la Fiscal General.<\/p>\n\n\n\n<p>En total, 61 nuevos funcionarios se incorporan a la Fiscal\u00eda: 27 como Agentes del Ministerio P\u00fablico, 28 como Polic\u00edas de Investigaci\u00f3n y 6 como Peritos Especiales. Todos ellos acreditaron el curso de formaci\u00f3n inicial en la Universidad de la Polic\u00eda (Unipol) en diciembre de 2024.<\/p>\n\n\n\n<p>En el evento, como invitados especiales, estuvieron presentes; D\u00e1maso Castro Zaavedra, Vicefiscal General del Estado; Jos\u00e9 Roberto Qui\u00f1onez Coronado, Vicefiscal Regional Zona Centro; Isacc Aguayo Roacho, Vicefiscal Regional Zona Norte; Jes\u00fas Arnoldo Serrano Castelo, Vicefiscal Regional Zona Sur; Carla Patricia Fabela Galav\u00eds, Fiscal Especializada en Atenci\u00f3n a Mujeres V\u00edctimas del Delito por Razones de G\u00e9nero; Jos\u00e9 Luis Leyva Roch\u00edn, Fiscal Especializado en Desaparici\u00f3n Forzada de Personas; Marco Antonio \u00c1lvarez Armenta, Fiscal Especializado en Combate a la Corrupci\u00f3n; Cindy Isabel Fuentes Guti\u00e9rrez, Directora de Investigaci\u00f3n Pericial; Alberto Jorge Contreras N\u00fa\u00f1ez, Encargado de la Comisar\u00eda General de la Polic\u00eda de Investigaci\u00f3n; y Eladio Garc\u00eda Arredondo, Encargado de la Vicefiscal\u00eda de Derechos Humanos<\/p>\n","protected":false},"excerpt":{"rendered":"<p>Todos ellos acreditaron el curso de formaci\u00f3n inicial en la Universidad de la Polic\u00eda (Unipol) en diciembre de 2024. Culiac\u00e1n, Sinaloa. La Fiscal\u00eda General del Estado de Sinaloa llev\u00f3 a cabo la entrega de nombramientos a los nuevos Agentes del Ministerio P\u00fablico, Polic\u00edas de Investigaci\u00f3n y Peritos Especiales que se integran a la Instituci\u00f3n. El [&hellip;]<\/p>\n","protected":false},"author":4,"featured_media":101675,"comment_status":"open","ping_status":"open","sticky":false,"template":"","format":"standard","meta":{"tdm_status":"","tdm_grid_status":"","footnotes":""},"categories":[38],"tags":[],"class_list":{"0":"post-101674","1":"post","2":"type-post","3":"status-publish","4":"format-standard","5":"has-post-thumbnail","7":"category-noticias-locales"},"yoast_head":"<!-- This site is optimized with the Yoast SEO plugin v27.4 - https:\/\/yoast.com\/product\/yoast-seo-wordpress\/ -->\n<title>Entregan Nombramientos a Agentes del Ministerio P\u00fablico, Polic\u00edas De Investigaci\u00f3n y Peritos - Fuentes Fidedignas<\/title>\n<meta name=\"robots\" content=\"index, follow, max-snippet:-1, max-image-preview:large, max-video-preview:-1\" \/>\n<link rel=\"canonical\" href=\"https:\/\/fuentesfidedignas.com.mx\/index.php\/2025\/02\/13\/entrega-de-nombramientos-a-agentes-del-ministerio-publico-policias-de-investigacion-y-peritos\/\" \/>\n<meta property=\"og:locale\" content=\"es_MX\" \/>\n<meta property=\"og:type\" content=\"article\" \/>\n<meta property=\"og:title\" content=\"Entregan Nombramientos a Agentes del Ministerio P\u00fablico, Polic\u00edas De Investigaci\u00f3n y Peritos - Fuentes Fidedignas\" \/>\n<meta property=\"og:description\" content=\"Todos ellos acreditaron el curso de formaci\u00f3n inicial en la Universidad de la Polic\u00eda (Unipol) en diciembre de 2024. Culiac\u00e1n, Sinaloa. La Fiscal\u00eda General del Estado de Sinaloa llev\u00f3 a cabo la entrega de nombramientos a los nuevos Agentes del Ministerio P\u00fablico, Polic\u00edas de Investigaci\u00f3n y Peritos Especiales que se integran a la Instituci\u00f3n. El [&hellip;]\" \/>\n<meta property=\"og:url\" content=\"https:\/\/fuentesfidedignas.com.mx\/index.php\/2025\/02\/13\/entrega-de-nombramientos-a-agentes-del-ministerio-publico-policias-de-investigacion-y-peritos\/\" \/>\n<meta property=\"og:site_name\" content=\"Fuentes Fidedignas\" \/>\n<meta property=\"article:publisher\" content=\"https:\/\/www.facebook.com\/Fuentes-Fidedignas-368234489921644\" \/>\n<meta property=\"article:published_time\" content=\"2025-02-13T23:55:38+00:00\" \/>\n<meta property=\"article:modified_time\" content=\"2025-02-13T23:56:40+00:00\" \/>\n<meta property=\"og:image\" content=\"https:\/\/fuentesfidedignas.com.mx\/wp-content\/uploads\/2025\/02\/Agnetes-MP.jpg\" \/>\n\t<meta property=\"og:image:width\" content=\"600\" \/>\n\t<meta property=\"og:image:height\" content=\"264\" \/>\n\t<meta property=\"og:image:type\" content=\"image\/jpeg\" \/>\n<meta name=\"author\" content=\"Redacci\u00f3n\" \/>\n<meta name=\"twitter:card\" content=\"summary_large_image\" \/>\n<meta name=\"twitter:creator\" content=\"@fidedignas\" \/>\n<meta name=\"twitter:site\" content=\"@fidedignas\" \/>\n<meta name=\"twitter:label1\" content=\"Escrito por\" \/>\n\t<meta name=\"twitter:data1\" content=\"Redacci\u00f3n\" \/>\n\t<meta name=\"twitter:label2\" content=\"Tiempo de lectura\" \/>\n\t<meta name=\"twitter:data2\" content=\"2 minutos\" \/>\n<script type=\"application\/ld+json\" class=\"yoast-schema-graph\">{\"@context\":\"https:\\\/\\\/schema.org\",\"@graph\":[{\"@type\":\"Article\",\"@id\":\"https:\\\/\\\/fuentesfidedignas.com.mx\\\/index.php\\\/2025\\\/02\\\/13\\\/entrega-de-nombramientos-a-agentes-del-ministerio-publico-policias-de-investigacion-y-peritos\\\/#article\",\"isPartOf\":{\"@id\":\"https:\\\/\\\/fuentesfidedignas.com.mx\\\/index.php\\\/2025\\\/02\\\/13\\\/entrega-de-nombramientos-a-agentes-del-ministerio-publico-policias-de-investigacion-y-peritos\\\/\"},\"author\":{\"name\":\"Redacci\u00f3n\",\"@id\":\"https:\\\/\\\/fuentesfidedignas.com.mx\\\/#\\\/schema\\\/person\\\/331be9283d37198e2acd5750279085b0\"},\"headline\":\"Entregan Nombramientos a Agentes del Ministerio P\u00fablico, Polic\u00edas De Investigaci\u00f3n y Peritos\",\"datePublished\":\"2025-02-13T23:55:38+00:00\",\"dateModified\":\"2025-02-13T23:56:40+00:00\",\"mainEntityOfPage\":{\"@id\":\"https:\\\/\\\/fuentesfidedignas.com.mx\\\/index.php\\\/2025\\\/02\\\/13\\\/entrega-de-nombramientos-a-agentes-del-ministerio-publico-policias-de-investigacion-y-peritos\\\/\"},\"wordCount\":366,\"commentCount\":0,\"publisher\":{\"@id\":\"https:\\\/\\\/fuentesfidedignas.com.mx\\\/#organization\"},\"image\":{\"@id\":\"https:\\\/\\\/fuentesfidedignas.com.mx\\\/index.php\\\/2025\\\/02\\\/13\\\/entrega-de-nombramientos-a-agentes-del-ministerio-publico-policias-de-investigacion-y-peritos\\\/#primaryimage\"},\"thumbnailUrl\":\"https:\\\/\\\/fuentesfidedignas.com.mx\\\/wp-content\\\/uploads\\\/2025\\\/02\\\/Agnetes-MP.jpg\",\"articleSection\":[\"NOTICIAS LOCALES\"],\"inLanguage\":\"es\",\"potentialAction\":[{\"@type\":\"CommentAction\",\"name\":\"Comment\",\"target\":[\"https:\\\/\\\/fuentesfidedignas.com.mx\\\/index.php\\\/2025\\\/02\\\/13\\\/entrega-de-nombramientos-a-agentes-del-ministerio-publico-policias-de-investigacion-y-peritos\\\/#respond\"]}]},{\"@type\":\"WebPage\",\"@id\":\"https:\\\/\\\/fuentesfidedignas.com.mx\\\/index.php\\\/2025\\\/02\\\/13\\\/entrega-de-nombramientos-a-agentes-del-ministerio-publico-policias-de-investigacion-y-peritos\\\/\",\"url\":\"https:\\\/\\\/fuentesfidedignas.com.mx\\\/index.php\\\/2025\\\/02\\\/13\\\/entrega-de-nombramientos-a-agentes-del-ministerio-publico-policias-de-investigacion-y-peritos\\\/\",\"name\":\"Entregan Nombramientos a Agentes del Ministerio P\u00fablico, Polic\u00edas De Investigaci\u00f3n y Peritos - Fuentes Fidedignas\",\"isPartOf\":{\"@id\":\"https:\\\/\\\/fuentesfidedignas.com.mx\\\/#website\"},\"primaryImageOfPage\":{\"@id\":\"https:\\\/\\\/fuentesfidedignas.com.mx\\\/index.php\\\/2025\\\/02\\\/13\\\/entrega-de-nombramientos-a-agentes-del-ministerio-publico-policias-de-investigacion-y-peritos\\\/#primaryimage\"},\"image\":{\"@id\":\"https:\\\/\\\/fuentesfidedignas.com.mx\\\/index.php\\\/2025\\\/02\\\/13\\\/entrega-de-nombramientos-a-agentes-del-ministerio-publico-policias-de-investigacion-y-peritos\\\/#primaryimage\"},\"thumbnailUrl\":\"https:\\\/\\\/fuentesfidedignas.com.mx\\\/wp-content\\\/uploads\\\/2025\\\/02\\\/Agnetes-MP.jpg\",\"datePublished\":\"2025-02-13T23:55:38+00:00\",\"dateModified\":\"2025-02-13T23:56:40+00:00\",\"breadcrumb\":{\"@id\":\"https:\\\/\\\/fuentesfidedignas.com.mx\\\/index.php\\\/2025\\\/02\\\/13\\\/entrega-de-nombramientos-a-agentes-del-ministerio-publico-policias-de-investigacion-y-peritos\\\/#breadcrumb\"},\"inLanguage\":\"es\",\"potentialAction\":[{\"@type\":\"ReadAction\",\"target\":[\"https:\\\/\\\/fuentesfidedignas.com.mx\\\/index.php\\\/2025\\\/02\\\/13\\\/entrega-de-nombramientos-a-agentes-del-ministerio-publico-policias-de-investigacion-y-peritos\\\/\"]}]},{\"@type\":\"ImageObject\",\"inLanguage\":\"es\",\"@id\":\"https:\\\/\\\/fuentesfidedignas.com.mx\\\/index.php\\\/2025\\\/02\\\/13\\\/entrega-de-nombramientos-a-agentes-del-ministerio-publico-policias-de-investigacion-y-peritos\\\/#primaryimage\",\"url\":\"https:\\\/\\\/fuentesfidedignas.com.mx\\\/wp-content\\\/uploads\\\/2025\\\/02\\\/Agnetes-MP.jpg\",\"contentUrl\":\"https:\\\/\\\/fuentesfidedignas.com.mx\\\/wp-content\\\/uploads\\\/2025\\\/02\\\/Agnetes-MP.jpg\",\"width\":600,\"height\":264},{\"@type\":\"BreadcrumbList\",\"@id\":\"https:\\\/\\\/fuentesfidedignas.com.mx\\\/index.php\\\/2025\\\/02\\\/13\\\/entrega-de-nombramientos-a-agentes-del-ministerio-publico-policias-de-investigacion-y-peritos\\\/#breadcrumb\",\"itemListElement\":[{\"@type\":\"ListItem\",\"position\":1,\"name\":\"Inicio\",\"item\":\"https:\\\/\\\/fuentesfidedignas.com.mx\\\/\"},{\"@type\":\"ListItem\",\"position\":2,\"name\":\"Entregan Nombramientos a Agentes del Ministerio P\u00fablico, Polic\u00edas De Investigaci\u00f3n y Peritos\"}]},{\"@type\":\"WebSite\",\"@id\":\"https:\\\/\\\/fuentesfidedignas.com.mx\\\/#website\",\"url\":\"https:\\\/\\\/fuentesfidedignas.com.mx\\\/\",\"name\":\"Fuentes Fidedignas\",\"description\":\"Otro sitio realizado con WordPress\",\"publisher\":{\"@id\":\"https:\\\/\\\/fuentesfidedignas.com.mx\\\/#organization\"},\"potentialAction\":[{\"@type\":\"SearchAction\",\"target\":{\"@type\":\"EntryPoint\",\"urlTemplate\":\"https:\\\/\\\/fuentesfidedignas.com.mx\\\/?s={search_term_string}\"},\"query-input\":{\"@type\":\"PropertyValueSpecification\",\"valueRequired\":true,\"valueName\":\"search_term_string\"}}],\"inLanguage\":\"es\"},{\"@type\":\"Organization\",\"@id\":\"https:\\\/\\\/fuentesfidedignas.com.mx\\\/#organization\",\"name\":\"Fuentes Fidedignas\",\"url\":\"https:\\\/\\\/fuentesfidedignas.com.mx\\\/\",\"logo\":{\"@type\":\"ImageObject\",\"inLanguage\":\"es\",\"@id\":\"https:\\\/\\\/fuentesfidedignas.com.mx\\\/#\\\/schema\\\/logo\\\/image\\\/\",\"url\":\"https:\\\/\\\/fuentesfidedignas.com.mx\\\/wp-content\\\/uploads\\\/2021\\\/04\\\/logo-retina.png\",\"contentUrl\":\"https:\\\/\\\/fuentesfidedignas.com.mx\\\/wp-content\\\/uploads\\\/2021\\\/04\\\/logo-retina.png\",\"width\":280,\"height\":51,\"caption\":\"Fuentes Fidedignas\"},\"image\":{\"@id\":\"https:\\\/\\\/fuentesfidedignas.com.mx\\\/#\\\/schema\\\/logo\\\/image\\\/\"},\"sameAs\":[\"https:\\\/\\\/www.facebook.com\\\/Fuentes-Fidedignas-368234489921644\",\"https:\\\/\\\/x.com\\\/fidedignas\"]},{\"@type\":\"Person\",\"@id\":\"https:\\\/\\\/fuentesfidedignas.com.mx\\\/#\\\/schema\\\/person\\\/331be9283d37198e2acd5750279085b0\",\"name\":\"Redacci\u00f3n\",\"image\":{\"@type\":\"ImageObject\",\"inLanguage\":\"es\",\"@id\":\"https:\\\/\\\/secure.gravatar.com\\\/avatar\\\/f6d8782c11d12b2d4ad3fbb6931aeab5309937a4d6cd2fc9cfaa28a6396a5aec?s=96&d=mm&r=g\",\"url\":\"https:\\\/\\\/secure.gravatar.com\\\/avatar\\\/f6d8782c11d12b2d4ad3fbb6931aeab5309937a4d6cd2fc9cfaa28a6396a5aec?s=96&d=mm&r=g\",\"contentUrl\":\"https:\\\/\\\/secure.gravatar.com\\\/avatar\\\/f6d8782c11d12b2d4ad3fbb6931aeab5309937a4d6cd2fc9cfaa28a6396a5aec?s=96&d=mm&r=g\",\"caption\":\"Redacci\u00f3n\"},\"url\":\"https:\\\/\\\/fuentesfidedignas.com.mx\\\/index.php\\\/author\\\/redaccion\\\/\"}]}<\/script>\n<!-- \/ Yoast SEO plugin. -->","yoast_head_json":{"title":"Entregan Nombramientos a Agentes del Ministerio P\u00fablico, Polic\u00edas De Investigaci\u00f3n y Peritos - Fuentes Fidedignas","robots":{"index":"index","follow":"follow","max-snippet":"max-snippet:-1","max-image-preview":"max-image-preview:large","max-video-preview":"max-video-preview:-1"},"canonical":"https:\/\/fuentesfidedignas.com.mx\/index.php\/2025\/02\/13\/entrega-de-nombramientos-a-agentes-del-ministerio-publico-policias-de-investigacion-y-peritos\/","og_locale":"es_MX","og_type":"article","og_title":"Entregan Nombramientos a Agentes del Ministerio P\u00fablico, Polic\u00edas De Investigaci\u00f3n y Peritos - Fuentes Fidedignas","og_description":"Todos ellos acreditaron el curso de formaci\u00f3n inicial en la Universidad de la Polic\u00eda (Unipol) en diciembre de 2024. Culiac\u00e1n, Sinaloa. La Fiscal\u00eda General del Estado de Sinaloa llev\u00f3 a cabo la entrega de nombramientos a los nuevos Agentes del Ministerio P\u00fablico, Polic\u00edas de Investigaci\u00f3n y Peritos Especiales que se integran a la Instituci\u00f3n. El [&hellip;]","og_url":"https:\/\/fuentesfidedignas.com.mx\/index.php\/2025\/02\/13\/entrega-de-nombramientos-a-agentes-del-ministerio-publico-policias-de-investigacion-y-peritos\/","og_site_name":"Fuentes Fidedignas","article_publisher":"https:\/\/www.facebook.com\/Fuentes-Fidedignas-368234489921644","article_published_time":"2025-02-13T23:55:38+00:00","article_modified_time":"2025-02-13T23:56:40+00:00","og_image":[{"width":600,"height":264,"url":"https:\/\/fuentesfidedignas.com.mx\/wp-content\/uploads\/2025\/02\/Agnetes-MP.jpg","type":"image\/jpeg"}],"author":"Redacci\u00f3n","twitter_card":"summary_large_image","twitter_creator":"@fidedignas","twitter_site":"@fidedignas","twitter_misc":{"Escrito por":"Redacci\u00f3n","Tiempo de lectura":"2 minutos"},"schema":{"@context":"https:\/\/schema.org","@graph":[{"@type":"Article","@id":"https:\/\/fuentesfidedignas.com.mx\/index.php\/2025\/02\/13\/entrega-de-nombramientos-a-agentes-del-ministerio-publico-policias-de-investigacion-y-peritos\/#article","isPartOf":{"@id":"https:\/\/fuentesfidedignas.com.mx\/index.php\/2025\/02\/13\/entrega-de-nombramientos-a-agentes-del-ministerio-publico-policias-de-investigacion-y-peritos\/"},"author":{"name":"Redacci\u00f3n","@id":"https:\/\/fuentesfidedignas.com.mx\/#\/schema\/person\/331be9283d37198e2acd5750279085b0"},"headline":"Entregan Nombramientos a Agentes del Ministerio P\u00fablico, Polic\u00edas De Investigaci\u00f3n y Peritos","datePublished":"2025-02-13T23:55:38+00:00","dateModified":"2025-02-13T23:56:40+00:00","mainEntityOfPage":{"@id":"https:\/\/fuentesfidedignas.com.mx\/index.php\/2025\/02\/13\/entrega-de-nombramientos-a-agentes-del-ministerio-publico-policias-de-investigacion-y-peritos\/"},"wordCount":366,"commentCount":0,"publisher":{"@id":"https:\/\/fuentesfidedignas.com.mx\/#organization"},"image":{"@id":"https:\/\/fuentesfidedignas.com.mx\/index.php\/2025\/02\/13\/entrega-de-nombramientos-a-agentes-del-ministerio-publico-policias-de-investigacion-y-peritos\/#primaryimage"},"thumbnailUrl":"https:\/\/fuentesfidedignas.com.mx\/wp-content\/uploads\/2025\/02\/Agnetes-MP.jpg","articleSection":["NOTICIAS LOCALES"],"inLanguage":"es","potentialAction":[{"@type":"CommentAction","name":"Comment","target":["https:\/\/fuentesfidedignas.com.mx\/index.php\/2025\/02\/13\/entrega-de-nombramientos-a-agentes-del-ministerio-publico-policias-de-investigacion-y-peritos\/#respond"]}]},{"@type":"WebPage","@id":"https:\/\/fuentesfidedignas.com.mx\/index.php\/2025\/02\/13\/entrega-de-nombramientos-a-agentes-del-ministerio-publico-policias-de-investigacion-y-peritos\/","url":"https:\/\/fuentesfidedignas.com.mx\/index.php\/2025\/02\/13\/entrega-de-nombramientos-a-agentes-del-ministerio-publico-policias-de-investigacion-y-peritos\/","name":"Entregan Nombramientos a Agentes del Ministerio P\u00fablico, Polic\u00edas De Investigaci\u00f3n y Peritos - Fuentes Fidedignas","isPartOf":{"@id":"https:\/\/fuentesfidedignas.com.mx\/#website"},"primaryImageOfPage":{"@id":"https:\/\/fuentesfidedignas.com.mx\/index.php\/2025\/02\/13\/entrega-de-nombramientos-a-agentes-del-ministerio-publico-policias-de-investigacion-y-peritos\/#primaryimage"},"image":{"@id":"https:\/\/fuentesfidedignas.com.mx\/index.php\/2025\/02\/13\/entrega-de-nombramientos-a-agentes-del-ministerio-publico-policias-de-investigacion-y-peritos\/#primaryimage"},"thumbnailUrl":"https:\/\/fuentesfidedignas.com.mx\/wp-content\/uploads\/2025\/02\/Agnetes-MP.jpg","datePublished":"2025-02-13T23:55:38+00:00","dateModified":"2025-02-13T23:56:40+00:00","breadcrumb":{"@id":"https:\/\/fuentesfidedignas.com.mx\/index.php\/2025\/02\/13\/entrega-de-nombramientos-a-agentes-del-ministerio-publico-policias-de-investigacion-y-peritos\/#breadcrumb"},"inLanguage":"es","potentialAction":[{"@type":"ReadAction","target":["https:\/\/fuentesfidedignas.com.mx\/index.php\/2025\/02\/13\/entrega-de-nombramientos-a-agentes-del-ministerio-publico-policias-de-investigacion-y-peritos\/"]}]},{"@type":"ImageObject","inLanguage":"es","@id":"https:\/\/fuentesfidedignas.com.mx\/index.php\/2025\/02\/13\/entrega-de-nombramientos-a-agentes-del-ministerio-publico-policias-de-investigacion-y-peritos\/#primaryimage","url":"https:\/\/fuentesfidedignas.com.mx\/wp-content\/uploads\/2025\/02\/Agnetes-MP.jpg","contentUrl":"https:\/\/fuentesfidedignas.com.mx\/wp-content\/uploads\/2025\/02\/Agnetes-MP.jpg","width":600,"height":264},{"@type":"BreadcrumbList","@id":"https:\/\/fuentesfidedignas.com.mx\/index.php\/2025\/02\/13\/entrega-de-nombramientos-a-agentes-del-ministerio-publico-policias-de-investigacion-y-peritos\/#breadcrumb","itemListElement":[{"@type":"ListItem","position":1,"name":"Inicio","item":"https:\/\/fuentesfidedignas.com.mx\/"},{"@type":"ListItem","position":2,"name":"Entregan Nombramientos a Agentes del Ministerio P\u00fablico, Polic\u00edas De Investigaci\u00f3n y Peritos"}]},{"@type":"WebSite","@id":"https:\/\/fuentesfidedignas.com.mx\/#website","url":"https:\/\/fuentesfidedignas.com.mx\/","name":"Fuentes Fidedignas","description":"Otro sitio realizado con WordPress","publisher":{"@id":"https:\/\/fuentesfidedignas.com.mx\/#organization"},"potentialAction":[{"@type":"SearchAction","target":{"@type":"EntryPoint","urlTemplate":"https:\/\/fuentesfidedignas.com.mx\/?s={search_term_string}"},"query-input":{"@type":"PropertyValueSpecification","valueRequired":true,"valueName":"search_term_string"}}],"inLanguage":"es"},{"@type":"Organization","@id":"https:\/\/fuentesfidedignas.com.mx\/#organization","name":"Fuentes Fidedignas","url":"https:\/\/fuentesfidedignas.com.mx\/","logo":{"@type":"ImageObject","inLanguage":"es","@id":"https:\/\/fuentesfidedignas.com.mx\/#\/schema\/logo\/image\/","url":"https:\/\/fuentesfidedignas.com.mx\/wp-content\/uploads\/2021\/04\/logo-retina.png","contentUrl":"https:\/\/fuentesfidedignas.com.mx\/wp-content\/uploads\/2021\/04\/logo-retina.png","width":280,"height":51,"caption":"Fuentes Fidedignas"},"image":{"@id":"https:\/\/fuentesfidedignas.com.mx\/#\/schema\/logo\/image\/"},"sameAs":["https:\/\/www.facebook.com\/Fuentes-Fidedignas-368234489921644","https:\/\/x.com\/fidedignas"]},{"@type":"Person","@id":"https:\/\/fuentesfidedignas.com.mx\/#\/schema\/person\/331be9283d37198e2acd5750279085b0","name":"Redacci\u00f3n","image":{"@type":"ImageObject","inLanguage":"es","@id":"https:\/\/secure.gravatar.com\/avatar\/f6d8782c11d12b2d4ad3fbb6931aeab5309937a4d6cd2fc9cfaa28a6396a5aec?s=96&d=mm&r=g","url":"https:\/\/secure.gravatar.com\/avatar\/f6d8782c11d12b2d4ad3fbb6931aeab5309937a4d6cd2fc9cfaa28a6396a5aec?s=96&d=mm&r=g","contentUrl":"https:\/\/secure.gravatar.com\/avatar\/f6d8782c11d12b2d4ad3fbb6931aeab5309937a4d6cd2fc9cfaa28a6396a5aec?s=96&d=mm&r=g","caption":"Redacci\u00f3n"},"url":"https:\/\/fuentesfidedignas.com.mx\/index.php\/author\/redaccion\/"}]}},"_links":{"self":[{"href":"https:\/\/fuentesfidedignas.com.mx\/index.php\/wp-json\/wp\/v2\/posts\/101674","targetHints":{"allow":["GET"]}}],"collection":[{"href":"https:\/\/fuentesfidedignas.com.mx\/index.php\/wp-json\/wp\/v2\/posts"}],"about":[{"href":"https:\/\/fuentesfidedignas.com.mx\/index.php\/wp-json\/wp\/v2\/types\/post"}],"author":[{"embeddable":true,"href":"https:\/\/fuentesfidedignas.com.mx\/index.php\/wp-json\/wp\/v2\/users\/4"}],"replies":[{"embeddable":true,"href":"https:\/\/fuentesfidedignas.com.mx\/index.php\/wp-json\/wp\/v2\/comments?post=101674"}],"version-history":[{"count":2,"href":"https:\/\/fuentesfidedignas.com.mx\/index.php\/wp-json\/wp\/v2\/posts\/101674\/revisions"}],"predecessor-version":[{"id":101677,"href":"https:\/\/fuentesfidedignas.com.mx\/index.php\/wp-json\/wp\/v2\/posts\/101674\/revisions\/101677"}],"wp:featuredmedia":[{"embeddable":true,"href":"https:\/\/fuentesfidedignas.com.mx\/index.php\/wp-json\/wp\/v2\/media\/101675"}],"wp:attachment":[{"href":"https:\/\/fuentesfidedignas.com.mx\/index.php\/wp-json\/wp\/v2\/media?parent=101674"}],"wp:term":[{"taxonomy":"category","embeddable":true,"href":"https:\/\/fuentesfidedignas.com.mx\/index.php\/wp-json\/wp\/v2\/categories?post=101674"},{"taxonomy":"post_tag","embeddable":true,"href":"https:\/\/fuentesfidedignas.com.mx\/index.php\/wp-json\/wp\/v2\/tags?post=101674"}],"curies":[{"name":"wp","href":"https:\/\/api.w.org\/{rel}","templated":true}]}}