{"id":101630,"date":"2025-02-13T08:32:05","date_gmt":"2025-02-13T15:32:05","guid":{"rendered":"https:\/\/fuentesfidedignas.com.mx\/?p=101630"},"modified":"2025-02-13T08:32:09","modified_gmt":"2025-02-13T15:32:09","slug":"atropellamiento-multiple-deja-28-heridos-en-munich-presumen-atentado","status":"publish","type":"post","link":"https:\/\/fuentesfidedignas.com.mx\/index.php\/2025\/02\/13\/atropellamiento-multiple-deja-28-heridos-en-munich-presumen-atentado\/","title":{"rendered":"Atropellamiento m\u00faltiple deja 28 heridos en M\u00fanich; presumen atentado"},"content":{"rendered":"\n<p><strong><em>El primer ministro de Baviera dijo que el atropellamiento m\u00faltiple en M\u00fanich, efectuado por un joven afgano, \u201cpresumiblemente se trata de un atentado\u201d<\/em><\/strong><\/p>\n\n\n\n<p>Autoridades alemanas investigan como posible atentado en el atropellamiento de un grupo de personas que participaban en una manifestaci\u00f3n sindical en el centro de la ciudad de M\u00fanich, que dej\u00f3 al menos 28 heridos, algunos graves.<\/p>\n\n\n\n<p>Un representante de la Polic\u00eda indic\u00f3 en una comparecencia en el lugar de los hechos que el conductor detenido era un ciudadano afgano de 24 a\u00f1os, en tanto que el primer ministro de Baviera, Markus S\u00f6der, dijo ante los medios que \u201cpresumiblemente se trata de un atentado\u201d.<\/p>\n\n\n\n<p>Seg\u00fan explic\u00f3 el portavoz de la Polic\u00eda, el veh\u00edculo se acerc\u00f3 a la manifestaci\u00f3n por detr\u00e1s, adelant\u00f3 a los coches de la polic\u00eda que la escoltaban y embisti\u00f3 contra el final de la marcha.<\/p>\n\n\n\n<p>El conductor fue detenido a continuaci\u00f3n, despu\u00e9s de que los agentes realizaran disparos contra su coche, un veh\u00edculo modelo Mini Cooper, por lo que en estos momentos ya no existe peligro para la poblaci\u00f3n.<\/p>\n\n\n\n<p>El sospechoso es un solicitante de asilo afgano de 24 a\u00f1os que contaba con antecedentes policiales relacionados con estupefacientes y hurtos, se\u00f1alaron las autoridades, que no detallaron si hab\u00eda resultado herido durante la detenci\u00f3n.<\/p>\n\n\n\n<p>El primer ministro b\u00e1varo afirm\u00f3 que primero hay que investigar los detalles y examinar el suceso, pero el \u2018modus operandi\u2019 es similar al de otros ataques deliberados, por lo que presumiblemente se trata de un \u201catentado\u201d.<\/p>\n\n\n\n<p>S\u00f6der se\u00f1al\u00f3 que era \u201cdoloroso\u201d el hecho de que tan solo el mes pasado en Aschaffenburg, tambi\u00e9n en Baviera, se produjera otro ataque en el que un ciudadano afgano mat\u00f3 con un cuchillo a un ni\u00f1o y a un adulto.<\/p>\n\n\n\n<p>\u201cYa basta\u201d, afirm\u00f3 el primer ministro b\u00e1varo.<\/p>\n\n\n\n<p>Las investigaciones han sido asumidas por la Central para la Lucha contra el Extremismo y el Terrorismo de la Fiscal\u00eda General de M\u00fanich.<\/p>\n\n\n\n<p>\u201cEs un d\u00eda negro para M\u00fanich\u201d, declar\u00f3 por su parte el alcalde de la capital b\u00e1vara, Dieter Reiter, que se\u00f1al\u00f3 afectado que entre los manifestantes hab\u00eda compa\u00f1eros suyos de la administraci\u00f3n municipal.<\/p>\n\n\n\n<p>En la capital b\u00e1vara arranca este viernes la Conferencia de Seguridad de M\u00fanich, donde se dar\u00e1n cita jefes de Estado y de Gobierno de todo el mundo y en diez d\u00edas se celebran unas elecciones legislativas que ya han estado marcadas por los temas de la migraci\u00f3n y del ascenso de la ultraderecha.<\/p>\n","protected":false},"excerpt":{"rendered":"<p>El primer ministro de Baviera dijo que el atropellamiento m\u00faltiple en M\u00fanich, efectuado por un joven afgano, \u201cpresumiblemente se trata de un atentado\u201d Autoridades alemanas investigan como posible atentado en el atropellamiento de un grupo de personas que participaban en una manifestaci\u00f3n sindical en el centro de la ciudad de M\u00fanich, que dej\u00f3 al menos [&hellip;]<\/p>\n","protected":false},"author":22,"featured_media":101631,"comment_status":"open","ping_status":"open","sticky":false,"template":"","format":"standard","meta":{"tdm_status":"","tdm_grid_status":"","footnotes":""},"categories":[39],"tags":[],"class_list":{"0":"post-101630","1":"post","2":"type-post","3":"status-publish","4":"format-standard","5":"has-post-thumbnail","7":"category-noticias-nacionales"},"yoast_head":"<!-- This site is optimized with the Yoast SEO plugin v27.5 - https:\/\/yoast.com\/product\/yoast-seo-wordpress\/ -->\n<title>Atropellamiento m\u00faltiple deja 28 heridos en M\u00fanich; presumen atentado - Fuentes Fidedignas<\/title>\n<meta name=\"robots\" content=\"index, follow, max-snippet:-1, max-image-preview:large, max-video-preview:-1\" \/>\n<link rel=\"canonical\" href=\"https:\/\/fuentesfidedignas.com.mx\/index.php\/2025\/02\/13\/atropellamiento-multiple-deja-28-heridos-en-munich-presumen-atentado\/\" \/>\n<meta property=\"og:locale\" content=\"es_MX\" \/>\n<meta property=\"og:type\" content=\"article\" \/>\n<meta property=\"og:title\" content=\"Atropellamiento m\u00faltiple deja 28 heridos en M\u00fanich; presumen atentado - Fuentes Fidedignas\" \/>\n<meta property=\"og:description\" content=\"El primer ministro de Baviera dijo que el atropellamiento m\u00faltiple en M\u00fanich, efectuado por un joven afgano, \u201cpresumiblemente se trata de un atentado\u201d Autoridades alemanas investigan como posible atentado en el atropellamiento de un grupo de personas que participaban en una manifestaci\u00f3n sindical en el centro de la ciudad de M\u00fanich, que dej\u00f3 al menos [&hellip;]\" \/>\n<meta property=\"og:url\" content=\"https:\/\/fuentesfidedignas.com.mx\/index.php\/2025\/02\/13\/atropellamiento-multiple-deja-28-heridos-en-munich-presumen-atentado\/\" \/>\n<meta property=\"og:site_name\" content=\"Fuentes Fidedignas\" \/>\n<meta property=\"article:publisher\" content=\"https:\/\/www.facebook.com\/Fuentes-Fidedignas-368234489921644\" \/>\n<meta property=\"article:published_time\" content=\"2025-02-13T15:32:05+00:00\" \/>\n<meta property=\"article:modified_time\" content=\"2025-02-13T15:32:09+00:00\" \/>\n<meta property=\"og:image\" content=\"https:\/\/fuentesfidedignas.com.mx\/wp-content\/uploads\/2025\/02\/escena-de-atropellamiento-multiple-en-munich.jpg\" \/>\n\t<meta property=\"og:image:width\" content=\"600\" \/>\n\t<meta property=\"og:image:height\" content=\"375\" \/>\n\t<meta property=\"og:image:type\" content=\"image\/jpeg\" \/>\n<meta name=\"author\" content=\"EFE\" \/>\n<meta name=\"twitter:card\" content=\"summary_large_image\" \/>\n<meta name=\"twitter:creator\" content=\"@fidedignas\" \/>\n<meta name=\"twitter:site\" content=\"@fidedignas\" \/>\n<meta name=\"twitter:label1\" content=\"Escrito por\" \/>\n\t<meta name=\"twitter:data1\" content=\"EFE\" \/>\n\t<meta name=\"twitter:label2\" content=\"Tiempo de lectura\" \/>\n\t<meta name=\"twitter:data2\" content=\"3 minutos\" \/>\n<script type=\"application\/ld+json\" class=\"yoast-schema-graph\">{\"@context\":\"https:\\\/\\\/schema.org\",\"@graph\":[{\"@type\":\"Article\",\"@id\":\"https:\\\/\\\/fuentesfidedignas.com.mx\\\/index.php\\\/2025\\\/02\\\/13\\\/atropellamiento-multiple-deja-28-heridos-en-munich-presumen-atentado\\\/#article\",\"isPartOf\":{\"@id\":\"https:\\\/\\\/fuentesfidedignas.com.mx\\\/index.php\\\/2025\\\/02\\\/13\\\/atropellamiento-multiple-deja-28-heridos-en-munich-presumen-atentado\\\/\"},\"author\":{\"name\":\"EFE\",\"@id\":\"https:\\\/\\\/fuentesfidedignas.com.mx\\\/#\\\/schema\\\/person\\\/0d44615087b5a626d5d3f13afe31ac41\"},\"headline\":\"Atropellamiento m\u00faltiple deja 28 heridos en M\u00fanich; presumen atentado\",\"datePublished\":\"2025-02-13T15:32:05+00:00\",\"dateModified\":\"2025-02-13T15:32:09+00:00\",\"mainEntityOfPage\":{\"@id\":\"https:\\\/\\\/fuentesfidedignas.com.mx\\\/index.php\\\/2025\\\/02\\\/13\\\/atropellamiento-multiple-deja-28-heridos-en-munich-presumen-atentado\\\/\"},\"wordCount\":447,\"commentCount\":0,\"publisher\":{\"@id\":\"https:\\\/\\\/fuentesfidedignas.com.mx\\\/#organization\"},\"image\":{\"@id\":\"https:\\\/\\\/fuentesfidedignas.com.mx\\\/index.php\\\/2025\\\/02\\\/13\\\/atropellamiento-multiple-deja-28-heridos-en-munich-presumen-atentado\\\/#primaryimage\"},\"thumbnailUrl\":\"https:\\\/\\\/fuentesfidedignas.com.mx\\\/wp-content\\\/uploads\\\/2025\\\/02\\\/escena-de-atropellamiento-multiple-en-munich.jpg\",\"articleSection\":[\"NOTICIAS NACIONALES\"],\"inLanguage\":\"es\",\"potentialAction\":[{\"@type\":\"CommentAction\",\"name\":\"Comment\",\"target\":[\"https:\\\/\\\/fuentesfidedignas.com.mx\\\/index.php\\\/2025\\\/02\\\/13\\\/atropellamiento-multiple-deja-28-heridos-en-munich-presumen-atentado\\\/#respond\"]}]},{\"@type\":\"WebPage\",\"@id\":\"https:\\\/\\\/fuentesfidedignas.com.mx\\\/index.php\\\/2025\\\/02\\\/13\\\/atropellamiento-multiple-deja-28-heridos-en-munich-presumen-atentado\\\/\",\"url\":\"https:\\\/\\\/fuentesfidedignas.com.mx\\\/index.php\\\/2025\\\/02\\\/13\\\/atropellamiento-multiple-deja-28-heridos-en-munich-presumen-atentado\\\/\",\"name\":\"Atropellamiento m\u00faltiple deja 28 heridos en M\u00fanich; presumen atentado - Fuentes Fidedignas\",\"isPartOf\":{\"@id\":\"https:\\\/\\\/fuentesfidedignas.com.mx\\\/#website\"},\"primaryImageOfPage\":{\"@id\":\"https:\\\/\\\/fuentesfidedignas.com.mx\\\/index.php\\\/2025\\\/02\\\/13\\\/atropellamiento-multiple-deja-28-heridos-en-munich-presumen-atentado\\\/#primaryimage\"},\"image\":{\"@id\":\"https:\\\/\\\/fuentesfidedignas.com.mx\\\/index.php\\\/2025\\\/02\\\/13\\\/atropellamiento-multiple-deja-28-heridos-en-munich-presumen-atentado\\\/#primaryimage\"},\"thumbnailUrl\":\"https:\\\/\\\/fuentesfidedignas.com.mx\\\/wp-content\\\/uploads\\\/2025\\\/02\\\/escena-de-atropellamiento-multiple-en-munich.jpg\",\"datePublished\":\"2025-02-13T15:32:05+00:00\",\"dateModified\":\"2025-02-13T15:32:09+00:00\",\"breadcrumb\":{\"@id\":\"https:\\\/\\\/fuentesfidedignas.com.mx\\\/index.php\\\/2025\\\/02\\\/13\\\/atropellamiento-multiple-deja-28-heridos-en-munich-presumen-atentado\\\/#breadcrumb\"},\"inLanguage\":\"es\",\"potentialAction\":[{\"@type\":\"ReadAction\",\"target\":[\"https:\\\/\\\/fuentesfidedignas.com.mx\\\/index.php\\\/2025\\\/02\\\/13\\\/atropellamiento-multiple-deja-28-heridos-en-munich-presumen-atentado\\\/\"]}]},{\"@type\":\"ImageObject\",\"inLanguage\":\"es\",\"@id\":\"https:\\\/\\\/fuentesfidedignas.com.mx\\\/index.php\\\/2025\\\/02\\\/13\\\/atropellamiento-multiple-deja-28-heridos-en-munich-presumen-atentado\\\/#primaryimage\",\"url\":\"https:\\\/\\\/fuentesfidedignas.com.mx\\\/wp-content\\\/uploads\\\/2025\\\/02\\\/escena-de-atropellamiento-multiple-en-munich.jpg\",\"contentUrl\":\"https:\\\/\\\/fuentesfidedignas.com.mx\\\/wp-content\\\/uploads\\\/2025\\\/02\\\/escena-de-atropellamiento-multiple-en-munich.jpg\",\"width\":600,\"height\":375},{\"@type\":\"BreadcrumbList\",\"@id\":\"https:\\\/\\\/fuentesfidedignas.com.mx\\\/index.php\\\/2025\\\/02\\\/13\\\/atropellamiento-multiple-deja-28-heridos-en-munich-presumen-atentado\\\/#breadcrumb\",\"itemListElement\":[{\"@type\":\"ListItem\",\"position\":1,\"name\":\"Inicio\",\"item\":\"https:\\\/\\\/fuentesfidedignas.com.mx\\\/\"},{\"@type\":\"ListItem\",\"position\":2,\"name\":\"Atropellamiento m\u00faltiple deja 28 heridos en M\u00fanich; presumen atentado\"}]},{\"@type\":\"WebSite\",\"@id\":\"https:\\\/\\\/fuentesfidedignas.com.mx\\\/#website\",\"url\":\"https:\\\/\\\/fuentesfidedignas.com.mx\\\/\",\"name\":\"Fuentes Fidedignas\",\"description\":\"Otro sitio realizado con WordPress\",\"publisher\":{\"@id\":\"https:\\\/\\\/fuentesfidedignas.com.mx\\\/#organization\"},\"potentialAction\":[{\"@type\":\"SearchAction\",\"target\":{\"@type\":\"EntryPoint\",\"urlTemplate\":\"https:\\\/\\\/fuentesfidedignas.com.mx\\\/?s={search_term_string}\"},\"query-input\":{\"@type\":\"PropertyValueSpecification\",\"valueRequired\":true,\"valueName\":\"search_term_string\"}}],\"inLanguage\":\"es\"},{\"@type\":\"Organization\",\"@id\":\"https:\\\/\\\/fuentesfidedignas.com.mx\\\/#organization\",\"name\":\"Fuentes Fidedignas\",\"url\":\"https:\\\/\\\/fuentesfidedignas.com.mx\\\/\",\"logo\":{\"@type\":\"ImageObject\",\"inLanguage\":\"es\",\"@id\":\"https:\\\/\\\/fuentesfidedignas.com.mx\\\/#\\\/schema\\\/logo\\\/image\\\/\",\"url\":\"https:\\\/\\\/fuentesfidedignas.com.mx\\\/wp-content\\\/uploads\\\/2021\\\/04\\\/logo-retina.png\",\"contentUrl\":\"https:\\\/\\\/fuentesfidedignas.com.mx\\\/wp-content\\\/uploads\\\/2021\\\/04\\\/logo-retina.png\",\"width\":280,\"height\":51,\"caption\":\"Fuentes Fidedignas\"},\"image\":{\"@id\":\"https:\\\/\\\/fuentesfidedignas.com.mx\\\/#\\\/schema\\\/logo\\\/image\\\/\"},\"sameAs\":[\"https:\\\/\\\/www.facebook.com\\\/Fuentes-Fidedignas-368234489921644\",\"https:\\\/\\\/x.com\\\/fidedignas\"]},{\"@type\":\"Person\",\"@id\":\"https:\\\/\\\/fuentesfidedignas.com.mx\\\/#\\\/schema\\\/person\\\/0d44615087b5a626d5d3f13afe31ac41\",\"name\":\"EFE\",\"image\":{\"@type\":\"ImageObject\",\"inLanguage\":\"es\",\"@id\":\"https:\\\/\\\/secure.gravatar.com\\\/avatar\\\/7048c2d9b569d9bed55bb53ad23821e6e047aa66338fb6ea9868627bbb9f54e8?s=96&d=mm&r=g\",\"url\":\"https:\\\/\\\/secure.gravatar.com\\\/avatar\\\/7048c2d9b569d9bed55bb53ad23821e6e047aa66338fb6ea9868627bbb9f54e8?s=96&d=mm&r=g\",\"contentUrl\":\"https:\\\/\\\/secure.gravatar.com\\\/avatar\\\/7048c2d9b569d9bed55bb53ad23821e6e047aa66338fb6ea9868627bbb9f54e8?s=96&d=mm&r=g\",\"caption\":\"EFE\"},\"url\":\"https:\\\/\\\/fuentesfidedignas.com.mx\\\/index.php\\\/author\\\/efe\\\/\"}]}<\/script>\n<!-- \/ Yoast SEO plugin. -->","yoast_head_json":{"title":"Atropellamiento m\u00faltiple deja 28 heridos en M\u00fanich; presumen atentado - Fuentes Fidedignas","robots":{"index":"index","follow":"follow","max-snippet":"max-snippet:-1","max-image-preview":"max-image-preview:large","max-video-preview":"max-video-preview:-1"},"canonical":"https:\/\/fuentesfidedignas.com.mx\/index.php\/2025\/02\/13\/atropellamiento-multiple-deja-28-heridos-en-munich-presumen-atentado\/","og_locale":"es_MX","og_type":"article","og_title":"Atropellamiento m\u00faltiple deja 28 heridos en M\u00fanich; presumen atentado - Fuentes Fidedignas","og_description":"El primer ministro de Baviera dijo que el atropellamiento m\u00faltiple en M\u00fanich, efectuado por un joven afgano, \u201cpresumiblemente se trata de un atentado\u201d Autoridades alemanas investigan como posible atentado en el atropellamiento de un grupo de personas que participaban en una manifestaci\u00f3n sindical en el centro de la ciudad de M\u00fanich, que dej\u00f3 al menos [&hellip;]","og_url":"https:\/\/fuentesfidedignas.com.mx\/index.php\/2025\/02\/13\/atropellamiento-multiple-deja-28-heridos-en-munich-presumen-atentado\/","og_site_name":"Fuentes Fidedignas","article_publisher":"https:\/\/www.facebook.com\/Fuentes-Fidedignas-368234489921644","article_published_time":"2025-02-13T15:32:05+00:00","article_modified_time":"2025-02-13T15:32:09+00:00","og_image":[{"width":600,"height":375,"url":"https:\/\/fuentesfidedignas.com.mx\/wp-content\/uploads\/2025\/02\/escena-de-atropellamiento-multiple-en-munich.jpg","type":"image\/jpeg"}],"author":"EFE","twitter_card":"summary_large_image","twitter_creator":"@fidedignas","twitter_site":"@fidedignas","twitter_misc":{"Escrito por":"EFE","Tiempo de lectura":"3 minutos"},"schema":{"@context":"https:\/\/schema.org","@graph":[{"@type":"Article","@id":"https:\/\/fuentesfidedignas.com.mx\/index.php\/2025\/02\/13\/atropellamiento-multiple-deja-28-heridos-en-munich-presumen-atentado\/#article","isPartOf":{"@id":"https:\/\/fuentesfidedignas.com.mx\/index.php\/2025\/02\/13\/atropellamiento-multiple-deja-28-heridos-en-munich-presumen-atentado\/"},"author":{"name":"EFE","@id":"https:\/\/fuentesfidedignas.com.mx\/#\/schema\/person\/0d44615087b5a626d5d3f13afe31ac41"},"headline":"Atropellamiento m\u00faltiple deja 28 heridos en M\u00fanich; presumen atentado","datePublished":"2025-02-13T15:32:05+00:00","dateModified":"2025-02-13T15:32:09+00:00","mainEntityOfPage":{"@id":"https:\/\/fuentesfidedignas.com.mx\/index.php\/2025\/02\/13\/atropellamiento-multiple-deja-28-heridos-en-munich-presumen-atentado\/"},"wordCount":447,"commentCount":0,"publisher":{"@id":"https:\/\/fuentesfidedignas.com.mx\/#organization"},"image":{"@id":"https:\/\/fuentesfidedignas.com.mx\/index.php\/2025\/02\/13\/atropellamiento-multiple-deja-28-heridos-en-munich-presumen-atentado\/#primaryimage"},"thumbnailUrl":"https:\/\/fuentesfidedignas.com.mx\/wp-content\/uploads\/2025\/02\/escena-de-atropellamiento-multiple-en-munich.jpg","articleSection":["NOTICIAS NACIONALES"],"inLanguage":"es","potentialAction":[{"@type":"CommentAction","name":"Comment","target":["https:\/\/fuentesfidedignas.com.mx\/index.php\/2025\/02\/13\/atropellamiento-multiple-deja-28-heridos-en-munich-presumen-atentado\/#respond"]}]},{"@type":"WebPage","@id":"https:\/\/fuentesfidedignas.com.mx\/index.php\/2025\/02\/13\/atropellamiento-multiple-deja-28-heridos-en-munich-presumen-atentado\/","url":"https:\/\/fuentesfidedignas.com.mx\/index.php\/2025\/02\/13\/atropellamiento-multiple-deja-28-heridos-en-munich-presumen-atentado\/","name":"Atropellamiento m\u00faltiple deja 28 heridos en M\u00fanich; presumen atentado - Fuentes Fidedignas","isPartOf":{"@id":"https:\/\/fuentesfidedignas.com.mx\/#website"},"primaryImageOfPage":{"@id":"https:\/\/fuentesfidedignas.com.mx\/index.php\/2025\/02\/13\/atropellamiento-multiple-deja-28-heridos-en-munich-presumen-atentado\/#primaryimage"},"image":{"@id":"https:\/\/fuentesfidedignas.com.mx\/index.php\/2025\/02\/13\/atropellamiento-multiple-deja-28-heridos-en-munich-presumen-atentado\/#primaryimage"},"thumbnailUrl":"https:\/\/fuentesfidedignas.com.mx\/wp-content\/uploads\/2025\/02\/escena-de-atropellamiento-multiple-en-munich.jpg","datePublished":"2025-02-13T15:32:05+00:00","dateModified":"2025-02-13T15:32:09+00:00","breadcrumb":{"@id":"https:\/\/fuentesfidedignas.com.mx\/index.php\/2025\/02\/13\/atropellamiento-multiple-deja-28-heridos-en-munich-presumen-atentado\/#breadcrumb"},"inLanguage":"es","potentialAction":[{"@type":"ReadAction","target":["https:\/\/fuentesfidedignas.com.mx\/index.php\/2025\/02\/13\/atropellamiento-multiple-deja-28-heridos-en-munich-presumen-atentado\/"]}]},{"@type":"ImageObject","inLanguage":"es","@id":"https:\/\/fuentesfidedignas.com.mx\/index.php\/2025\/02\/13\/atropellamiento-multiple-deja-28-heridos-en-munich-presumen-atentado\/#primaryimage","url":"https:\/\/fuentesfidedignas.com.mx\/wp-content\/uploads\/2025\/02\/escena-de-atropellamiento-multiple-en-munich.jpg","contentUrl":"https:\/\/fuentesfidedignas.com.mx\/wp-content\/uploads\/2025\/02\/escena-de-atropellamiento-multiple-en-munich.jpg","width":600,"height":375},{"@type":"BreadcrumbList","@id":"https:\/\/fuentesfidedignas.com.mx\/index.php\/2025\/02\/13\/atropellamiento-multiple-deja-28-heridos-en-munich-presumen-atentado\/#breadcrumb","itemListElement":[{"@type":"ListItem","position":1,"name":"Inicio","item":"https:\/\/fuentesfidedignas.com.mx\/"},{"@type":"ListItem","position":2,"name":"Atropellamiento m\u00faltiple deja 28 heridos en M\u00fanich; presumen atentado"}]},{"@type":"WebSite","@id":"https:\/\/fuentesfidedignas.com.mx\/#website","url":"https:\/\/fuentesfidedignas.com.mx\/","name":"Fuentes Fidedignas","description":"Otro sitio realizado con WordPress","publisher":{"@id":"https:\/\/fuentesfidedignas.com.mx\/#organization"},"potentialAction":[{"@type":"SearchAction","target":{"@type":"EntryPoint","urlTemplate":"https:\/\/fuentesfidedignas.com.mx\/?s={search_term_string}"},"query-input":{"@type":"PropertyValueSpecification","valueRequired":true,"valueName":"search_term_string"}}],"inLanguage":"es"},{"@type":"Organization","@id":"https:\/\/fuentesfidedignas.com.mx\/#organization","name":"Fuentes Fidedignas","url":"https:\/\/fuentesfidedignas.com.mx\/","logo":{"@type":"ImageObject","inLanguage":"es","@id":"https:\/\/fuentesfidedignas.com.mx\/#\/schema\/logo\/image\/","url":"https:\/\/fuentesfidedignas.com.mx\/wp-content\/uploads\/2021\/04\/logo-retina.png","contentUrl":"https:\/\/fuentesfidedignas.com.mx\/wp-content\/uploads\/2021\/04\/logo-retina.png","width":280,"height":51,"caption":"Fuentes Fidedignas"},"image":{"@id":"https:\/\/fuentesfidedignas.com.mx\/#\/schema\/logo\/image\/"},"sameAs":["https:\/\/www.facebook.com\/Fuentes-Fidedignas-368234489921644","https:\/\/x.com\/fidedignas"]},{"@type":"Person","@id":"https:\/\/fuentesfidedignas.com.mx\/#\/schema\/person\/0d44615087b5a626d5d3f13afe31ac41","name":"EFE","image":{"@type":"ImageObject","inLanguage":"es","@id":"https:\/\/secure.gravatar.com\/avatar\/7048c2d9b569d9bed55bb53ad23821e6e047aa66338fb6ea9868627bbb9f54e8?s=96&d=mm&r=g","url":"https:\/\/secure.gravatar.com\/avatar\/7048c2d9b569d9bed55bb53ad23821e6e047aa66338fb6ea9868627bbb9f54e8?s=96&d=mm&r=g","contentUrl":"https:\/\/secure.gravatar.com\/avatar\/7048c2d9b569d9bed55bb53ad23821e6e047aa66338fb6ea9868627bbb9f54e8?s=96&d=mm&r=g","caption":"EFE"},"url":"https:\/\/fuentesfidedignas.com.mx\/index.php\/author\/efe\/"}]}},"_links":{"self":[{"href":"https:\/\/fuentesfidedignas.com.mx\/index.php\/wp-json\/wp\/v2\/posts\/101630","targetHints":{"allow":["GET"]}}],"collection":[{"href":"https:\/\/fuentesfidedignas.com.mx\/index.php\/wp-json\/wp\/v2\/posts"}],"about":[{"href":"https:\/\/fuentesfidedignas.com.mx\/index.php\/wp-json\/wp\/v2\/types\/post"}],"author":[{"embeddable":true,"href":"https:\/\/fuentesfidedignas.com.mx\/index.php\/wp-json\/wp\/v2\/users\/22"}],"replies":[{"embeddable":true,"href":"https:\/\/fuentesfidedignas.com.mx\/index.php\/wp-json\/wp\/v2\/comments?post=101630"}],"version-history":[{"count":1,"href":"https:\/\/fuentesfidedignas.com.mx\/index.php\/wp-json\/wp\/v2\/posts\/101630\/revisions"}],"predecessor-version":[{"id":101632,"href":"https:\/\/fuentesfidedignas.com.mx\/index.php\/wp-json\/wp\/v2\/posts\/101630\/revisions\/101632"}],"wp:featuredmedia":[{"embeddable":true,"href":"https:\/\/fuentesfidedignas.com.mx\/index.php\/wp-json\/wp\/v2\/media\/101631"}],"wp:attachment":[{"href":"https:\/\/fuentesfidedignas.com.mx\/index.php\/wp-json\/wp\/v2\/media?parent=101630"}],"wp:term":[{"taxonomy":"category","embeddable":true,"href":"https:\/\/fuentesfidedignas.com.mx\/index.php\/wp-json\/wp\/v2\/categories?post=101630"},{"taxonomy":"post_tag","embeddable":true,"href":"https:\/\/fuentesfidedignas.com.mx\/index.php\/wp-json\/wp\/v2\/tags?post=101630"}],"curies":[{"name":"wp","href":"https:\/\/api.w.org\/{rel}","templated":true}]}}