{"id":101598,"date":"2025-02-13T04:41:00","date_gmt":"2025-02-13T11:41:00","guid":{"rendered":"https:\/\/fuentesfidedignas.com.mx\/?p=101598"},"modified":"2025-02-12T18:45:10","modified_gmt":"2025-02-13T01:45:10","slug":"video-celular-de-joven-explota-en-su-bolsa-le-causa-quemaduras-de-primer-y-segundo-grado","status":"publish","type":"post","link":"https:\/\/fuentesfidedignas.com.mx\/index.php\/2025\/02\/13\/video-celular-de-joven-explota-en-su-bolsa-le-causa-quemaduras-de-primer-y-segundo-grado\/","title":{"rendered":"VIDEO | Celular de joven explota en su bolsa; le causa quemaduras de primer y segundo grado"},"content":{"rendered":"\n<p><strong><em>A trav\u00e9s de redes sociales el momento se ha hecho viral r\u00e1pidamente<\/em><\/strong><\/p>\n\n\n\n<p>Las redes sociales en la actualidad se han convertido en una herramienta fundamental, pues a trav\u00e9s de ellas la informaci\u00f3n de lo que ocurre en otros pa\u00edses es casi inmediata.<\/p>\n\n\n\n<p>Justo como el accidente que vivi\u00f3 una joven y que fue captado por c\u00e1maras de seguridad, en d\u00f3nde su celular, seg\u00fan medios locales, explot\u00f3 en su bolsa, provoc\u00e1ndole quemaduras y aqu\u00ed te damos detalles de lo que ocurri\u00f3.<\/p>\n\n\n\n<p><strong>Celular de mujer explota en su bolsa<\/strong><br>A trav\u00e9s de redes sociales se ha comenzado a hacer viral un video en el que se puede ver a una joven caminando en medio de algunos comercios.<\/p>\n\n\n\n<p>Pero despu\u00e9s de algunos segundos podemos ver como una peque\u00f1a explosi\u00f3n se origina en su bolsa, lo que provoca que las ropas de la mujer se comiencen a quemar.<\/p>\n\n\n\n<p>En el clip, el cu\u00e1l no tiene mucha duraci\u00f3n, se ve que varios de los comerciantes le ayudan a pagar el fuego provocado por el accidente.<\/p>\n\n\n\n<figure class=\"wp-block-embed is-type-rich is-provider-twitter wp-block-embed-twitter\"><div class=\"wp-block-embed__wrapper\">\n<blockquote class=\"twitter-tweet\" data-width=\"550\" data-dnt=\"true\"><p lang=\"es\" dir=\"ltr\">C\u00e1mara de seguridad de un supermercado de Goi\u00e1s \ud83c\udde7\ud83c\uddf7 capt\u00f3 el momento en que el tel\u00e9fono celular de una mujer explot\u00f3 y se incendi\u00f3 en su bolsillo, provoc\u00e1ndole quemaduras de primer y segundo grado. El incidente ocurri\u00f3 el pasado s\u00e1bado 8 \ud83e\udd14\ud83d\ude1f\ud83e\udd74 <a href=\"https:\/\/t.co\/VWLfNjmQHQ\">pic.twitter.com\/VWLfNjmQHQ<\/a><\/p>&mdash; Cr\u00f3nicaPolicial (@CronicaPolicial) <a href=\"https:\/\/twitter.com\/CronicaPolicial\/status\/1889088357306601966?ref_src=twsrc%5Etfw\">February 10, 2025<\/a><\/blockquote><script async src=\"https:\/\/platform.twitter.com\/widgets.js\" charset=\"utf-8\"><\/script>\n<\/div><\/figure>\n\n\n\n<p><strong>\u00bfQu\u00e9 fue lo que ocurri\u00f3?<\/strong><br>Seg\u00fan informes de medios locales, fue el celular de la joven el que se calent\u00f3 a una temperatura que provoc\u00f3 que la bater\u00eda explotara, lo que provoc\u00f3 las llamas en la ropa de la joven. El incidente ocurri\u00f3 el pasado s\u00e1bado 8 de febrero.<\/p>\n\n\n\n<p><strong>Reacci\u00f3n de redes<\/strong><br>R\u00e1pidamente el video del momento se ha hecho viral en redes sociales, provocando un gran n\u00famero de comentarios en dicha secci\u00f3n de la publicaci\u00f3n.<\/p>\n\n\n\n<ul class=\"wp-block-list\">\n<li>El uso del celular genera calor en la bater\u00eda. Sumado a una situaci\u00f3n de calor ambiental, humedad y meterlo oculto en la ropa m\u00e1s un fallo propio se incendia si. Si son qu\u00edmicas.<\/li>\n\n\n\n<li>Ahora me da miedo volver a Android ya que android no detiene la carga cuando el celular alcanza temperaturas peligrosas<\/li>\n\n\n\n<li>Imag\u00ednate la bater\u00eda de un carro, no papa bello, yo por ah\u00ed no paso, ahora sale alguno diciendo, los de gasolina tambi\u00e9n explotan, si pero la gasolina huele antes de, las bater\u00edas est\u00e1n bien y de imprevistos ya no y explotan a lo bruto.<\/li>\n\n\n\n<li>Por eso mi celular detiene la carga si llega cierta temperatura. As\u00ed que no hay que calentar celular, explota<\/li>\n<\/ul>\n","protected":false},"excerpt":{"rendered":"<p>A trav\u00e9s de redes sociales el momento se ha hecho viral r\u00e1pidamente Las redes sociales en la actualidad se han convertido en una herramienta fundamental, pues a trav\u00e9s de ellas la informaci\u00f3n de lo que ocurre en otros pa\u00edses es casi inmediata. Justo como el accidente que vivi\u00f3 una joven y que fue captado por [&hellip;]<\/p>\n","protected":false},"author":9,"featured_media":101599,"comment_status":"open","ping_status":"open","sticky":false,"template":"","format":"standard","meta":{"tdm_status":"","tdm_grid_status":"","footnotes":""},"categories":[40],"tags":[],"class_list":{"0":"post-101598","1":"post","2":"type-post","3":"status-publish","4":"format-standard","5":"has-post-thumbnail","7":"category-las-asombrosas"},"yoast_head":"<!-- This site is optimized with the Yoast SEO plugin v27.5 - https:\/\/yoast.com\/product\/yoast-seo-wordpress\/ -->\n<title>VIDEO | Celular de joven explota en su bolsa; le causa quemaduras de primer y segundo grado - Fuentes Fidedignas<\/title>\n<meta name=\"robots\" content=\"index, follow, max-snippet:-1, max-image-preview:large, max-video-preview:-1\" \/>\n<link rel=\"canonical\" href=\"https:\/\/fuentesfidedignas.com.mx\/index.php\/2025\/02\/13\/video-celular-de-joven-explota-en-su-bolsa-le-causa-quemaduras-de-primer-y-segundo-grado\/\" \/>\n<meta property=\"og:locale\" content=\"es_MX\" \/>\n<meta property=\"og:type\" content=\"article\" \/>\n<meta property=\"og:title\" content=\"VIDEO | Celular de joven explota en su bolsa; le causa quemaduras de primer y segundo grado - Fuentes Fidedignas\" \/>\n<meta property=\"og:description\" content=\"A trav\u00e9s de redes sociales el momento se ha hecho viral r\u00e1pidamente Las redes sociales en la actualidad se han convertido en una herramienta fundamental, pues a trav\u00e9s de ellas la informaci\u00f3n de lo que ocurre en otros pa\u00edses es casi inmediata. Justo como el accidente que vivi\u00f3 una joven y que fue captado por [&hellip;]\" \/>\n<meta property=\"og:url\" content=\"https:\/\/fuentesfidedignas.com.mx\/index.php\/2025\/02\/13\/video-celular-de-joven-explota-en-su-bolsa-le-causa-quemaduras-de-primer-y-segundo-grado\/\" \/>\n<meta property=\"og:site_name\" content=\"Fuentes Fidedignas\" \/>\n<meta property=\"article:publisher\" content=\"https:\/\/www.facebook.com\/Fuentes-Fidedignas-368234489921644\" \/>\n<meta property=\"article:published_time\" content=\"2025-02-13T11:41:00+00:00\" \/>\n<meta property=\"og:image\" content=\"https:\/\/fuentesfidedignas.com.mx\/wp-content\/uploads\/2025\/02\/celular-en-mano.jpg\" \/>\n\t<meta property=\"og:image:width\" content=\"600\" \/>\n\t<meta property=\"og:image:height\" content=\"383\" \/>\n\t<meta property=\"og:image:type\" content=\"image\/jpeg\" \/>\n<meta name=\"author\" content=\"Milenio\" \/>\n<meta name=\"twitter:card\" content=\"summary_large_image\" \/>\n<meta name=\"twitter:creator\" content=\"@fidedignas\" \/>\n<meta name=\"twitter:site\" content=\"@fidedignas\" \/>\n<meta name=\"twitter:label1\" content=\"Escrito por\" \/>\n\t<meta name=\"twitter:data1\" content=\"Milenio\" \/>\n\t<meta name=\"twitter:label2\" content=\"Tiempo de lectura\" \/>\n\t<meta name=\"twitter:data2\" content=\"2 minutos\" \/>\n<script type=\"application\/ld+json\" class=\"yoast-schema-graph\">{\"@context\":\"https:\\\/\\\/schema.org\",\"@graph\":[{\"@type\":\"Article\",\"@id\":\"https:\\\/\\\/fuentesfidedignas.com.mx\\\/index.php\\\/2025\\\/02\\\/13\\\/video-celular-de-joven-explota-en-su-bolsa-le-causa-quemaduras-de-primer-y-segundo-grado\\\/#article\",\"isPartOf\":{\"@id\":\"https:\\\/\\\/fuentesfidedignas.com.mx\\\/index.php\\\/2025\\\/02\\\/13\\\/video-celular-de-joven-explota-en-su-bolsa-le-causa-quemaduras-de-primer-y-segundo-grado\\\/\"},\"author\":{\"name\":\"Milenio\",\"@id\":\"https:\\\/\\\/fuentesfidedignas.com.mx\\\/#\\\/schema\\\/person\\\/47ec0135738f4b0c7495f06a77a2c976\"},\"headline\":\"VIDEO | Celular de joven explota en su bolsa; le causa quemaduras de primer y segundo grado\",\"datePublished\":\"2025-02-13T11:41:00+00:00\",\"mainEntityOfPage\":{\"@id\":\"https:\\\/\\\/fuentesfidedignas.com.mx\\\/index.php\\\/2025\\\/02\\\/13\\\/video-celular-de-joven-explota-en-su-bolsa-le-causa-quemaduras-de-primer-y-segundo-grado\\\/\"},\"wordCount\":414,\"commentCount\":0,\"publisher\":{\"@id\":\"https:\\\/\\\/fuentesfidedignas.com.mx\\\/#organization\"},\"image\":{\"@id\":\"https:\\\/\\\/fuentesfidedignas.com.mx\\\/index.php\\\/2025\\\/02\\\/13\\\/video-celular-de-joven-explota-en-su-bolsa-le-causa-quemaduras-de-primer-y-segundo-grado\\\/#primaryimage\"},\"thumbnailUrl\":\"https:\\\/\\\/fuentesfidedignas.com.mx\\\/wp-content\\\/uploads\\\/2025\\\/02\\\/celular-en-mano.jpg\",\"articleSection\":[\"LAS ASOMBROSAS\"],\"inLanguage\":\"es\",\"potentialAction\":[{\"@type\":\"CommentAction\",\"name\":\"Comment\",\"target\":[\"https:\\\/\\\/fuentesfidedignas.com.mx\\\/index.php\\\/2025\\\/02\\\/13\\\/video-celular-de-joven-explota-en-su-bolsa-le-causa-quemaduras-de-primer-y-segundo-grado\\\/#respond\"]}]},{\"@type\":\"WebPage\",\"@id\":\"https:\\\/\\\/fuentesfidedignas.com.mx\\\/index.php\\\/2025\\\/02\\\/13\\\/video-celular-de-joven-explota-en-su-bolsa-le-causa-quemaduras-de-primer-y-segundo-grado\\\/\",\"url\":\"https:\\\/\\\/fuentesfidedignas.com.mx\\\/index.php\\\/2025\\\/02\\\/13\\\/video-celular-de-joven-explota-en-su-bolsa-le-causa-quemaduras-de-primer-y-segundo-grado\\\/\",\"name\":\"VIDEO | Celular de joven explota en su bolsa; le causa quemaduras de primer y segundo grado - Fuentes Fidedignas\",\"isPartOf\":{\"@id\":\"https:\\\/\\\/fuentesfidedignas.com.mx\\\/#website\"},\"primaryImageOfPage\":{\"@id\":\"https:\\\/\\\/fuentesfidedignas.com.mx\\\/index.php\\\/2025\\\/02\\\/13\\\/video-celular-de-joven-explota-en-su-bolsa-le-causa-quemaduras-de-primer-y-segundo-grado\\\/#primaryimage\"},\"image\":{\"@id\":\"https:\\\/\\\/fuentesfidedignas.com.mx\\\/index.php\\\/2025\\\/02\\\/13\\\/video-celular-de-joven-explota-en-su-bolsa-le-causa-quemaduras-de-primer-y-segundo-grado\\\/#primaryimage\"},\"thumbnailUrl\":\"https:\\\/\\\/fuentesfidedignas.com.mx\\\/wp-content\\\/uploads\\\/2025\\\/02\\\/celular-en-mano.jpg\",\"datePublished\":\"2025-02-13T11:41:00+00:00\",\"breadcrumb\":{\"@id\":\"https:\\\/\\\/fuentesfidedignas.com.mx\\\/index.php\\\/2025\\\/02\\\/13\\\/video-celular-de-joven-explota-en-su-bolsa-le-causa-quemaduras-de-primer-y-segundo-grado\\\/#breadcrumb\"},\"inLanguage\":\"es\",\"potentialAction\":[{\"@type\":\"ReadAction\",\"target\":[\"https:\\\/\\\/fuentesfidedignas.com.mx\\\/index.php\\\/2025\\\/02\\\/13\\\/video-celular-de-joven-explota-en-su-bolsa-le-causa-quemaduras-de-primer-y-segundo-grado\\\/\"]}]},{\"@type\":\"ImageObject\",\"inLanguage\":\"es\",\"@id\":\"https:\\\/\\\/fuentesfidedignas.com.mx\\\/index.php\\\/2025\\\/02\\\/13\\\/video-celular-de-joven-explota-en-su-bolsa-le-causa-quemaduras-de-primer-y-segundo-grado\\\/#primaryimage\",\"url\":\"https:\\\/\\\/fuentesfidedignas.com.mx\\\/wp-content\\\/uploads\\\/2025\\\/02\\\/celular-en-mano.jpg\",\"contentUrl\":\"https:\\\/\\\/fuentesfidedignas.com.mx\\\/wp-content\\\/uploads\\\/2025\\\/02\\\/celular-en-mano.jpg\",\"width\":600,\"height\":383},{\"@type\":\"BreadcrumbList\",\"@id\":\"https:\\\/\\\/fuentesfidedignas.com.mx\\\/index.php\\\/2025\\\/02\\\/13\\\/video-celular-de-joven-explota-en-su-bolsa-le-causa-quemaduras-de-primer-y-segundo-grado\\\/#breadcrumb\",\"itemListElement\":[{\"@type\":\"ListItem\",\"position\":1,\"name\":\"Inicio\",\"item\":\"https:\\\/\\\/fuentesfidedignas.com.mx\\\/\"},{\"@type\":\"ListItem\",\"position\":2,\"name\":\"VIDEO | Celular de joven explota en su bolsa; le causa quemaduras de primer y segundo grado\"}]},{\"@type\":\"WebSite\",\"@id\":\"https:\\\/\\\/fuentesfidedignas.com.mx\\\/#website\",\"url\":\"https:\\\/\\\/fuentesfidedignas.com.mx\\\/\",\"name\":\"Fuentes Fidedignas\",\"description\":\"Otro sitio realizado con WordPress\",\"publisher\":{\"@id\":\"https:\\\/\\\/fuentesfidedignas.com.mx\\\/#organization\"},\"potentialAction\":[{\"@type\":\"SearchAction\",\"target\":{\"@type\":\"EntryPoint\",\"urlTemplate\":\"https:\\\/\\\/fuentesfidedignas.com.mx\\\/?s={search_term_string}\"},\"query-input\":{\"@type\":\"PropertyValueSpecification\",\"valueRequired\":true,\"valueName\":\"search_term_string\"}}],\"inLanguage\":\"es\"},{\"@type\":\"Organization\",\"@id\":\"https:\\\/\\\/fuentesfidedignas.com.mx\\\/#organization\",\"name\":\"Fuentes Fidedignas\",\"url\":\"https:\\\/\\\/fuentesfidedignas.com.mx\\\/\",\"logo\":{\"@type\":\"ImageObject\",\"inLanguage\":\"es\",\"@id\":\"https:\\\/\\\/fuentesfidedignas.com.mx\\\/#\\\/schema\\\/logo\\\/image\\\/\",\"url\":\"https:\\\/\\\/fuentesfidedignas.com.mx\\\/wp-content\\\/uploads\\\/2021\\\/04\\\/logo-retina.png\",\"contentUrl\":\"https:\\\/\\\/fuentesfidedignas.com.mx\\\/wp-content\\\/uploads\\\/2021\\\/04\\\/logo-retina.png\",\"width\":280,\"height\":51,\"caption\":\"Fuentes Fidedignas\"},\"image\":{\"@id\":\"https:\\\/\\\/fuentesfidedignas.com.mx\\\/#\\\/schema\\\/logo\\\/image\\\/\"},\"sameAs\":[\"https:\\\/\\\/www.facebook.com\\\/Fuentes-Fidedignas-368234489921644\",\"https:\\\/\\\/x.com\\\/fidedignas\"]},{\"@type\":\"Person\",\"@id\":\"https:\\\/\\\/fuentesfidedignas.com.mx\\\/#\\\/schema\\\/person\\\/47ec0135738f4b0c7495f06a77a2c976\",\"name\":\"Milenio\",\"image\":{\"@type\":\"ImageObject\",\"inLanguage\":\"es\",\"@id\":\"https:\\\/\\\/secure.gravatar.com\\\/avatar\\\/acabf7b54753e51c2c76457954577c236b3b764789b19879565769739d1e4a75?s=96&d=mm&r=g\",\"url\":\"https:\\\/\\\/secure.gravatar.com\\\/avatar\\\/acabf7b54753e51c2c76457954577c236b3b764789b19879565769739d1e4a75?s=96&d=mm&r=g\",\"contentUrl\":\"https:\\\/\\\/secure.gravatar.com\\\/avatar\\\/acabf7b54753e51c2c76457954577c236b3b764789b19879565769739d1e4a75?s=96&d=mm&r=g\",\"caption\":\"Milenio\"},\"url\":\"https:\\\/\\\/fuentesfidedignas.com.mx\\\/index.php\\\/author\\\/milenio\\\/\"}]}<\/script>\n<!-- \/ Yoast SEO plugin. -->","yoast_head_json":{"title":"VIDEO | Celular de joven explota en su bolsa; le causa quemaduras de primer y segundo grado - Fuentes Fidedignas","robots":{"index":"index","follow":"follow","max-snippet":"max-snippet:-1","max-image-preview":"max-image-preview:large","max-video-preview":"max-video-preview:-1"},"canonical":"https:\/\/fuentesfidedignas.com.mx\/index.php\/2025\/02\/13\/video-celular-de-joven-explota-en-su-bolsa-le-causa-quemaduras-de-primer-y-segundo-grado\/","og_locale":"es_MX","og_type":"article","og_title":"VIDEO | Celular de joven explota en su bolsa; le causa quemaduras de primer y segundo grado - Fuentes Fidedignas","og_description":"A trav\u00e9s de redes sociales el momento se ha hecho viral r\u00e1pidamente Las redes sociales en la actualidad se han convertido en una herramienta fundamental, pues a trav\u00e9s de ellas la informaci\u00f3n de lo que ocurre en otros pa\u00edses es casi inmediata. Justo como el accidente que vivi\u00f3 una joven y que fue captado por [&hellip;]","og_url":"https:\/\/fuentesfidedignas.com.mx\/index.php\/2025\/02\/13\/video-celular-de-joven-explota-en-su-bolsa-le-causa-quemaduras-de-primer-y-segundo-grado\/","og_site_name":"Fuentes Fidedignas","article_publisher":"https:\/\/www.facebook.com\/Fuentes-Fidedignas-368234489921644","article_published_time":"2025-02-13T11:41:00+00:00","og_image":[{"width":600,"height":383,"url":"https:\/\/fuentesfidedignas.com.mx\/wp-content\/uploads\/2025\/02\/celular-en-mano.jpg","type":"image\/jpeg"}],"author":"Milenio","twitter_card":"summary_large_image","twitter_creator":"@fidedignas","twitter_site":"@fidedignas","twitter_misc":{"Escrito por":"Milenio","Tiempo de lectura":"2 minutos"},"schema":{"@context":"https:\/\/schema.org","@graph":[{"@type":"Article","@id":"https:\/\/fuentesfidedignas.com.mx\/index.php\/2025\/02\/13\/video-celular-de-joven-explota-en-su-bolsa-le-causa-quemaduras-de-primer-y-segundo-grado\/#article","isPartOf":{"@id":"https:\/\/fuentesfidedignas.com.mx\/index.php\/2025\/02\/13\/video-celular-de-joven-explota-en-su-bolsa-le-causa-quemaduras-de-primer-y-segundo-grado\/"},"author":{"name":"Milenio","@id":"https:\/\/fuentesfidedignas.com.mx\/#\/schema\/person\/47ec0135738f4b0c7495f06a77a2c976"},"headline":"VIDEO | Celular de joven explota en su bolsa; le causa quemaduras de primer y segundo grado","datePublished":"2025-02-13T11:41:00+00:00","mainEntityOfPage":{"@id":"https:\/\/fuentesfidedignas.com.mx\/index.php\/2025\/02\/13\/video-celular-de-joven-explota-en-su-bolsa-le-causa-quemaduras-de-primer-y-segundo-grado\/"},"wordCount":414,"commentCount":0,"publisher":{"@id":"https:\/\/fuentesfidedignas.com.mx\/#organization"},"image":{"@id":"https:\/\/fuentesfidedignas.com.mx\/index.php\/2025\/02\/13\/video-celular-de-joven-explota-en-su-bolsa-le-causa-quemaduras-de-primer-y-segundo-grado\/#primaryimage"},"thumbnailUrl":"https:\/\/fuentesfidedignas.com.mx\/wp-content\/uploads\/2025\/02\/celular-en-mano.jpg","articleSection":["LAS ASOMBROSAS"],"inLanguage":"es","potentialAction":[{"@type":"CommentAction","name":"Comment","target":["https:\/\/fuentesfidedignas.com.mx\/index.php\/2025\/02\/13\/video-celular-de-joven-explota-en-su-bolsa-le-causa-quemaduras-de-primer-y-segundo-grado\/#respond"]}]},{"@type":"WebPage","@id":"https:\/\/fuentesfidedignas.com.mx\/index.php\/2025\/02\/13\/video-celular-de-joven-explota-en-su-bolsa-le-causa-quemaduras-de-primer-y-segundo-grado\/","url":"https:\/\/fuentesfidedignas.com.mx\/index.php\/2025\/02\/13\/video-celular-de-joven-explota-en-su-bolsa-le-causa-quemaduras-de-primer-y-segundo-grado\/","name":"VIDEO | Celular de joven explota en su bolsa; le causa quemaduras de primer y segundo grado - Fuentes Fidedignas","isPartOf":{"@id":"https:\/\/fuentesfidedignas.com.mx\/#website"},"primaryImageOfPage":{"@id":"https:\/\/fuentesfidedignas.com.mx\/index.php\/2025\/02\/13\/video-celular-de-joven-explota-en-su-bolsa-le-causa-quemaduras-de-primer-y-segundo-grado\/#primaryimage"},"image":{"@id":"https:\/\/fuentesfidedignas.com.mx\/index.php\/2025\/02\/13\/video-celular-de-joven-explota-en-su-bolsa-le-causa-quemaduras-de-primer-y-segundo-grado\/#primaryimage"},"thumbnailUrl":"https:\/\/fuentesfidedignas.com.mx\/wp-content\/uploads\/2025\/02\/celular-en-mano.jpg","datePublished":"2025-02-13T11:41:00+00:00","breadcrumb":{"@id":"https:\/\/fuentesfidedignas.com.mx\/index.php\/2025\/02\/13\/video-celular-de-joven-explota-en-su-bolsa-le-causa-quemaduras-de-primer-y-segundo-grado\/#breadcrumb"},"inLanguage":"es","potentialAction":[{"@type":"ReadAction","target":["https:\/\/fuentesfidedignas.com.mx\/index.php\/2025\/02\/13\/video-celular-de-joven-explota-en-su-bolsa-le-causa-quemaduras-de-primer-y-segundo-grado\/"]}]},{"@type":"ImageObject","inLanguage":"es","@id":"https:\/\/fuentesfidedignas.com.mx\/index.php\/2025\/02\/13\/video-celular-de-joven-explota-en-su-bolsa-le-causa-quemaduras-de-primer-y-segundo-grado\/#primaryimage","url":"https:\/\/fuentesfidedignas.com.mx\/wp-content\/uploads\/2025\/02\/celular-en-mano.jpg","contentUrl":"https:\/\/fuentesfidedignas.com.mx\/wp-content\/uploads\/2025\/02\/celular-en-mano.jpg","width":600,"height":383},{"@type":"BreadcrumbList","@id":"https:\/\/fuentesfidedignas.com.mx\/index.php\/2025\/02\/13\/video-celular-de-joven-explota-en-su-bolsa-le-causa-quemaduras-de-primer-y-segundo-grado\/#breadcrumb","itemListElement":[{"@type":"ListItem","position":1,"name":"Inicio","item":"https:\/\/fuentesfidedignas.com.mx\/"},{"@type":"ListItem","position":2,"name":"VIDEO | Celular de joven explota en su bolsa; le causa quemaduras de primer y segundo grado"}]},{"@type":"WebSite","@id":"https:\/\/fuentesfidedignas.com.mx\/#website","url":"https:\/\/fuentesfidedignas.com.mx\/","name":"Fuentes Fidedignas","description":"Otro sitio realizado con WordPress","publisher":{"@id":"https:\/\/fuentesfidedignas.com.mx\/#organization"},"potentialAction":[{"@type":"SearchAction","target":{"@type":"EntryPoint","urlTemplate":"https:\/\/fuentesfidedignas.com.mx\/?s={search_term_string}"},"query-input":{"@type":"PropertyValueSpecification","valueRequired":true,"valueName":"search_term_string"}}],"inLanguage":"es"},{"@type":"Organization","@id":"https:\/\/fuentesfidedignas.com.mx\/#organization","name":"Fuentes Fidedignas","url":"https:\/\/fuentesfidedignas.com.mx\/","logo":{"@type":"ImageObject","inLanguage":"es","@id":"https:\/\/fuentesfidedignas.com.mx\/#\/schema\/logo\/image\/","url":"https:\/\/fuentesfidedignas.com.mx\/wp-content\/uploads\/2021\/04\/logo-retina.png","contentUrl":"https:\/\/fuentesfidedignas.com.mx\/wp-content\/uploads\/2021\/04\/logo-retina.png","width":280,"height":51,"caption":"Fuentes Fidedignas"},"image":{"@id":"https:\/\/fuentesfidedignas.com.mx\/#\/schema\/logo\/image\/"},"sameAs":["https:\/\/www.facebook.com\/Fuentes-Fidedignas-368234489921644","https:\/\/x.com\/fidedignas"]},{"@type":"Person","@id":"https:\/\/fuentesfidedignas.com.mx\/#\/schema\/person\/47ec0135738f4b0c7495f06a77a2c976","name":"Milenio","image":{"@type":"ImageObject","inLanguage":"es","@id":"https:\/\/secure.gravatar.com\/avatar\/acabf7b54753e51c2c76457954577c236b3b764789b19879565769739d1e4a75?s=96&d=mm&r=g","url":"https:\/\/secure.gravatar.com\/avatar\/acabf7b54753e51c2c76457954577c236b3b764789b19879565769739d1e4a75?s=96&d=mm&r=g","contentUrl":"https:\/\/secure.gravatar.com\/avatar\/acabf7b54753e51c2c76457954577c236b3b764789b19879565769739d1e4a75?s=96&d=mm&r=g","caption":"Milenio"},"url":"https:\/\/fuentesfidedignas.com.mx\/index.php\/author\/milenio\/"}]}},"_links":{"self":[{"href":"https:\/\/fuentesfidedignas.com.mx\/index.php\/wp-json\/wp\/v2\/posts\/101598","targetHints":{"allow":["GET"]}}],"collection":[{"href":"https:\/\/fuentesfidedignas.com.mx\/index.php\/wp-json\/wp\/v2\/posts"}],"about":[{"href":"https:\/\/fuentesfidedignas.com.mx\/index.php\/wp-json\/wp\/v2\/types\/post"}],"author":[{"embeddable":true,"href":"https:\/\/fuentesfidedignas.com.mx\/index.php\/wp-json\/wp\/v2\/users\/9"}],"replies":[{"embeddable":true,"href":"https:\/\/fuentesfidedignas.com.mx\/index.php\/wp-json\/wp\/v2\/comments?post=101598"}],"version-history":[{"count":2,"href":"https:\/\/fuentesfidedignas.com.mx\/index.php\/wp-json\/wp\/v2\/posts\/101598\/revisions"}],"predecessor-version":[{"id":101601,"href":"https:\/\/fuentesfidedignas.com.mx\/index.php\/wp-json\/wp\/v2\/posts\/101598\/revisions\/101601"}],"wp:featuredmedia":[{"embeddable":true,"href":"https:\/\/fuentesfidedignas.com.mx\/index.php\/wp-json\/wp\/v2\/media\/101599"}],"wp:attachment":[{"href":"https:\/\/fuentesfidedignas.com.mx\/index.php\/wp-json\/wp\/v2\/media?parent=101598"}],"wp:term":[{"taxonomy":"category","embeddable":true,"href":"https:\/\/fuentesfidedignas.com.mx\/index.php\/wp-json\/wp\/v2\/categories?post=101598"},{"taxonomy":"post_tag","embeddable":true,"href":"https:\/\/fuentesfidedignas.com.mx\/index.php\/wp-json\/wp\/v2\/tags?post=101598"}],"curies":[{"name":"wp","href":"https:\/\/api.w.org\/{rel}","templated":true}]}}