{"id":101513,"date":"2025-02-11T18:50:00","date_gmt":"2025-02-12T01:50:00","guid":{"rendered":"https:\/\/fuentesfidedignas.com.mx\/?p=101513"},"modified":"2025-02-11T19:00:22","modified_gmt":"2025-02-12T02:00:22","slug":"dan-prision-preventiva-a-el-jando-piloto-de-confianza-de-los-chapitos","status":"publish","type":"post","link":"https:\/\/fuentesfidedignas.com.mx\/index.php\/2025\/02\/11\/dan-prision-preventiva-a-el-jando-piloto-de-confianza-de-los-chapitos\/","title":{"rendered":"Dan prisi\u00f3n preventiva a &#8216;El Jando&#8217;, piloto de confianza de Los Chapitos"},"content":{"rendered":"\n<p><strong><em>La defensa de El Jando solicit\u00f3 al juez de control la duplicidad del t\u00e9rmino constitucional.<\/em><\/strong><\/p>\n\n\n\n<p>Un juez federal decret\u00f3 prisi\u00f3n preventiva de oficio contra&nbsp;Mauro Alberto N\u00fa\u00f1ez Ojeda, El Jando, quien de acuerdo con el gabinete de seguridad es el presunto piloto aviador de confianza de Iv\u00e1n Archivaldo Guzm\u00e1n, l\u00edder de la facci\u00f3n de Los Chapitos, del c\u00e1rtel de Sinaloa.<\/p>\n\n\n\n<p>En una audiencia celebrada en el Centro de Justicia Penal Federal de Almoloya de Ju\u00e1rez, Estado de M\u00e9xico, la Fiscal\u00eda General de la Rep\u00fablica (FGR) lo imput\u00f3 por su presunta responsabilidad en delitos contra la salud y portaci\u00f3n de armas de fuego de uso exclusivo de las Fuerzas Armadas.<\/p>\n\n\n\n<p><strong>Defensa de El Jando busca presentar pruebas<\/strong><br>No obstante, la defensa de El Jando solicit\u00f3 al juez de control la duplicidad del t\u00e9rmino constitucional, para presentar pruebas a su favor, por lo que en los pr\u00f3ximos d\u00edas se resolver\u00e1 su situaci\u00f3n jur\u00eddica.<\/p>\n\n\n\n<p>Mauro Alberto fue capturado el pasado fin de semana por las fuerzas federales en Culiac\u00e1n, Sinaloa, operativo en el que falleci\u00f3 un elemento del Ej\u00e9rcito mexicano.<\/p>\n\n\n\n<p>De acuerdo con autoridades del gobierno federal a esta persona se le atribuye la autor\u00eda de ataques con artefactos explosivos en localidades de Durango, entre el 28 de octubre y el 6 de noviembre de 2024.<\/p>\n\n\n\n<p>Asimismo, se cree que intent\u00f3 rescatar a Ovidio Guzm\u00e1n, cuando fue detenido por segunda ocasi\u00f3n, por las fuerzas federales el 5 de enero de 2023, en la sindicatura de Jes\u00fas Mar\u00eda.<\/p>\n\n\n\n<p><strong>\u00bfQu\u00e9 se sabe sobre El Jando?<\/strong><br>Su valor es de tal tama\u00f1o, cuenta a MILENIO un militar de alto rango en Sinaloa, que en noviembre de 2023 \u2014cuando se detuvo a El Nini, jefe de escoltas de los hijos de El Chapo Guzm\u00e1n\u2014 se habl\u00f3 de la fractura de un brazo armado.<\/p>\n\n\n\n<p>Ahora los militares en el estado festejan un corte de alas a Los Menores. Sin El Jando, la divisi\u00f3n por aire de los hijos del fundador del C\u00e1rtel de Sinaloa ha perdido a su mejor capit\u00e1n.<\/p>\n\n\n\n<p>La detenci\u00f3n de Mauro Alejandro \u201cN\u201d tiene un doble valor: por un lado, es el hombre de confianza de Iv\u00e1n Archivaldo para llevar el poder del grupo criminal por los aires; por otro, es un objetivo largamente anhelado por el secretario Omar Garc\u00eda Harfuch, quien con su detenci\u00f3n podr\u00e1 diagnosticar, sin ayuda de la Casa Blanca, c\u00f3mo empez\u00f3 el l\u00edo criminal m\u00e1s importante del siglo XXI.<\/p>\n\n\n\n<p>Adem\u00e1s de recetar los paliativos para frenar una escalada violenta en Sinaloa que lleva m\u00e1s de 800 homicidios, 950 privaciones de la libertad y casi 3 mil veh\u00edculos robados por la pugna entre Los Chapitos y La Mayiza.<\/p>\n\n\n\n<p>De acuerdo con fuentes castrenses, El Jando se form\u00f3 a principios de sus 20 como un aviador del&nbsp;C\u00e1rtel de Sinaloa&nbsp; bajo el mando de un violento jefe apodado El 300, quien le ense\u00f1\u00f3 a despegar desde Chiapas hasta las pistas clandestinas de Sinaloa.<\/p>\n\n\n\n<p>El tambi\u00e9n apodado Jandito, Janito o Jano era un joven que so\u00f1aba con conducir veh\u00edculos F\u00f3rmula 1, pero que ten\u00eda m\u00e1s habilidades para hacer carrera criminal en el cielo que en la tierra: volaba bajo, maniobraba con carga pesada y era temerario en aterrizajes complejos.<\/p>\n","protected":false},"excerpt":{"rendered":"<p>La defensa de El Jando solicit\u00f3 al juez de control la duplicidad del t\u00e9rmino constitucional. Un juez federal decret\u00f3 prisi\u00f3n preventiva de oficio contra&nbsp;Mauro Alberto N\u00fa\u00f1ez Ojeda, El Jando, quien de acuerdo con el gabinete de seguridad es el presunto piloto aviador de confianza de Iv\u00e1n Archivaldo Guzm\u00e1n, l\u00edder de la facci\u00f3n de Los Chapitos, [&hellip;]<\/p>\n","protected":false},"author":9,"featured_media":101249,"comment_status":"open","ping_status":"open","sticky":false,"template":"","format":"standard","meta":{"tdm_status":"","tdm_grid_status":"","footnotes":""},"categories":[39],"tags":[],"class_list":{"0":"post-101513","1":"post","2":"type-post","3":"status-publish","4":"format-standard","5":"has-post-thumbnail","7":"category-noticias-nacionales"},"yoast_head":"<!-- This site is optimized with the Yoast SEO plugin v27.5 - https:\/\/yoast.com\/product\/yoast-seo-wordpress\/ -->\n<title>Dan prisi\u00f3n preventiva a &#039;El Jando&#039;, piloto de confianza de Los Chapitos - Fuentes Fidedignas<\/title>\n<meta name=\"robots\" content=\"index, follow, max-snippet:-1, max-image-preview:large, max-video-preview:-1\" \/>\n<link rel=\"canonical\" href=\"https:\/\/fuentesfidedignas.com.mx\/index.php\/2025\/02\/11\/dan-prision-preventiva-a-el-jando-piloto-de-confianza-de-los-chapitos\/\" \/>\n<meta property=\"og:locale\" content=\"es_MX\" \/>\n<meta property=\"og:type\" content=\"article\" \/>\n<meta property=\"og:title\" content=\"Dan prisi\u00f3n preventiva a &#039;El Jando&#039;, piloto de confianza de Los Chapitos - Fuentes Fidedignas\" \/>\n<meta property=\"og:description\" content=\"La defensa de El Jando solicit\u00f3 al juez de control la duplicidad del t\u00e9rmino constitucional. Un juez federal decret\u00f3 prisi\u00f3n preventiva de oficio contra&nbsp;Mauro Alberto N\u00fa\u00f1ez Ojeda, El Jando, quien de acuerdo con el gabinete de seguridad es el presunto piloto aviador de confianza de Iv\u00e1n Archivaldo Guzm\u00e1n, l\u00edder de la facci\u00f3n de Los Chapitos, [&hellip;]\" \/>\n<meta property=\"og:url\" content=\"https:\/\/fuentesfidedignas.com.mx\/index.php\/2025\/02\/11\/dan-prision-preventiva-a-el-jando-piloto-de-confianza-de-los-chapitos\/\" \/>\n<meta property=\"og:site_name\" content=\"Fuentes Fidedignas\" \/>\n<meta property=\"article:publisher\" content=\"https:\/\/www.facebook.com\/Fuentes-Fidedignas-368234489921644\" \/>\n<meta property=\"article:published_time\" content=\"2025-02-12T01:50:00+00:00\" \/>\n<meta property=\"article:modified_time\" content=\"2025-02-12T02:00:22+00:00\" \/>\n<meta property=\"og:image\" content=\"https:\/\/fuentesfidedignas.com.mx\/wp-content\/uploads\/2025\/02\/img_6638-1.jpg\" \/>\n\t<meta property=\"og:image:width\" content=\"773\" \/>\n\t<meta property=\"og:image:height\" content=\"910\" \/>\n\t<meta property=\"og:image:type\" content=\"image\/jpeg\" \/>\n<meta name=\"author\" content=\"Milenio\" \/>\n<meta name=\"twitter:card\" content=\"summary_large_image\" \/>\n<meta name=\"twitter:creator\" content=\"@fidedignas\" \/>\n<meta name=\"twitter:site\" content=\"@fidedignas\" \/>\n<meta name=\"twitter:label1\" content=\"Escrito por\" \/>\n\t<meta name=\"twitter:data1\" content=\"Milenio\" \/>\n\t<meta name=\"twitter:label2\" content=\"Tiempo de lectura\" \/>\n\t<meta name=\"twitter:data2\" content=\"3 minutos\" \/>\n<script type=\"application\/ld+json\" class=\"yoast-schema-graph\">{\"@context\":\"https:\\\/\\\/schema.org\",\"@graph\":[{\"@type\":\"Article\",\"@id\":\"https:\\\/\\\/fuentesfidedignas.com.mx\\\/index.php\\\/2025\\\/02\\\/11\\\/dan-prision-preventiva-a-el-jando-piloto-de-confianza-de-los-chapitos\\\/#article\",\"isPartOf\":{\"@id\":\"https:\\\/\\\/fuentesfidedignas.com.mx\\\/index.php\\\/2025\\\/02\\\/11\\\/dan-prision-preventiva-a-el-jando-piloto-de-confianza-de-los-chapitos\\\/\"},\"author\":{\"name\":\"Milenio\",\"@id\":\"https:\\\/\\\/fuentesfidedignas.com.mx\\\/#\\\/schema\\\/person\\\/47ec0135738f4b0c7495f06a77a2c976\"},\"headline\":\"Dan prisi\u00f3n preventiva a &#8216;El Jando&#8217;, piloto de confianza de Los Chapitos\",\"datePublished\":\"2025-02-12T01:50:00+00:00\",\"dateModified\":\"2025-02-12T02:00:22+00:00\",\"mainEntityOfPage\":{\"@id\":\"https:\\\/\\\/fuentesfidedignas.com.mx\\\/index.php\\\/2025\\\/02\\\/11\\\/dan-prision-preventiva-a-el-jando-piloto-de-confianza-de-los-chapitos\\\/\"},\"wordCount\":576,\"commentCount\":0,\"publisher\":{\"@id\":\"https:\\\/\\\/fuentesfidedignas.com.mx\\\/#organization\"},\"image\":{\"@id\":\"https:\\\/\\\/fuentesfidedignas.com.mx\\\/index.php\\\/2025\\\/02\\\/11\\\/dan-prision-preventiva-a-el-jando-piloto-de-confianza-de-los-chapitos\\\/#primaryimage\"},\"thumbnailUrl\":\"https:\\\/\\\/fuentesfidedignas.com.mx\\\/wp-content\\\/uploads\\\/2025\\\/02\\\/img_6638-1.jpg\",\"articleSection\":[\"NOTICIAS NACIONALES\"],\"inLanguage\":\"es\",\"potentialAction\":[{\"@type\":\"CommentAction\",\"name\":\"Comment\",\"target\":[\"https:\\\/\\\/fuentesfidedignas.com.mx\\\/index.php\\\/2025\\\/02\\\/11\\\/dan-prision-preventiva-a-el-jando-piloto-de-confianza-de-los-chapitos\\\/#respond\"]}]},{\"@type\":\"WebPage\",\"@id\":\"https:\\\/\\\/fuentesfidedignas.com.mx\\\/index.php\\\/2025\\\/02\\\/11\\\/dan-prision-preventiva-a-el-jando-piloto-de-confianza-de-los-chapitos\\\/\",\"url\":\"https:\\\/\\\/fuentesfidedignas.com.mx\\\/index.php\\\/2025\\\/02\\\/11\\\/dan-prision-preventiva-a-el-jando-piloto-de-confianza-de-los-chapitos\\\/\",\"name\":\"Dan prisi\u00f3n preventiva a 'El Jando', piloto de confianza de Los Chapitos - Fuentes Fidedignas\",\"isPartOf\":{\"@id\":\"https:\\\/\\\/fuentesfidedignas.com.mx\\\/#website\"},\"primaryImageOfPage\":{\"@id\":\"https:\\\/\\\/fuentesfidedignas.com.mx\\\/index.php\\\/2025\\\/02\\\/11\\\/dan-prision-preventiva-a-el-jando-piloto-de-confianza-de-los-chapitos\\\/#primaryimage\"},\"image\":{\"@id\":\"https:\\\/\\\/fuentesfidedignas.com.mx\\\/index.php\\\/2025\\\/02\\\/11\\\/dan-prision-preventiva-a-el-jando-piloto-de-confianza-de-los-chapitos\\\/#primaryimage\"},\"thumbnailUrl\":\"https:\\\/\\\/fuentesfidedignas.com.mx\\\/wp-content\\\/uploads\\\/2025\\\/02\\\/img_6638-1.jpg\",\"datePublished\":\"2025-02-12T01:50:00+00:00\",\"dateModified\":\"2025-02-12T02:00:22+00:00\",\"breadcrumb\":{\"@id\":\"https:\\\/\\\/fuentesfidedignas.com.mx\\\/index.php\\\/2025\\\/02\\\/11\\\/dan-prision-preventiva-a-el-jando-piloto-de-confianza-de-los-chapitos\\\/#breadcrumb\"},\"inLanguage\":\"es\",\"potentialAction\":[{\"@type\":\"ReadAction\",\"target\":[\"https:\\\/\\\/fuentesfidedignas.com.mx\\\/index.php\\\/2025\\\/02\\\/11\\\/dan-prision-preventiva-a-el-jando-piloto-de-confianza-de-los-chapitos\\\/\"]}]},{\"@type\":\"ImageObject\",\"inLanguage\":\"es\",\"@id\":\"https:\\\/\\\/fuentesfidedignas.com.mx\\\/index.php\\\/2025\\\/02\\\/11\\\/dan-prision-preventiva-a-el-jando-piloto-de-confianza-de-los-chapitos\\\/#primaryimage\",\"url\":\"https:\\\/\\\/fuentesfidedignas.com.mx\\\/wp-content\\\/uploads\\\/2025\\\/02\\\/img_6638-1.jpg\",\"contentUrl\":\"https:\\\/\\\/fuentesfidedignas.com.mx\\\/wp-content\\\/uploads\\\/2025\\\/02\\\/img_6638-1.jpg\",\"width\":773,\"height\":910},{\"@type\":\"BreadcrumbList\",\"@id\":\"https:\\\/\\\/fuentesfidedignas.com.mx\\\/index.php\\\/2025\\\/02\\\/11\\\/dan-prision-preventiva-a-el-jando-piloto-de-confianza-de-los-chapitos\\\/#breadcrumb\",\"itemListElement\":[{\"@type\":\"ListItem\",\"position\":1,\"name\":\"Inicio\",\"item\":\"https:\\\/\\\/fuentesfidedignas.com.mx\\\/\"},{\"@type\":\"ListItem\",\"position\":2,\"name\":\"Dan prisi\u00f3n preventiva a &#8216;El Jando&#8217;, piloto de confianza de Los Chapitos\"}]},{\"@type\":\"WebSite\",\"@id\":\"https:\\\/\\\/fuentesfidedignas.com.mx\\\/#website\",\"url\":\"https:\\\/\\\/fuentesfidedignas.com.mx\\\/\",\"name\":\"Fuentes Fidedignas\",\"description\":\"Otro sitio realizado con WordPress\",\"publisher\":{\"@id\":\"https:\\\/\\\/fuentesfidedignas.com.mx\\\/#organization\"},\"potentialAction\":[{\"@type\":\"SearchAction\",\"target\":{\"@type\":\"EntryPoint\",\"urlTemplate\":\"https:\\\/\\\/fuentesfidedignas.com.mx\\\/?s={search_term_string}\"},\"query-input\":{\"@type\":\"PropertyValueSpecification\",\"valueRequired\":true,\"valueName\":\"search_term_string\"}}],\"inLanguage\":\"es\"},{\"@type\":\"Organization\",\"@id\":\"https:\\\/\\\/fuentesfidedignas.com.mx\\\/#organization\",\"name\":\"Fuentes Fidedignas\",\"url\":\"https:\\\/\\\/fuentesfidedignas.com.mx\\\/\",\"logo\":{\"@type\":\"ImageObject\",\"inLanguage\":\"es\",\"@id\":\"https:\\\/\\\/fuentesfidedignas.com.mx\\\/#\\\/schema\\\/logo\\\/image\\\/\",\"url\":\"https:\\\/\\\/fuentesfidedignas.com.mx\\\/wp-content\\\/uploads\\\/2021\\\/04\\\/logo-retina.png\",\"contentUrl\":\"https:\\\/\\\/fuentesfidedignas.com.mx\\\/wp-content\\\/uploads\\\/2021\\\/04\\\/logo-retina.png\",\"width\":280,\"height\":51,\"caption\":\"Fuentes Fidedignas\"},\"image\":{\"@id\":\"https:\\\/\\\/fuentesfidedignas.com.mx\\\/#\\\/schema\\\/logo\\\/image\\\/\"},\"sameAs\":[\"https:\\\/\\\/www.facebook.com\\\/Fuentes-Fidedignas-368234489921644\",\"https:\\\/\\\/x.com\\\/fidedignas\"]},{\"@type\":\"Person\",\"@id\":\"https:\\\/\\\/fuentesfidedignas.com.mx\\\/#\\\/schema\\\/person\\\/47ec0135738f4b0c7495f06a77a2c976\",\"name\":\"Milenio\",\"image\":{\"@type\":\"ImageObject\",\"inLanguage\":\"es\",\"@id\":\"https:\\\/\\\/secure.gravatar.com\\\/avatar\\\/acabf7b54753e51c2c76457954577c236b3b764789b19879565769739d1e4a75?s=96&d=mm&r=g\",\"url\":\"https:\\\/\\\/secure.gravatar.com\\\/avatar\\\/acabf7b54753e51c2c76457954577c236b3b764789b19879565769739d1e4a75?s=96&d=mm&r=g\",\"contentUrl\":\"https:\\\/\\\/secure.gravatar.com\\\/avatar\\\/acabf7b54753e51c2c76457954577c236b3b764789b19879565769739d1e4a75?s=96&d=mm&r=g\",\"caption\":\"Milenio\"},\"url\":\"https:\\\/\\\/fuentesfidedignas.com.mx\\\/index.php\\\/author\\\/milenio\\\/\"}]}<\/script>\n<!-- \/ Yoast SEO plugin. -->","yoast_head_json":{"title":"Dan prisi\u00f3n preventiva a 'El Jando', piloto de confianza de Los Chapitos - Fuentes Fidedignas","robots":{"index":"index","follow":"follow","max-snippet":"max-snippet:-1","max-image-preview":"max-image-preview:large","max-video-preview":"max-video-preview:-1"},"canonical":"https:\/\/fuentesfidedignas.com.mx\/index.php\/2025\/02\/11\/dan-prision-preventiva-a-el-jando-piloto-de-confianza-de-los-chapitos\/","og_locale":"es_MX","og_type":"article","og_title":"Dan prisi\u00f3n preventiva a 'El Jando', piloto de confianza de Los Chapitos - Fuentes Fidedignas","og_description":"La defensa de El Jando solicit\u00f3 al juez de control la duplicidad del t\u00e9rmino constitucional. Un juez federal decret\u00f3 prisi\u00f3n preventiva de oficio contra&nbsp;Mauro Alberto N\u00fa\u00f1ez Ojeda, El Jando, quien de acuerdo con el gabinete de seguridad es el presunto piloto aviador de confianza de Iv\u00e1n Archivaldo Guzm\u00e1n, l\u00edder de la facci\u00f3n de Los Chapitos, [&hellip;]","og_url":"https:\/\/fuentesfidedignas.com.mx\/index.php\/2025\/02\/11\/dan-prision-preventiva-a-el-jando-piloto-de-confianza-de-los-chapitos\/","og_site_name":"Fuentes Fidedignas","article_publisher":"https:\/\/www.facebook.com\/Fuentes-Fidedignas-368234489921644","article_published_time":"2025-02-12T01:50:00+00:00","article_modified_time":"2025-02-12T02:00:22+00:00","og_image":[{"width":773,"height":910,"url":"https:\/\/fuentesfidedignas.com.mx\/wp-content\/uploads\/2025\/02\/img_6638-1.jpg","type":"image\/jpeg"}],"author":"Milenio","twitter_card":"summary_large_image","twitter_creator":"@fidedignas","twitter_site":"@fidedignas","twitter_misc":{"Escrito por":"Milenio","Tiempo de lectura":"3 minutos"},"schema":{"@context":"https:\/\/schema.org","@graph":[{"@type":"Article","@id":"https:\/\/fuentesfidedignas.com.mx\/index.php\/2025\/02\/11\/dan-prision-preventiva-a-el-jando-piloto-de-confianza-de-los-chapitos\/#article","isPartOf":{"@id":"https:\/\/fuentesfidedignas.com.mx\/index.php\/2025\/02\/11\/dan-prision-preventiva-a-el-jando-piloto-de-confianza-de-los-chapitos\/"},"author":{"name":"Milenio","@id":"https:\/\/fuentesfidedignas.com.mx\/#\/schema\/person\/47ec0135738f4b0c7495f06a77a2c976"},"headline":"Dan prisi\u00f3n preventiva a &#8216;El Jando&#8217;, piloto de confianza de Los Chapitos","datePublished":"2025-02-12T01:50:00+00:00","dateModified":"2025-02-12T02:00:22+00:00","mainEntityOfPage":{"@id":"https:\/\/fuentesfidedignas.com.mx\/index.php\/2025\/02\/11\/dan-prision-preventiva-a-el-jando-piloto-de-confianza-de-los-chapitos\/"},"wordCount":576,"commentCount":0,"publisher":{"@id":"https:\/\/fuentesfidedignas.com.mx\/#organization"},"image":{"@id":"https:\/\/fuentesfidedignas.com.mx\/index.php\/2025\/02\/11\/dan-prision-preventiva-a-el-jando-piloto-de-confianza-de-los-chapitos\/#primaryimage"},"thumbnailUrl":"https:\/\/fuentesfidedignas.com.mx\/wp-content\/uploads\/2025\/02\/img_6638-1.jpg","articleSection":["NOTICIAS NACIONALES"],"inLanguage":"es","potentialAction":[{"@type":"CommentAction","name":"Comment","target":["https:\/\/fuentesfidedignas.com.mx\/index.php\/2025\/02\/11\/dan-prision-preventiva-a-el-jando-piloto-de-confianza-de-los-chapitos\/#respond"]}]},{"@type":"WebPage","@id":"https:\/\/fuentesfidedignas.com.mx\/index.php\/2025\/02\/11\/dan-prision-preventiva-a-el-jando-piloto-de-confianza-de-los-chapitos\/","url":"https:\/\/fuentesfidedignas.com.mx\/index.php\/2025\/02\/11\/dan-prision-preventiva-a-el-jando-piloto-de-confianza-de-los-chapitos\/","name":"Dan prisi\u00f3n preventiva a 'El Jando', piloto de confianza de Los Chapitos - Fuentes Fidedignas","isPartOf":{"@id":"https:\/\/fuentesfidedignas.com.mx\/#website"},"primaryImageOfPage":{"@id":"https:\/\/fuentesfidedignas.com.mx\/index.php\/2025\/02\/11\/dan-prision-preventiva-a-el-jando-piloto-de-confianza-de-los-chapitos\/#primaryimage"},"image":{"@id":"https:\/\/fuentesfidedignas.com.mx\/index.php\/2025\/02\/11\/dan-prision-preventiva-a-el-jando-piloto-de-confianza-de-los-chapitos\/#primaryimage"},"thumbnailUrl":"https:\/\/fuentesfidedignas.com.mx\/wp-content\/uploads\/2025\/02\/img_6638-1.jpg","datePublished":"2025-02-12T01:50:00+00:00","dateModified":"2025-02-12T02:00:22+00:00","breadcrumb":{"@id":"https:\/\/fuentesfidedignas.com.mx\/index.php\/2025\/02\/11\/dan-prision-preventiva-a-el-jando-piloto-de-confianza-de-los-chapitos\/#breadcrumb"},"inLanguage":"es","potentialAction":[{"@type":"ReadAction","target":["https:\/\/fuentesfidedignas.com.mx\/index.php\/2025\/02\/11\/dan-prision-preventiva-a-el-jando-piloto-de-confianza-de-los-chapitos\/"]}]},{"@type":"ImageObject","inLanguage":"es","@id":"https:\/\/fuentesfidedignas.com.mx\/index.php\/2025\/02\/11\/dan-prision-preventiva-a-el-jando-piloto-de-confianza-de-los-chapitos\/#primaryimage","url":"https:\/\/fuentesfidedignas.com.mx\/wp-content\/uploads\/2025\/02\/img_6638-1.jpg","contentUrl":"https:\/\/fuentesfidedignas.com.mx\/wp-content\/uploads\/2025\/02\/img_6638-1.jpg","width":773,"height":910},{"@type":"BreadcrumbList","@id":"https:\/\/fuentesfidedignas.com.mx\/index.php\/2025\/02\/11\/dan-prision-preventiva-a-el-jando-piloto-de-confianza-de-los-chapitos\/#breadcrumb","itemListElement":[{"@type":"ListItem","position":1,"name":"Inicio","item":"https:\/\/fuentesfidedignas.com.mx\/"},{"@type":"ListItem","position":2,"name":"Dan prisi\u00f3n preventiva a &#8216;El Jando&#8217;, piloto de confianza de Los Chapitos"}]},{"@type":"WebSite","@id":"https:\/\/fuentesfidedignas.com.mx\/#website","url":"https:\/\/fuentesfidedignas.com.mx\/","name":"Fuentes Fidedignas","description":"Otro sitio realizado con WordPress","publisher":{"@id":"https:\/\/fuentesfidedignas.com.mx\/#organization"},"potentialAction":[{"@type":"SearchAction","target":{"@type":"EntryPoint","urlTemplate":"https:\/\/fuentesfidedignas.com.mx\/?s={search_term_string}"},"query-input":{"@type":"PropertyValueSpecification","valueRequired":true,"valueName":"search_term_string"}}],"inLanguage":"es"},{"@type":"Organization","@id":"https:\/\/fuentesfidedignas.com.mx\/#organization","name":"Fuentes Fidedignas","url":"https:\/\/fuentesfidedignas.com.mx\/","logo":{"@type":"ImageObject","inLanguage":"es","@id":"https:\/\/fuentesfidedignas.com.mx\/#\/schema\/logo\/image\/","url":"https:\/\/fuentesfidedignas.com.mx\/wp-content\/uploads\/2021\/04\/logo-retina.png","contentUrl":"https:\/\/fuentesfidedignas.com.mx\/wp-content\/uploads\/2021\/04\/logo-retina.png","width":280,"height":51,"caption":"Fuentes Fidedignas"},"image":{"@id":"https:\/\/fuentesfidedignas.com.mx\/#\/schema\/logo\/image\/"},"sameAs":["https:\/\/www.facebook.com\/Fuentes-Fidedignas-368234489921644","https:\/\/x.com\/fidedignas"]},{"@type":"Person","@id":"https:\/\/fuentesfidedignas.com.mx\/#\/schema\/person\/47ec0135738f4b0c7495f06a77a2c976","name":"Milenio","image":{"@type":"ImageObject","inLanguage":"es","@id":"https:\/\/secure.gravatar.com\/avatar\/acabf7b54753e51c2c76457954577c236b3b764789b19879565769739d1e4a75?s=96&d=mm&r=g","url":"https:\/\/secure.gravatar.com\/avatar\/acabf7b54753e51c2c76457954577c236b3b764789b19879565769739d1e4a75?s=96&d=mm&r=g","contentUrl":"https:\/\/secure.gravatar.com\/avatar\/acabf7b54753e51c2c76457954577c236b3b764789b19879565769739d1e4a75?s=96&d=mm&r=g","caption":"Milenio"},"url":"https:\/\/fuentesfidedignas.com.mx\/index.php\/author\/milenio\/"}]}},"_links":{"self":[{"href":"https:\/\/fuentesfidedignas.com.mx\/index.php\/wp-json\/wp\/v2\/posts\/101513","targetHints":{"allow":["GET"]}}],"collection":[{"href":"https:\/\/fuentesfidedignas.com.mx\/index.php\/wp-json\/wp\/v2\/posts"}],"about":[{"href":"https:\/\/fuentesfidedignas.com.mx\/index.php\/wp-json\/wp\/v2\/types\/post"}],"author":[{"embeddable":true,"href":"https:\/\/fuentesfidedignas.com.mx\/index.php\/wp-json\/wp\/v2\/users\/9"}],"replies":[{"embeddable":true,"href":"https:\/\/fuentesfidedignas.com.mx\/index.php\/wp-json\/wp\/v2\/comments?post=101513"}],"version-history":[{"count":1,"href":"https:\/\/fuentesfidedignas.com.mx\/index.php\/wp-json\/wp\/v2\/posts\/101513\/revisions"}],"predecessor-version":[{"id":101514,"href":"https:\/\/fuentesfidedignas.com.mx\/index.php\/wp-json\/wp\/v2\/posts\/101513\/revisions\/101514"}],"wp:featuredmedia":[{"embeddable":true,"href":"https:\/\/fuentesfidedignas.com.mx\/index.php\/wp-json\/wp\/v2\/media\/101249"}],"wp:attachment":[{"href":"https:\/\/fuentesfidedignas.com.mx\/index.php\/wp-json\/wp\/v2\/media?parent=101513"}],"wp:term":[{"taxonomy":"category","embeddable":true,"href":"https:\/\/fuentesfidedignas.com.mx\/index.php\/wp-json\/wp\/v2\/categories?post=101513"},{"taxonomy":"post_tag","embeddable":true,"href":"https:\/\/fuentesfidedignas.com.mx\/index.php\/wp-json\/wp\/v2\/tags?post=101513"}],"curies":[{"name":"wp","href":"https:\/\/api.w.org\/{rel}","templated":true}]}}