{"id":101444,"date":"2025-02-11T06:36:44","date_gmt":"2025-02-11T13:36:44","guid":{"rendered":"https:\/\/fuentesfidedignas.com.mx\/?p=101444"},"modified":"2025-02-11T06:36:44","modified_gmt":"2025-02-11T13:36:44","slug":"mujer-podria-pasar-8-anos-de-carcel-por-acusar-falsamente-de-acoso-a-conductor-de-uber","status":"publish","type":"post","link":"https:\/\/fuentesfidedignas.com.mx\/index.php\/2025\/02\/11\/mujer-podria-pasar-8-anos-de-carcel-por-acusar-falsamente-de-acoso-a-conductor-de-uber\/","title":{"rendered":"Mujer podr\u00eda pasar 8 a\u00f1os de c\u00e1rcel por acusar falsamente de acoso a conductor de Uber"},"content":{"rendered":"\n<p>Ciudad de M\u00e9xico.- En redes sociales se viraliz\u00f3 el video en donde un conductor de Uber fue amenazado por una pasajera durante un trayecto en la Ciudad de M\u00e9xico.<\/p>\n\n\n\n<figure class=\"wp-block-embed\"><div class=\"wp-block-embed__wrapper\">\nhttps:\/\/x.com\/lopezdoriga\/status\/1888341018011181374?s=46\n<\/div><\/figure>\n\n\n\n<p>En la grabaci\u00f3n, se aprecia la forma en que la mujer intent\u00f3 acusar falsamente de acoso al conductor en una llamada ante autoridades, debido a que \u00e9ste le pidi\u00f3 que se bajara de la unidad por su manera en que lo apuraba para llegar a su trabajo.<\/p>\n\n\n\n<p>\u201cEstoy sobre avenida Revoluci\u00f3n, el conductor con el que vengo me viene acosando el conductor del Uber en donde vengo. Me viene acosando, me viene haciendo preguntas. (Me dijo) que estaba muy bonita y no s\u00e9 qu\u00e9 tanto.. y que si no le hacia caso no iba a avanzar con el viaje\u201d, detall\u00f3 en la llamada.<\/p>\n\n\n\n<blockquote class=\"wp-block-quote is-layout-flow wp-block-quote-is-layout-flow\">\n<p>Avanza o te avientas cinco a\u00f1os de c\u00e1rcel\u201d, lanz\u00f3 la pasajera al conductor de Uber.<\/p>\n<\/blockquote>\n\n\n\n<p>La mujer pudo incurrir en el delito de falsedad de declaraciones, el cual es castigado en el C\u00f3digo penal federal.<\/p>\n\n\n\n<p>Seg\u00fan el art\u00edculo 247 del C\u00f3digo Penal Federal \u201cse impondr\u00e1n de cuatro a ocho a\u00f1os de prisi\u00f3n y de cien a trescientos d\u00edas multa\u201d a quien \u201cafirme un hecho falso o alternando o negando uno verdadero, o sus circunstancias sustanciales\u201d.<\/p>\n\n\n\n<p>Hasta el momento, no se ha podido identificar a la mujer que intent\u00f3 acusar de forma falsa al chofer de acoso.<\/p>\n","protected":false},"excerpt":{"rendered":"<p>Ciudad de M\u00e9xico.- En redes sociales se viraliz\u00f3 el video en donde un conductor de Uber fue amenazado por una pasajera durante un trayecto en la Ciudad de M\u00e9xico. En la grabaci\u00f3n, se aprecia la forma en que la mujer intent\u00f3 acusar falsamente de acoso al conductor en una llamada ante autoridades, debido a que [&hellip;]<\/p>\n","protected":false},"author":47,"featured_media":101443,"comment_status":"closed","ping_status":"open","sticky":false,"template":"","format":"standard","meta":{"tdm_status":"","tdm_grid_status":"","footnotes":""},"categories":[39],"tags":[],"class_list":{"0":"post-101444","1":"post","2":"type-post","3":"status-publish","4":"format-standard","5":"has-post-thumbnail","7":"category-noticias-nacionales"},"yoast_head":"<!-- This site is optimized with the Yoast SEO plugin v27.5 - https:\/\/yoast.com\/product\/yoast-seo-wordpress\/ -->\n<title>Mujer podr\u00eda pasar 8 a\u00f1os de c\u00e1rcel por acusar falsamente de acoso a conductor de Uber - Fuentes Fidedignas<\/title>\n<meta name=\"robots\" content=\"index, follow, max-snippet:-1, max-image-preview:large, max-video-preview:-1\" \/>\n<link rel=\"canonical\" href=\"https:\/\/fuentesfidedignas.com.mx\/index.php\/2025\/02\/11\/mujer-podria-pasar-8-anos-de-carcel-por-acusar-falsamente-de-acoso-a-conductor-de-uber\/\" \/>\n<meta property=\"og:locale\" content=\"es_MX\" \/>\n<meta property=\"og:type\" content=\"article\" \/>\n<meta property=\"og:title\" content=\"Mujer podr\u00eda pasar 8 a\u00f1os de c\u00e1rcel por acusar falsamente de acoso a conductor de Uber - Fuentes Fidedignas\" \/>\n<meta property=\"og:description\" content=\"Ciudad de M\u00e9xico.- En redes sociales se viraliz\u00f3 el video en donde un conductor de Uber fue amenazado por una pasajera durante un trayecto en la Ciudad de M\u00e9xico. En la grabaci\u00f3n, se aprecia la forma en que la mujer intent\u00f3 acusar falsamente de acoso al conductor en una llamada ante autoridades, debido a que [&hellip;]\" \/>\n<meta property=\"og:url\" content=\"https:\/\/fuentesfidedignas.com.mx\/index.php\/2025\/02\/11\/mujer-podria-pasar-8-anos-de-carcel-por-acusar-falsamente-de-acoso-a-conductor-de-uber\/\" \/>\n<meta property=\"og:site_name\" content=\"Fuentes Fidedignas\" \/>\n<meta property=\"article:publisher\" content=\"https:\/\/www.facebook.com\/Fuentes-Fidedignas-368234489921644\" \/>\n<meta property=\"article:published_time\" content=\"2025-02-11T13:36:44+00:00\" \/>\n<meta property=\"og:image\" content=\"https:\/\/fuentesfidedignas.com.mx\/wp-content\/uploads\/2025\/02\/img_6953-1.jpg\" \/>\n\t<meta property=\"og:image:width\" content=\"1536\" \/>\n\t<meta property=\"og:image:height\" content=\"1024\" \/>\n\t<meta property=\"og:image:type\" content=\"image\/jpeg\" \/>\n<meta name=\"author\" content=\"L\u00f3pez D\u00f3riga\" \/>\n<meta name=\"twitter:card\" content=\"summary_large_image\" \/>\n<meta name=\"twitter:creator\" content=\"@fidedignas\" \/>\n<meta name=\"twitter:site\" content=\"@fidedignas\" \/>\n<meta name=\"twitter:label1\" content=\"Escrito por\" \/>\n\t<meta name=\"twitter:data1\" content=\"L\u00f3pez D\u00f3riga\" \/>\n\t<meta name=\"twitter:label2\" content=\"Tiempo de lectura\" \/>\n\t<meta name=\"twitter:data2\" content=\"1 minuto\" \/>\n<script type=\"application\/ld+json\" class=\"yoast-schema-graph\">{\"@context\":\"https:\\\/\\\/schema.org\",\"@graph\":[{\"@type\":\"Article\",\"@id\":\"https:\\\/\\\/fuentesfidedignas.com.mx\\\/index.php\\\/2025\\\/02\\\/11\\\/mujer-podria-pasar-8-anos-de-carcel-por-acusar-falsamente-de-acoso-a-conductor-de-uber\\\/#article\",\"isPartOf\":{\"@id\":\"https:\\\/\\\/fuentesfidedignas.com.mx\\\/index.php\\\/2025\\\/02\\\/11\\\/mujer-podria-pasar-8-anos-de-carcel-por-acusar-falsamente-de-acoso-a-conductor-de-uber\\\/\"},\"author\":{\"name\":\"L\u00f3pez D\u00f3riga\",\"@id\":\"https:\\\/\\\/fuentesfidedignas.com.mx\\\/#\\\/schema\\\/person\\\/67d852f0557c8509146a4b9ddebd543a\"},\"headline\":\"Mujer podr\u00eda pasar 8 a\u00f1os de c\u00e1rcel por acusar falsamente de acoso a conductor de Uber\",\"datePublished\":\"2025-02-11T13:36:44+00:00\",\"mainEntityOfPage\":{\"@id\":\"https:\\\/\\\/fuentesfidedignas.com.mx\\\/index.php\\\/2025\\\/02\\\/11\\\/mujer-podria-pasar-8-anos-de-carcel-por-acusar-falsamente-de-acoso-a-conductor-de-uber\\\/\"},\"wordCount\":266,\"publisher\":{\"@id\":\"https:\\\/\\\/fuentesfidedignas.com.mx\\\/#organization\"},\"image\":{\"@id\":\"https:\\\/\\\/fuentesfidedignas.com.mx\\\/index.php\\\/2025\\\/02\\\/11\\\/mujer-podria-pasar-8-anos-de-carcel-por-acusar-falsamente-de-acoso-a-conductor-de-uber\\\/#primaryimage\"},\"thumbnailUrl\":\"https:\\\/\\\/fuentesfidedignas.com.mx\\\/wp-content\\\/uploads\\\/2025\\\/02\\\/img_6953-1.jpg\",\"articleSection\":[\"NOTICIAS NACIONALES\"],\"inLanguage\":\"es\"},{\"@type\":\"WebPage\",\"@id\":\"https:\\\/\\\/fuentesfidedignas.com.mx\\\/index.php\\\/2025\\\/02\\\/11\\\/mujer-podria-pasar-8-anos-de-carcel-por-acusar-falsamente-de-acoso-a-conductor-de-uber\\\/\",\"url\":\"https:\\\/\\\/fuentesfidedignas.com.mx\\\/index.php\\\/2025\\\/02\\\/11\\\/mujer-podria-pasar-8-anos-de-carcel-por-acusar-falsamente-de-acoso-a-conductor-de-uber\\\/\",\"name\":\"Mujer podr\u00eda pasar 8 a\u00f1os de c\u00e1rcel por acusar falsamente de acoso a conductor de Uber - Fuentes Fidedignas\",\"isPartOf\":{\"@id\":\"https:\\\/\\\/fuentesfidedignas.com.mx\\\/#website\"},\"primaryImageOfPage\":{\"@id\":\"https:\\\/\\\/fuentesfidedignas.com.mx\\\/index.php\\\/2025\\\/02\\\/11\\\/mujer-podria-pasar-8-anos-de-carcel-por-acusar-falsamente-de-acoso-a-conductor-de-uber\\\/#primaryimage\"},\"image\":{\"@id\":\"https:\\\/\\\/fuentesfidedignas.com.mx\\\/index.php\\\/2025\\\/02\\\/11\\\/mujer-podria-pasar-8-anos-de-carcel-por-acusar-falsamente-de-acoso-a-conductor-de-uber\\\/#primaryimage\"},\"thumbnailUrl\":\"https:\\\/\\\/fuentesfidedignas.com.mx\\\/wp-content\\\/uploads\\\/2025\\\/02\\\/img_6953-1.jpg\",\"datePublished\":\"2025-02-11T13:36:44+00:00\",\"breadcrumb\":{\"@id\":\"https:\\\/\\\/fuentesfidedignas.com.mx\\\/index.php\\\/2025\\\/02\\\/11\\\/mujer-podria-pasar-8-anos-de-carcel-por-acusar-falsamente-de-acoso-a-conductor-de-uber\\\/#breadcrumb\"},\"inLanguage\":\"es\",\"potentialAction\":[{\"@type\":\"ReadAction\",\"target\":[\"https:\\\/\\\/fuentesfidedignas.com.mx\\\/index.php\\\/2025\\\/02\\\/11\\\/mujer-podria-pasar-8-anos-de-carcel-por-acusar-falsamente-de-acoso-a-conductor-de-uber\\\/\"]}]},{\"@type\":\"ImageObject\",\"inLanguage\":\"es\",\"@id\":\"https:\\\/\\\/fuentesfidedignas.com.mx\\\/index.php\\\/2025\\\/02\\\/11\\\/mujer-podria-pasar-8-anos-de-carcel-por-acusar-falsamente-de-acoso-a-conductor-de-uber\\\/#primaryimage\",\"url\":\"https:\\\/\\\/fuentesfidedignas.com.mx\\\/wp-content\\\/uploads\\\/2025\\\/02\\\/img_6953-1.jpg\",\"contentUrl\":\"https:\\\/\\\/fuentesfidedignas.com.mx\\\/wp-content\\\/uploads\\\/2025\\\/02\\\/img_6953-1.jpg\",\"width\":1536,\"height\":1024},{\"@type\":\"BreadcrumbList\",\"@id\":\"https:\\\/\\\/fuentesfidedignas.com.mx\\\/index.php\\\/2025\\\/02\\\/11\\\/mujer-podria-pasar-8-anos-de-carcel-por-acusar-falsamente-de-acoso-a-conductor-de-uber\\\/#breadcrumb\",\"itemListElement\":[{\"@type\":\"ListItem\",\"position\":1,\"name\":\"Inicio\",\"item\":\"https:\\\/\\\/fuentesfidedignas.com.mx\\\/\"},{\"@type\":\"ListItem\",\"position\":2,\"name\":\"Mujer podr\u00eda pasar 8 a\u00f1os de c\u00e1rcel por acusar falsamente de acoso a conductor de Uber\"}]},{\"@type\":\"WebSite\",\"@id\":\"https:\\\/\\\/fuentesfidedignas.com.mx\\\/#website\",\"url\":\"https:\\\/\\\/fuentesfidedignas.com.mx\\\/\",\"name\":\"Fuentes Fidedignas\",\"description\":\"Otro sitio realizado con WordPress\",\"publisher\":{\"@id\":\"https:\\\/\\\/fuentesfidedignas.com.mx\\\/#organization\"},\"potentialAction\":[{\"@type\":\"SearchAction\",\"target\":{\"@type\":\"EntryPoint\",\"urlTemplate\":\"https:\\\/\\\/fuentesfidedignas.com.mx\\\/?s={search_term_string}\"},\"query-input\":{\"@type\":\"PropertyValueSpecification\",\"valueRequired\":true,\"valueName\":\"search_term_string\"}}],\"inLanguage\":\"es\"},{\"@type\":\"Organization\",\"@id\":\"https:\\\/\\\/fuentesfidedignas.com.mx\\\/#organization\",\"name\":\"Fuentes Fidedignas\",\"url\":\"https:\\\/\\\/fuentesfidedignas.com.mx\\\/\",\"logo\":{\"@type\":\"ImageObject\",\"inLanguage\":\"es\",\"@id\":\"https:\\\/\\\/fuentesfidedignas.com.mx\\\/#\\\/schema\\\/logo\\\/image\\\/\",\"url\":\"https:\\\/\\\/fuentesfidedignas.com.mx\\\/wp-content\\\/uploads\\\/2021\\\/04\\\/logo-retina.png\",\"contentUrl\":\"https:\\\/\\\/fuentesfidedignas.com.mx\\\/wp-content\\\/uploads\\\/2021\\\/04\\\/logo-retina.png\",\"width\":280,\"height\":51,\"caption\":\"Fuentes Fidedignas\"},\"image\":{\"@id\":\"https:\\\/\\\/fuentesfidedignas.com.mx\\\/#\\\/schema\\\/logo\\\/image\\\/\"},\"sameAs\":[\"https:\\\/\\\/www.facebook.com\\\/Fuentes-Fidedignas-368234489921644\",\"https:\\\/\\\/x.com\\\/fidedignas\"]},{\"@type\":\"Person\",\"@id\":\"https:\\\/\\\/fuentesfidedignas.com.mx\\\/#\\\/schema\\\/person\\\/67d852f0557c8509146a4b9ddebd543a\",\"name\":\"L\u00f3pez D\u00f3riga\",\"image\":{\"@type\":\"ImageObject\",\"inLanguage\":\"es\",\"@id\":\"https:\\\/\\\/secure.gravatar.com\\\/avatar\\\/e525b06574ca18b33cded59dfe5778d6c823b9513154eff47da551b0551bdd1e?s=96&d=mm&r=g\",\"url\":\"https:\\\/\\\/secure.gravatar.com\\\/avatar\\\/e525b06574ca18b33cded59dfe5778d6c823b9513154eff47da551b0551bdd1e?s=96&d=mm&r=g\",\"contentUrl\":\"https:\\\/\\\/secure.gravatar.com\\\/avatar\\\/e525b06574ca18b33cded59dfe5778d6c823b9513154eff47da551b0551bdd1e?s=96&d=mm&r=g\",\"caption\":\"L\u00f3pez D\u00f3riga\"},\"url\":\"https:\\\/\\\/fuentesfidedignas.com.mx\\\/index.php\\\/author\\\/doriga\\\/\"}]}<\/script>\n<!-- \/ Yoast SEO plugin. -->","yoast_head_json":{"title":"Mujer podr\u00eda pasar 8 a\u00f1os de c\u00e1rcel por acusar falsamente de acoso a conductor de Uber - Fuentes Fidedignas","robots":{"index":"index","follow":"follow","max-snippet":"max-snippet:-1","max-image-preview":"max-image-preview:large","max-video-preview":"max-video-preview:-1"},"canonical":"https:\/\/fuentesfidedignas.com.mx\/index.php\/2025\/02\/11\/mujer-podria-pasar-8-anos-de-carcel-por-acusar-falsamente-de-acoso-a-conductor-de-uber\/","og_locale":"es_MX","og_type":"article","og_title":"Mujer podr\u00eda pasar 8 a\u00f1os de c\u00e1rcel por acusar falsamente de acoso a conductor de Uber - Fuentes Fidedignas","og_description":"Ciudad de M\u00e9xico.- En redes sociales se viraliz\u00f3 el video en donde un conductor de Uber fue amenazado por una pasajera durante un trayecto en la Ciudad de M\u00e9xico. En la grabaci\u00f3n, se aprecia la forma en que la mujer intent\u00f3 acusar falsamente de acoso al conductor en una llamada ante autoridades, debido a que [&hellip;]","og_url":"https:\/\/fuentesfidedignas.com.mx\/index.php\/2025\/02\/11\/mujer-podria-pasar-8-anos-de-carcel-por-acusar-falsamente-de-acoso-a-conductor-de-uber\/","og_site_name":"Fuentes Fidedignas","article_publisher":"https:\/\/www.facebook.com\/Fuentes-Fidedignas-368234489921644","article_published_time":"2025-02-11T13:36:44+00:00","og_image":[{"width":1536,"height":1024,"url":"https:\/\/fuentesfidedignas.com.mx\/wp-content\/uploads\/2025\/02\/img_6953-1.jpg","type":"image\/jpeg"}],"author":"L\u00f3pez D\u00f3riga","twitter_card":"summary_large_image","twitter_creator":"@fidedignas","twitter_site":"@fidedignas","twitter_misc":{"Escrito por":"L\u00f3pez D\u00f3riga","Tiempo de lectura":"1 minuto"},"schema":{"@context":"https:\/\/schema.org","@graph":[{"@type":"Article","@id":"https:\/\/fuentesfidedignas.com.mx\/index.php\/2025\/02\/11\/mujer-podria-pasar-8-anos-de-carcel-por-acusar-falsamente-de-acoso-a-conductor-de-uber\/#article","isPartOf":{"@id":"https:\/\/fuentesfidedignas.com.mx\/index.php\/2025\/02\/11\/mujer-podria-pasar-8-anos-de-carcel-por-acusar-falsamente-de-acoso-a-conductor-de-uber\/"},"author":{"name":"L\u00f3pez D\u00f3riga","@id":"https:\/\/fuentesfidedignas.com.mx\/#\/schema\/person\/67d852f0557c8509146a4b9ddebd543a"},"headline":"Mujer podr\u00eda pasar 8 a\u00f1os de c\u00e1rcel por acusar falsamente de acoso a conductor de Uber","datePublished":"2025-02-11T13:36:44+00:00","mainEntityOfPage":{"@id":"https:\/\/fuentesfidedignas.com.mx\/index.php\/2025\/02\/11\/mujer-podria-pasar-8-anos-de-carcel-por-acusar-falsamente-de-acoso-a-conductor-de-uber\/"},"wordCount":266,"publisher":{"@id":"https:\/\/fuentesfidedignas.com.mx\/#organization"},"image":{"@id":"https:\/\/fuentesfidedignas.com.mx\/index.php\/2025\/02\/11\/mujer-podria-pasar-8-anos-de-carcel-por-acusar-falsamente-de-acoso-a-conductor-de-uber\/#primaryimage"},"thumbnailUrl":"https:\/\/fuentesfidedignas.com.mx\/wp-content\/uploads\/2025\/02\/img_6953-1.jpg","articleSection":["NOTICIAS NACIONALES"],"inLanguage":"es"},{"@type":"WebPage","@id":"https:\/\/fuentesfidedignas.com.mx\/index.php\/2025\/02\/11\/mujer-podria-pasar-8-anos-de-carcel-por-acusar-falsamente-de-acoso-a-conductor-de-uber\/","url":"https:\/\/fuentesfidedignas.com.mx\/index.php\/2025\/02\/11\/mujer-podria-pasar-8-anos-de-carcel-por-acusar-falsamente-de-acoso-a-conductor-de-uber\/","name":"Mujer podr\u00eda pasar 8 a\u00f1os de c\u00e1rcel por acusar falsamente de acoso a conductor de Uber - Fuentes Fidedignas","isPartOf":{"@id":"https:\/\/fuentesfidedignas.com.mx\/#website"},"primaryImageOfPage":{"@id":"https:\/\/fuentesfidedignas.com.mx\/index.php\/2025\/02\/11\/mujer-podria-pasar-8-anos-de-carcel-por-acusar-falsamente-de-acoso-a-conductor-de-uber\/#primaryimage"},"image":{"@id":"https:\/\/fuentesfidedignas.com.mx\/index.php\/2025\/02\/11\/mujer-podria-pasar-8-anos-de-carcel-por-acusar-falsamente-de-acoso-a-conductor-de-uber\/#primaryimage"},"thumbnailUrl":"https:\/\/fuentesfidedignas.com.mx\/wp-content\/uploads\/2025\/02\/img_6953-1.jpg","datePublished":"2025-02-11T13:36:44+00:00","breadcrumb":{"@id":"https:\/\/fuentesfidedignas.com.mx\/index.php\/2025\/02\/11\/mujer-podria-pasar-8-anos-de-carcel-por-acusar-falsamente-de-acoso-a-conductor-de-uber\/#breadcrumb"},"inLanguage":"es","potentialAction":[{"@type":"ReadAction","target":["https:\/\/fuentesfidedignas.com.mx\/index.php\/2025\/02\/11\/mujer-podria-pasar-8-anos-de-carcel-por-acusar-falsamente-de-acoso-a-conductor-de-uber\/"]}]},{"@type":"ImageObject","inLanguage":"es","@id":"https:\/\/fuentesfidedignas.com.mx\/index.php\/2025\/02\/11\/mujer-podria-pasar-8-anos-de-carcel-por-acusar-falsamente-de-acoso-a-conductor-de-uber\/#primaryimage","url":"https:\/\/fuentesfidedignas.com.mx\/wp-content\/uploads\/2025\/02\/img_6953-1.jpg","contentUrl":"https:\/\/fuentesfidedignas.com.mx\/wp-content\/uploads\/2025\/02\/img_6953-1.jpg","width":1536,"height":1024},{"@type":"BreadcrumbList","@id":"https:\/\/fuentesfidedignas.com.mx\/index.php\/2025\/02\/11\/mujer-podria-pasar-8-anos-de-carcel-por-acusar-falsamente-de-acoso-a-conductor-de-uber\/#breadcrumb","itemListElement":[{"@type":"ListItem","position":1,"name":"Inicio","item":"https:\/\/fuentesfidedignas.com.mx\/"},{"@type":"ListItem","position":2,"name":"Mujer podr\u00eda pasar 8 a\u00f1os de c\u00e1rcel por acusar falsamente de acoso a conductor de Uber"}]},{"@type":"WebSite","@id":"https:\/\/fuentesfidedignas.com.mx\/#website","url":"https:\/\/fuentesfidedignas.com.mx\/","name":"Fuentes Fidedignas","description":"Otro sitio realizado con WordPress","publisher":{"@id":"https:\/\/fuentesfidedignas.com.mx\/#organization"},"potentialAction":[{"@type":"SearchAction","target":{"@type":"EntryPoint","urlTemplate":"https:\/\/fuentesfidedignas.com.mx\/?s={search_term_string}"},"query-input":{"@type":"PropertyValueSpecification","valueRequired":true,"valueName":"search_term_string"}}],"inLanguage":"es"},{"@type":"Organization","@id":"https:\/\/fuentesfidedignas.com.mx\/#organization","name":"Fuentes Fidedignas","url":"https:\/\/fuentesfidedignas.com.mx\/","logo":{"@type":"ImageObject","inLanguage":"es","@id":"https:\/\/fuentesfidedignas.com.mx\/#\/schema\/logo\/image\/","url":"https:\/\/fuentesfidedignas.com.mx\/wp-content\/uploads\/2021\/04\/logo-retina.png","contentUrl":"https:\/\/fuentesfidedignas.com.mx\/wp-content\/uploads\/2021\/04\/logo-retina.png","width":280,"height":51,"caption":"Fuentes Fidedignas"},"image":{"@id":"https:\/\/fuentesfidedignas.com.mx\/#\/schema\/logo\/image\/"},"sameAs":["https:\/\/www.facebook.com\/Fuentes-Fidedignas-368234489921644","https:\/\/x.com\/fidedignas"]},{"@type":"Person","@id":"https:\/\/fuentesfidedignas.com.mx\/#\/schema\/person\/67d852f0557c8509146a4b9ddebd543a","name":"L\u00f3pez D\u00f3riga","image":{"@type":"ImageObject","inLanguage":"es","@id":"https:\/\/secure.gravatar.com\/avatar\/e525b06574ca18b33cded59dfe5778d6c823b9513154eff47da551b0551bdd1e?s=96&d=mm&r=g","url":"https:\/\/secure.gravatar.com\/avatar\/e525b06574ca18b33cded59dfe5778d6c823b9513154eff47da551b0551bdd1e?s=96&d=mm&r=g","contentUrl":"https:\/\/secure.gravatar.com\/avatar\/e525b06574ca18b33cded59dfe5778d6c823b9513154eff47da551b0551bdd1e?s=96&d=mm&r=g","caption":"L\u00f3pez D\u00f3riga"},"url":"https:\/\/fuentesfidedignas.com.mx\/index.php\/author\/doriga\/"}]}},"_links":{"self":[{"href":"https:\/\/fuentesfidedignas.com.mx\/index.php\/wp-json\/wp\/v2\/posts\/101444","targetHints":{"allow":["GET"]}}],"collection":[{"href":"https:\/\/fuentesfidedignas.com.mx\/index.php\/wp-json\/wp\/v2\/posts"}],"about":[{"href":"https:\/\/fuentesfidedignas.com.mx\/index.php\/wp-json\/wp\/v2\/types\/post"}],"author":[{"embeddable":true,"href":"https:\/\/fuentesfidedignas.com.mx\/index.php\/wp-json\/wp\/v2\/users\/47"}],"replies":[{"embeddable":true,"href":"https:\/\/fuentesfidedignas.com.mx\/index.php\/wp-json\/wp\/v2\/comments?post=101444"}],"version-history":[{"count":1,"href":"https:\/\/fuentesfidedignas.com.mx\/index.php\/wp-json\/wp\/v2\/posts\/101444\/revisions"}],"predecessor-version":[{"id":101445,"href":"https:\/\/fuentesfidedignas.com.mx\/index.php\/wp-json\/wp\/v2\/posts\/101444\/revisions\/101445"}],"wp:featuredmedia":[{"embeddable":true,"href":"https:\/\/fuentesfidedignas.com.mx\/index.php\/wp-json\/wp\/v2\/media\/101443"}],"wp:attachment":[{"href":"https:\/\/fuentesfidedignas.com.mx\/index.php\/wp-json\/wp\/v2\/media?parent=101444"}],"wp:term":[{"taxonomy":"category","embeddable":true,"href":"https:\/\/fuentesfidedignas.com.mx\/index.php\/wp-json\/wp\/v2\/categories?post=101444"},{"taxonomy":"post_tag","embeddable":true,"href":"https:\/\/fuentesfidedignas.com.mx\/index.php\/wp-json\/wp\/v2\/tags?post=101444"}],"curies":[{"name":"wp","href":"https:\/\/api.w.org\/{rel}","templated":true}]}}