{"id":101375,"date":"2025-02-10T14:58:00","date_gmt":"2025-02-10T21:58:00","guid":{"rendered":"https:\/\/fuentesfidedignas.com.mx\/?p=101375"},"modified":"2025-02-10T16:03:03","modified_gmt":"2025-02-10T23:03:03","slug":"accidente-de-autobus-en-guatemala-deja-al-menos-52-muertos","status":"publish","type":"post","link":"https:\/\/fuentesfidedignas.com.mx\/index.php\/2025\/02\/10\/accidente-de-autobus-en-guatemala-deja-al-menos-52-muertos\/","title":{"rendered":"Accidente de autob\u00fas en Guatemala deja al menos 52 muertos"},"content":{"rendered":"\n<p><strong><em>El autob\u00fas cay\u00f3 a un r\u00edo de aguas residuales desde un altura de 20 metros; el conductor se encuentra entre las v\u00edctimas.<\/em><\/strong><\/p>\n\n\n\n<p>En Guatemala al menos 52 personas murieron luego de que el autob\u00fas en el que viajaban cayera al fondo de un barranco la ma\u00f1ana de este lunes 10 de febrero, dieron a conocer las autoridades en su \u00faltimo balance sobre las v\u00edctimas.<\/p>\n\n\n\n<p>El autob\u00fas, en el que iban m\u00e1s de 70 personas, cay\u00f3 varios metros a un barranco en la entrada norte de la Ciudad de Guatemala, desde una calzada al lado del Puente Belice, el principal acceso a la capital por la regi\u00f3n norte y noreste del pa\u00eds. La unidad qued\u00f3 destruida, con las llantas hacia arriba, y se fue al fondo, hacia un r\u00edo de aguas residuales.<\/p>\n\n\n\n<p>En una nueva actualizaci\u00f3n el coordinador de la Administraci\u00f3n de Emergencias de la capital, H\u00e9ctor Flores, precis\u00f3 que fueron rescatados 52 cuerpos, el \u00faltimo de ellos el del conductor del autob\u00fas, el cual fue sacado con mucha dificultad de entre los hierros retorcidos.<\/p>\n\n\n\n<p>Los cad\u00e1veres se apilaron en una morgue improvisada en un sal\u00f3n comunal de un barrio cercano al lugar del accidente, a donde acudieron varios familiares de las v\u00edctimas.<\/p>\n\n\n\n<p>Entre llantos, Rosa L\u00f3pez, de 48 a\u00f1os, explic\u00f3 a periodistas que cuatro sobrinos suyos viajaban en el autob\u00fas. &#8220;Cuando nos dijeron del accidente por las noticias entonces nos dirigimos hacia ac\u00e1 (morgue)&#8221;, relat\u00f3.<\/p>\n\n\n\n<p>Los pasajeros heridos, varios en estado grave, fueron trasladados a hospitales cercanos al lugar del accidente, que ocurri\u00f3 muy temprano en la ma\u00f1ana.<\/p>\n\n\n\n<p>De acuerdo con las autoridades, el autob\u00fas cubr\u00eda la ruta desde el poblado de San Crist\u00f3bal Acasaguastl\u00e1n hacia la ciudad de Guatemala.<\/p>\n\n\n\n<p><strong>Declaran duelo nacional en Guatemala<\/strong><br>El presidente de Guatemala, Bernardo Ar\u00e9valo, expres\u00f3 su consternaci\u00f3n y solidaridad con familiares de las v\u00edctimas, y declar\u00f3 &#8220;duelo nacional&#8221;.<\/p>\n\n\n\n<p>&#8220;Hoy es un d\u00eda dif\u00edcil para la familia guatemalteca. La tragedia del puente de Belice es un dolor nacional&#8221;, afirm\u00f3 Ar\u00e9valo, quien agreg\u00f3 que es una situaci\u00f3n que &#8220;desgarra a la naci\u00f3n&#8221;.<\/p>\n\n\n\n<p>Miembros de los cuerpos de bomberos, polic\u00edas y de la Cruz Roja participaron en el amplio operativo de rescate que dur\u00f3 unas seis horas.<\/p>\n\n\n\n<p>Luis Quintanilla, socorrista de Bomberos Voluntarios, explic\u00f3 que las labores de rescate se dificultaron porque una parte debieron de hacerse debajo del agua, por lo que varios de sus compa\u00f1eros sufrieron hipotermia.<\/p>\n\n\n\n<p>Ar\u00e9valo orden\u00f3 a personal del ej\u00e9rcito y de protecci\u00f3n civil atender la situaci\u00f3n.<\/p>\n\n\n\n<p><strong>Autob\u00fas accidentado ten\u00eda m\u00e1s de 30 a\u00f1os operando<\/strong><br>El conductor al parecer perdi\u00f3 el control del autob\u00fas, colision\u00f3 con varios autom\u00f3viles peque\u00f1os, rompi\u00f3 una valla met\u00e1lica y cay\u00f3 a una hondonada de aproximadamente 20 metros, seg\u00fan Carlos Hern\u00e1ndez, de Bomberos Municipales.<\/p>\n\n\n\n<p>El ministro de Comunicaciones, Miguel \u00c1ngel D\u00edaz, coment\u00f3 que las primeras investigaciones determinaron que el autob\u00fas ten\u00eda m\u00e1s de tres d\u00e9cadas de funcionamiento, pero ten\u00eda licencia vigente para circular.<\/p>\n\n\n\n<p>&#8220;Es un bus de m\u00e1s de 30 a\u00f1os de funcionamiento, es modelo 1995&#8221;, precis\u00f3 el funcionario en conferencia de prensa.<\/p>\n\n\n\n<p>D\u00edaz indic\u00f3 que se inici\u00f3 una investigaci\u00f3n sobre las causas del mortal siniestro y si el veh\u00edculo llevaba m\u00e1s personas a su capacidad.<\/p>\n\n\n\n<p>&#8220;Se ha especulado que ven\u00eda sobrecargado, sin embargo ese es un extremo que est\u00e1 por determinarse, lamentamos nuevamente esta gran p\u00e9rdida de vidas humanas, todav\u00eda no podemos adelantar juicios sobre qu\u00e9 provoc\u00f3 el accidente&#8221;, puntualiz\u00f3.<\/p>\n\n\n\n<p>La Fiscal\u00eda dijo haber abierto una investigaci\u00f3n para &#8220;dilucidar la verdad de los hechos&#8221;.<\/p>\n\n\n\n<p>En 2013 un bus cay\u00f3 a un barranco en Chimaltenango (oeste) con saldo de medio centenar de muertos, y en 2008 un accidente de autob\u00fas dej\u00f3 48 muertos en el sureste del pa\u00eds.<\/p>\n","protected":false},"excerpt":{"rendered":"<p>El autob\u00fas cay\u00f3 a un r\u00edo de aguas residuales desde un altura de 20 metros; el conductor se encuentra entre las v\u00edctimas. En Guatemala al menos 52 personas murieron luego de que el autob\u00fas en el que viajaban cayera al fondo de un barranco la ma\u00f1ana de este lunes 10 de febrero, dieron a conocer [&hellip;]<\/p>\n","protected":false},"author":12,"featured_media":101376,"comment_status":"open","ping_status":"open","sticky":false,"template":"","format":"standard","meta":{"tdm_status":"","tdm_grid_status":"","footnotes":""},"categories":[39],"tags":[],"class_list":{"0":"post-101375","1":"post","2":"type-post","3":"status-publish","4":"format-standard","5":"has-post-thumbnail","7":"category-noticias-nacionales"},"yoast_head":"<!-- This site is optimized with the Yoast SEO plugin v27.5 - https:\/\/yoast.com\/product\/yoast-seo-wordpress\/ -->\n<title>Accidente de autob\u00fas en Guatemala deja al menos 52 muertos - Fuentes Fidedignas<\/title>\n<meta name=\"robots\" content=\"index, follow, max-snippet:-1, max-image-preview:large, max-video-preview:-1\" \/>\n<link rel=\"canonical\" href=\"https:\/\/fuentesfidedignas.com.mx\/index.php\/2025\/02\/10\/accidente-de-autobus-en-guatemala-deja-al-menos-52-muertos\/\" \/>\n<meta property=\"og:locale\" content=\"es_MX\" \/>\n<meta property=\"og:type\" content=\"article\" \/>\n<meta property=\"og:title\" content=\"Accidente de autob\u00fas en Guatemala deja al menos 52 muertos - Fuentes Fidedignas\" \/>\n<meta property=\"og:description\" content=\"El autob\u00fas cay\u00f3 a un r\u00edo de aguas residuales desde un altura de 20 metros; el conductor se encuentra entre las v\u00edctimas. En Guatemala al menos 52 personas murieron luego de que el autob\u00fas en el que viajaban cayera al fondo de un barranco la ma\u00f1ana de este lunes 10 de febrero, dieron a conocer [&hellip;]\" \/>\n<meta property=\"og:url\" content=\"https:\/\/fuentesfidedignas.com.mx\/index.php\/2025\/02\/10\/accidente-de-autobus-en-guatemala-deja-al-menos-52-muertos\/\" \/>\n<meta property=\"og:site_name\" content=\"Fuentes Fidedignas\" \/>\n<meta property=\"article:publisher\" content=\"https:\/\/www.facebook.com\/Fuentes-Fidedignas-368234489921644\" \/>\n<meta property=\"article:published_time\" content=\"2025-02-10T21:58:00+00:00\" \/>\n<meta property=\"article:modified_time\" content=\"2025-02-10T23:03:03+00:00\" \/>\n<meta property=\"og:image\" content=\"https:\/\/fuentesfidedignas.com.mx\/wp-content\/uploads\/2025\/02\/camionazo-guatemala.jpg\" \/>\n\t<meta property=\"og:image:width\" content=\"600\" \/>\n\t<meta property=\"og:image:height\" content=\"337\" \/>\n\t<meta property=\"og:image:type\" content=\"image\/jpeg\" \/>\n<meta name=\"author\" content=\"AFP\" \/>\n<meta name=\"twitter:card\" content=\"summary_large_image\" \/>\n<meta name=\"twitter:creator\" content=\"@fidedignas\" \/>\n<meta name=\"twitter:site\" content=\"@fidedignas\" \/>\n<meta name=\"twitter:label1\" content=\"Escrito por\" \/>\n\t<meta name=\"twitter:data1\" content=\"AFP\" \/>\n\t<meta name=\"twitter:label2\" content=\"Tiempo de lectura\" \/>\n\t<meta name=\"twitter:data2\" content=\"3 minutos\" \/>\n<script type=\"application\/ld+json\" class=\"yoast-schema-graph\">{\"@context\":\"https:\\\/\\\/schema.org\",\"@graph\":[{\"@type\":\"Article\",\"@id\":\"https:\\\/\\\/fuentesfidedignas.com.mx\\\/index.php\\\/2025\\\/02\\\/10\\\/accidente-de-autobus-en-guatemala-deja-al-menos-52-muertos\\\/#article\",\"isPartOf\":{\"@id\":\"https:\\\/\\\/fuentesfidedignas.com.mx\\\/index.php\\\/2025\\\/02\\\/10\\\/accidente-de-autobus-en-guatemala-deja-al-menos-52-muertos\\\/\"},\"author\":{\"name\":\"AFP\",\"@id\":\"https:\\\/\\\/fuentesfidedignas.com.mx\\\/#\\\/schema\\\/person\\\/1827b38c6cf89e1d6cc7d78ca3fae732\"},\"headline\":\"Accidente de autob\u00fas en Guatemala deja al menos 52 muertos\",\"datePublished\":\"2025-02-10T21:58:00+00:00\",\"dateModified\":\"2025-02-10T23:03:03+00:00\",\"mainEntityOfPage\":{\"@id\":\"https:\\\/\\\/fuentesfidedignas.com.mx\\\/index.php\\\/2025\\\/02\\\/10\\\/accidente-de-autobus-en-guatemala-deja-al-menos-52-muertos\\\/\"},\"wordCount\":667,\"commentCount\":0,\"publisher\":{\"@id\":\"https:\\\/\\\/fuentesfidedignas.com.mx\\\/#organization\"},\"image\":{\"@id\":\"https:\\\/\\\/fuentesfidedignas.com.mx\\\/index.php\\\/2025\\\/02\\\/10\\\/accidente-de-autobus-en-guatemala-deja-al-menos-52-muertos\\\/#primaryimage\"},\"thumbnailUrl\":\"https:\\\/\\\/fuentesfidedignas.com.mx\\\/wp-content\\\/uploads\\\/2025\\\/02\\\/camionazo-guatemala.jpg\",\"articleSection\":[\"NOTICIAS NACIONALES\"],\"inLanguage\":\"es\",\"potentialAction\":[{\"@type\":\"CommentAction\",\"name\":\"Comment\",\"target\":[\"https:\\\/\\\/fuentesfidedignas.com.mx\\\/index.php\\\/2025\\\/02\\\/10\\\/accidente-de-autobus-en-guatemala-deja-al-menos-52-muertos\\\/#respond\"]}]},{\"@type\":\"WebPage\",\"@id\":\"https:\\\/\\\/fuentesfidedignas.com.mx\\\/index.php\\\/2025\\\/02\\\/10\\\/accidente-de-autobus-en-guatemala-deja-al-menos-52-muertos\\\/\",\"url\":\"https:\\\/\\\/fuentesfidedignas.com.mx\\\/index.php\\\/2025\\\/02\\\/10\\\/accidente-de-autobus-en-guatemala-deja-al-menos-52-muertos\\\/\",\"name\":\"Accidente de autob\u00fas en Guatemala deja al menos 52 muertos - Fuentes Fidedignas\",\"isPartOf\":{\"@id\":\"https:\\\/\\\/fuentesfidedignas.com.mx\\\/#website\"},\"primaryImageOfPage\":{\"@id\":\"https:\\\/\\\/fuentesfidedignas.com.mx\\\/index.php\\\/2025\\\/02\\\/10\\\/accidente-de-autobus-en-guatemala-deja-al-menos-52-muertos\\\/#primaryimage\"},\"image\":{\"@id\":\"https:\\\/\\\/fuentesfidedignas.com.mx\\\/index.php\\\/2025\\\/02\\\/10\\\/accidente-de-autobus-en-guatemala-deja-al-menos-52-muertos\\\/#primaryimage\"},\"thumbnailUrl\":\"https:\\\/\\\/fuentesfidedignas.com.mx\\\/wp-content\\\/uploads\\\/2025\\\/02\\\/camionazo-guatemala.jpg\",\"datePublished\":\"2025-02-10T21:58:00+00:00\",\"dateModified\":\"2025-02-10T23:03:03+00:00\",\"breadcrumb\":{\"@id\":\"https:\\\/\\\/fuentesfidedignas.com.mx\\\/index.php\\\/2025\\\/02\\\/10\\\/accidente-de-autobus-en-guatemala-deja-al-menos-52-muertos\\\/#breadcrumb\"},\"inLanguage\":\"es\",\"potentialAction\":[{\"@type\":\"ReadAction\",\"target\":[\"https:\\\/\\\/fuentesfidedignas.com.mx\\\/index.php\\\/2025\\\/02\\\/10\\\/accidente-de-autobus-en-guatemala-deja-al-menos-52-muertos\\\/\"]}]},{\"@type\":\"ImageObject\",\"inLanguage\":\"es\",\"@id\":\"https:\\\/\\\/fuentesfidedignas.com.mx\\\/index.php\\\/2025\\\/02\\\/10\\\/accidente-de-autobus-en-guatemala-deja-al-menos-52-muertos\\\/#primaryimage\",\"url\":\"https:\\\/\\\/fuentesfidedignas.com.mx\\\/wp-content\\\/uploads\\\/2025\\\/02\\\/camionazo-guatemala.jpg\",\"contentUrl\":\"https:\\\/\\\/fuentesfidedignas.com.mx\\\/wp-content\\\/uploads\\\/2025\\\/02\\\/camionazo-guatemala.jpg\",\"width\":600,\"height\":337},{\"@type\":\"BreadcrumbList\",\"@id\":\"https:\\\/\\\/fuentesfidedignas.com.mx\\\/index.php\\\/2025\\\/02\\\/10\\\/accidente-de-autobus-en-guatemala-deja-al-menos-52-muertos\\\/#breadcrumb\",\"itemListElement\":[{\"@type\":\"ListItem\",\"position\":1,\"name\":\"Inicio\",\"item\":\"https:\\\/\\\/fuentesfidedignas.com.mx\\\/\"},{\"@type\":\"ListItem\",\"position\":2,\"name\":\"Accidente de autob\u00fas en Guatemala deja al menos 52 muertos\"}]},{\"@type\":\"WebSite\",\"@id\":\"https:\\\/\\\/fuentesfidedignas.com.mx\\\/#website\",\"url\":\"https:\\\/\\\/fuentesfidedignas.com.mx\\\/\",\"name\":\"Fuentes Fidedignas\",\"description\":\"Otro sitio realizado con WordPress\",\"publisher\":{\"@id\":\"https:\\\/\\\/fuentesfidedignas.com.mx\\\/#organization\"},\"potentialAction\":[{\"@type\":\"SearchAction\",\"target\":{\"@type\":\"EntryPoint\",\"urlTemplate\":\"https:\\\/\\\/fuentesfidedignas.com.mx\\\/?s={search_term_string}\"},\"query-input\":{\"@type\":\"PropertyValueSpecification\",\"valueRequired\":true,\"valueName\":\"search_term_string\"}}],\"inLanguage\":\"es\"},{\"@type\":\"Organization\",\"@id\":\"https:\\\/\\\/fuentesfidedignas.com.mx\\\/#organization\",\"name\":\"Fuentes Fidedignas\",\"url\":\"https:\\\/\\\/fuentesfidedignas.com.mx\\\/\",\"logo\":{\"@type\":\"ImageObject\",\"inLanguage\":\"es\",\"@id\":\"https:\\\/\\\/fuentesfidedignas.com.mx\\\/#\\\/schema\\\/logo\\\/image\\\/\",\"url\":\"https:\\\/\\\/fuentesfidedignas.com.mx\\\/wp-content\\\/uploads\\\/2021\\\/04\\\/logo-retina.png\",\"contentUrl\":\"https:\\\/\\\/fuentesfidedignas.com.mx\\\/wp-content\\\/uploads\\\/2021\\\/04\\\/logo-retina.png\",\"width\":280,\"height\":51,\"caption\":\"Fuentes Fidedignas\"},\"image\":{\"@id\":\"https:\\\/\\\/fuentesfidedignas.com.mx\\\/#\\\/schema\\\/logo\\\/image\\\/\"},\"sameAs\":[\"https:\\\/\\\/www.facebook.com\\\/Fuentes-Fidedignas-368234489921644\",\"https:\\\/\\\/x.com\\\/fidedignas\"]},{\"@type\":\"Person\",\"@id\":\"https:\\\/\\\/fuentesfidedignas.com.mx\\\/#\\\/schema\\\/person\\\/1827b38c6cf89e1d6cc7d78ca3fae732\",\"name\":\"AFP\",\"image\":{\"@type\":\"ImageObject\",\"inLanguage\":\"es\",\"@id\":\"https:\\\/\\\/secure.gravatar.com\\\/avatar\\\/236827d2ee9bf15e1ea99e0c1cd1b467cffa55e324d177638d0f8de7950cbae6?s=96&d=mm&r=g\",\"url\":\"https:\\\/\\\/secure.gravatar.com\\\/avatar\\\/236827d2ee9bf15e1ea99e0c1cd1b467cffa55e324d177638d0f8de7950cbae6?s=96&d=mm&r=g\",\"contentUrl\":\"https:\\\/\\\/secure.gravatar.com\\\/avatar\\\/236827d2ee9bf15e1ea99e0c1cd1b467cffa55e324d177638d0f8de7950cbae6?s=96&d=mm&r=g\",\"caption\":\"AFP\"},\"url\":\"https:\\\/\\\/fuentesfidedignas.com.mx\\\/index.php\\\/author\\\/afp\\\/\"}]}<\/script>\n<!-- \/ Yoast SEO plugin. -->","yoast_head_json":{"title":"Accidente de autob\u00fas en Guatemala deja al menos 52 muertos - Fuentes Fidedignas","robots":{"index":"index","follow":"follow","max-snippet":"max-snippet:-1","max-image-preview":"max-image-preview:large","max-video-preview":"max-video-preview:-1"},"canonical":"https:\/\/fuentesfidedignas.com.mx\/index.php\/2025\/02\/10\/accidente-de-autobus-en-guatemala-deja-al-menos-52-muertos\/","og_locale":"es_MX","og_type":"article","og_title":"Accidente de autob\u00fas en Guatemala deja al menos 52 muertos - Fuentes Fidedignas","og_description":"El autob\u00fas cay\u00f3 a un r\u00edo de aguas residuales desde un altura de 20 metros; el conductor se encuentra entre las v\u00edctimas. En Guatemala al menos 52 personas murieron luego de que el autob\u00fas en el que viajaban cayera al fondo de un barranco la ma\u00f1ana de este lunes 10 de febrero, dieron a conocer [&hellip;]","og_url":"https:\/\/fuentesfidedignas.com.mx\/index.php\/2025\/02\/10\/accidente-de-autobus-en-guatemala-deja-al-menos-52-muertos\/","og_site_name":"Fuentes Fidedignas","article_publisher":"https:\/\/www.facebook.com\/Fuentes-Fidedignas-368234489921644","article_published_time":"2025-02-10T21:58:00+00:00","article_modified_time":"2025-02-10T23:03:03+00:00","og_image":[{"width":600,"height":337,"url":"https:\/\/fuentesfidedignas.com.mx\/wp-content\/uploads\/2025\/02\/camionazo-guatemala.jpg","type":"image\/jpeg"}],"author":"AFP","twitter_card":"summary_large_image","twitter_creator":"@fidedignas","twitter_site":"@fidedignas","twitter_misc":{"Escrito por":"AFP","Tiempo de lectura":"3 minutos"},"schema":{"@context":"https:\/\/schema.org","@graph":[{"@type":"Article","@id":"https:\/\/fuentesfidedignas.com.mx\/index.php\/2025\/02\/10\/accidente-de-autobus-en-guatemala-deja-al-menos-52-muertos\/#article","isPartOf":{"@id":"https:\/\/fuentesfidedignas.com.mx\/index.php\/2025\/02\/10\/accidente-de-autobus-en-guatemala-deja-al-menos-52-muertos\/"},"author":{"name":"AFP","@id":"https:\/\/fuentesfidedignas.com.mx\/#\/schema\/person\/1827b38c6cf89e1d6cc7d78ca3fae732"},"headline":"Accidente de autob\u00fas en Guatemala deja al menos 52 muertos","datePublished":"2025-02-10T21:58:00+00:00","dateModified":"2025-02-10T23:03:03+00:00","mainEntityOfPage":{"@id":"https:\/\/fuentesfidedignas.com.mx\/index.php\/2025\/02\/10\/accidente-de-autobus-en-guatemala-deja-al-menos-52-muertos\/"},"wordCount":667,"commentCount":0,"publisher":{"@id":"https:\/\/fuentesfidedignas.com.mx\/#organization"},"image":{"@id":"https:\/\/fuentesfidedignas.com.mx\/index.php\/2025\/02\/10\/accidente-de-autobus-en-guatemala-deja-al-menos-52-muertos\/#primaryimage"},"thumbnailUrl":"https:\/\/fuentesfidedignas.com.mx\/wp-content\/uploads\/2025\/02\/camionazo-guatemala.jpg","articleSection":["NOTICIAS NACIONALES"],"inLanguage":"es","potentialAction":[{"@type":"CommentAction","name":"Comment","target":["https:\/\/fuentesfidedignas.com.mx\/index.php\/2025\/02\/10\/accidente-de-autobus-en-guatemala-deja-al-menos-52-muertos\/#respond"]}]},{"@type":"WebPage","@id":"https:\/\/fuentesfidedignas.com.mx\/index.php\/2025\/02\/10\/accidente-de-autobus-en-guatemala-deja-al-menos-52-muertos\/","url":"https:\/\/fuentesfidedignas.com.mx\/index.php\/2025\/02\/10\/accidente-de-autobus-en-guatemala-deja-al-menos-52-muertos\/","name":"Accidente de autob\u00fas en Guatemala deja al menos 52 muertos - Fuentes Fidedignas","isPartOf":{"@id":"https:\/\/fuentesfidedignas.com.mx\/#website"},"primaryImageOfPage":{"@id":"https:\/\/fuentesfidedignas.com.mx\/index.php\/2025\/02\/10\/accidente-de-autobus-en-guatemala-deja-al-menos-52-muertos\/#primaryimage"},"image":{"@id":"https:\/\/fuentesfidedignas.com.mx\/index.php\/2025\/02\/10\/accidente-de-autobus-en-guatemala-deja-al-menos-52-muertos\/#primaryimage"},"thumbnailUrl":"https:\/\/fuentesfidedignas.com.mx\/wp-content\/uploads\/2025\/02\/camionazo-guatemala.jpg","datePublished":"2025-02-10T21:58:00+00:00","dateModified":"2025-02-10T23:03:03+00:00","breadcrumb":{"@id":"https:\/\/fuentesfidedignas.com.mx\/index.php\/2025\/02\/10\/accidente-de-autobus-en-guatemala-deja-al-menos-52-muertos\/#breadcrumb"},"inLanguage":"es","potentialAction":[{"@type":"ReadAction","target":["https:\/\/fuentesfidedignas.com.mx\/index.php\/2025\/02\/10\/accidente-de-autobus-en-guatemala-deja-al-menos-52-muertos\/"]}]},{"@type":"ImageObject","inLanguage":"es","@id":"https:\/\/fuentesfidedignas.com.mx\/index.php\/2025\/02\/10\/accidente-de-autobus-en-guatemala-deja-al-menos-52-muertos\/#primaryimage","url":"https:\/\/fuentesfidedignas.com.mx\/wp-content\/uploads\/2025\/02\/camionazo-guatemala.jpg","contentUrl":"https:\/\/fuentesfidedignas.com.mx\/wp-content\/uploads\/2025\/02\/camionazo-guatemala.jpg","width":600,"height":337},{"@type":"BreadcrumbList","@id":"https:\/\/fuentesfidedignas.com.mx\/index.php\/2025\/02\/10\/accidente-de-autobus-en-guatemala-deja-al-menos-52-muertos\/#breadcrumb","itemListElement":[{"@type":"ListItem","position":1,"name":"Inicio","item":"https:\/\/fuentesfidedignas.com.mx\/"},{"@type":"ListItem","position":2,"name":"Accidente de autob\u00fas en Guatemala deja al menos 52 muertos"}]},{"@type":"WebSite","@id":"https:\/\/fuentesfidedignas.com.mx\/#website","url":"https:\/\/fuentesfidedignas.com.mx\/","name":"Fuentes Fidedignas","description":"Otro sitio realizado con WordPress","publisher":{"@id":"https:\/\/fuentesfidedignas.com.mx\/#organization"},"potentialAction":[{"@type":"SearchAction","target":{"@type":"EntryPoint","urlTemplate":"https:\/\/fuentesfidedignas.com.mx\/?s={search_term_string}"},"query-input":{"@type":"PropertyValueSpecification","valueRequired":true,"valueName":"search_term_string"}}],"inLanguage":"es"},{"@type":"Organization","@id":"https:\/\/fuentesfidedignas.com.mx\/#organization","name":"Fuentes Fidedignas","url":"https:\/\/fuentesfidedignas.com.mx\/","logo":{"@type":"ImageObject","inLanguage":"es","@id":"https:\/\/fuentesfidedignas.com.mx\/#\/schema\/logo\/image\/","url":"https:\/\/fuentesfidedignas.com.mx\/wp-content\/uploads\/2021\/04\/logo-retina.png","contentUrl":"https:\/\/fuentesfidedignas.com.mx\/wp-content\/uploads\/2021\/04\/logo-retina.png","width":280,"height":51,"caption":"Fuentes Fidedignas"},"image":{"@id":"https:\/\/fuentesfidedignas.com.mx\/#\/schema\/logo\/image\/"},"sameAs":["https:\/\/www.facebook.com\/Fuentes-Fidedignas-368234489921644","https:\/\/x.com\/fidedignas"]},{"@type":"Person","@id":"https:\/\/fuentesfidedignas.com.mx\/#\/schema\/person\/1827b38c6cf89e1d6cc7d78ca3fae732","name":"AFP","image":{"@type":"ImageObject","inLanguage":"es","@id":"https:\/\/secure.gravatar.com\/avatar\/236827d2ee9bf15e1ea99e0c1cd1b467cffa55e324d177638d0f8de7950cbae6?s=96&d=mm&r=g","url":"https:\/\/secure.gravatar.com\/avatar\/236827d2ee9bf15e1ea99e0c1cd1b467cffa55e324d177638d0f8de7950cbae6?s=96&d=mm&r=g","contentUrl":"https:\/\/secure.gravatar.com\/avatar\/236827d2ee9bf15e1ea99e0c1cd1b467cffa55e324d177638d0f8de7950cbae6?s=96&d=mm&r=g","caption":"AFP"},"url":"https:\/\/fuentesfidedignas.com.mx\/index.php\/author\/afp\/"}]}},"_links":{"self":[{"href":"https:\/\/fuentesfidedignas.com.mx\/index.php\/wp-json\/wp\/v2\/posts\/101375","targetHints":{"allow":["GET"]}}],"collection":[{"href":"https:\/\/fuentesfidedignas.com.mx\/index.php\/wp-json\/wp\/v2\/posts"}],"about":[{"href":"https:\/\/fuentesfidedignas.com.mx\/index.php\/wp-json\/wp\/v2\/types\/post"}],"author":[{"embeddable":true,"href":"https:\/\/fuentesfidedignas.com.mx\/index.php\/wp-json\/wp\/v2\/users\/12"}],"replies":[{"embeddable":true,"href":"https:\/\/fuentesfidedignas.com.mx\/index.php\/wp-json\/wp\/v2\/comments?post=101375"}],"version-history":[{"count":1,"href":"https:\/\/fuentesfidedignas.com.mx\/index.php\/wp-json\/wp\/v2\/posts\/101375\/revisions"}],"predecessor-version":[{"id":101377,"href":"https:\/\/fuentesfidedignas.com.mx\/index.php\/wp-json\/wp\/v2\/posts\/101375\/revisions\/101377"}],"wp:featuredmedia":[{"embeddable":true,"href":"https:\/\/fuentesfidedignas.com.mx\/index.php\/wp-json\/wp\/v2\/media\/101376"}],"wp:attachment":[{"href":"https:\/\/fuentesfidedignas.com.mx\/index.php\/wp-json\/wp\/v2\/media?parent=101375"}],"wp:term":[{"taxonomy":"category","embeddable":true,"href":"https:\/\/fuentesfidedignas.com.mx\/index.php\/wp-json\/wp\/v2\/categories?post=101375"},{"taxonomy":"post_tag","embeddable":true,"href":"https:\/\/fuentesfidedignas.com.mx\/index.php\/wp-json\/wp\/v2\/tags?post=101375"}],"curies":[{"name":"wp","href":"https:\/\/api.w.org\/{rel}","templated":true}]}}