{"id":101315,"date":"2025-02-10T04:29:00","date_gmt":"2025-02-10T11:29:00","guid":{"rendered":"https:\/\/fuentesfidedignas.com.mx\/?p=101315"},"modified":"2025-02-09T13:47:39","modified_gmt":"2025-02-09T20:47:39","slug":"una-empresa-traslada-su-sede-a-la-montana-para-forzar-a-sus-empleados-a-dimitir","status":"publish","type":"post","link":"https:\/\/fuentesfidedignas.com.mx\/index.php\/2025\/02\/10\/una-empresa-traslada-su-sede-a-la-montana-para-forzar-a-sus-empleados-a-dimitir\/","title":{"rendered":"Una empresa traslada su sede a la monta\u00f1a para forzar a sus empleados a dimitir"},"content":{"rendered":"\n<p><strong><em>Obliga a los trabajadores a ir a las monta\u00f1as todos los d\u00edas, que en el mejor de los casos implica un desplazamiento de 4 horas.<\/em><\/strong><\/p>\n\n\n\n<p>Las monta\u00f1as de Qinling en China se han convertido en el escenario de una nueva pol\u00e9mica laboral: una empresa de publicidad ha trasladado all\u00ed su sede, obligando a sus trabajadores a acudir hasta all\u00ed todos los d\u00edas laborables. Este cambio supone para los empleados dos horas de ida y dos horas de vuelta en el mejor de los casos. As\u00ed lo han contado algunos de los damnificados en los medios locales de este pa\u00eds: \u201cMis colegas sin veh\u00edculo tuvieron que depender de un autob\u00fas que pasaba cada tres horas y luego caminar otros tres kil\u00f3metros a trav\u00e9s de senderos monta\u00f1osos para llegar a la oficina\u201d. Pero, \u00bfcu\u00e1l es el fin del cambio de lugar de sus oficinas? Forzar a los trabajadores a abandonar la empresa, para as\u00ed ahorrarse las posibles indemnizaciones por despido.<\/p>\n\n\n\n<p>Los propios empleados afirman que, adem\u00e1s, estas oficinas, en las que la empresa les asegur\u00f3 que pasar\u00edan cerca de un a\u00f1o, no contaban con ning\u00fan tipo de servicio para desarrollar de forma correcta su tarea laboral. Incluso, no contaban con aseos, y los trabajadores ten\u00edan que desplazarse hasta el pueblo m\u00e1s cercano si quer\u00edan hacer sus necesidades. Todo en una zona insegura: \u201cla zona est\u00e1 plagada de animales peligrosos, como perros salvajes\u201d.<\/p>\n\n\n\n<p>Con esta acci\u00f3n, la empresa consigui\u00f3 que 14 de los 20 trabajadores acabaran renunciando a su empleo. Despu\u00e9s de lo ocurrido, los antiguos trabajadores descubrieron lo siguiente: la empresa de publicidad hab\u00eda publicado una oferta de empleo para reclutar nuevos trabajadores. Una muestra m\u00e1s de esta pr\u00e1ctica ilegal y abusiva hacia los empleados que se ha hecho viral. Al conocerse la noticia a nivel mundial, la agencia de publicidad amenaz\u00f3 con demandar a los ex empleados por difamar la reputaci\u00f3n de la empresa.<\/p>\n\n\n\n<h2 class=\"wp-block-heading\">Los derechos de los empleados\u00a0en M\u00e9xico:<\/h2>\n\n\n\n<p>En cualquier relaci\u00f3n laboral usted cuenta con derechos.<\/p>\n\n\n\n<p>Entre los derechos laborales m\u00e1s importantes se encuentran: salario, jornada de trabajo, d\u00edas de descanso, vacaciones y aguinaldo, y deben estar contenidos en un contrato individual o colectivo.<\/p>\n\n\n\n<p>Cuando tiene una relaci\u00f3n laboral, es decir si realiza un trabajo o presta un servicio a cambio de un salario, es su derecho como trabajador conocer cu\u00e1les son sus condiciones generales de trabajo.<\/p>\n\n\n\n<p>Primero que nada cuando existe una relaci\u00f3n laboral entre dos o m\u00e1s personas, es indispensable que haya un contrato, ya que las condiciones de trabajo deben hacerse constar por escrito.<\/p>\n\n\n\n<p>Las condiciones de trabajo deber\u00e1n ser establecidas en sus contratos individuales, colectivos o reglamento de trabajo y en ning\u00fan caso podr\u00e1n ser inferiores a las fija-das en la Ley, y deber\u00e1n ser proporcionadas sin que puedan establecer diferencias por motivo de raza, nacionalidad, sexo, edad, credo religioso o doctrina pol\u00edtica, salvo las modalidades expresamente consignadas en la Ley.<\/p>\n\n\n\n<p>Es importante que sepa que cuando menos debe haber dos copias del contrato, una en poder de cada parte (patr\u00f3n y trabajador), ese escrito debe contener:<\/p>\n\n\n\n<ul class=\"wp-block-list\">\n<li>Nombre, nacionalidad, edad, sexo, estado civil y domicilio del trabajador y del patr\u00f3n.<\/li>\n\n\n\n<li>Si la relaci\u00f3n de trabajo es por obra, tiempo determinado o tiempo indeterminado.<\/li>\n\n\n\n<li>El servicio o servicios que deban prestarse, los que se determinar\u00e1n con la mayor precisi\u00f3n posible.<\/li>\n\n\n\n<li>El lugar o los lugares donde debe prestarse el trabajo.<\/li>\n\n\n\n<li>La duraci\u00f3n de la jornada.<\/li>\n\n\n\n<li>La forma y el monto del salario.<\/li>\n\n\n\n<li>El d\u00eda y el lugar de pago del salario.<\/li>\n\n\n\n<li>La indicaci\u00f3n de que el trabajador ser\u00e1 capacitado o adiestrado en los t\u00e9rminos de los planes y programas establecidos o que se establezcan en la empresa, conforme a lo dispuesto en esta ley.<\/li>\n\n\n\n<li>Otras condiciones de trabajo, tales como d\u00edas de descanso, vacaciones y dem\u00e1s que convengan el trabajador y el patr\u00f3n.<\/li>\n<\/ul>\n\n\n\n<p>Es importante que no falte ese escrito, pues si no lo tiene, el trabajador puede ser privado de los derechos que deriven de la relaci\u00f3n de trabajo y de los servicios prestados.<\/p>\n\n\n\n<p>Verifique que se determine el trabajo que va a desempe\u00f1ar para evitar ser obligado a realizar otras tareas diferentes a las que debe desarrollar. La Ley Federal del Trabajo se\u00f1ala como condiciones de trabajo: la jornada laboral, d\u00edas de descanso, vacaciones, salario y aguinaldo.<\/p>\n\n\n\n<p>Con informaci\u00f3n de: <em>Huffingtonpost<\/em><\/p>\n","protected":false},"excerpt":{"rendered":"<p>Obliga a los trabajadores a ir a las monta\u00f1as todos los d\u00edas, que en el mejor de los casos implica un desplazamiento de 4 horas. Las monta\u00f1as de Qinling en China se han convertido en el escenario de una nueva pol\u00e9mica laboral: una empresa de publicidad ha trasladado all\u00ed su sede, obligando a sus trabajadores [&hellip;]<\/p>\n","protected":false},"author":4,"featured_media":101316,"comment_status":"open","ping_status":"open","sticky":false,"template":"","format":"standard","meta":{"tdm_status":"","tdm_grid_status":"","footnotes":""},"categories":[40],"tags":[],"class_list":{"0":"post-101315","1":"post","2":"type-post","3":"status-publish","4":"format-standard","5":"has-post-thumbnail","7":"category-las-asombrosas"},"yoast_head":"<!-- This site is optimized with the Yoast SEO plugin v27.5 - https:\/\/yoast.com\/product\/yoast-seo-wordpress\/ -->\n<title>Una empresa traslada su sede a la monta\u00f1a para forzar a sus empleados a dimitir - Fuentes Fidedignas<\/title>\n<meta name=\"robots\" content=\"index, follow, max-snippet:-1, max-image-preview:large, max-video-preview:-1\" \/>\n<link rel=\"canonical\" href=\"https:\/\/fuentesfidedignas.com.mx\/index.php\/2025\/02\/10\/una-empresa-traslada-su-sede-a-la-montana-para-forzar-a-sus-empleados-a-dimitir\/\" \/>\n<meta property=\"og:locale\" content=\"es_MX\" \/>\n<meta property=\"og:type\" content=\"article\" \/>\n<meta property=\"og:title\" content=\"Una empresa traslada su sede a la monta\u00f1a para forzar a sus empleados a dimitir - Fuentes Fidedignas\" \/>\n<meta property=\"og:description\" content=\"Obliga a los trabajadores a ir a las monta\u00f1as todos los d\u00edas, que en el mejor de los casos implica un desplazamiento de 4 horas. Las monta\u00f1as de Qinling en China se han convertido en el escenario de una nueva pol\u00e9mica laboral: una empresa de publicidad ha trasladado all\u00ed su sede, obligando a sus trabajadores [&hellip;]\" \/>\n<meta property=\"og:url\" content=\"https:\/\/fuentesfidedignas.com.mx\/index.php\/2025\/02\/10\/una-empresa-traslada-su-sede-a-la-montana-para-forzar-a-sus-empleados-a-dimitir\/\" \/>\n<meta property=\"og:site_name\" content=\"Fuentes Fidedignas\" \/>\n<meta property=\"article:publisher\" content=\"https:\/\/www.facebook.com\/Fuentes-Fidedignas-368234489921644\" \/>\n<meta property=\"article:published_time\" content=\"2025-02-10T11:29:00+00:00\" \/>\n<meta property=\"og:image\" content=\"https:\/\/fuentesfidedignas.com.mx\/wp-content\/uploads\/2025\/02\/montanas.jpg\" \/>\n\t<meta property=\"og:image:width\" content=\"600\" \/>\n\t<meta property=\"og:image:height\" content=\"335\" \/>\n\t<meta property=\"og:image:type\" content=\"image\/jpeg\" \/>\n<meta name=\"author\" content=\"Redacci\u00f3n\" \/>\n<meta name=\"twitter:card\" content=\"summary_large_image\" \/>\n<meta name=\"twitter:creator\" content=\"@fidedignas\" \/>\n<meta name=\"twitter:site\" content=\"@fidedignas\" \/>\n<meta name=\"twitter:label1\" content=\"Escrito por\" \/>\n\t<meta name=\"twitter:data1\" content=\"Redacci\u00f3n\" \/>\n\t<meta name=\"twitter:label2\" content=\"Tiempo de lectura\" \/>\n\t<meta name=\"twitter:data2\" content=\"4 minutos\" \/>\n<script type=\"application\/ld+json\" class=\"yoast-schema-graph\">{\"@context\":\"https:\\\/\\\/schema.org\",\"@graph\":[{\"@type\":\"Article\",\"@id\":\"https:\\\/\\\/fuentesfidedignas.com.mx\\\/index.php\\\/2025\\\/02\\\/10\\\/una-empresa-traslada-su-sede-a-la-montana-para-forzar-a-sus-empleados-a-dimitir\\\/#article\",\"isPartOf\":{\"@id\":\"https:\\\/\\\/fuentesfidedignas.com.mx\\\/index.php\\\/2025\\\/02\\\/10\\\/una-empresa-traslada-su-sede-a-la-montana-para-forzar-a-sus-empleados-a-dimitir\\\/\"},\"author\":{\"name\":\"Redacci\u00f3n\",\"@id\":\"https:\\\/\\\/fuentesfidedignas.com.mx\\\/#\\\/schema\\\/person\\\/331be9283d37198e2acd5750279085b0\"},\"headline\":\"Una empresa traslada su sede a la monta\u00f1a para forzar a sus empleados a dimitir\",\"datePublished\":\"2025-02-10T11:29:00+00:00\",\"mainEntityOfPage\":{\"@id\":\"https:\\\/\\\/fuentesfidedignas.com.mx\\\/index.php\\\/2025\\\/02\\\/10\\\/una-empresa-traslada-su-sede-a-la-montana-para-forzar-a-sus-empleados-a-dimitir\\\/\"},\"wordCount\":776,\"commentCount\":0,\"publisher\":{\"@id\":\"https:\\\/\\\/fuentesfidedignas.com.mx\\\/#organization\"},\"image\":{\"@id\":\"https:\\\/\\\/fuentesfidedignas.com.mx\\\/index.php\\\/2025\\\/02\\\/10\\\/una-empresa-traslada-su-sede-a-la-montana-para-forzar-a-sus-empleados-a-dimitir\\\/#primaryimage\"},\"thumbnailUrl\":\"https:\\\/\\\/fuentesfidedignas.com.mx\\\/wp-content\\\/uploads\\\/2025\\\/02\\\/montanas.jpg\",\"articleSection\":[\"LAS ASOMBROSAS\"],\"inLanguage\":\"es\",\"potentialAction\":[{\"@type\":\"CommentAction\",\"name\":\"Comment\",\"target\":[\"https:\\\/\\\/fuentesfidedignas.com.mx\\\/index.php\\\/2025\\\/02\\\/10\\\/una-empresa-traslada-su-sede-a-la-montana-para-forzar-a-sus-empleados-a-dimitir\\\/#respond\"]}]},{\"@type\":\"WebPage\",\"@id\":\"https:\\\/\\\/fuentesfidedignas.com.mx\\\/index.php\\\/2025\\\/02\\\/10\\\/una-empresa-traslada-su-sede-a-la-montana-para-forzar-a-sus-empleados-a-dimitir\\\/\",\"url\":\"https:\\\/\\\/fuentesfidedignas.com.mx\\\/index.php\\\/2025\\\/02\\\/10\\\/una-empresa-traslada-su-sede-a-la-montana-para-forzar-a-sus-empleados-a-dimitir\\\/\",\"name\":\"Una empresa traslada su sede a la monta\u00f1a para forzar a sus empleados a dimitir - Fuentes Fidedignas\",\"isPartOf\":{\"@id\":\"https:\\\/\\\/fuentesfidedignas.com.mx\\\/#website\"},\"primaryImageOfPage\":{\"@id\":\"https:\\\/\\\/fuentesfidedignas.com.mx\\\/index.php\\\/2025\\\/02\\\/10\\\/una-empresa-traslada-su-sede-a-la-montana-para-forzar-a-sus-empleados-a-dimitir\\\/#primaryimage\"},\"image\":{\"@id\":\"https:\\\/\\\/fuentesfidedignas.com.mx\\\/index.php\\\/2025\\\/02\\\/10\\\/una-empresa-traslada-su-sede-a-la-montana-para-forzar-a-sus-empleados-a-dimitir\\\/#primaryimage\"},\"thumbnailUrl\":\"https:\\\/\\\/fuentesfidedignas.com.mx\\\/wp-content\\\/uploads\\\/2025\\\/02\\\/montanas.jpg\",\"datePublished\":\"2025-02-10T11:29:00+00:00\",\"breadcrumb\":{\"@id\":\"https:\\\/\\\/fuentesfidedignas.com.mx\\\/index.php\\\/2025\\\/02\\\/10\\\/una-empresa-traslada-su-sede-a-la-montana-para-forzar-a-sus-empleados-a-dimitir\\\/#breadcrumb\"},\"inLanguage\":\"es\",\"potentialAction\":[{\"@type\":\"ReadAction\",\"target\":[\"https:\\\/\\\/fuentesfidedignas.com.mx\\\/index.php\\\/2025\\\/02\\\/10\\\/una-empresa-traslada-su-sede-a-la-montana-para-forzar-a-sus-empleados-a-dimitir\\\/\"]}]},{\"@type\":\"ImageObject\",\"inLanguage\":\"es\",\"@id\":\"https:\\\/\\\/fuentesfidedignas.com.mx\\\/index.php\\\/2025\\\/02\\\/10\\\/una-empresa-traslada-su-sede-a-la-montana-para-forzar-a-sus-empleados-a-dimitir\\\/#primaryimage\",\"url\":\"https:\\\/\\\/fuentesfidedignas.com.mx\\\/wp-content\\\/uploads\\\/2025\\\/02\\\/montanas.jpg\",\"contentUrl\":\"https:\\\/\\\/fuentesfidedignas.com.mx\\\/wp-content\\\/uploads\\\/2025\\\/02\\\/montanas.jpg\",\"width\":600,\"height\":335},{\"@type\":\"BreadcrumbList\",\"@id\":\"https:\\\/\\\/fuentesfidedignas.com.mx\\\/index.php\\\/2025\\\/02\\\/10\\\/una-empresa-traslada-su-sede-a-la-montana-para-forzar-a-sus-empleados-a-dimitir\\\/#breadcrumb\",\"itemListElement\":[{\"@type\":\"ListItem\",\"position\":1,\"name\":\"Inicio\",\"item\":\"https:\\\/\\\/fuentesfidedignas.com.mx\\\/\"},{\"@type\":\"ListItem\",\"position\":2,\"name\":\"Una empresa traslada su sede a la monta\u00f1a para forzar a sus empleados a dimitir\"}]},{\"@type\":\"WebSite\",\"@id\":\"https:\\\/\\\/fuentesfidedignas.com.mx\\\/#website\",\"url\":\"https:\\\/\\\/fuentesfidedignas.com.mx\\\/\",\"name\":\"Fuentes Fidedignas\",\"description\":\"Otro sitio realizado con WordPress\",\"publisher\":{\"@id\":\"https:\\\/\\\/fuentesfidedignas.com.mx\\\/#organization\"},\"potentialAction\":[{\"@type\":\"SearchAction\",\"target\":{\"@type\":\"EntryPoint\",\"urlTemplate\":\"https:\\\/\\\/fuentesfidedignas.com.mx\\\/?s={search_term_string}\"},\"query-input\":{\"@type\":\"PropertyValueSpecification\",\"valueRequired\":true,\"valueName\":\"search_term_string\"}}],\"inLanguage\":\"es\"},{\"@type\":\"Organization\",\"@id\":\"https:\\\/\\\/fuentesfidedignas.com.mx\\\/#organization\",\"name\":\"Fuentes Fidedignas\",\"url\":\"https:\\\/\\\/fuentesfidedignas.com.mx\\\/\",\"logo\":{\"@type\":\"ImageObject\",\"inLanguage\":\"es\",\"@id\":\"https:\\\/\\\/fuentesfidedignas.com.mx\\\/#\\\/schema\\\/logo\\\/image\\\/\",\"url\":\"https:\\\/\\\/fuentesfidedignas.com.mx\\\/wp-content\\\/uploads\\\/2021\\\/04\\\/logo-retina.png\",\"contentUrl\":\"https:\\\/\\\/fuentesfidedignas.com.mx\\\/wp-content\\\/uploads\\\/2021\\\/04\\\/logo-retina.png\",\"width\":280,\"height\":51,\"caption\":\"Fuentes Fidedignas\"},\"image\":{\"@id\":\"https:\\\/\\\/fuentesfidedignas.com.mx\\\/#\\\/schema\\\/logo\\\/image\\\/\"},\"sameAs\":[\"https:\\\/\\\/www.facebook.com\\\/Fuentes-Fidedignas-368234489921644\",\"https:\\\/\\\/x.com\\\/fidedignas\"]},{\"@type\":\"Person\",\"@id\":\"https:\\\/\\\/fuentesfidedignas.com.mx\\\/#\\\/schema\\\/person\\\/331be9283d37198e2acd5750279085b0\",\"name\":\"Redacci\u00f3n\",\"image\":{\"@type\":\"ImageObject\",\"inLanguage\":\"es\",\"@id\":\"https:\\\/\\\/secure.gravatar.com\\\/avatar\\\/f6d8782c11d12b2d4ad3fbb6931aeab5309937a4d6cd2fc9cfaa28a6396a5aec?s=96&d=mm&r=g\",\"url\":\"https:\\\/\\\/secure.gravatar.com\\\/avatar\\\/f6d8782c11d12b2d4ad3fbb6931aeab5309937a4d6cd2fc9cfaa28a6396a5aec?s=96&d=mm&r=g\",\"contentUrl\":\"https:\\\/\\\/secure.gravatar.com\\\/avatar\\\/f6d8782c11d12b2d4ad3fbb6931aeab5309937a4d6cd2fc9cfaa28a6396a5aec?s=96&d=mm&r=g\",\"caption\":\"Redacci\u00f3n\"},\"url\":\"https:\\\/\\\/fuentesfidedignas.com.mx\\\/index.php\\\/author\\\/redaccion\\\/\"}]}<\/script>\n<!-- \/ Yoast SEO plugin. -->","yoast_head_json":{"title":"Una empresa traslada su sede a la monta\u00f1a para forzar a sus empleados a dimitir - Fuentes Fidedignas","robots":{"index":"index","follow":"follow","max-snippet":"max-snippet:-1","max-image-preview":"max-image-preview:large","max-video-preview":"max-video-preview:-1"},"canonical":"https:\/\/fuentesfidedignas.com.mx\/index.php\/2025\/02\/10\/una-empresa-traslada-su-sede-a-la-montana-para-forzar-a-sus-empleados-a-dimitir\/","og_locale":"es_MX","og_type":"article","og_title":"Una empresa traslada su sede a la monta\u00f1a para forzar a sus empleados a dimitir - Fuentes Fidedignas","og_description":"Obliga a los trabajadores a ir a las monta\u00f1as todos los d\u00edas, que en el mejor de los casos implica un desplazamiento de 4 horas. Las monta\u00f1as de Qinling en China se han convertido en el escenario de una nueva pol\u00e9mica laboral: una empresa de publicidad ha trasladado all\u00ed su sede, obligando a sus trabajadores [&hellip;]","og_url":"https:\/\/fuentesfidedignas.com.mx\/index.php\/2025\/02\/10\/una-empresa-traslada-su-sede-a-la-montana-para-forzar-a-sus-empleados-a-dimitir\/","og_site_name":"Fuentes Fidedignas","article_publisher":"https:\/\/www.facebook.com\/Fuentes-Fidedignas-368234489921644","article_published_time":"2025-02-10T11:29:00+00:00","og_image":[{"width":600,"height":335,"url":"https:\/\/fuentesfidedignas.com.mx\/wp-content\/uploads\/2025\/02\/montanas.jpg","type":"image\/jpeg"}],"author":"Redacci\u00f3n","twitter_card":"summary_large_image","twitter_creator":"@fidedignas","twitter_site":"@fidedignas","twitter_misc":{"Escrito por":"Redacci\u00f3n","Tiempo de lectura":"4 minutos"},"schema":{"@context":"https:\/\/schema.org","@graph":[{"@type":"Article","@id":"https:\/\/fuentesfidedignas.com.mx\/index.php\/2025\/02\/10\/una-empresa-traslada-su-sede-a-la-montana-para-forzar-a-sus-empleados-a-dimitir\/#article","isPartOf":{"@id":"https:\/\/fuentesfidedignas.com.mx\/index.php\/2025\/02\/10\/una-empresa-traslada-su-sede-a-la-montana-para-forzar-a-sus-empleados-a-dimitir\/"},"author":{"name":"Redacci\u00f3n","@id":"https:\/\/fuentesfidedignas.com.mx\/#\/schema\/person\/331be9283d37198e2acd5750279085b0"},"headline":"Una empresa traslada su sede a la monta\u00f1a para forzar a sus empleados a dimitir","datePublished":"2025-02-10T11:29:00+00:00","mainEntityOfPage":{"@id":"https:\/\/fuentesfidedignas.com.mx\/index.php\/2025\/02\/10\/una-empresa-traslada-su-sede-a-la-montana-para-forzar-a-sus-empleados-a-dimitir\/"},"wordCount":776,"commentCount":0,"publisher":{"@id":"https:\/\/fuentesfidedignas.com.mx\/#organization"},"image":{"@id":"https:\/\/fuentesfidedignas.com.mx\/index.php\/2025\/02\/10\/una-empresa-traslada-su-sede-a-la-montana-para-forzar-a-sus-empleados-a-dimitir\/#primaryimage"},"thumbnailUrl":"https:\/\/fuentesfidedignas.com.mx\/wp-content\/uploads\/2025\/02\/montanas.jpg","articleSection":["LAS ASOMBROSAS"],"inLanguage":"es","potentialAction":[{"@type":"CommentAction","name":"Comment","target":["https:\/\/fuentesfidedignas.com.mx\/index.php\/2025\/02\/10\/una-empresa-traslada-su-sede-a-la-montana-para-forzar-a-sus-empleados-a-dimitir\/#respond"]}]},{"@type":"WebPage","@id":"https:\/\/fuentesfidedignas.com.mx\/index.php\/2025\/02\/10\/una-empresa-traslada-su-sede-a-la-montana-para-forzar-a-sus-empleados-a-dimitir\/","url":"https:\/\/fuentesfidedignas.com.mx\/index.php\/2025\/02\/10\/una-empresa-traslada-su-sede-a-la-montana-para-forzar-a-sus-empleados-a-dimitir\/","name":"Una empresa traslada su sede a la monta\u00f1a para forzar a sus empleados a dimitir - Fuentes Fidedignas","isPartOf":{"@id":"https:\/\/fuentesfidedignas.com.mx\/#website"},"primaryImageOfPage":{"@id":"https:\/\/fuentesfidedignas.com.mx\/index.php\/2025\/02\/10\/una-empresa-traslada-su-sede-a-la-montana-para-forzar-a-sus-empleados-a-dimitir\/#primaryimage"},"image":{"@id":"https:\/\/fuentesfidedignas.com.mx\/index.php\/2025\/02\/10\/una-empresa-traslada-su-sede-a-la-montana-para-forzar-a-sus-empleados-a-dimitir\/#primaryimage"},"thumbnailUrl":"https:\/\/fuentesfidedignas.com.mx\/wp-content\/uploads\/2025\/02\/montanas.jpg","datePublished":"2025-02-10T11:29:00+00:00","breadcrumb":{"@id":"https:\/\/fuentesfidedignas.com.mx\/index.php\/2025\/02\/10\/una-empresa-traslada-su-sede-a-la-montana-para-forzar-a-sus-empleados-a-dimitir\/#breadcrumb"},"inLanguage":"es","potentialAction":[{"@type":"ReadAction","target":["https:\/\/fuentesfidedignas.com.mx\/index.php\/2025\/02\/10\/una-empresa-traslada-su-sede-a-la-montana-para-forzar-a-sus-empleados-a-dimitir\/"]}]},{"@type":"ImageObject","inLanguage":"es","@id":"https:\/\/fuentesfidedignas.com.mx\/index.php\/2025\/02\/10\/una-empresa-traslada-su-sede-a-la-montana-para-forzar-a-sus-empleados-a-dimitir\/#primaryimage","url":"https:\/\/fuentesfidedignas.com.mx\/wp-content\/uploads\/2025\/02\/montanas.jpg","contentUrl":"https:\/\/fuentesfidedignas.com.mx\/wp-content\/uploads\/2025\/02\/montanas.jpg","width":600,"height":335},{"@type":"BreadcrumbList","@id":"https:\/\/fuentesfidedignas.com.mx\/index.php\/2025\/02\/10\/una-empresa-traslada-su-sede-a-la-montana-para-forzar-a-sus-empleados-a-dimitir\/#breadcrumb","itemListElement":[{"@type":"ListItem","position":1,"name":"Inicio","item":"https:\/\/fuentesfidedignas.com.mx\/"},{"@type":"ListItem","position":2,"name":"Una empresa traslada su sede a la monta\u00f1a para forzar a sus empleados a dimitir"}]},{"@type":"WebSite","@id":"https:\/\/fuentesfidedignas.com.mx\/#website","url":"https:\/\/fuentesfidedignas.com.mx\/","name":"Fuentes Fidedignas","description":"Otro sitio realizado con WordPress","publisher":{"@id":"https:\/\/fuentesfidedignas.com.mx\/#organization"},"potentialAction":[{"@type":"SearchAction","target":{"@type":"EntryPoint","urlTemplate":"https:\/\/fuentesfidedignas.com.mx\/?s={search_term_string}"},"query-input":{"@type":"PropertyValueSpecification","valueRequired":true,"valueName":"search_term_string"}}],"inLanguage":"es"},{"@type":"Organization","@id":"https:\/\/fuentesfidedignas.com.mx\/#organization","name":"Fuentes Fidedignas","url":"https:\/\/fuentesfidedignas.com.mx\/","logo":{"@type":"ImageObject","inLanguage":"es","@id":"https:\/\/fuentesfidedignas.com.mx\/#\/schema\/logo\/image\/","url":"https:\/\/fuentesfidedignas.com.mx\/wp-content\/uploads\/2021\/04\/logo-retina.png","contentUrl":"https:\/\/fuentesfidedignas.com.mx\/wp-content\/uploads\/2021\/04\/logo-retina.png","width":280,"height":51,"caption":"Fuentes Fidedignas"},"image":{"@id":"https:\/\/fuentesfidedignas.com.mx\/#\/schema\/logo\/image\/"},"sameAs":["https:\/\/www.facebook.com\/Fuentes-Fidedignas-368234489921644","https:\/\/x.com\/fidedignas"]},{"@type":"Person","@id":"https:\/\/fuentesfidedignas.com.mx\/#\/schema\/person\/331be9283d37198e2acd5750279085b0","name":"Redacci\u00f3n","image":{"@type":"ImageObject","inLanguage":"es","@id":"https:\/\/secure.gravatar.com\/avatar\/f6d8782c11d12b2d4ad3fbb6931aeab5309937a4d6cd2fc9cfaa28a6396a5aec?s=96&d=mm&r=g","url":"https:\/\/secure.gravatar.com\/avatar\/f6d8782c11d12b2d4ad3fbb6931aeab5309937a4d6cd2fc9cfaa28a6396a5aec?s=96&d=mm&r=g","contentUrl":"https:\/\/secure.gravatar.com\/avatar\/f6d8782c11d12b2d4ad3fbb6931aeab5309937a4d6cd2fc9cfaa28a6396a5aec?s=96&d=mm&r=g","caption":"Redacci\u00f3n"},"url":"https:\/\/fuentesfidedignas.com.mx\/index.php\/author\/redaccion\/"}]}},"_links":{"self":[{"href":"https:\/\/fuentesfidedignas.com.mx\/index.php\/wp-json\/wp\/v2\/posts\/101315","targetHints":{"allow":["GET"]}}],"collection":[{"href":"https:\/\/fuentesfidedignas.com.mx\/index.php\/wp-json\/wp\/v2\/posts"}],"about":[{"href":"https:\/\/fuentesfidedignas.com.mx\/index.php\/wp-json\/wp\/v2\/types\/post"}],"author":[{"embeddable":true,"href":"https:\/\/fuentesfidedignas.com.mx\/index.php\/wp-json\/wp\/v2\/users\/4"}],"replies":[{"embeddable":true,"href":"https:\/\/fuentesfidedignas.com.mx\/index.php\/wp-json\/wp\/v2\/comments?post=101315"}],"version-history":[{"count":1,"href":"https:\/\/fuentesfidedignas.com.mx\/index.php\/wp-json\/wp\/v2\/posts\/101315\/revisions"}],"predecessor-version":[{"id":101317,"href":"https:\/\/fuentesfidedignas.com.mx\/index.php\/wp-json\/wp\/v2\/posts\/101315\/revisions\/101317"}],"wp:featuredmedia":[{"embeddable":true,"href":"https:\/\/fuentesfidedignas.com.mx\/index.php\/wp-json\/wp\/v2\/media\/101316"}],"wp:attachment":[{"href":"https:\/\/fuentesfidedignas.com.mx\/index.php\/wp-json\/wp\/v2\/media?parent=101315"}],"wp:term":[{"taxonomy":"category","embeddable":true,"href":"https:\/\/fuentesfidedignas.com.mx\/index.php\/wp-json\/wp\/v2\/categories?post=101315"},{"taxonomy":"post_tag","embeddable":true,"href":"https:\/\/fuentesfidedignas.com.mx\/index.php\/wp-json\/wp\/v2\/tags?post=101315"}],"curies":[{"name":"wp","href":"https:\/\/api.w.org\/{rel}","templated":true}]}}