{"id":10110,"date":"2021-08-18T08:23:44","date_gmt":"2021-08-18T15:23:44","guid":{"rendered":"https:\/\/fuentesfidedignas.com.mx\/?p=10110"},"modified":"2021-08-18T08:26:40","modified_gmt":"2021-08-18T15:26:40","slug":"en-silla-de-ruedas-y-ciego-de-un-ojo-reaparece-felix-gallardo-el-jefe-de-jefes","status":"publish","type":"post","link":"https:\/\/fuentesfidedignas.com.mx\/index.php\/2021\/08\/18\/en-silla-de-ruedas-y-ciego-de-un-ojo-reaparece-felix-gallardo-el-jefe-de-jefes\/","title":{"rendered":"En silla de ruedas y ciego de un ojo, reaparece F\u00e9lix Gallardo, &#8220;El Jefe de Jefes&#8221;"},"content":{"rendered":"\n<p><br><strong><em>En entrevista con Telemundo, el excapo narr\u00f3 c\u00f3mo ha sido su vida tras 32 a\u00f1os preso en el penal federal de Puente Grande, Jalisco<\/em><\/strong><\/p>\n\n\n\n<p>Jalisco.-  Noticias Telemundo present\u00f3 la primera parte de una entrevista a Miguel \u00c1ngel F\u00e9lix Gallardo, quien en alg\u00fan momento fue considerado en narcotraficante m\u00e1s importante de M\u00e9xico.<\/p>\n\n\n\n<p>En silla de ruedas, sordo de un o\u00eddo y ciego de un ojo, F\u00e9lix Gallardo reapareci\u00f3 ante las c\u00e1maras despu\u00e9s de 32 a\u00f1os de estar en la zona de m\u00e1xima seguridad del penal federal de Puente Grande, Jalisco.<\/p>\n\n\n\n<p>\u201cMi salud es p\u00e9sima, mi familia est\u00e1 haciendo un hoyo para yo ser enterrado en un \u00e1rbol\u201d, explic\u00f3 el fundador del C\u00e1rtel de Guadalajara al medio internacional.<\/p>\n\n\n\n<p>Cabe destacar que, ante la poca audici\u00f3n de F\u00e9lix Gallardo, la reportera de Telemundo, Issa Osorio Ugalde, tuvo que pasarle las preguntas escritas a trav\u00e9s de un papel.<\/p>\n\n\n\n<p>Asimismo, el excapo expres\u00f3 no tener pron\u00f3stico de vida. \u201cPerd\u00ed todo. Perd\u00ed la sensibilidad, los o\u00eddos, los ojos\u201d.<\/p>\n\n\n\n<p>\u201cYo soy un cad\u00e1ver el cual no espera m\u00e1s que ser enterrado en la ra\u00edz de un \u00e1rbol\u201d, agreg\u00f3.<\/p>\n\n\n\n<p>Adem\u00e1s, el tambi\u00e9n llamado \u201cJefe de jefes\u201d llevaba consigo un tanque de ox\u00edgeno. \u201cTraigo una neumon\u00eda grave, muy grave&#8221;, a\u00f1adi\u00f3.<\/p>\n\n\n\n<p>Finalmente, coment\u00f3 lo que ha pasado durante tantos a\u00f1os en prisi\u00f3n. \u201cFui cercenado del est\u00f3mago, me quitaron ocho hernias, me privaron de la vista, de los o\u00eddos y no puedo caminar&#8221;.<\/p>\n\n\n\n<figure class=\"wp-block-embed is-type-video is-provider-youtube wp-block-embed-youtube wp-embed-aspect-16-9 wp-has-aspect-ratio\"><div class=\"wp-block-embed__wrapper\">\n<div class=\"youtube-embed\" data-video_id=\"JXSzfaxbcWM\"><iframe loading=\"lazy\" title=\"El \u2018Jefe de jefes\u2019 rompe el silencio tras 32 a\u00f1os en prisi\u00f3n | Noticias Telemundo\" width=\"696\" height=\"392\" src=\"https:\/\/www.youtube.com\/embed\/JXSzfaxbcWM?feature=oembed&#038;enablejsapi=1\" frameborder=\"0\" allow=\"accelerometer; autoplay; clipboard-write; encrypted-media; gyroscope; picture-in-picture\" allowfullscreen><\/iframe><\/div>\n<\/div><\/figure>\n\n\n\n<p><strong>\u00bfQui\u00e9n es Miguel \u00c1ngel F\u00e9lix?<\/strong><\/p>\n\n\n\n<p>Miguel \u00c1ngel F\u00e9lix Gallardo, \u201cEl Jefe de Jefes\u201d, marc\u00f3 un antes y un despu\u00e9s en la historia del narcotr\u00e1fico en M\u00e9xico.<\/p>\n\n\n\n<p>Se convirti\u00f3 en el zar de la coca\u00edna al ser el primero en traficarla a Estados Unidos; inaugur\u00f3 los contactos con los narcos colombianos; dise\u00f1\u00f3 y control\u00f3 las principales rutas de trasiego de droga en el pa\u00eds.<\/p>\n\n\n\n<p>Los polic\u00edas que le detuvieron y que lo custodiaron se refer\u00edan a \u00e9l como un \u201ccaballero\u201d, por su trato.<\/p>\n\n\n\n<p>Nacido en 1946 en Culiac\u00e1n, Sinaloa, el tambi\u00e9n apodado como \u201cEl Padrino\u201d estuvo en la extinta Polic\u00eda Judicial Federal cuando era joven, y despu\u00e9s se desempe\u00f1\u00f3 como escolta de los hijos del ex gobernador de Sinaloa, Rodolfo S\u00e1nchez Celis, quien gobern\u00f3 la entidad de 1963 a 1968.<\/p>\n\n\n\n<p>Fue heredero del imperio que a sangre y fuego construyera el temido narcotraficante Pedro Avil\u00e9s. En la d\u00e9cada de los 70 y 80 alcanz\u00f3 la cima como el capo m\u00e1s poderoso de M\u00e9xico, cambiando la operaci\u00f3n del narcotr\u00e1fico, ya que antes de que irrumpiera en la escena criminal s\u00f3lo se transportaba marihuana y amapola al vecino pa\u00eds del norte.<\/p>\n\n\n\n<p>Logr\u00f3 tejer alianzas con el violento l\u00edder del c\u00e1rtel de Medell\u00edn, Pablo Escobar Gaviria y con el rico y afamado criminal hondure\u00f1o, Ram\u00f3n Matta Ballesteros.<\/p>\n\n\n\n<p>Es t\u00edo de Sandra \u00c1vila Beltr\u00e1n, conocida como la &#8220;Reina del Pac\u00edfico&#8221;, adem\u00e1s se le vincula familiarmente con los hermanos Arellano F\u00e9lix, fundadores del c\u00e1rtel de Tijuana, pero hasta el momento no reconoce parentesco con ellos.<\/p>\n\n\n\n<p>Mientras la marihuana la controlaba Rafael Caro Quintero en una de las puntas del Tri\u00e1ngulo Dorado (Chihuahua), el otro v\u00e9rtice le correspond\u00eda a los herederos de Jaime Herrera Nevares; es decir, a sus siete hermanos y cuatro hermanas; as\u00ed como a todos sus nietos, hoy encargados de la goma de opio y hero\u00edna, en Durango.<\/p>\n\n\n\n<p>El tercer punto del tri\u00e1ngulo lo detentaba Miguel \u00c1ngel F\u00e9lix quien en ese entonces ya era socio de Pablo Escobar. El acercamiento entre ambos fue por el narcotraficante hondure\u00f1o Ram\u00f3n Matta Ballesteros. La alianza se suscribi\u00f3 en 1984.<\/p>\n\n\n\n<p>Eran los tiempos de Ronald Reagan en Estados Unidos y tambi\u00e9n la efervescencia guerrillera en Centroam\u00e9rica. Los inicios de la expansi\u00f3n de la coca\u00edna en M\u00e9xico.<\/p>\n\n\n\n<p>El tiempo pas\u00f3, por a\u00f1os el negocio se fue a las nubes, hasta el 8 de abril de 1989 cuando es detenido F\u00e9lix Gallardo en una de sus residencias en Guadalajara. Con todo el poder en sus manos por ser el zar de la coca\u00edna en M\u00e9xico dirig\u00eda desde prisi\u00f3n, pero al entrar en funciones el primer penal de m\u00e1xima seguridad en Almoloya de Ju\u00e1rez, Estado de M\u00e9xico, se acab\u00f3 su reinado.<\/p>\n\n\n\n<p>Tras la ca\u00edda de Miguel \u00c1ngel F\u00e9lix Gallardo, Rafael Caro Quintero \u201cEl Narco de Narcos\u201d y Ernesto Fonseca Carrillo \u201cDon Neto\u201d asumieron el liderazgo del c\u00e1rtel de Guadalajara. Todos bajo la misma escuela de Pedro Avil\u00e9s P\u00e9rez el pionero de la droga en el pa\u00eds.<\/p>\n\n\n\n<p>Ah\u00ed tambi\u00e9n estaba H\u00e9ctor El G\u00fcero Palma, uno de los m\u00e1s cercanos a F\u00e9lix Gallardo, y Joaqu\u00edn \u201cEl Chapo\u201d Guzm\u00e1n que comenzaba a tomar notoriedad en los a\u00f1os de 1980.<\/p>\n\n\n\n<p>F\u00e9lix Gallardo se sinti\u00f3 traicionado al enterarse que \u201cEl G\u00fcero\u201d Palma buscaba hacer su propio negocio de las drogas; ese fue el detonante del primer rompimiento que dio origen a dos c\u00e1rteles entre 1989 y 1990, el de Tijuana de los Arellano F\u00e9lix y el de Sinaloa encabezado por H\u00e9ctor Palma, Joaqu\u00edn Guzm\u00e1n Loera y al que se sumar\u00edan Ismael \u201cEl Mayo\u201d Zambada, Juan Jos\u00e9 Esparragoza \u201cEl Azul\u201d e Ignacio \u201cNacho\u201d Coronel, que dej\u00f3 el c\u00e1rtel de Ju\u00e1rez de Amado Carrillo Fuentes \u201cEl Se\u00f1or de los Cielos\u201d.<\/p>\n\n\n\n<p>Caro Quintero, Fonseca Carrillo y F\u00e9lix Gallardo fueron a prisi\u00f3n por el secuestro y homicidio de agente de la DEA, Enrique Camarena Salazar y el piloto, Alfredo Zavala Avelar.<\/p>\n\n\n\n<p>El camino qued\u00f3 libre para el reci\u00e9n conformado c\u00e1rtel de Sinaloa.<\/p>\n\n\n\n<p>*Consulta el video completo aqu\u00ed:<\/p>\n","protected":false},"excerpt":{"rendered":"<p>En entrevista con Telemundo, el excapo narr\u00f3 c\u00f3mo ha sido su vida tras 32 a\u00f1os preso en el penal federal de Puente Grande, Jalisco Jalisco.- Noticias Telemundo present\u00f3 la primera parte de una entrevista a Miguel \u00c1ngel F\u00e9lix Gallardo, quien en alg\u00fan momento fue considerado en narcotraficante m\u00e1s importante de M\u00e9xico. En silla de ruedas, [&hellip;]<\/p>\n","protected":false},"author":39,"featured_media":10111,"comment_status":"open","ping_status":"open","sticky":false,"template":"","format":"standard","meta":{"tdm_status":"","tdm_grid_status":"","footnotes":""},"categories":[39],"tags":[],"class_list":{"0":"post-10110","1":"post","2":"type-post","3":"status-publish","4":"format-standard","5":"has-post-thumbnail","7":"category-noticias-nacionales"},"yoast_head":"<!-- This site is optimized with the Yoast SEO plugin v27.5 - https:\/\/yoast.com\/product\/yoast-seo-wordpress\/ -->\n<title>En silla de ruedas y ciego de un ojo, reaparece F\u00e9lix Gallardo, &quot;El Jefe de Jefes&quot; - Fuentes Fidedignas<\/title>\n<meta name=\"robots\" content=\"index, follow, max-snippet:-1, max-image-preview:large, max-video-preview:-1\" \/>\n<link rel=\"canonical\" href=\"https:\/\/fuentesfidedignas.com.mx\/index.php\/2021\/08\/18\/en-silla-de-ruedas-y-ciego-de-un-ojo-reaparece-felix-gallardo-el-jefe-de-jefes\/\" \/>\n<meta property=\"og:locale\" content=\"es_MX\" \/>\n<meta property=\"og:type\" content=\"article\" \/>\n<meta property=\"og:title\" content=\"En silla de ruedas y ciego de un ojo, reaparece F\u00e9lix Gallardo, &quot;El Jefe de Jefes&quot; - Fuentes Fidedignas\" \/>\n<meta property=\"og:description\" content=\"En entrevista con Telemundo, el excapo narr\u00f3 c\u00f3mo ha sido su vida tras 32 a\u00f1os preso en el penal federal de Puente Grande, Jalisco Jalisco.- Noticias Telemundo present\u00f3 la primera parte de una entrevista a Miguel \u00c1ngel F\u00e9lix Gallardo, quien en alg\u00fan momento fue considerado en narcotraficante m\u00e1s importante de M\u00e9xico. En silla de ruedas, [&hellip;]\" \/>\n<meta property=\"og:url\" content=\"https:\/\/fuentesfidedignas.com.mx\/index.php\/2021\/08\/18\/en-silla-de-ruedas-y-ciego-de-un-ojo-reaparece-felix-gallardo-el-jefe-de-jefes\/\" \/>\n<meta property=\"og:site_name\" content=\"Fuentes Fidedignas\" \/>\n<meta property=\"article:publisher\" content=\"https:\/\/www.facebook.com\/Fuentes-Fidedignas-368234489921644\" \/>\n<meta property=\"article:published_time\" content=\"2021-08-18T15:23:44+00:00\" \/>\n<meta property=\"article:modified_time\" content=\"2021-08-18T15:26:40+00:00\" \/>\n<meta property=\"og:image\" content=\"https:\/\/fuentesfidedignas.com.mx\/wp-content\/uploads\/2021\/08\/felix-gallardo.jpg\" \/>\n\t<meta property=\"og:image:width\" content=\"855\" \/>\n\t<meta property=\"og:image:height\" content=\"530\" \/>\n\t<meta property=\"og:image:type\" content=\"image\/jpeg\" \/>\n<meta name=\"author\" content=\"El Universal\" \/>\n<meta name=\"twitter:card\" content=\"summary_large_image\" \/>\n<meta name=\"twitter:creator\" content=\"@fidedignas\" \/>\n<meta name=\"twitter:site\" content=\"@fidedignas\" \/>\n<meta name=\"twitter:label1\" content=\"Escrito por\" \/>\n\t<meta name=\"twitter:data1\" content=\"El Universal\" \/>\n\t<meta name=\"twitter:label2\" content=\"Tiempo de lectura\" \/>\n\t<meta name=\"twitter:data2\" content=\"4 minutos\" \/>\n<script type=\"application\/ld+json\" class=\"yoast-schema-graph\">{\"@context\":\"https:\\\/\\\/schema.org\",\"@graph\":[{\"@type\":\"Article\",\"@id\":\"https:\\\/\\\/fuentesfidedignas.com.mx\\\/index.php\\\/2021\\\/08\\\/18\\\/en-silla-de-ruedas-y-ciego-de-un-ojo-reaparece-felix-gallardo-el-jefe-de-jefes\\\/#article\",\"isPartOf\":{\"@id\":\"https:\\\/\\\/fuentesfidedignas.com.mx\\\/index.php\\\/2021\\\/08\\\/18\\\/en-silla-de-ruedas-y-ciego-de-un-ojo-reaparece-felix-gallardo-el-jefe-de-jefes\\\/\"},\"author\":{\"name\":\"El Universal\",\"@id\":\"https:\\\/\\\/fuentesfidedignas.com.mx\\\/#\\\/schema\\\/person\\\/fee3882e65fd0510d292c43a346d35d7\"},\"headline\":\"En silla de ruedas y ciego de un ojo, reaparece F\u00e9lix Gallardo, &#8220;El Jefe de Jefes&#8221;\",\"datePublished\":\"2021-08-18T15:23:44+00:00\",\"dateModified\":\"2021-08-18T15:26:40+00:00\",\"mainEntityOfPage\":{\"@id\":\"https:\\\/\\\/fuentesfidedignas.com.mx\\\/index.php\\\/2021\\\/08\\\/18\\\/en-silla-de-ruedas-y-ciego-de-un-ojo-reaparece-felix-gallardo-el-jefe-de-jefes\\\/\"},\"wordCount\":1007,\"commentCount\":0,\"publisher\":{\"@id\":\"https:\\\/\\\/fuentesfidedignas.com.mx\\\/#organization\"},\"image\":{\"@id\":\"https:\\\/\\\/fuentesfidedignas.com.mx\\\/index.php\\\/2021\\\/08\\\/18\\\/en-silla-de-ruedas-y-ciego-de-un-ojo-reaparece-felix-gallardo-el-jefe-de-jefes\\\/#primaryimage\"},\"thumbnailUrl\":\"https:\\\/\\\/fuentesfidedignas.com.mx\\\/wp-content\\\/uploads\\\/2021\\\/08\\\/felix-gallardo.jpg\",\"articleSection\":[\"NOTICIAS NACIONALES\"],\"inLanguage\":\"es\",\"potentialAction\":[{\"@type\":\"CommentAction\",\"name\":\"Comment\",\"target\":[\"https:\\\/\\\/fuentesfidedignas.com.mx\\\/index.php\\\/2021\\\/08\\\/18\\\/en-silla-de-ruedas-y-ciego-de-un-ojo-reaparece-felix-gallardo-el-jefe-de-jefes\\\/#respond\"]}]},{\"@type\":\"WebPage\",\"@id\":\"https:\\\/\\\/fuentesfidedignas.com.mx\\\/index.php\\\/2021\\\/08\\\/18\\\/en-silla-de-ruedas-y-ciego-de-un-ojo-reaparece-felix-gallardo-el-jefe-de-jefes\\\/\",\"url\":\"https:\\\/\\\/fuentesfidedignas.com.mx\\\/index.php\\\/2021\\\/08\\\/18\\\/en-silla-de-ruedas-y-ciego-de-un-ojo-reaparece-felix-gallardo-el-jefe-de-jefes\\\/\",\"name\":\"En silla de ruedas y ciego de un ojo, reaparece F\u00e9lix Gallardo, \\\"El Jefe de Jefes\\\" - Fuentes Fidedignas\",\"isPartOf\":{\"@id\":\"https:\\\/\\\/fuentesfidedignas.com.mx\\\/#website\"},\"primaryImageOfPage\":{\"@id\":\"https:\\\/\\\/fuentesfidedignas.com.mx\\\/index.php\\\/2021\\\/08\\\/18\\\/en-silla-de-ruedas-y-ciego-de-un-ojo-reaparece-felix-gallardo-el-jefe-de-jefes\\\/#primaryimage\"},\"image\":{\"@id\":\"https:\\\/\\\/fuentesfidedignas.com.mx\\\/index.php\\\/2021\\\/08\\\/18\\\/en-silla-de-ruedas-y-ciego-de-un-ojo-reaparece-felix-gallardo-el-jefe-de-jefes\\\/#primaryimage\"},\"thumbnailUrl\":\"https:\\\/\\\/fuentesfidedignas.com.mx\\\/wp-content\\\/uploads\\\/2021\\\/08\\\/felix-gallardo.jpg\",\"datePublished\":\"2021-08-18T15:23:44+00:00\",\"dateModified\":\"2021-08-18T15:26:40+00:00\",\"breadcrumb\":{\"@id\":\"https:\\\/\\\/fuentesfidedignas.com.mx\\\/index.php\\\/2021\\\/08\\\/18\\\/en-silla-de-ruedas-y-ciego-de-un-ojo-reaparece-felix-gallardo-el-jefe-de-jefes\\\/#breadcrumb\"},\"inLanguage\":\"es\",\"potentialAction\":[{\"@type\":\"ReadAction\",\"target\":[\"https:\\\/\\\/fuentesfidedignas.com.mx\\\/index.php\\\/2021\\\/08\\\/18\\\/en-silla-de-ruedas-y-ciego-de-un-ojo-reaparece-felix-gallardo-el-jefe-de-jefes\\\/\"]}]},{\"@type\":\"ImageObject\",\"inLanguage\":\"es\",\"@id\":\"https:\\\/\\\/fuentesfidedignas.com.mx\\\/index.php\\\/2021\\\/08\\\/18\\\/en-silla-de-ruedas-y-ciego-de-un-ojo-reaparece-felix-gallardo-el-jefe-de-jefes\\\/#primaryimage\",\"url\":\"https:\\\/\\\/fuentesfidedignas.com.mx\\\/wp-content\\\/uploads\\\/2021\\\/08\\\/felix-gallardo.jpg\",\"contentUrl\":\"https:\\\/\\\/fuentesfidedignas.com.mx\\\/wp-content\\\/uploads\\\/2021\\\/08\\\/felix-gallardo.jpg\",\"width\":855,\"height\":530},{\"@type\":\"BreadcrumbList\",\"@id\":\"https:\\\/\\\/fuentesfidedignas.com.mx\\\/index.php\\\/2021\\\/08\\\/18\\\/en-silla-de-ruedas-y-ciego-de-un-ojo-reaparece-felix-gallardo-el-jefe-de-jefes\\\/#breadcrumb\",\"itemListElement\":[{\"@type\":\"ListItem\",\"position\":1,\"name\":\"Inicio\",\"item\":\"https:\\\/\\\/fuentesfidedignas.com.mx\\\/\"},{\"@type\":\"ListItem\",\"position\":2,\"name\":\"En silla de ruedas y ciego de un ojo, reaparece F\u00e9lix Gallardo, &#8220;El Jefe de Jefes&#8221;\"}]},{\"@type\":\"WebSite\",\"@id\":\"https:\\\/\\\/fuentesfidedignas.com.mx\\\/#website\",\"url\":\"https:\\\/\\\/fuentesfidedignas.com.mx\\\/\",\"name\":\"Fuentes Fidedignas\",\"description\":\"Otro sitio realizado con WordPress\",\"publisher\":{\"@id\":\"https:\\\/\\\/fuentesfidedignas.com.mx\\\/#organization\"},\"potentialAction\":[{\"@type\":\"SearchAction\",\"target\":{\"@type\":\"EntryPoint\",\"urlTemplate\":\"https:\\\/\\\/fuentesfidedignas.com.mx\\\/?s={search_term_string}\"},\"query-input\":{\"@type\":\"PropertyValueSpecification\",\"valueRequired\":true,\"valueName\":\"search_term_string\"}}],\"inLanguage\":\"es\"},{\"@type\":\"Organization\",\"@id\":\"https:\\\/\\\/fuentesfidedignas.com.mx\\\/#organization\",\"name\":\"Fuentes Fidedignas\",\"url\":\"https:\\\/\\\/fuentesfidedignas.com.mx\\\/\",\"logo\":{\"@type\":\"ImageObject\",\"inLanguage\":\"es\",\"@id\":\"https:\\\/\\\/fuentesfidedignas.com.mx\\\/#\\\/schema\\\/logo\\\/image\\\/\",\"url\":\"https:\\\/\\\/fuentesfidedignas.com.mx\\\/wp-content\\\/uploads\\\/2021\\\/04\\\/logo-retina.png\",\"contentUrl\":\"https:\\\/\\\/fuentesfidedignas.com.mx\\\/wp-content\\\/uploads\\\/2021\\\/04\\\/logo-retina.png\",\"width\":280,\"height\":51,\"caption\":\"Fuentes Fidedignas\"},\"image\":{\"@id\":\"https:\\\/\\\/fuentesfidedignas.com.mx\\\/#\\\/schema\\\/logo\\\/image\\\/\"},\"sameAs\":[\"https:\\\/\\\/www.facebook.com\\\/Fuentes-Fidedignas-368234489921644\",\"https:\\\/\\\/x.com\\\/fidedignas\"]},{\"@type\":\"Person\",\"@id\":\"https:\\\/\\\/fuentesfidedignas.com.mx\\\/#\\\/schema\\\/person\\\/fee3882e65fd0510d292c43a346d35d7\",\"name\":\"El Universal\",\"image\":{\"@type\":\"ImageObject\",\"inLanguage\":\"es\",\"@id\":\"https:\\\/\\\/secure.gravatar.com\\\/avatar\\\/1ebc94d82b6c3c081781f73e5b76a0d0c1ac7bf8e57426f18802246eeaa2747c?s=96&d=mm&r=g\",\"url\":\"https:\\\/\\\/secure.gravatar.com\\\/avatar\\\/1ebc94d82b6c3c081781f73e5b76a0d0c1ac7bf8e57426f18802246eeaa2747c?s=96&d=mm&r=g\",\"contentUrl\":\"https:\\\/\\\/secure.gravatar.com\\\/avatar\\\/1ebc94d82b6c3c081781f73e5b76a0d0c1ac7bf8e57426f18802246eeaa2747c?s=96&d=mm&r=g\",\"caption\":\"El Universal\"},\"url\":\"https:\\\/\\\/fuentesfidedignas.com.mx\\\/index.php\\\/author\\\/el-universal\\\/\"}]}<\/script>\n<!-- \/ Yoast SEO plugin. -->","yoast_head_json":{"title":"En silla de ruedas y ciego de un ojo, reaparece F\u00e9lix Gallardo, \"El Jefe de Jefes\" - Fuentes Fidedignas","robots":{"index":"index","follow":"follow","max-snippet":"max-snippet:-1","max-image-preview":"max-image-preview:large","max-video-preview":"max-video-preview:-1"},"canonical":"https:\/\/fuentesfidedignas.com.mx\/index.php\/2021\/08\/18\/en-silla-de-ruedas-y-ciego-de-un-ojo-reaparece-felix-gallardo-el-jefe-de-jefes\/","og_locale":"es_MX","og_type":"article","og_title":"En silla de ruedas y ciego de un ojo, reaparece F\u00e9lix Gallardo, \"El Jefe de Jefes\" - Fuentes Fidedignas","og_description":"En entrevista con Telemundo, el excapo narr\u00f3 c\u00f3mo ha sido su vida tras 32 a\u00f1os preso en el penal federal de Puente Grande, Jalisco Jalisco.- Noticias Telemundo present\u00f3 la primera parte de una entrevista a Miguel \u00c1ngel F\u00e9lix Gallardo, quien en alg\u00fan momento fue considerado en narcotraficante m\u00e1s importante de M\u00e9xico. En silla de ruedas, [&hellip;]","og_url":"https:\/\/fuentesfidedignas.com.mx\/index.php\/2021\/08\/18\/en-silla-de-ruedas-y-ciego-de-un-ojo-reaparece-felix-gallardo-el-jefe-de-jefes\/","og_site_name":"Fuentes Fidedignas","article_publisher":"https:\/\/www.facebook.com\/Fuentes-Fidedignas-368234489921644","article_published_time":"2021-08-18T15:23:44+00:00","article_modified_time":"2021-08-18T15:26:40+00:00","og_image":[{"width":855,"height":530,"url":"https:\/\/fuentesfidedignas.com.mx\/wp-content\/uploads\/2021\/08\/felix-gallardo.jpg","type":"image\/jpeg"}],"author":"El Universal","twitter_card":"summary_large_image","twitter_creator":"@fidedignas","twitter_site":"@fidedignas","twitter_misc":{"Escrito por":"El Universal","Tiempo de lectura":"4 minutos"},"schema":{"@context":"https:\/\/schema.org","@graph":[{"@type":"Article","@id":"https:\/\/fuentesfidedignas.com.mx\/index.php\/2021\/08\/18\/en-silla-de-ruedas-y-ciego-de-un-ojo-reaparece-felix-gallardo-el-jefe-de-jefes\/#article","isPartOf":{"@id":"https:\/\/fuentesfidedignas.com.mx\/index.php\/2021\/08\/18\/en-silla-de-ruedas-y-ciego-de-un-ojo-reaparece-felix-gallardo-el-jefe-de-jefes\/"},"author":{"name":"El Universal","@id":"https:\/\/fuentesfidedignas.com.mx\/#\/schema\/person\/fee3882e65fd0510d292c43a346d35d7"},"headline":"En silla de ruedas y ciego de un ojo, reaparece F\u00e9lix Gallardo, &#8220;El Jefe de Jefes&#8221;","datePublished":"2021-08-18T15:23:44+00:00","dateModified":"2021-08-18T15:26:40+00:00","mainEntityOfPage":{"@id":"https:\/\/fuentesfidedignas.com.mx\/index.php\/2021\/08\/18\/en-silla-de-ruedas-y-ciego-de-un-ojo-reaparece-felix-gallardo-el-jefe-de-jefes\/"},"wordCount":1007,"commentCount":0,"publisher":{"@id":"https:\/\/fuentesfidedignas.com.mx\/#organization"},"image":{"@id":"https:\/\/fuentesfidedignas.com.mx\/index.php\/2021\/08\/18\/en-silla-de-ruedas-y-ciego-de-un-ojo-reaparece-felix-gallardo-el-jefe-de-jefes\/#primaryimage"},"thumbnailUrl":"https:\/\/fuentesfidedignas.com.mx\/wp-content\/uploads\/2021\/08\/felix-gallardo.jpg","articleSection":["NOTICIAS NACIONALES"],"inLanguage":"es","potentialAction":[{"@type":"CommentAction","name":"Comment","target":["https:\/\/fuentesfidedignas.com.mx\/index.php\/2021\/08\/18\/en-silla-de-ruedas-y-ciego-de-un-ojo-reaparece-felix-gallardo-el-jefe-de-jefes\/#respond"]}]},{"@type":"WebPage","@id":"https:\/\/fuentesfidedignas.com.mx\/index.php\/2021\/08\/18\/en-silla-de-ruedas-y-ciego-de-un-ojo-reaparece-felix-gallardo-el-jefe-de-jefes\/","url":"https:\/\/fuentesfidedignas.com.mx\/index.php\/2021\/08\/18\/en-silla-de-ruedas-y-ciego-de-un-ojo-reaparece-felix-gallardo-el-jefe-de-jefes\/","name":"En silla de ruedas y ciego de un ojo, reaparece F\u00e9lix Gallardo, \"El Jefe de Jefes\" - Fuentes Fidedignas","isPartOf":{"@id":"https:\/\/fuentesfidedignas.com.mx\/#website"},"primaryImageOfPage":{"@id":"https:\/\/fuentesfidedignas.com.mx\/index.php\/2021\/08\/18\/en-silla-de-ruedas-y-ciego-de-un-ojo-reaparece-felix-gallardo-el-jefe-de-jefes\/#primaryimage"},"image":{"@id":"https:\/\/fuentesfidedignas.com.mx\/index.php\/2021\/08\/18\/en-silla-de-ruedas-y-ciego-de-un-ojo-reaparece-felix-gallardo-el-jefe-de-jefes\/#primaryimage"},"thumbnailUrl":"https:\/\/fuentesfidedignas.com.mx\/wp-content\/uploads\/2021\/08\/felix-gallardo.jpg","datePublished":"2021-08-18T15:23:44+00:00","dateModified":"2021-08-18T15:26:40+00:00","breadcrumb":{"@id":"https:\/\/fuentesfidedignas.com.mx\/index.php\/2021\/08\/18\/en-silla-de-ruedas-y-ciego-de-un-ojo-reaparece-felix-gallardo-el-jefe-de-jefes\/#breadcrumb"},"inLanguage":"es","potentialAction":[{"@type":"ReadAction","target":["https:\/\/fuentesfidedignas.com.mx\/index.php\/2021\/08\/18\/en-silla-de-ruedas-y-ciego-de-un-ojo-reaparece-felix-gallardo-el-jefe-de-jefes\/"]}]},{"@type":"ImageObject","inLanguage":"es","@id":"https:\/\/fuentesfidedignas.com.mx\/index.php\/2021\/08\/18\/en-silla-de-ruedas-y-ciego-de-un-ojo-reaparece-felix-gallardo-el-jefe-de-jefes\/#primaryimage","url":"https:\/\/fuentesfidedignas.com.mx\/wp-content\/uploads\/2021\/08\/felix-gallardo.jpg","contentUrl":"https:\/\/fuentesfidedignas.com.mx\/wp-content\/uploads\/2021\/08\/felix-gallardo.jpg","width":855,"height":530},{"@type":"BreadcrumbList","@id":"https:\/\/fuentesfidedignas.com.mx\/index.php\/2021\/08\/18\/en-silla-de-ruedas-y-ciego-de-un-ojo-reaparece-felix-gallardo-el-jefe-de-jefes\/#breadcrumb","itemListElement":[{"@type":"ListItem","position":1,"name":"Inicio","item":"https:\/\/fuentesfidedignas.com.mx\/"},{"@type":"ListItem","position":2,"name":"En silla de ruedas y ciego de un ojo, reaparece F\u00e9lix Gallardo, &#8220;El Jefe de Jefes&#8221;"}]},{"@type":"WebSite","@id":"https:\/\/fuentesfidedignas.com.mx\/#website","url":"https:\/\/fuentesfidedignas.com.mx\/","name":"Fuentes Fidedignas","description":"Otro sitio realizado con WordPress","publisher":{"@id":"https:\/\/fuentesfidedignas.com.mx\/#organization"},"potentialAction":[{"@type":"SearchAction","target":{"@type":"EntryPoint","urlTemplate":"https:\/\/fuentesfidedignas.com.mx\/?s={search_term_string}"},"query-input":{"@type":"PropertyValueSpecification","valueRequired":true,"valueName":"search_term_string"}}],"inLanguage":"es"},{"@type":"Organization","@id":"https:\/\/fuentesfidedignas.com.mx\/#organization","name":"Fuentes Fidedignas","url":"https:\/\/fuentesfidedignas.com.mx\/","logo":{"@type":"ImageObject","inLanguage":"es","@id":"https:\/\/fuentesfidedignas.com.mx\/#\/schema\/logo\/image\/","url":"https:\/\/fuentesfidedignas.com.mx\/wp-content\/uploads\/2021\/04\/logo-retina.png","contentUrl":"https:\/\/fuentesfidedignas.com.mx\/wp-content\/uploads\/2021\/04\/logo-retina.png","width":280,"height":51,"caption":"Fuentes Fidedignas"},"image":{"@id":"https:\/\/fuentesfidedignas.com.mx\/#\/schema\/logo\/image\/"},"sameAs":["https:\/\/www.facebook.com\/Fuentes-Fidedignas-368234489921644","https:\/\/x.com\/fidedignas"]},{"@type":"Person","@id":"https:\/\/fuentesfidedignas.com.mx\/#\/schema\/person\/fee3882e65fd0510d292c43a346d35d7","name":"El Universal","image":{"@type":"ImageObject","inLanguage":"es","@id":"https:\/\/secure.gravatar.com\/avatar\/1ebc94d82b6c3c081781f73e5b76a0d0c1ac7bf8e57426f18802246eeaa2747c?s=96&d=mm&r=g","url":"https:\/\/secure.gravatar.com\/avatar\/1ebc94d82b6c3c081781f73e5b76a0d0c1ac7bf8e57426f18802246eeaa2747c?s=96&d=mm&r=g","contentUrl":"https:\/\/secure.gravatar.com\/avatar\/1ebc94d82b6c3c081781f73e5b76a0d0c1ac7bf8e57426f18802246eeaa2747c?s=96&d=mm&r=g","caption":"El Universal"},"url":"https:\/\/fuentesfidedignas.com.mx\/index.php\/author\/el-universal\/"}]}},"_links":{"self":[{"href":"https:\/\/fuentesfidedignas.com.mx\/index.php\/wp-json\/wp\/v2\/posts\/10110","targetHints":{"allow":["GET"]}}],"collection":[{"href":"https:\/\/fuentesfidedignas.com.mx\/index.php\/wp-json\/wp\/v2\/posts"}],"about":[{"href":"https:\/\/fuentesfidedignas.com.mx\/index.php\/wp-json\/wp\/v2\/types\/post"}],"author":[{"embeddable":true,"href":"https:\/\/fuentesfidedignas.com.mx\/index.php\/wp-json\/wp\/v2\/users\/39"}],"replies":[{"embeddable":true,"href":"https:\/\/fuentesfidedignas.com.mx\/index.php\/wp-json\/wp\/v2\/comments?post=10110"}],"version-history":[{"count":3,"href":"https:\/\/fuentesfidedignas.com.mx\/index.php\/wp-json\/wp\/v2\/posts\/10110\/revisions"}],"predecessor-version":[{"id":10114,"href":"https:\/\/fuentesfidedignas.com.mx\/index.php\/wp-json\/wp\/v2\/posts\/10110\/revisions\/10114"}],"wp:featuredmedia":[{"embeddable":true,"href":"https:\/\/fuentesfidedignas.com.mx\/index.php\/wp-json\/wp\/v2\/media\/10111"}],"wp:attachment":[{"href":"https:\/\/fuentesfidedignas.com.mx\/index.php\/wp-json\/wp\/v2\/media?parent=10110"}],"wp:term":[{"taxonomy":"category","embeddable":true,"href":"https:\/\/fuentesfidedignas.com.mx\/index.php\/wp-json\/wp\/v2\/categories?post=10110"},{"taxonomy":"post_tag","embeddable":true,"href":"https:\/\/fuentesfidedignas.com.mx\/index.php\/wp-json\/wp\/v2\/tags?post=10110"}],"curies":[{"name":"wp","href":"https:\/\/api.w.org\/{rel}","templated":true}]}}