{"id":101070,"date":"2025-02-06T10:44:04","date_gmt":"2025-02-06T17:44:04","guid":{"rendered":"https:\/\/fuentesfidedignas.com.mx\/?p=101070"},"modified":"2025-02-06T10:47:40","modified_gmt":"2025-02-06T17:47:40","slug":"hermosillo-sera-sede-de-la-serie-del-caribe-2027","status":"publish","type":"post","link":"https:\/\/fuentesfidedignas.com.mx\/index.php\/2025\/02\/06\/hermosillo-sera-sede-de-la-serie-del-caribe-2027\/","title":{"rendered":"Hermosillo ser\u00e1 sede de la Serie del Caribe 2027"},"content":{"rendered":"\n<p><em>La \u00faltima serie del Caribe en suelo sonorense se festej\u00f3 en el 2013<\/em><\/p>\n\n\n\n<p>Hermosillo ser\u00e1 la sede la Serie del Caribe 2027, anunci\u00f3 Antonio Astiazar\u00e1n Guti\u00e9rrez a trav\u00e9s de su cuenta de X.<\/p>\n\n\n\n<p>El presidente municipal recalc\u00f3 la importancia de que la capital sonorense sea el punto donde se lleve a cabo uno de los eventos m\u00e1s importantes del b\u00e9isbol latinoamericano.<\/p>\n\n\n\n<p>\u201cUn logro que confirma que nuestra ciudad sigue creciendo y brillando en el mapa internacional. \u00a1A celebrar esta gran noticia!\u201d, puntualiz\u00f3.<\/p>\n\n\n\n<figure class=\"wp-block-embed is-type-rich is-provider-twitter wp-block-embed-twitter\"><div class=\"wp-block-embed__wrapper\">\n<blockquote class=\"twitter-tweet\" data-width=\"550\" data-dnt=\"true\"><p lang=\"es\" dir=\"ltr\">\u00a1Hermosillo, tierra de b\u00e9isbol y grandes eventos! \u26be\ud83d\udd25<br><br>Seremos sede de la Serie del Caribe 2027, el evento m\u00e1s importante del b\u00e9isbol latinoamericano. Un logro que confirma que nuestra ciudad sigue creciendo y brillando en el mapa internacional.<br><br>\u00a1A celebrar esta gran noticia!\u2026 <a href=\"https:\/\/t.co\/tuhIU03PR4\">pic.twitter.com\/tuhIU03PR4<\/a><\/p>&mdash; Antonio Astiazar\u00e1n (@tonoastiazaran) <a href=\"https:\/\/twitter.com\/tonoastiazaran\/status\/1887322372883231082?ref_src=twsrc%5Etfw\">February 6, 2025<\/a><\/blockquote><script async src=\"https:\/\/platform.twitter.com\/widgets.js\" charset=\"utf-8\"><\/script>\n<\/div><\/figure>\n\n\n\n<h2 class=\"wp-block-heading\">HERMOSILLO Y SU HISTORIA EN LA SERIE DEL CARIBE<\/h2>\n\n\n\n<p>Aunque la Confederaci\u00f3n de B\u00e9isbol Profesional del&nbsp;<strong>Caribe<\/strong>&nbsp;(CBPC) confirm\u00f3 esta sede hace tres a\u00f1os, el anuncio refuerza la relevancia del evento y el papel de&nbsp;<strong>Hermosillo<\/strong>&nbsp;en el&nbsp;<strong>b\u00e9isbol<\/strong>&nbsp;internacional.&nbsp;<\/p>\n\n\n\n<p>Con esta edici\u00f3n, ser\u00e1 la s\u00e9ptima ocasi\u00f3n en la que la&nbsp;<strong>ciudad<\/strong>&nbsp;reciba la&nbsp;<strong>Serie<\/strong>&nbsp;del&nbsp;<strong>Caribe<\/strong>, habi\u00e9ndolo hecho previamente en 1974, 1982, 1987, 1992, 1997 y 2013. En sus primeras ediciones, el&nbsp;<strong>Estadio<\/strong>&nbsp;<strong>H\u00e9ctor<\/strong>&nbsp;Espino fue el recinto oficial del torneo.<\/p>\n\n\n\n<p>La \u00faltima vez que&nbsp;<strong>Hermosillo<\/strong>&nbsp;fue sede de la&nbsp;<strong>Serie<\/strong>&nbsp;del&nbsp;<strong>Caribe<\/strong>&nbsp;fue en 2013, a\u00f1o en el que tambi\u00e9n se inaugur\u00f3 el&nbsp;<strong>Estadio<\/strong>&nbsp;Sonora, actualmente conocido como&nbsp;<strong>Estadio<\/strong>Fernando Valenzuela. En esa edici\u00f3n,&nbsp;<strong>M\u00e9xico<\/strong>&nbsp;se coron\u00f3 campe\u00f3n con los Yaquis de Ciudad Obreg\u00f3n al vencer a Rep\u00fablica Dominicana.<\/p>\n\n\n\n<h2 class=\"wp-block-heading\">T\u00cdTULOS DE M\u00c9XICO EN LA SERIE DEL CARIBE<\/h2>\n\n\n\n<p>A lo largo de la historia de la&nbsp;<strong>Serie<\/strong>&nbsp;del&nbsp;<strong>Caribe<\/strong>, los equipos mexicanos han logrado alzarse con el t\u00edtulo en nueve ocasiones:<\/p>\n\n\n\n<ul class=\"wp-block-list\">\n<li><strong>1976<\/strong>&nbsp;&#8211;&nbsp;<strong>Naranjeros<\/strong>&nbsp;de&nbsp;<strong>Hermosillo<\/strong><\/li>\n\n\n\n<li><strong>1986<\/strong>&nbsp;&#8211; \u00c1guilas de Mexicali<\/li>\n\n\n\n<li><strong>1996<\/strong>&nbsp;&#8211; Tomateros de Culiac\u00e1n<\/li>\n\n\n\n<li><strong>2002<\/strong>&nbsp;&#8211; Tomateros de Culiac\u00e1n<\/li>\n\n\n\n<li><strong>2005<\/strong>&nbsp;&#8211; Venados de Mazatl\u00e1n<\/li>\n\n\n\n<li><strong>2011<\/strong>&nbsp;&#8211; Yaquis de Obreg\u00f3n<\/li>\n\n\n\n<li><strong>2013<\/strong>&nbsp;&#8211; Yaquis de Obreg\u00f3n<\/li>\n\n\n\n<li><strong>2014&nbsp;<\/strong>&#8211;&nbsp;<strong>Naranjeros<\/strong>&nbsp;de&nbsp;<strong>Hermosillo<\/strong><\/li>\n\n\n\n<li><strong>2016<\/strong>&nbsp;&#8211; Venados de Mazatl\u00e1n<\/li>\n<\/ul>\n\n\n\n<h2 class=\"wp-block-heading\">\u00bfCU\u00c1NTOS T\u00cdTULOS TIENE HERMOSILLO EN LA SERIE DEL CARIBE?<\/h2>\n\n\n\n<p>El equipo&nbsp;<strong>Naranjeros<\/strong>&nbsp;de&nbsp;<strong>Hermosillo<\/strong>&nbsp;ha conquistado la&nbsp;<strong>Serie<\/strong>&nbsp;del&nbsp;<strong>Caribe<\/strong>&nbsp;en dos ocasiones. Su primer campeonato fue en 1976 en Rep\u00fablica Dominicana, y el segundo en 2014 en Isla de Margarita, Venezuela, cuando vencieron a los Indios de Mayag\u00fcez de Puerto Rico con un marcador de 7-1.<\/p>\n\n\n\n<h2 class=\"wp-block-heading\">\u00bfEN QU\u00c9 FECHA SER\u00c1 LA SERIE DE CARIBE 2027 EN HERMOSILLO?<\/h2>\n\n\n\n<p>La&nbsp;<strong>Serie<\/strong>&nbsp;del&nbsp;<strong>Caribe<\/strong>&nbsp;en&nbsp;<strong>Hermosillo<\/strong>&nbsp;se celebrar\u00e1 el 11 de octubre de 2027, marcando su regreso a suelo sonorense tras 13 a\u00f1os. La afici\u00f3n espera con ansias la posibilidad de que los&nbsp;<strong>Naranjeros<\/strong>&nbsp;logren el t\u00edtulo jugando en su propia casa. \u00bfSer\u00e1 que en esta edici\u00f3n puedan consagrarse campeones nuevamente?<\/p>\n","protected":false},"excerpt":{"rendered":"<p>La \u00faltima serie del Caribe en suelo sonorense se festej\u00f3 en el 2013 Hermosillo ser\u00e1 la sede la Serie del Caribe 2027, anunci\u00f3 Antonio Astiazar\u00e1n Guti\u00e9rrez a trav\u00e9s de su cuenta de X. El presidente municipal recalc\u00f3 la importancia de que la capital sonorense sea el punto donde se lleve a cabo uno de los [&hellip;]<\/p>\n","protected":false},"author":40,"featured_media":101069,"comment_status":"closed","ping_status":"open","sticky":false,"template":"","format":"standard","meta":{"tdm_status":"","tdm_grid_status":"","footnotes":""},"categories":[39],"tags":[],"class_list":{"0":"post-101070","1":"post","2":"type-post","3":"status-publish","4":"format-standard","5":"has-post-thumbnail","7":"category-noticias-nacionales"},"yoast_head":"<!-- This site is optimized with the Yoast SEO plugin v27.5 - https:\/\/yoast.com\/product\/yoast-seo-wordpress\/ -->\n<title>Hermosillo ser\u00e1 sede de la Serie del Caribe 2027 - Fuentes Fidedignas<\/title>\n<meta name=\"robots\" content=\"index, follow, max-snippet:-1, max-image-preview:large, max-video-preview:-1\" \/>\n<link rel=\"canonical\" href=\"https:\/\/fuentesfidedignas.com.mx\/index.php\/2025\/02\/06\/hermosillo-sera-sede-de-la-serie-del-caribe-2027\/\" \/>\n<meta property=\"og:locale\" content=\"es_MX\" \/>\n<meta property=\"og:type\" content=\"article\" \/>\n<meta property=\"og:title\" content=\"Hermosillo ser\u00e1 sede de la Serie del Caribe 2027 - Fuentes Fidedignas\" \/>\n<meta property=\"og:description\" content=\"La \u00faltima serie del Caribe en suelo sonorense se festej\u00f3 en el 2013 Hermosillo ser\u00e1 la sede la Serie del Caribe 2027, anunci\u00f3 Antonio Astiazar\u00e1n Guti\u00e9rrez a trav\u00e9s de su cuenta de X. El presidente municipal recalc\u00f3 la importancia de que la capital sonorense sea el punto donde se lleve a cabo uno de los [&hellip;]\" \/>\n<meta property=\"og:url\" content=\"https:\/\/fuentesfidedignas.com.mx\/index.php\/2025\/02\/06\/hermosillo-sera-sede-de-la-serie-del-caribe-2027\/\" \/>\n<meta property=\"og:site_name\" content=\"Fuentes Fidedignas\" \/>\n<meta property=\"article:publisher\" content=\"https:\/\/www.facebook.com\/Fuentes-Fidedignas-368234489921644\" \/>\n<meta property=\"article:published_time\" content=\"2025-02-06T17:44:04+00:00\" \/>\n<meta property=\"article:modified_time\" content=\"2025-02-06T17:47:40+00:00\" \/>\n<meta property=\"og:image\" content=\"https:\/\/fuentesfidedignas.com.mx\/wp-content\/uploads\/2025\/02\/img_6319-1.jpg\" \/>\n\t<meta property=\"og:image:width\" content=\"768\" \/>\n\t<meta property=\"og:image:height\" content=\"512\" \/>\n\t<meta property=\"og:image:type\" content=\"image\/png\" \/>\n<meta name=\"author\" content=\"El Imparcial\" \/>\n<meta name=\"twitter:card\" content=\"summary_large_image\" \/>\n<meta name=\"twitter:creator\" content=\"@fidedignas\" \/>\n<meta name=\"twitter:site\" content=\"@fidedignas\" \/>\n<meta name=\"twitter:label1\" content=\"Escrito por\" \/>\n\t<meta name=\"twitter:data1\" content=\"El Imparcial\" \/>\n\t<meta name=\"twitter:label2\" content=\"Tiempo de lectura\" \/>\n\t<meta name=\"twitter:data2\" content=\"3 minutos\" \/>\n<script type=\"application\/ld+json\" class=\"yoast-schema-graph\">{\"@context\":\"https:\\\/\\\/schema.org\",\"@graph\":[{\"@type\":\"Article\",\"@id\":\"https:\\\/\\\/fuentesfidedignas.com.mx\\\/index.php\\\/2025\\\/02\\\/06\\\/hermosillo-sera-sede-de-la-serie-del-caribe-2027\\\/#article\",\"isPartOf\":{\"@id\":\"https:\\\/\\\/fuentesfidedignas.com.mx\\\/index.php\\\/2025\\\/02\\\/06\\\/hermosillo-sera-sede-de-la-serie-del-caribe-2027\\\/\"},\"author\":{\"name\":\"El Imparcial\",\"@id\":\"https:\\\/\\\/fuentesfidedignas.com.mx\\\/#\\\/schema\\\/person\\\/ff4db17f8fd9c584e0cfc2a0c436b8a1\"},\"headline\":\"Hermosillo ser\u00e1 sede de la Serie del Caribe 2027\",\"datePublished\":\"2025-02-06T17:44:04+00:00\",\"dateModified\":\"2025-02-06T17:47:40+00:00\",\"mainEntityOfPage\":{\"@id\":\"https:\\\/\\\/fuentesfidedignas.com.mx\\\/index.php\\\/2025\\\/02\\\/06\\\/hermosillo-sera-sede-de-la-serie-del-caribe-2027\\\/\"},\"wordCount\":495,\"publisher\":{\"@id\":\"https:\\\/\\\/fuentesfidedignas.com.mx\\\/#organization\"},\"image\":{\"@id\":\"https:\\\/\\\/fuentesfidedignas.com.mx\\\/index.php\\\/2025\\\/02\\\/06\\\/hermosillo-sera-sede-de-la-serie-del-caribe-2027\\\/#primaryimage\"},\"thumbnailUrl\":\"https:\\\/\\\/fuentesfidedignas.com.mx\\\/wp-content\\\/uploads\\\/2025\\\/02\\\/img_6319-1.jpg\",\"articleSection\":[\"NOTICIAS NACIONALES\"],\"inLanguage\":\"es\"},{\"@type\":\"WebPage\",\"@id\":\"https:\\\/\\\/fuentesfidedignas.com.mx\\\/index.php\\\/2025\\\/02\\\/06\\\/hermosillo-sera-sede-de-la-serie-del-caribe-2027\\\/\",\"url\":\"https:\\\/\\\/fuentesfidedignas.com.mx\\\/index.php\\\/2025\\\/02\\\/06\\\/hermosillo-sera-sede-de-la-serie-del-caribe-2027\\\/\",\"name\":\"Hermosillo ser\u00e1 sede de la Serie del Caribe 2027 - Fuentes Fidedignas\",\"isPartOf\":{\"@id\":\"https:\\\/\\\/fuentesfidedignas.com.mx\\\/#website\"},\"primaryImageOfPage\":{\"@id\":\"https:\\\/\\\/fuentesfidedignas.com.mx\\\/index.php\\\/2025\\\/02\\\/06\\\/hermosillo-sera-sede-de-la-serie-del-caribe-2027\\\/#primaryimage\"},\"image\":{\"@id\":\"https:\\\/\\\/fuentesfidedignas.com.mx\\\/index.php\\\/2025\\\/02\\\/06\\\/hermosillo-sera-sede-de-la-serie-del-caribe-2027\\\/#primaryimage\"},\"thumbnailUrl\":\"https:\\\/\\\/fuentesfidedignas.com.mx\\\/wp-content\\\/uploads\\\/2025\\\/02\\\/img_6319-1.jpg\",\"datePublished\":\"2025-02-06T17:44:04+00:00\",\"dateModified\":\"2025-02-06T17:47:40+00:00\",\"breadcrumb\":{\"@id\":\"https:\\\/\\\/fuentesfidedignas.com.mx\\\/index.php\\\/2025\\\/02\\\/06\\\/hermosillo-sera-sede-de-la-serie-del-caribe-2027\\\/#breadcrumb\"},\"inLanguage\":\"es\",\"potentialAction\":[{\"@type\":\"ReadAction\",\"target\":[\"https:\\\/\\\/fuentesfidedignas.com.mx\\\/index.php\\\/2025\\\/02\\\/06\\\/hermosillo-sera-sede-de-la-serie-del-caribe-2027\\\/\"]}]},{\"@type\":\"ImageObject\",\"inLanguage\":\"es\",\"@id\":\"https:\\\/\\\/fuentesfidedignas.com.mx\\\/index.php\\\/2025\\\/02\\\/06\\\/hermosillo-sera-sede-de-la-serie-del-caribe-2027\\\/#primaryimage\",\"url\":\"https:\\\/\\\/fuentesfidedignas.com.mx\\\/wp-content\\\/uploads\\\/2025\\\/02\\\/img_6319-1.jpg\",\"contentUrl\":\"https:\\\/\\\/fuentesfidedignas.com.mx\\\/wp-content\\\/uploads\\\/2025\\\/02\\\/img_6319-1.jpg\",\"width\":768,\"height\":512},{\"@type\":\"BreadcrumbList\",\"@id\":\"https:\\\/\\\/fuentesfidedignas.com.mx\\\/index.php\\\/2025\\\/02\\\/06\\\/hermosillo-sera-sede-de-la-serie-del-caribe-2027\\\/#breadcrumb\",\"itemListElement\":[{\"@type\":\"ListItem\",\"position\":1,\"name\":\"Inicio\",\"item\":\"https:\\\/\\\/fuentesfidedignas.com.mx\\\/\"},{\"@type\":\"ListItem\",\"position\":2,\"name\":\"Hermosillo ser\u00e1 sede de la Serie del Caribe 2027\"}]},{\"@type\":\"WebSite\",\"@id\":\"https:\\\/\\\/fuentesfidedignas.com.mx\\\/#website\",\"url\":\"https:\\\/\\\/fuentesfidedignas.com.mx\\\/\",\"name\":\"Fuentes Fidedignas\",\"description\":\"Otro sitio realizado con WordPress\",\"publisher\":{\"@id\":\"https:\\\/\\\/fuentesfidedignas.com.mx\\\/#organization\"},\"potentialAction\":[{\"@type\":\"SearchAction\",\"target\":{\"@type\":\"EntryPoint\",\"urlTemplate\":\"https:\\\/\\\/fuentesfidedignas.com.mx\\\/?s={search_term_string}\"},\"query-input\":{\"@type\":\"PropertyValueSpecification\",\"valueRequired\":true,\"valueName\":\"search_term_string\"}}],\"inLanguage\":\"es\"},{\"@type\":\"Organization\",\"@id\":\"https:\\\/\\\/fuentesfidedignas.com.mx\\\/#organization\",\"name\":\"Fuentes Fidedignas\",\"url\":\"https:\\\/\\\/fuentesfidedignas.com.mx\\\/\",\"logo\":{\"@type\":\"ImageObject\",\"inLanguage\":\"es\",\"@id\":\"https:\\\/\\\/fuentesfidedignas.com.mx\\\/#\\\/schema\\\/logo\\\/image\\\/\",\"url\":\"https:\\\/\\\/fuentesfidedignas.com.mx\\\/wp-content\\\/uploads\\\/2021\\\/04\\\/logo-retina.png\",\"contentUrl\":\"https:\\\/\\\/fuentesfidedignas.com.mx\\\/wp-content\\\/uploads\\\/2021\\\/04\\\/logo-retina.png\",\"width\":280,\"height\":51,\"caption\":\"Fuentes Fidedignas\"},\"image\":{\"@id\":\"https:\\\/\\\/fuentesfidedignas.com.mx\\\/#\\\/schema\\\/logo\\\/image\\\/\"},\"sameAs\":[\"https:\\\/\\\/www.facebook.com\\\/Fuentes-Fidedignas-368234489921644\",\"https:\\\/\\\/x.com\\\/fidedignas\"]},{\"@type\":\"Person\",\"@id\":\"https:\\\/\\\/fuentesfidedignas.com.mx\\\/#\\\/schema\\\/person\\\/ff4db17f8fd9c584e0cfc2a0c436b8a1\",\"name\":\"El Imparcial\",\"image\":{\"@type\":\"ImageObject\",\"inLanguage\":\"es\",\"@id\":\"https:\\\/\\\/secure.gravatar.com\\\/avatar\\\/accd6807585a75316c237ee783498317be6f66ab34c47c940966f26a3f613161?s=96&d=mm&r=g\",\"url\":\"https:\\\/\\\/secure.gravatar.com\\\/avatar\\\/accd6807585a75316c237ee783498317be6f66ab34c47c940966f26a3f613161?s=96&d=mm&r=g\",\"contentUrl\":\"https:\\\/\\\/secure.gravatar.com\\\/avatar\\\/accd6807585a75316c237ee783498317be6f66ab34c47c940966f26a3f613161?s=96&d=mm&r=g\",\"caption\":\"El Imparcial\"},\"url\":\"https:\\\/\\\/fuentesfidedignas.com.mx\\\/index.php\\\/author\\\/imparcial\\\/\"}]}<\/script>\n<!-- \/ Yoast SEO plugin. -->","yoast_head_json":{"title":"Hermosillo ser\u00e1 sede de la Serie del Caribe 2027 - Fuentes Fidedignas","robots":{"index":"index","follow":"follow","max-snippet":"max-snippet:-1","max-image-preview":"max-image-preview:large","max-video-preview":"max-video-preview:-1"},"canonical":"https:\/\/fuentesfidedignas.com.mx\/index.php\/2025\/02\/06\/hermosillo-sera-sede-de-la-serie-del-caribe-2027\/","og_locale":"es_MX","og_type":"article","og_title":"Hermosillo ser\u00e1 sede de la Serie del Caribe 2027 - Fuentes Fidedignas","og_description":"La \u00faltima serie del Caribe en suelo sonorense se festej\u00f3 en el 2013 Hermosillo ser\u00e1 la sede la Serie del Caribe 2027, anunci\u00f3 Antonio Astiazar\u00e1n Guti\u00e9rrez a trav\u00e9s de su cuenta de X. El presidente municipal recalc\u00f3 la importancia de que la capital sonorense sea el punto donde se lleve a cabo uno de los [&hellip;]","og_url":"https:\/\/fuentesfidedignas.com.mx\/index.php\/2025\/02\/06\/hermosillo-sera-sede-de-la-serie-del-caribe-2027\/","og_site_name":"Fuentes Fidedignas","article_publisher":"https:\/\/www.facebook.com\/Fuentes-Fidedignas-368234489921644","article_published_time":"2025-02-06T17:44:04+00:00","article_modified_time":"2025-02-06T17:47:40+00:00","og_image":[{"width":768,"height":512,"url":"https:\/\/fuentesfidedignas.com.mx\/wp-content\/uploads\/2025\/02\/img_6319-1.jpg","type":"image\/png"}],"author":"El Imparcial","twitter_card":"summary_large_image","twitter_creator":"@fidedignas","twitter_site":"@fidedignas","twitter_misc":{"Escrito por":"El Imparcial","Tiempo de lectura":"3 minutos"},"schema":{"@context":"https:\/\/schema.org","@graph":[{"@type":"Article","@id":"https:\/\/fuentesfidedignas.com.mx\/index.php\/2025\/02\/06\/hermosillo-sera-sede-de-la-serie-del-caribe-2027\/#article","isPartOf":{"@id":"https:\/\/fuentesfidedignas.com.mx\/index.php\/2025\/02\/06\/hermosillo-sera-sede-de-la-serie-del-caribe-2027\/"},"author":{"name":"El Imparcial","@id":"https:\/\/fuentesfidedignas.com.mx\/#\/schema\/person\/ff4db17f8fd9c584e0cfc2a0c436b8a1"},"headline":"Hermosillo ser\u00e1 sede de la Serie del Caribe 2027","datePublished":"2025-02-06T17:44:04+00:00","dateModified":"2025-02-06T17:47:40+00:00","mainEntityOfPage":{"@id":"https:\/\/fuentesfidedignas.com.mx\/index.php\/2025\/02\/06\/hermosillo-sera-sede-de-la-serie-del-caribe-2027\/"},"wordCount":495,"publisher":{"@id":"https:\/\/fuentesfidedignas.com.mx\/#organization"},"image":{"@id":"https:\/\/fuentesfidedignas.com.mx\/index.php\/2025\/02\/06\/hermosillo-sera-sede-de-la-serie-del-caribe-2027\/#primaryimage"},"thumbnailUrl":"https:\/\/fuentesfidedignas.com.mx\/wp-content\/uploads\/2025\/02\/img_6319-1.jpg","articleSection":["NOTICIAS NACIONALES"],"inLanguage":"es"},{"@type":"WebPage","@id":"https:\/\/fuentesfidedignas.com.mx\/index.php\/2025\/02\/06\/hermosillo-sera-sede-de-la-serie-del-caribe-2027\/","url":"https:\/\/fuentesfidedignas.com.mx\/index.php\/2025\/02\/06\/hermosillo-sera-sede-de-la-serie-del-caribe-2027\/","name":"Hermosillo ser\u00e1 sede de la Serie del Caribe 2027 - Fuentes Fidedignas","isPartOf":{"@id":"https:\/\/fuentesfidedignas.com.mx\/#website"},"primaryImageOfPage":{"@id":"https:\/\/fuentesfidedignas.com.mx\/index.php\/2025\/02\/06\/hermosillo-sera-sede-de-la-serie-del-caribe-2027\/#primaryimage"},"image":{"@id":"https:\/\/fuentesfidedignas.com.mx\/index.php\/2025\/02\/06\/hermosillo-sera-sede-de-la-serie-del-caribe-2027\/#primaryimage"},"thumbnailUrl":"https:\/\/fuentesfidedignas.com.mx\/wp-content\/uploads\/2025\/02\/img_6319-1.jpg","datePublished":"2025-02-06T17:44:04+00:00","dateModified":"2025-02-06T17:47:40+00:00","breadcrumb":{"@id":"https:\/\/fuentesfidedignas.com.mx\/index.php\/2025\/02\/06\/hermosillo-sera-sede-de-la-serie-del-caribe-2027\/#breadcrumb"},"inLanguage":"es","potentialAction":[{"@type":"ReadAction","target":["https:\/\/fuentesfidedignas.com.mx\/index.php\/2025\/02\/06\/hermosillo-sera-sede-de-la-serie-del-caribe-2027\/"]}]},{"@type":"ImageObject","inLanguage":"es","@id":"https:\/\/fuentesfidedignas.com.mx\/index.php\/2025\/02\/06\/hermosillo-sera-sede-de-la-serie-del-caribe-2027\/#primaryimage","url":"https:\/\/fuentesfidedignas.com.mx\/wp-content\/uploads\/2025\/02\/img_6319-1.jpg","contentUrl":"https:\/\/fuentesfidedignas.com.mx\/wp-content\/uploads\/2025\/02\/img_6319-1.jpg","width":768,"height":512},{"@type":"BreadcrumbList","@id":"https:\/\/fuentesfidedignas.com.mx\/index.php\/2025\/02\/06\/hermosillo-sera-sede-de-la-serie-del-caribe-2027\/#breadcrumb","itemListElement":[{"@type":"ListItem","position":1,"name":"Inicio","item":"https:\/\/fuentesfidedignas.com.mx\/"},{"@type":"ListItem","position":2,"name":"Hermosillo ser\u00e1 sede de la Serie del Caribe 2027"}]},{"@type":"WebSite","@id":"https:\/\/fuentesfidedignas.com.mx\/#website","url":"https:\/\/fuentesfidedignas.com.mx\/","name":"Fuentes Fidedignas","description":"Otro sitio realizado con WordPress","publisher":{"@id":"https:\/\/fuentesfidedignas.com.mx\/#organization"},"potentialAction":[{"@type":"SearchAction","target":{"@type":"EntryPoint","urlTemplate":"https:\/\/fuentesfidedignas.com.mx\/?s={search_term_string}"},"query-input":{"@type":"PropertyValueSpecification","valueRequired":true,"valueName":"search_term_string"}}],"inLanguage":"es"},{"@type":"Organization","@id":"https:\/\/fuentesfidedignas.com.mx\/#organization","name":"Fuentes Fidedignas","url":"https:\/\/fuentesfidedignas.com.mx\/","logo":{"@type":"ImageObject","inLanguage":"es","@id":"https:\/\/fuentesfidedignas.com.mx\/#\/schema\/logo\/image\/","url":"https:\/\/fuentesfidedignas.com.mx\/wp-content\/uploads\/2021\/04\/logo-retina.png","contentUrl":"https:\/\/fuentesfidedignas.com.mx\/wp-content\/uploads\/2021\/04\/logo-retina.png","width":280,"height":51,"caption":"Fuentes Fidedignas"},"image":{"@id":"https:\/\/fuentesfidedignas.com.mx\/#\/schema\/logo\/image\/"},"sameAs":["https:\/\/www.facebook.com\/Fuentes-Fidedignas-368234489921644","https:\/\/x.com\/fidedignas"]},{"@type":"Person","@id":"https:\/\/fuentesfidedignas.com.mx\/#\/schema\/person\/ff4db17f8fd9c584e0cfc2a0c436b8a1","name":"El Imparcial","image":{"@type":"ImageObject","inLanguage":"es","@id":"https:\/\/secure.gravatar.com\/avatar\/accd6807585a75316c237ee783498317be6f66ab34c47c940966f26a3f613161?s=96&d=mm&r=g","url":"https:\/\/secure.gravatar.com\/avatar\/accd6807585a75316c237ee783498317be6f66ab34c47c940966f26a3f613161?s=96&d=mm&r=g","contentUrl":"https:\/\/secure.gravatar.com\/avatar\/accd6807585a75316c237ee783498317be6f66ab34c47c940966f26a3f613161?s=96&d=mm&r=g","caption":"El Imparcial"},"url":"https:\/\/fuentesfidedignas.com.mx\/index.php\/author\/imparcial\/"}]}},"_links":{"self":[{"href":"https:\/\/fuentesfidedignas.com.mx\/index.php\/wp-json\/wp\/v2\/posts\/101070","targetHints":{"allow":["GET"]}}],"collection":[{"href":"https:\/\/fuentesfidedignas.com.mx\/index.php\/wp-json\/wp\/v2\/posts"}],"about":[{"href":"https:\/\/fuentesfidedignas.com.mx\/index.php\/wp-json\/wp\/v2\/types\/post"}],"author":[{"embeddable":true,"href":"https:\/\/fuentesfidedignas.com.mx\/index.php\/wp-json\/wp\/v2\/users\/40"}],"replies":[{"embeddable":true,"href":"https:\/\/fuentesfidedignas.com.mx\/index.php\/wp-json\/wp\/v2\/comments?post=101070"}],"version-history":[{"count":2,"href":"https:\/\/fuentesfidedignas.com.mx\/index.php\/wp-json\/wp\/v2\/posts\/101070\/revisions"}],"predecessor-version":[{"id":101072,"href":"https:\/\/fuentesfidedignas.com.mx\/index.php\/wp-json\/wp\/v2\/posts\/101070\/revisions\/101072"}],"wp:featuredmedia":[{"embeddable":true,"href":"https:\/\/fuentesfidedignas.com.mx\/index.php\/wp-json\/wp\/v2\/media\/101069"}],"wp:attachment":[{"href":"https:\/\/fuentesfidedignas.com.mx\/index.php\/wp-json\/wp\/v2\/media?parent=101070"}],"wp:term":[{"taxonomy":"category","embeddable":true,"href":"https:\/\/fuentesfidedignas.com.mx\/index.php\/wp-json\/wp\/v2\/categories?post=101070"},{"taxonomy":"post_tag","embeddable":true,"href":"https:\/\/fuentesfidedignas.com.mx\/index.php\/wp-json\/wp\/v2\/tags?post=101070"}],"curies":[{"name":"wp","href":"https:\/\/api.w.org\/{rel}","templated":true}]}}