{"id":101044,"date":"2025-02-06T07:21:20","date_gmt":"2025-02-06T14:21:20","guid":{"rendered":"https:\/\/fuentesfidedignas.com.mx\/?p=101044"},"modified":"2025-02-06T07:21:23","modified_gmt":"2025-02-06T14:21:23","slug":"jose-torres-el-guardian-de-los-libros-olvidados","status":"publish","type":"post","link":"https:\/\/fuentesfidedignas.com.mx\/index.php\/2025\/02\/06\/jose-torres-el-guardian-de-los-libros-olvidados\/","title":{"rendered":"Jos\u00e9 Torres, el guardi\u00e1n de los libros olvidados"},"content":{"rendered":"\n<p>Es un hombre rodeado de una librer\u00eda heterog\u00e9nea y repleta de obras esperando ser le\u00eddas. Al conocer al distribuidor de la cultura Jos\u00e9 de Jes\u00fas Torres S\u00e1nchez no pude evitar evocar al t\u00edo Ernesto, Tito de cari\u00f1o, personaje que viv\u00eda sin otra compa\u00f1\u00eda que sus libros.<br>En la novela de Juan Villoro, este enigm\u00e1tico personaje le encomienda a su peque\u00f1o sobrino Juan la tarea de encontrar \u201cel libro salvaje\u201d en la biblioteca de su casa. El T\u00edo Tito ten\u00eda la convicci\u00f3n de que cuando los libros saben que no son vistos, pueden provocar una enorme tormenta.<br>Los libros te leen, pero cuando no lees, los libros no te leen. Es preciso mencionar lo anterior a pesar de su evidente obviedad, ya que ning\u00fan hecho o contenido epistemol\u00f3gico se hace visible si no se publica y si no se lee. Algo que deber\u00edan tener presente muchos que reniegan de quienes dan fe de la cotidianeidad p\u00fablica puesto que lo que no se publica, no existe y no quedar\u00e1 en el recuerdo de la memoria hist\u00f3rica. Aunque si se escribe y no se lee, sucede lo mismo.<br>\u201cHay gente que cree que entiende los libros porque sabe leer -dec\u00eda T\u00edo Tito a su sobrino Juan-. Ya te dije que los libros son como espejos: cada quien encuentra ah\u00ed lo que tiene en su cabeza. El problema es que s\u00f3lo descubres que tienes eso dentro de ti cuando lees el libro correcto. Los libros son espejos indiscretos y arriesgados; hacen que las ideas m\u00e1s originales salgan de tu cabeza, provocan ocurrencias que no sab\u00edas que ten\u00edas. Cuando no lees, se quedan encerradas en tu cabeza. No sirven de nada\u201d.<br>\u201cLibrero\u201d es una persona cuyo oficio es la venta de libros, si es \u201clibrero de viejo\u201d nos referimos a un comerciante que vende libros usados de segunda mano, sin embargo, nuestro entrevistado prefiere ser reconocido como \u201cun distribuidor de la cultura\u201d pues la misi\u00f3n de su librer\u00eda, dice, es contribuir de manera activa a la promoci\u00f3n de la lectura y la cultura. El \u201cTianguis del Libro\u201d es el nombre de este pintoresco espacio donde pueden acudir quienes buscan libros que ya no son impresos, obras olvidadas, editoriales independientes e incluso archivos antiguos, revistas de colecci\u00f3n y acetatos.<br>Llegamos a este lugar desconocido para muchos por la amable invitaci\u00f3n del Dr. Francisco Morales Zepeda, director general y fundador del Centro Cultural \u201cEnrique F\u00e9lix Castro\u201d y presidente y tambi\u00e9n fundador de la Asamblea Popular de Sinaloa, en compa\u00f1\u00eda de su hijo Francisco. Despu\u00e9s regresamos con David Rojas y Ricardo R\u00edos Quevedo, miembro de la Asociaci\u00f3n de Periodistas de Los Mochis, A.C., quien invit\u00f3 a sus hijos Ricardo y David R\u00edos.<br>Jos\u00e9 Torres es librero en segunda generaci\u00f3n por herencia de su padre: fue el hijo menor de Rafael \u00c1ngel Torres Huppertz, comerciante mazatleco que labor\u00f3 como agente de seguros de Aseguradora Anahuac y vendedor de las Editoriales Salvat y Valle de M\u00e9xico a principios de la d\u00e9cada de los 60\u00b4s y gestor de la Direcci\u00f3n de Bibliotecas de la Universidad Aut\u00f3noma de Sinaloa, al final de la misma d\u00e9cada, en la rector\u00eda del Lic. Rodolfo Monjaraz Buelna.<br>Torres Huppertz, hijo de una espa\u00f1ola con sangre alemana, conoci\u00f3 a su esposa en el Potrero de los S\u00e1nchez, se establecieron en Guam\u00fachil y despu\u00e9s se vinieron a Culiac\u00e1n. Su familia forma parte de la historia de la cerveza Pac\u00edfico y la llegada de los veh\u00edculos Chevrolet a Sinaloa.<br>Jos\u00e9 Torres inici\u00f3 en la venta de libros a los doce a\u00f1os de edad como chal\u00e1n de su pap\u00e1, cargando cartones. Fue a la universidad y se titul\u00f3 como administrador de empresas, pero el motor de su vida fue, desde ni\u00f1o, poner libros en las manos de las personas.<br>\u201cMi padre me ayud\u00f3 para tener un espacio desde que se fund\u00f3 la Facultad de Medicina (despu\u00e9s Escuela de Enfermer\u00eda), hasta que mi tiempo termin\u00f3 ah\u00ed\u201d, record\u00f3. Durante tres d\u00e9cadas manejo un puesto de libros al interior de la Escuela de Enfermer\u00eda, pero tuvo que mudarse. Fue as\u00ed como naci\u00f3 el \u201cTianguis del Libro\u201d, local de ensue\u00f1o que se ubica en la calle Josefa Ortiz de Dom\u00ednguez n\u00famero 83, casi esquina con Eustaquio Buelna, entre Amado Nervo y Eustaquio Buelna, en la colonia Tierra Blanca, a una cuadra de la avenida \u00c1lvaro Obreg\u00f3n. A un costado del Hospital Civil de Culiac\u00e1n.<br>Afuera del \u201cTianguis del Libro\u201d se puede ver una carreta blanca en la que pone libros para que los tome quien quiera leer. En un letrero anuncia el lugar como centro de acopio de libros usados y tambi\u00e9n hay una leyenda que reza: \u201cCambio libros por despensas\u201d.<br>\u201cHe encontrado un confort aqu\u00ed, me siento en un mundo raro. No salgo a la calle porque me encuentro con cosas que la edad no me ayuda a tolerar: hay imprudencia y mala educaci\u00f3n, mucho atrabancado. Me siento fuera de contexto\u201d, confes\u00f3 al reconocer que su refugio son los libros. \u201cAqu\u00ed me encuentro las 24 horas\u201d, dijo.<br>Este tianguis es un lugar id\u00f3neo para vender o donar al pueblo los libros que sobran en casa, pero en realidad esta librer\u00eda no es precisamente un comercio de ejemplares usados porque tambi\u00e9n tiene obras nuevas, pues colabora con Librer\u00edas Gonvill.<br>Aqu\u00ed se puede encontrar cualquier tipo de libro, incluso en otros idiomas. Algunos viejos que se encuentran en buen estado a pesar del paso del tiempo y se pueden obtener por una aportaci\u00f3n simb\u00f3lica o a cambio de despensas. Incluso se pueden descubrir ediciones nuevas a\u00fan en celof\u00e1n a mitad de precio, as\u00ed como unas cuantas p\u00e1ginas amarillas de libros que se niegan a perecer y alguna que otra rareza literaria. El \u201cTianguis del Libro\u201d requiere de paciencia para encontrar lo que se busca.<br>Pareciera que los libros se encuentran revueltos pero la verdad es que todo est\u00e1 en perfecto orden y lo que no se observa a simple vista se ubica en perfectas divisiones dentro de una bodega donde est\u00e1n resguardadas las obras m\u00e1s dif\u00edciles de conseguir enterradas entre el polvo acumulado por el tiempo. Pareciera un valioso cementerio de libros olvidados y muchos t\u00edtulos son obras sinaloenses de autores cuyos nombres se desvanecen con el paso de los a\u00f1os.<br>M\u00e1s que los mismos libros, conversar con Jos\u00e9 de Jes\u00fas Torres S\u00e1nchez hacen de la visita al \u201cTianguis del Libro\u201d una experiencia \u00fanica por sus charlas literarias, sus an\u00e9cdotas y su amor al libro f\u00edsico, pero con apertura de miras al universo digital.<\/p>\n\n\n\n<p>LOS PADRES HEMOS PERDIDO LA CAPACIDAD DE ESCUCHAR A LOS HIJOS<br>Jos\u00e9 de Jes\u00fas Torres S\u00e1nchez acept\u00f3 amablemente conversar sobre su vida y su experiencia como vendedor de libros fomentando la lectura. Dice que de joven fue feliz, igual que ahora. Algo que tiene hoy que no ten\u00eda en su juventud es experiencia, el cometer errores que le ayudaron a entender m\u00e1s la vida y a las personas.<\/p>\n\n\n\n<ul class=\"wp-block-list\">\n<li>\u00bfCu\u00e1l fue un error que se arrepienta de haber hecho, pero que a la vez fue como un aprendizaje que le qued\u00f3 para toda la vida?<br>\u201cDure treinta a\u00f1os quej\u00e1ndome de un error: haberme regresado de California a Culiac\u00e1n. Sin embargo, despu\u00e9s de 30 a\u00f1os creo que fue lo mejor que pude haber hecho en mi vida, porque all\u00e1 ya ten\u00eda \u00e9xito, ya andaba trabajando en Hollywood cargando cables, iba por la cuesti\u00f3n de la \u201cartisteada\u201d, pero mi esposa me mando una foto de mis hijos y quebr\u00e9, dej\u00e9 todo y me devolv\u00ed. A Dios, gracias, porque hoy estuviera todo fracasado. Si hubiera tenido \u00e9xito, casa y todo, y me hubiera quedado en Hollywood, hoy no tuviera nada\u201d.<br>En esta parte Jos\u00e9 Torres recuerda la \u00e9poca en que introdujo exitosamente los trolebuses en Culiac\u00e1n, una bebida de sabores que era una especie de raspado elaborado a base de agua y que trat\u00f3 de instalar en Estados Unidos.<\/li>\n\n\n\n<li>\u00bfQu\u00e9 consejo le pudiera dar a la juventud sobre fomentar la buena lectura?<br>\u201cEl Internet es fabuloso sabi\u00e9ndolo usar, pero si se descuida uno haz de cuenta que es Eva seduciendo al hombre. Haz de cuenta que es Eva d\u00e1ndole la manzana al hombre y te invita a pecar, a descontrolarte mentalmente, a perder minutos de la vida con el aparatito en la mano\u201d.<\/li>\n\n\n\n<li>Clavado en el tel\u00e9fono \u2026<br>\u201cS\u00ed, y lo m\u00e1s grave del asunto es que todos sabemos lo que estoy diciendo: muchas personas lo pueden decir, pero ah\u00ed est\u00e1. Estamos, dijo el otro\u201d.<\/li>\n\n\n\n<li>\u00bfY qu\u00e9 opina sobre que se est\u00e9 perdiendo la comunicaci\u00f3n en persona, que se est\u00e9 optando m\u00e1s por usar aplicaciones como WhatsApp Instagram, Facebook?<br>\u201cEs muy pol\u00e9mico. A m\u00ed no me entristece: acepto la realidad del avance de la tecnolog\u00eda, pero se desintegran las familias. Ahora en Navidad me di cuenta. Fui a una cena familiar y lleg\u00f3 un momento que hasta foto les tom\u00e9: todo el mundo con el fregado tel\u00e9fono esperando que nos sirvieran la cena y desde el m\u00e1s chiquito hasta el m\u00e1s grandote con el tel\u00e9fono. En todas las familias est\u00e1 pasando eso, el mundo est\u00e1 al rev\u00e9s\u201d.<\/li>\n\n\n\n<li>\u00bfQu\u00e9 piensa sobre el uso de la inteligencia artificial? Dicen que ya est\u00e1 desplazando pr\u00e1cticamente lo que hac\u00eda el ser humano. En muchas empresas ya est\u00e1n usando la inteligencia artificial y muchas personas est\u00e1n perdiendo sus trabajos debido a esto.<br>\u201c\u00bfQu\u00e9 puedo decir de la inteligencia artificial? Antier vi que en China ya est\u00e1n haciendo robots con c\u00e9lulas madre humanas. Sencillamente con palabras sinaloenses: \u00a1est\u00e1 de la chingada! No soy saurino para saber lo que viene\u201d.<\/li>\n\n\n\n<li>\u00bfQu\u00e9 va a pasar con las librer\u00edas en Culiac\u00e1n?<br>\u201cEn un Culiac\u00e1n escaso de librer\u00edas es una pregunta que todos nos hacemos. Tambi\u00e9n trabajo con la cadena de Librer\u00edas Gonvill, que son 37 librer\u00edas a nivel nacional. Los directivos lo est\u00e1n pensando. El gremio editorial est\u00e1 temblando y no por la tecnolog\u00eda sino porque los padres hemos perdido mucho la capacidad de escuchar a los hijos, de darles lo mejor. Les damos lo que ellos quieren para que se entretengan y no est\u00e9n jodiendo y hacer nosotros lo que andamos haciendo\u201d.<\/li>\n\n\n\n<li>\u00bfPor ejemplo, dar a los peque\u00f1os un tel\u00e9fono o una Tablet?<br>\u201cA los peque\u00f1os no se les debe dar celular hasta que tengan un poquito m\u00e1s de criterio, que sepan lo que van a empezar a usar. Si se lo das para que jueguen o se entretengan y el pap\u00e1 se fue al Oxxo por la caguama, o la mam\u00e1 anda con la madre en el mitote, y el \u201cplebillo\u201d ah\u00ed, pues \u00bfqu\u00e9 estamos haciendo?, \u00a1d\u00e1ndole en la torre a esos ni\u00f1os! Esos ni\u00f1os no te dicen: con permiso, buenas tardes, buenos d\u00edas, gracias. Cuando les regalo libros a esos ni\u00f1os, me miran como bicho raro, me miran y lo agarran, hay ni\u00f1os que incluso no me dicen gracias\u201d.<\/li>\n\n\n\n<li>Se est\u00e1 perdiendo todo.<br>\u201cGeneralmente yo no hablo as\u00ed, pero estamos en tiempos en los que hay que hacer conciencia. Ah\u00ed est\u00e1n quej\u00e1ndose de la violencia, de Rocha y de la chingada, \u00bfCu\u00e1ndo dieron un libro a sus hijos esos que andan gritando? Se est\u00e1 generando m\u00e1s violencia por su propia ignorancia. \u00bfEntonces de qu\u00e9 se quejan? me da pena a veces ser un poquito dr\u00e1stico, pero trat\u00e1ndose de una entrevista, pues s\u00ed quiero hacer llegar la voz. La juventud se debe preocupar por rescatar h\u00e1bitos saludables, estudio, educaci\u00f3n, ah\u00ed est\u00e1 la paz. No est\u00e1 en los tanates, est\u00e1 en los libros\u201d.<\/li>\n\n\n\n<li>\u00bfQu\u00e9 hay que hacer con esos ni\u00f1os?<br>\u201cLa mente nace como una computadora en blanco, como un CD en blanco. Entonces ese CD y esa mente hay que irla preparando a trav\u00e9s de la lectura, puede ser en libros f\u00edsicos o ahora en el Internet, la cosa es leer y no dejarse ir uno al primer pensamiento. Hay que dar oportunidad a los ni\u00f1os de que hablen, se expresen y tener el talento de escuchar. No estar ordenando y que te voy a hacer esto, metiendo miedos. Hay que escuchar. Es un mensaje de paz para que agarremos la onda todos\u201d.<\/li>\n<\/ul>\n\n\n\n<p>EL LIBRERO ES EL GUARDI\u00c1N DE LA MEMORIA<br>En esa parte de la entrevista se incorporan el maestro Francisco Morales Zepeda y su hijo Francisco. Jos\u00e9 de Jes\u00fas Torres les da la bienvenida y los presenta:<br>\u201cAqu\u00ed viene Francisco. Es un joven talentoso. \u00c9l viene los s\u00e1bados a estudiar ingl\u00e9s y no deja de venir a la librer\u00eda. Es el \u00fanico de los seiscientos alumnos sabatinos que viene a la librer\u00eda consuetudinariamente. Personas como Francisco y su pap\u00e1, me motivan mucho, puedo pasar una semana sin clientes, pero s\u00e9 que el s\u00e1bado van a venir y estoy animoso y limpiando para que encuentren bonito todo\u201d.<br>Francisco Morales sostiene, al intervenir en la charla, que el libro no solamente es el espacio donde se encuentra el conocimiento sino tambi\u00e9n las buenas amistades. \u201cEl formato del libro \u2013apunt\u00f3 Francisco- tiene miles de a\u00f1os desarroll\u00e1ndose, la Internet es en los hechos una copia de ese formato solamente que digital. No hay en realidad una competencia. Es como la idea err\u00f3nea de que la tecnolog\u00eda nos va a suplir a los seres humanos. No es as\u00ed, la tecnolog\u00eda es una herramienta de conocimiento, el internet es un formato de esa herramienta de conocimiento, la inteligencia artificial es un formato de memoria y el guardi\u00e1n de la memoria seguir\u00e1 siendo el librero\u201d.<br>En ese punto, Jos\u00e9 de Jes\u00fas Torres precisa que no es librero sino distribuidor de la cultura. \u201cEl librero lo hace para vender, el distribuidor de la cultura no lo hace por negocio, lo hacemos por distribuir cultura, alguien lo tiene que hacer. Muchos de estos libros me los traen por donaci\u00f3n, es por eso que yo no les pongo precio. Es una cadena de bendiciones, as\u00ed lo miro yo, no soy fan\u00e1tico religioso, pero es una realidad\u201d.<br>\u201cAl final es energ\u00eda -se\u00f1ala Francisco-, y en ese sentido se van moviendo las cosas. Lo interesante es el hecho de que la actitud que tiene usted hacia el libro es totalmente distinto. Yo tengo un centro cultural, usted tiene esta librer\u00eda, pero en el epicentro est\u00e1 compartir y distribuir cultura. Todo mundo habla de compartir y de libertad, pero cuando ven una persona libre no lo pueden creer, porque el ser humano que sabe compartir es una persona libre\u201d.<br>\u201c\u00bfEl bicho raro? Soy libre exactamente\u201d, respondi\u00f3 Jos\u00e9 Torres.<br>\u201cEs lo que hay que acercar a los j\u00f3venes \u2013insisti\u00f3 Francisco-. Lo que encontramos aqu\u00ed es un esp\u00edritu libre\u201d. \u201cNo es f\u00e1cil \u2013coment\u00f3 Jos\u00e9-. Tienes que pasar por muchas batallas. Se resume en tres palabras: todo es mental\u201d.<\/p>\n\n\n\n<p>EL MOTOR DE MI VIDA ES PONER LIBROS EN LAS MANOS DE LAS PERSONAS<br>Los libros que no est\u00e1n a la vista de los visitantes se encuentran en una peque\u00f1a bodega empolvada semejante a un archivo soterrado que permanece solitario por largos periodos de tiempo. Las paredes fueron pintadas con aportaciones de personas generosas.<br>Al entrar, de una pila de acetatos, Jos\u00e9 Torres tom\u00f3 uno del compositor y panista mazatleco Fernando Valad\u00e9s, recordado como cantante de boleros. &#8211; Fue novio de mi hermana, record\u00f3. Al mostrarnos sus tesoros nos confes\u00f3: &#8211; Dicen que estoy loco, pero no se imaginan que tanto.<br>\u201cEl pasado y el futuro no me interesan -afirma despu\u00e9s de escudri\u00f1ar en su interior-, porque en el pasado est\u00e1 el estr\u00e9s y en el futuro, la angustia. En el presente est\u00e1 la realidad que es como una huella digital: cada quien tiene su realidad, la m\u00eda es atender al \u00e1vido de sabidur\u00eda, aunque siempre seremos ignorantes en algo. La felicidad es ef\u00edmera, no es permanente, es enga\u00f1o: llega y se va. Miente quien diga que es feliz eternamente. Los libreros somos una especie en extinci\u00f3n\u201d. Refiere, al sostener que la librer\u00eda lo hace feliz, y la vida se compone de momentos felices.<br>\u201cYo estoy en esto porque me apasiona, pero -expone- desafortunadamente el internet nos ha suplantado porque es m\u00e1s c\u00f3modo buscar la informaci\u00f3n en un dispositivo. Otro factor es el elevado costo de los libros, que muchas veces no est\u00e1n al alcance del bolsillo. El Internet es maravilloso: le aplastan un botoncito y ah\u00ed lo tienen todo y sin gastar. Sin embargo, el Papa Juan Pablo II advirti\u00f3 que el internet es un arma de doble filo, puede ser ben\u00e9fico o un demonio que secuestra mentes y apendeja a la gente cuya imaginaci\u00f3n vuela al pasar horas perdi\u00e9ndose de la realidad\u201d.<br>\u201cEse es un secuestro mental pues se pierde la creatividad. Las personas huyen de sus problemas chateando con desconocidos, lo que es semejante a embriagarse con una botella de alcohol, es la misma chingadera\u201d, lament\u00f3.<\/p>\n\n\n\n<ul class=\"wp-block-list\">\n<li>\u00bfEs mejor el libro impreso?<br>\u201cLo mejor es leer lo que se pueda. Ser\u00eda mucho romanticismo decir que el libro f\u00edsico es mejor. Es cuesti\u00f3n de gustos. A m\u00ed me gusta. Lo mismo puedo estar leyendo aqu\u00ed, me muevo a cualquier parte y no tengo que estar prendiendo y apagando un dispositivo. El libro impreso no necesita bater\u00eda, siempre est\u00e1 ah\u00ed para ti\u201d.<br>Para concluir nuestra conversaci\u00f3n Jos\u00e9 Torres hizo un llamado a las personas a pensar antes de tirar un libro a la basura, ya que hay gente que desea leer una obra y disfrutarla, de tal forma que si alguien quiere realizar una donaci\u00f3n puede hacerlo comunic\u00e1ndose al tel\u00e9fono 6671 568513, n\u00famero del \u201cTianguis del Libro\u201d.<br>\u201cLe digo a la ciudadan\u00eda de Culiac\u00e1n que aprovechen este recinto. Yo soy un compilador de libros: tengo m\u00e1s de diez mil libros y los vendo casi regalados. Tambi\u00e9n los doy por despensas y se las regalo a quienes andan deambulando y pajareando\u201d, se\u00f1al\u00f3.<br>Ah\u00ed est\u00e1 Jos\u00e9 Torres todos los d\u00edas, desde que amanece hasta que oscurece. De barba blanca y cerrada, mira a los reci\u00e9n llegados a trav\u00e9s de sus gafas entre estanter\u00edas repletas de libros que ascienden desde la base hasta la c\u00faspide. Libros apilados por doquier. Cada libro de su cat\u00e1logo, como cada estrella del cosmos en el universo de libros, est\u00e1 guardado en su memoria. Ah\u00ed est\u00e1 siempre, a la espera de un nuevo visitante en este templo m\u00e1gico al que pueden acudir quienes aman los libros.<\/li>\n<\/ul>\n","protected":false},"excerpt":{"rendered":"<p>Es un hombre rodeado de una librer\u00eda heterog\u00e9nea y repleta de obras esperando ser le\u00eddas. Al conocer al distribuidor de la cultura Jos\u00e9 de Jes\u00fas Torres S\u00e1nchez no pude evitar evocar al t\u00edo Ernesto, Tito de cari\u00f1o, personaje que viv\u00eda sin otra compa\u00f1\u00eda que sus libros.En la novela de Juan Villoro, este enigm\u00e1tico personaje le [&hellip;]<\/p>\n","protected":false},"author":184,"featured_media":101045,"comment_status":"open","ping_status":"open","sticky":false,"template":"","format":"standard","meta":{"tdm_status":"","tdm_grid_status":"","footnotes":""},"categories":[37],"tags":[],"class_list":{"0":"post-101044","1":"post","2":"type-post","3":"status-publish","4":"format-standard","5":"has-post-thumbnail","7":"category-nota-principal"},"yoast_head":"<!-- This site is optimized with the Yoast SEO plugin v27.4 - https:\/\/yoast.com\/product\/yoast-seo-wordpress\/ -->\n<title>Jos\u00e9 Torres, el guardi\u00e1n de los libros olvidados - Fuentes Fidedignas<\/title>\n<meta name=\"robots\" content=\"index, follow, max-snippet:-1, max-image-preview:large, max-video-preview:-1\" \/>\n<link rel=\"canonical\" href=\"https:\/\/fuentesfidedignas.com.mx\/index.php\/2025\/02\/06\/jose-torres-el-guardian-de-los-libros-olvidados\/\" \/>\n<meta property=\"og:locale\" content=\"es_MX\" \/>\n<meta property=\"og:type\" content=\"article\" \/>\n<meta property=\"og:title\" content=\"Jos\u00e9 Torres, el guardi\u00e1n de los libros olvidados - Fuentes Fidedignas\" \/>\n<meta property=\"og:description\" content=\"Es un hombre rodeado de una librer\u00eda heterog\u00e9nea y repleta de obras esperando ser le\u00eddas. Al conocer al distribuidor de la cultura Jos\u00e9 de Jes\u00fas Torres S\u00e1nchez no pude evitar evocar al t\u00edo Ernesto, Tito de cari\u00f1o, personaje que viv\u00eda sin otra compa\u00f1\u00eda que sus libros.En la novela de Juan Villoro, este enigm\u00e1tico personaje le [&hellip;]\" \/>\n<meta property=\"og:url\" content=\"https:\/\/fuentesfidedignas.com.mx\/index.php\/2025\/02\/06\/jose-torres-el-guardian-de-los-libros-olvidados\/\" \/>\n<meta property=\"og:site_name\" content=\"Fuentes Fidedignas\" \/>\n<meta property=\"article:publisher\" content=\"https:\/\/www.facebook.com\/Fuentes-Fidedignas-368234489921644\" \/>\n<meta property=\"article:published_time\" content=\"2025-02-06T14:21:20+00:00\" \/>\n<meta property=\"article:modified_time\" content=\"2025-02-06T14:21:23+00:00\" \/>\n<meta property=\"og:image\" content=\"https:\/\/fuentesfidedignas.com.mx\/wp-content\/uploads\/2025\/02\/9e125103-e1af-4e9e-b88b-e7dc83ba7410.jpg\" \/>\n\t<meta property=\"og:image:width\" content=\"1519\" \/>\n\t<meta property=\"og:image:height\" content=\"852\" \/>\n\t<meta property=\"og:image:type\" content=\"image\/jpeg\" \/>\n<meta name=\"author\" content=\"Luis Angel Rivera Ayala, MIguel Alonso Rivera Bojorquez\" \/>\n<meta name=\"twitter:card\" content=\"summary_large_image\" \/>\n<meta name=\"twitter:creator\" content=\"@fidedignas\" \/>\n<meta name=\"twitter:site\" content=\"@fidedignas\" \/>\n<meta name=\"twitter:label1\" content=\"Escrito por\" \/>\n\t<meta name=\"twitter:data1\" content=\"Luis Angel Rivera Ayala, MIguel Alonso Rivera Bojorquez\" \/>\n\t<meta name=\"twitter:label2\" content=\"Tiempo de lectura\" \/>\n\t<meta name=\"twitter:data2\" content=\"14 minutos\" \/>\n<script type=\"application\/ld+json\" class=\"yoast-schema-graph\">{\"@context\":\"https:\\\/\\\/schema.org\",\"@graph\":[{\"@type\":\"Article\",\"@id\":\"https:\\\/\\\/fuentesfidedignas.com.mx\\\/index.php\\\/2025\\\/02\\\/06\\\/jose-torres-el-guardian-de-los-libros-olvidados\\\/#article\",\"isPartOf\":{\"@id\":\"https:\\\/\\\/fuentesfidedignas.com.mx\\\/index.php\\\/2025\\\/02\\\/06\\\/jose-torres-el-guardian-de-los-libros-olvidados\\\/\"},\"author\":{\"name\":\"Luis Angel Rivera Ayala, MIguel Alonso Rivera Bojorquez\",\"@id\":\"https:\\\/\\\/fuentesfidedignas.com.mx\\\/#\\\/schema\\\/person\\\/28ffe67b6ad5aded6979d062db7d8d99\"},\"headline\":\"Jos\u00e9 Torres, el guardi\u00e1n de los libros olvidados\",\"datePublished\":\"2025-02-06T14:21:20+00:00\",\"dateModified\":\"2025-02-06T14:21:23+00:00\",\"mainEntityOfPage\":{\"@id\":\"https:\\\/\\\/fuentesfidedignas.com.mx\\\/index.php\\\/2025\\\/02\\\/06\\\/jose-torres-el-guardian-de-los-libros-olvidados\\\/\"},\"wordCount\":3203,\"commentCount\":0,\"publisher\":{\"@id\":\"https:\\\/\\\/fuentesfidedignas.com.mx\\\/#organization\"},\"image\":{\"@id\":\"https:\\\/\\\/fuentesfidedignas.com.mx\\\/index.php\\\/2025\\\/02\\\/06\\\/jose-torres-el-guardian-de-los-libros-olvidados\\\/#primaryimage\"},\"thumbnailUrl\":\"https:\\\/\\\/fuentesfidedignas.com.mx\\\/wp-content\\\/uploads\\\/2025\\\/02\\\/9e125103-e1af-4e9e-b88b-e7dc83ba7410.jpg\",\"articleSection\":[\"NOTA PRINCIPAL\"],\"inLanguage\":\"es\",\"potentialAction\":[{\"@type\":\"CommentAction\",\"name\":\"Comment\",\"target\":[\"https:\\\/\\\/fuentesfidedignas.com.mx\\\/index.php\\\/2025\\\/02\\\/06\\\/jose-torres-el-guardian-de-los-libros-olvidados\\\/#respond\"]}]},{\"@type\":\"WebPage\",\"@id\":\"https:\\\/\\\/fuentesfidedignas.com.mx\\\/index.php\\\/2025\\\/02\\\/06\\\/jose-torres-el-guardian-de-los-libros-olvidados\\\/\",\"url\":\"https:\\\/\\\/fuentesfidedignas.com.mx\\\/index.php\\\/2025\\\/02\\\/06\\\/jose-torres-el-guardian-de-los-libros-olvidados\\\/\",\"name\":\"Jos\u00e9 Torres, el guardi\u00e1n de los libros olvidados - Fuentes Fidedignas\",\"isPartOf\":{\"@id\":\"https:\\\/\\\/fuentesfidedignas.com.mx\\\/#website\"},\"primaryImageOfPage\":{\"@id\":\"https:\\\/\\\/fuentesfidedignas.com.mx\\\/index.php\\\/2025\\\/02\\\/06\\\/jose-torres-el-guardian-de-los-libros-olvidados\\\/#primaryimage\"},\"image\":{\"@id\":\"https:\\\/\\\/fuentesfidedignas.com.mx\\\/index.php\\\/2025\\\/02\\\/06\\\/jose-torres-el-guardian-de-los-libros-olvidados\\\/#primaryimage\"},\"thumbnailUrl\":\"https:\\\/\\\/fuentesfidedignas.com.mx\\\/wp-content\\\/uploads\\\/2025\\\/02\\\/9e125103-e1af-4e9e-b88b-e7dc83ba7410.jpg\",\"datePublished\":\"2025-02-06T14:21:20+00:00\",\"dateModified\":\"2025-02-06T14:21:23+00:00\",\"breadcrumb\":{\"@id\":\"https:\\\/\\\/fuentesfidedignas.com.mx\\\/index.php\\\/2025\\\/02\\\/06\\\/jose-torres-el-guardian-de-los-libros-olvidados\\\/#breadcrumb\"},\"inLanguage\":\"es\",\"potentialAction\":[{\"@type\":\"ReadAction\",\"target\":[\"https:\\\/\\\/fuentesfidedignas.com.mx\\\/index.php\\\/2025\\\/02\\\/06\\\/jose-torres-el-guardian-de-los-libros-olvidados\\\/\"]}]},{\"@type\":\"ImageObject\",\"inLanguage\":\"es\",\"@id\":\"https:\\\/\\\/fuentesfidedignas.com.mx\\\/index.php\\\/2025\\\/02\\\/06\\\/jose-torres-el-guardian-de-los-libros-olvidados\\\/#primaryimage\",\"url\":\"https:\\\/\\\/fuentesfidedignas.com.mx\\\/wp-content\\\/uploads\\\/2025\\\/02\\\/9e125103-e1af-4e9e-b88b-e7dc83ba7410.jpg\",\"contentUrl\":\"https:\\\/\\\/fuentesfidedignas.com.mx\\\/wp-content\\\/uploads\\\/2025\\\/02\\\/9e125103-e1af-4e9e-b88b-e7dc83ba7410.jpg\",\"width\":1519,\"height\":852},{\"@type\":\"BreadcrumbList\",\"@id\":\"https:\\\/\\\/fuentesfidedignas.com.mx\\\/index.php\\\/2025\\\/02\\\/06\\\/jose-torres-el-guardian-de-los-libros-olvidados\\\/#breadcrumb\",\"itemListElement\":[{\"@type\":\"ListItem\",\"position\":1,\"name\":\"Inicio\",\"item\":\"https:\\\/\\\/fuentesfidedignas.com.mx\\\/\"},{\"@type\":\"ListItem\",\"position\":2,\"name\":\"Jos\u00e9 Torres, el guardi\u00e1n de los libros olvidados\"}]},{\"@type\":\"WebSite\",\"@id\":\"https:\\\/\\\/fuentesfidedignas.com.mx\\\/#website\",\"url\":\"https:\\\/\\\/fuentesfidedignas.com.mx\\\/\",\"name\":\"Fuentes Fidedignas\",\"description\":\"Otro sitio realizado con WordPress\",\"publisher\":{\"@id\":\"https:\\\/\\\/fuentesfidedignas.com.mx\\\/#organization\"},\"potentialAction\":[{\"@type\":\"SearchAction\",\"target\":{\"@type\":\"EntryPoint\",\"urlTemplate\":\"https:\\\/\\\/fuentesfidedignas.com.mx\\\/?s={search_term_string}\"},\"query-input\":{\"@type\":\"PropertyValueSpecification\",\"valueRequired\":true,\"valueName\":\"search_term_string\"}}],\"inLanguage\":\"es\"},{\"@type\":\"Organization\",\"@id\":\"https:\\\/\\\/fuentesfidedignas.com.mx\\\/#organization\",\"name\":\"Fuentes Fidedignas\",\"url\":\"https:\\\/\\\/fuentesfidedignas.com.mx\\\/\",\"logo\":{\"@type\":\"ImageObject\",\"inLanguage\":\"es\",\"@id\":\"https:\\\/\\\/fuentesfidedignas.com.mx\\\/#\\\/schema\\\/logo\\\/image\\\/\",\"url\":\"https:\\\/\\\/fuentesfidedignas.com.mx\\\/wp-content\\\/uploads\\\/2021\\\/04\\\/logo-retina.png\",\"contentUrl\":\"https:\\\/\\\/fuentesfidedignas.com.mx\\\/wp-content\\\/uploads\\\/2021\\\/04\\\/logo-retina.png\",\"width\":280,\"height\":51,\"caption\":\"Fuentes Fidedignas\"},\"image\":{\"@id\":\"https:\\\/\\\/fuentesfidedignas.com.mx\\\/#\\\/schema\\\/logo\\\/image\\\/\"},\"sameAs\":[\"https:\\\/\\\/www.facebook.com\\\/Fuentes-Fidedignas-368234489921644\",\"https:\\\/\\\/x.com\\\/fidedignas\"]},{\"@type\":\"Person\",\"@id\":\"https:\\\/\\\/fuentesfidedignas.com.mx\\\/#\\\/schema\\\/person\\\/28ffe67b6ad5aded6979d062db7d8d99\",\"name\":\"Luis Angel Rivera Ayala, MIguel Alonso Rivera Bojorquez\",\"image\":{\"@type\":\"ImageObject\",\"inLanguage\":\"es\",\"@id\":\"https:\\\/\\\/secure.gravatar.com\\\/avatar\\\/80561fdae8c86d7eb2fe374104a53d0944f5f4503804a81235410da57b962efe?s=96&d=mm&r=g\",\"url\":\"https:\\\/\\\/secure.gravatar.com\\\/avatar\\\/80561fdae8c86d7eb2fe374104a53d0944f5f4503804a81235410da57b962efe?s=96&d=mm&r=g\",\"contentUrl\":\"https:\\\/\\\/secure.gravatar.com\\\/avatar\\\/80561fdae8c86d7eb2fe374104a53d0944f5f4503804a81235410da57b962efe?s=96&d=mm&r=g\",\"caption\":\"Luis Angel Rivera Ayala, MIguel Alonso Rivera Bojorquez\"},\"url\":\"https:\\\/\\\/fuentesfidedignas.com.mx\\\/index.php\\\/author\\\/luism\\\/\"}]}<\/script>\n<!-- \/ Yoast SEO plugin. -->","yoast_head_json":{"title":"Jos\u00e9 Torres, el guardi\u00e1n de los libros olvidados - Fuentes Fidedignas","robots":{"index":"index","follow":"follow","max-snippet":"max-snippet:-1","max-image-preview":"max-image-preview:large","max-video-preview":"max-video-preview:-1"},"canonical":"https:\/\/fuentesfidedignas.com.mx\/index.php\/2025\/02\/06\/jose-torres-el-guardian-de-los-libros-olvidados\/","og_locale":"es_MX","og_type":"article","og_title":"Jos\u00e9 Torres, el guardi\u00e1n de los libros olvidados - Fuentes Fidedignas","og_description":"Es un hombre rodeado de una librer\u00eda heterog\u00e9nea y repleta de obras esperando ser le\u00eddas. Al conocer al distribuidor de la cultura Jos\u00e9 de Jes\u00fas Torres S\u00e1nchez no pude evitar evocar al t\u00edo Ernesto, Tito de cari\u00f1o, personaje que viv\u00eda sin otra compa\u00f1\u00eda que sus libros.En la novela de Juan Villoro, este enigm\u00e1tico personaje le [&hellip;]","og_url":"https:\/\/fuentesfidedignas.com.mx\/index.php\/2025\/02\/06\/jose-torres-el-guardian-de-los-libros-olvidados\/","og_site_name":"Fuentes Fidedignas","article_publisher":"https:\/\/www.facebook.com\/Fuentes-Fidedignas-368234489921644","article_published_time":"2025-02-06T14:21:20+00:00","article_modified_time":"2025-02-06T14:21:23+00:00","og_image":[{"width":1519,"height":852,"url":"https:\/\/fuentesfidedignas.com.mx\/wp-content\/uploads\/2025\/02\/9e125103-e1af-4e9e-b88b-e7dc83ba7410.jpg","type":"image\/jpeg"}],"author":"Luis Angel Rivera Ayala, MIguel Alonso Rivera Bojorquez","twitter_card":"summary_large_image","twitter_creator":"@fidedignas","twitter_site":"@fidedignas","twitter_misc":{"Escrito por":"Luis Angel Rivera Ayala, MIguel Alonso Rivera Bojorquez","Tiempo de lectura":"14 minutos"},"schema":{"@context":"https:\/\/schema.org","@graph":[{"@type":"Article","@id":"https:\/\/fuentesfidedignas.com.mx\/index.php\/2025\/02\/06\/jose-torres-el-guardian-de-los-libros-olvidados\/#article","isPartOf":{"@id":"https:\/\/fuentesfidedignas.com.mx\/index.php\/2025\/02\/06\/jose-torres-el-guardian-de-los-libros-olvidados\/"},"author":{"name":"Luis Angel Rivera Ayala, MIguel Alonso Rivera Bojorquez","@id":"https:\/\/fuentesfidedignas.com.mx\/#\/schema\/person\/28ffe67b6ad5aded6979d062db7d8d99"},"headline":"Jos\u00e9 Torres, el guardi\u00e1n de los libros olvidados","datePublished":"2025-02-06T14:21:20+00:00","dateModified":"2025-02-06T14:21:23+00:00","mainEntityOfPage":{"@id":"https:\/\/fuentesfidedignas.com.mx\/index.php\/2025\/02\/06\/jose-torres-el-guardian-de-los-libros-olvidados\/"},"wordCount":3203,"commentCount":0,"publisher":{"@id":"https:\/\/fuentesfidedignas.com.mx\/#organization"},"image":{"@id":"https:\/\/fuentesfidedignas.com.mx\/index.php\/2025\/02\/06\/jose-torres-el-guardian-de-los-libros-olvidados\/#primaryimage"},"thumbnailUrl":"https:\/\/fuentesfidedignas.com.mx\/wp-content\/uploads\/2025\/02\/9e125103-e1af-4e9e-b88b-e7dc83ba7410.jpg","articleSection":["NOTA PRINCIPAL"],"inLanguage":"es","potentialAction":[{"@type":"CommentAction","name":"Comment","target":["https:\/\/fuentesfidedignas.com.mx\/index.php\/2025\/02\/06\/jose-torres-el-guardian-de-los-libros-olvidados\/#respond"]}]},{"@type":"WebPage","@id":"https:\/\/fuentesfidedignas.com.mx\/index.php\/2025\/02\/06\/jose-torres-el-guardian-de-los-libros-olvidados\/","url":"https:\/\/fuentesfidedignas.com.mx\/index.php\/2025\/02\/06\/jose-torres-el-guardian-de-los-libros-olvidados\/","name":"Jos\u00e9 Torres, el guardi\u00e1n de los libros olvidados - Fuentes Fidedignas","isPartOf":{"@id":"https:\/\/fuentesfidedignas.com.mx\/#website"},"primaryImageOfPage":{"@id":"https:\/\/fuentesfidedignas.com.mx\/index.php\/2025\/02\/06\/jose-torres-el-guardian-de-los-libros-olvidados\/#primaryimage"},"image":{"@id":"https:\/\/fuentesfidedignas.com.mx\/index.php\/2025\/02\/06\/jose-torres-el-guardian-de-los-libros-olvidados\/#primaryimage"},"thumbnailUrl":"https:\/\/fuentesfidedignas.com.mx\/wp-content\/uploads\/2025\/02\/9e125103-e1af-4e9e-b88b-e7dc83ba7410.jpg","datePublished":"2025-02-06T14:21:20+00:00","dateModified":"2025-02-06T14:21:23+00:00","breadcrumb":{"@id":"https:\/\/fuentesfidedignas.com.mx\/index.php\/2025\/02\/06\/jose-torres-el-guardian-de-los-libros-olvidados\/#breadcrumb"},"inLanguage":"es","potentialAction":[{"@type":"ReadAction","target":["https:\/\/fuentesfidedignas.com.mx\/index.php\/2025\/02\/06\/jose-torres-el-guardian-de-los-libros-olvidados\/"]}]},{"@type":"ImageObject","inLanguage":"es","@id":"https:\/\/fuentesfidedignas.com.mx\/index.php\/2025\/02\/06\/jose-torres-el-guardian-de-los-libros-olvidados\/#primaryimage","url":"https:\/\/fuentesfidedignas.com.mx\/wp-content\/uploads\/2025\/02\/9e125103-e1af-4e9e-b88b-e7dc83ba7410.jpg","contentUrl":"https:\/\/fuentesfidedignas.com.mx\/wp-content\/uploads\/2025\/02\/9e125103-e1af-4e9e-b88b-e7dc83ba7410.jpg","width":1519,"height":852},{"@type":"BreadcrumbList","@id":"https:\/\/fuentesfidedignas.com.mx\/index.php\/2025\/02\/06\/jose-torres-el-guardian-de-los-libros-olvidados\/#breadcrumb","itemListElement":[{"@type":"ListItem","position":1,"name":"Inicio","item":"https:\/\/fuentesfidedignas.com.mx\/"},{"@type":"ListItem","position":2,"name":"Jos\u00e9 Torres, el guardi\u00e1n de los libros olvidados"}]},{"@type":"WebSite","@id":"https:\/\/fuentesfidedignas.com.mx\/#website","url":"https:\/\/fuentesfidedignas.com.mx\/","name":"Fuentes Fidedignas","description":"Otro sitio realizado con WordPress","publisher":{"@id":"https:\/\/fuentesfidedignas.com.mx\/#organization"},"potentialAction":[{"@type":"SearchAction","target":{"@type":"EntryPoint","urlTemplate":"https:\/\/fuentesfidedignas.com.mx\/?s={search_term_string}"},"query-input":{"@type":"PropertyValueSpecification","valueRequired":true,"valueName":"search_term_string"}}],"inLanguage":"es"},{"@type":"Organization","@id":"https:\/\/fuentesfidedignas.com.mx\/#organization","name":"Fuentes Fidedignas","url":"https:\/\/fuentesfidedignas.com.mx\/","logo":{"@type":"ImageObject","inLanguage":"es","@id":"https:\/\/fuentesfidedignas.com.mx\/#\/schema\/logo\/image\/","url":"https:\/\/fuentesfidedignas.com.mx\/wp-content\/uploads\/2021\/04\/logo-retina.png","contentUrl":"https:\/\/fuentesfidedignas.com.mx\/wp-content\/uploads\/2021\/04\/logo-retina.png","width":280,"height":51,"caption":"Fuentes Fidedignas"},"image":{"@id":"https:\/\/fuentesfidedignas.com.mx\/#\/schema\/logo\/image\/"},"sameAs":["https:\/\/www.facebook.com\/Fuentes-Fidedignas-368234489921644","https:\/\/x.com\/fidedignas"]},{"@type":"Person","@id":"https:\/\/fuentesfidedignas.com.mx\/#\/schema\/person\/28ffe67b6ad5aded6979d062db7d8d99","name":"Luis Angel Rivera Ayala, MIguel Alonso Rivera Bojorquez","image":{"@type":"ImageObject","inLanguage":"es","@id":"https:\/\/secure.gravatar.com\/avatar\/80561fdae8c86d7eb2fe374104a53d0944f5f4503804a81235410da57b962efe?s=96&d=mm&r=g","url":"https:\/\/secure.gravatar.com\/avatar\/80561fdae8c86d7eb2fe374104a53d0944f5f4503804a81235410da57b962efe?s=96&d=mm&r=g","contentUrl":"https:\/\/secure.gravatar.com\/avatar\/80561fdae8c86d7eb2fe374104a53d0944f5f4503804a81235410da57b962efe?s=96&d=mm&r=g","caption":"Luis Angel Rivera Ayala, MIguel Alonso Rivera Bojorquez"},"url":"https:\/\/fuentesfidedignas.com.mx\/index.php\/author\/luism\/"}]}},"_links":{"self":[{"href":"https:\/\/fuentesfidedignas.com.mx\/index.php\/wp-json\/wp\/v2\/posts\/101044","targetHints":{"allow":["GET"]}}],"collection":[{"href":"https:\/\/fuentesfidedignas.com.mx\/index.php\/wp-json\/wp\/v2\/posts"}],"about":[{"href":"https:\/\/fuentesfidedignas.com.mx\/index.php\/wp-json\/wp\/v2\/types\/post"}],"author":[{"embeddable":true,"href":"https:\/\/fuentesfidedignas.com.mx\/index.php\/wp-json\/wp\/v2\/users\/184"}],"replies":[{"embeddable":true,"href":"https:\/\/fuentesfidedignas.com.mx\/index.php\/wp-json\/wp\/v2\/comments?post=101044"}],"version-history":[{"count":1,"href":"https:\/\/fuentesfidedignas.com.mx\/index.php\/wp-json\/wp\/v2\/posts\/101044\/revisions"}],"predecessor-version":[{"id":101047,"href":"https:\/\/fuentesfidedignas.com.mx\/index.php\/wp-json\/wp\/v2\/posts\/101044\/revisions\/101047"}],"wp:featuredmedia":[{"embeddable":true,"href":"https:\/\/fuentesfidedignas.com.mx\/index.php\/wp-json\/wp\/v2\/media\/101045"}],"wp:attachment":[{"href":"https:\/\/fuentesfidedignas.com.mx\/index.php\/wp-json\/wp\/v2\/media?parent=101044"}],"wp:term":[{"taxonomy":"category","embeddable":true,"href":"https:\/\/fuentesfidedignas.com.mx\/index.php\/wp-json\/wp\/v2\/categories?post=101044"},{"taxonomy":"post_tag","embeddable":true,"href":"https:\/\/fuentesfidedignas.com.mx\/index.php\/wp-json\/wp\/v2\/tags?post=101044"}],"curies":[{"name":"wp","href":"https:\/\/api.w.org\/{rel}","templated":true}]}}