{"id":101017,"date":"2025-02-06T04:10:00","date_gmt":"2025-02-06T11:10:00","guid":{"rendered":"https:\/\/fuentesfidedignas.com.mx\/?p=101017"},"modified":"2025-02-05T21:14:20","modified_gmt":"2025-02-06T04:14:20","slug":"devuelven-libro-a-biblioteca-mas-de-un-siglo-despues-esto-fue-lo-que-paso","status":"publish","type":"post","link":"https:\/\/fuentesfidedignas.com.mx\/index.php\/2025\/02\/06\/devuelven-libro-a-biblioteca-mas-de-un-siglo-despues-esto-fue-lo-que-paso\/","title":{"rendered":"Devuelven libro a biblioteca m\u00e1s de un siglo despu\u00e9s; esto fue lo que pas\u00f3"},"content":{"rendered":"\n<p><strong><em>&#8216;Atenci\u00f3n e inter\u00e9s durante el estudio&#8217;, es el t\u00edtulo del libro did\u00e1ctico que fue tomado prestado en julio, hace m\u00e1s de cien a\u00f1os.<\/em><\/strong><\/p>\n\n\n\n<p>Si alguna vez te has sentido culpable por tardarte tan solo un d\u00eda o una semana en devolver un libro a la biblioteca, ya no lo hagas m\u00e1s porque un caso bastante peculiar aconteci\u00f3 en Rusia. Esta es la historia.&nbsp;<\/p>\n\n\n\n<p>Un libro fue devuelto a una biblioteca en la ciudad rusa de Yekaterimburgo m\u00e1s de un siglo despu\u00e9s de que fuera prestado, seg\u00fan inform\u00f3 este martes la oficina de prensa de la instituci\u00f3n.<\/p>\n\n\n\n<p>&#8216;Atenci\u00f3n e inter\u00e9s durante el estudio&#8217;, es el t\u00edtulo del libro did\u00e1ctico que fue tomado prestado en julio 1919, precisa la nota de la biblioteca Belinski.<\/p>\n\n\n\n<p>El citado ejemplar, que fue publicado en 1903 y se encuentra en buen estado, deb\u00eda haber sido restituido un mes m\u00e1s tarde, pero no volvi\u00f3 a su hogar original hasta hace poco gracias a un residente de la capital de los Urales.<\/p>\n\n\n\n<p>&#8220;Es una inc\u00f3gnita por qu\u00e9 el lector no devolvi\u00f3 el libro despu\u00e9s de un mes. S\u00f3lo un apunte: el Ej\u00e9rcito Rojo entr\u00f3 en Yekaterimburgo y se hizo con el poder el 14 de julio de 1919. As\u00ed que, ustedes mismos imaginen qu\u00e9 pudo haber ocurrido&#8221;, dice una de las empleadas de la biblioteca Belinski.<\/p>\n\n\n\n<p>El hombre que encontr\u00f3 el libro asegura que no inclu\u00eda la hoja de pr\u00e9stamo, pero s\u00ed se conserv\u00f3 pr\u00e1cticamente intacto el sello de la biblioteca con la fecha de devoluci\u00f3n.<\/p>\n\n\n\n<p>Ha pasado tanto tiempo que el texto ya no figura en los fondos de la biblioteca, que tiene intenci\u00f3n de incluirlo de nuevo en su inventario, concretamente en la secci\u00f3n de libros raros.<\/p>\n\n\n\n<p>La biblioteca no ha precisado el nombre de la persona que lo tom\u00f3 prestado hace m\u00e1s de un siglo ni el lugar donde fue recuperado.<\/p>\n","protected":false},"excerpt":{"rendered":"<p>&#8216;Atenci\u00f3n e inter\u00e9s durante el estudio&#8217;, es el t\u00edtulo del libro did\u00e1ctico que fue tomado prestado en julio, hace m\u00e1s de cien a\u00f1os. Si alguna vez te has sentido culpable por tardarte tan solo un d\u00eda o una semana en devolver un libro a la biblioteca, ya no lo hagas m\u00e1s porque un caso bastante [&hellip;]<\/p>\n","protected":false},"author":22,"featured_media":101024,"comment_status":"open","ping_status":"open","sticky":false,"template":"","format":"standard","meta":{"tdm_status":"","tdm_grid_status":"","footnotes":""},"categories":[40],"tags":[],"class_list":{"0":"post-101017","1":"post","2":"type-post","3":"status-publish","4":"format-standard","5":"has-post-thumbnail","7":"category-las-asombrosas"},"yoast_head":"<!-- This site is optimized with the Yoast SEO plugin v27.5 - https:\/\/yoast.com\/product\/yoast-seo-wordpress\/ -->\n<title>Devuelven libro a biblioteca m\u00e1s de un siglo despu\u00e9s; esto fue lo que pas\u00f3 - Fuentes Fidedignas<\/title>\n<meta name=\"robots\" content=\"index, follow, max-snippet:-1, max-image-preview:large, max-video-preview:-1\" \/>\n<link rel=\"canonical\" href=\"https:\/\/fuentesfidedignas.com.mx\/index.php\/2025\/02\/06\/devuelven-libro-a-biblioteca-mas-de-un-siglo-despues-esto-fue-lo-que-paso\/\" \/>\n<meta property=\"og:locale\" content=\"es_MX\" \/>\n<meta property=\"og:type\" content=\"article\" \/>\n<meta property=\"og:title\" content=\"Devuelven libro a biblioteca m\u00e1s de un siglo despu\u00e9s; esto fue lo que pas\u00f3 - Fuentes Fidedignas\" \/>\n<meta property=\"og:description\" content=\"&#8216;Atenci\u00f3n e inter\u00e9s durante el estudio&#8217;, es el t\u00edtulo del libro did\u00e1ctico que fue tomado prestado en julio, hace m\u00e1s de cien a\u00f1os. Si alguna vez te has sentido culpable por tardarte tan solo un d\u00eda o una semana en devolver un libro a la biblioteca, ya no lo hagas m\u00e1s porque un caso bastante [&hellip;]\" \/>\n<meta property=\"og:url\" content=\"https:\/\/fuentesfidedignas.com.mx\/index.php\/2025\/02\/06\/devuelven-libro-a-biblioteca-mas-de-un-siglo-despues-esto-fue-lo-que-paso\/\" \/>\n<meta property=\"og:site_name\" content=\"Fuentes Fidedignas\" \/>\n<meta property=\"article:publisher\" content=\"https:\/\/www.facebook.com\/Fuentes-Fidedignas-368234489921644\" \/>\n<meta property=\"article:published_time\" content=\"2025-02-06T11:10:00+00:00\" \/>\n<meta property=\"og:image\" content=\"https:\/\/fuentesfidedignas.com.mx\/wp-content\/uploads\/2025\/02\/biblioteca.jpg\" \/>\n\t<meta property=\"og:image:width\" content=\"600\" \/>\n\t<meta property=\"og:image:height\" content=\"418\" \/>\n\t<meta property=\"og:image:type\" content=\"image\/jpeg\" \/>\n<meta name=\"author\" content=\"EFE\" \/>\n<meta name=\"twitter:card\" content=\"summary_large_image\" \/>\n<meta name=\"twitter:creator\" content=\"@fidedignas\" \/>\n<meta name=\"twitter:site\" content=\"@fidedignas\" \/>\n<meta name=\"twitter:label1\" content=\"Escrito por\" \/>\n\t<meta name=\"twitter:data1\" content=\"EFE\" \/>\n\t<meta name=\"twitter:label2\" content=\"Tiempo de lectura\" \/>\n\t<meta name=\"twitter:data2\" content=\"2 minutos\" \/>\n<script type=\"application\/ld+json\" class=\"yoast-schema-graph\">{\"@context\":\"https:\\\/\\\/schema.org\",\"@graph\":[{\"@type\":\"Article\",\"@id\":\"https:\\\/\\\/fuentesfidedignas.com.mx\\\/index.php\\\/2025\\\/02\\\/06\\\/devuelven-libro-a-biblioteca-mas-de-un-siglo-despues-esto-fue-lo-que-paso\\\/#article\",\"isPartOf\":{\"@id\":\"https:\\\/\\\/fuentesfidedignas.com.mx\\\/index.php\\\/2025\\\/02\\\/06\\\/devuelven-libro-a-biblioteca-mas-de-un-siglo-despues-esto-fue-lo-que-paso\\\/\"},\"author\":{\"name\":\"EFE\",\"@id\":\"https:\\\/\\\/fuentesfidedignas.com.mx\\\/#\\\/schema\\\/person\\\/0d44615087b5a626d5d3f13afe31ac41\"},\"headline\":\"Devuelven libro a biblioteca m\u00e1s de un siglo despu\u00e9s; esto fue lo que pas\u00f3\",\"datePublished\":\"2025-02-06T11:10:00+00:00\",\"mainEntityOfPage\":{\"@id\":\"https:\\\/\\\/fuentesfidedignas.com.mx\\\/index.php\\\/2025\\\/02\\\/06\\\/devuelven-libro-a-biblioteca-mas-de-un-siglo-despues-esto-fue-lo-que-paso\\\/\"},\"wordCount\":348,\"commentCount\":0,\"publisher\":{\"@id\":\"https:\\\/\\\/fuentesfidedignas.com.mx\\\/#organization\"},\"image\":{\"@id\":\"https:\\\/\\\/fuentesfidedignas.com.mx\\\/index.php\\\/2025\\\/02\\\/06\\\/devuelven-libro-a-biblioteca-mas-de-un-siglo-despues-esto-fue-lo-que-paso\\\/#primaryimage\"},\"thumbnailUrl\":\"https:\\\/\\\/fuentesfidedignas.com.mx\\\/wp-content\\\/uploads\\\/2025\\\/02\\\/biblioteca.jpg\",\"articleSection\":[\"LAS ASOMBROSAS\"],\"inLanguage\":\"es\",\"potentialAction\":[{\"@type\":\"CommentAction\",\"name\":\"Comment\",\"target\":[\"https:\\\/\\\/fuentesfidedignas.com.mx\\\/index.php\\\/2025\\\/02\\\/06\\\/devuelven-libro-a-biblioteca-mas-de-un-siglo-despues-esto-fue-lo-que-paso\\\/#respond\"]}]},{\"@type\":\"WebPage\",\"@id\":\"https:\\\/\\\/fuentesfidedignas.com.mx\\\/index.php\\\/2025\\\/02\\\/06\\\/devuelven-libro-a-biblioteca-mas-de-un-siglo-despues-esto-fue-lo-que-paso\\\/\",\"url\":\"https:\\\/\\\/fuentesfidedignas.com.mx\\\/index.php\\\/2025\\\/02\\\/06\\\/devuelven-libro-a-biblioteca-mas-de-un-siglo-despues-esto-fue-lo-que-paso\\\/\",\"name\":\"Devuelven libro a biblioteca m\u00e1s de un siglo despu\u00e9s; esto fue lo que pas\u00f3 - Fuentes Fidedignas\",\"isPartOf\":{\"@id\":\"https:\\\/\\\/fuentesfidedignas.com.mx\\\/#website\"},\"primaryImageOfPage\":{\"@id\":\"https:\\\/\\\/fuentesfidedignas.com.mx\\\/index.php\\\/2025\\\/02\\\/06\\\/devuelven-libro-a-biblioteca-mas-de-un-siglo-despues-esto-fue-lo-que-paso\\\/#primaryimage\"},\"image\":{\"@id\":\"https:\\\/\\\/fuentesfidedignas.com.mx\\\/index.php\\\/2025\\\/02\\\/06\\\/devuelven-libro-a-biblioteca-mas-de-un-siglo-despues-esto-fue-lo-que-paso\\\/#primaryimage\"},\"thumbnailUrl\":\"https:\\\/\\\/fuentesfidedignas.com.mx\\\/wp-content\\\/uploads\\\/2025\\\/02\\\/biblioteca.jpg\",\"datePublished\":\"2025-02-06T11:10:00+00:00\",\"breadcrumb\":{\"@id\":\"https:\\\/\\\/fuentesfidedignas.com.mx\\\/index.php\\\/2025\\\/02\\\/06\\\/devuelven-libro-a-biblioteca-mas-de-un-siglo-despues-esto-fue-lo-que-paso\\\/#breadcrumb\"},\"inLanguage\":\"es\",\"potentialAction\":[{\"@type\":\"ReadAction\",\"target\":[\"https:\\\/\\\/fuentesfidedignas.com.mx\\\/index.php\\\/2025\\\/02\\\/06\\\/devuelven-libro-a-biblioteca-mas-de-un-siglo-despues-esto-fue-lo-que-paso\\\/\"]}]},{\"@type\":\"ImageObject\",\"inLanguage\":\"es\",\"@id\":\"https:\\\/\\\/fuentesfidedignas.com.mx\\\/index.php\\\/2025\\\/02\\\/06\\\/devuelven-libro-a-biblioteca-mas-de-un-siglo-despues-esto-fue-lo-que-paso\\\/#primaryimage\",\"url\":\"https:\\\/\\\/fuentesfidedignas.com.mx\\\/wp-content\\\/uploads\\\/2025\\\/02\\\/biblioteca.jpg\",\"contentUrl\":\"https:\\\/\\\/fuentesfidedignas.com.mx\\\/wp-content\\\/uploads\\\/2025\\\/02\\\/biblioteca.jpg\",\"width\":600,\"height\":418},{\"@type\":\"BreadcrumbList\",\"@id\":\"https:\\\/\\\/fuentesfidedignas.com.mx\\\/index.php\\\/2025\\\/02\\\/06\\\/devuelven-libro-a-biblioteca-mas-de-un-siglo-despues-esto-fue-lo-que-paso\\\/#breadcrumb\",\"itemListElement\":[{\"@type\":\"ListItem\",\"position\":1,\"name\":\"Inicio\",\"item\":\"https:\\\/\\\/fuentesfidedignas.com.mx\\\/\"},{\"@type\":\"ListItem\",\"position\":2,\"name\":\"Devuelven libro a biblioteca m\u00e1s de un siglo despu\u00e9s; esto fue lo que pas\u00f3\"}]},{\"@type\":\"WebSite\",\"@id\":\"https:\\\/\\\/fuentesfidedignas.com.mx\\\/#website\",\"url\":\"https:\\\/\\\/fuentesfidedignas.com.mx\\\/\",\"name\":\"Fuentes Fidedignas\",\"description\":\"Otro sitio realizado con WordPress\",\"publisher\":{\"@id\":\"https:\\\/\\\/fuentesfidedignas.com.mx\\\/#organization\"},\"potentialAction\":[{\"@type\":\"SearchAction\",\"target\":{\"@type\":\"EntryPoint\",\"urlTemplate\":\"https:\\\/\\\/fuentesfidedignas.com.mx\\\/?s={search_term_string}\"},\"query-input\":{\"@type\":\"PropertyValueSpecification\",\"valueRequired\":true,\"valueName\":\"search_term_string\"}}],\"inLanguage\":\"es\"},{\"@type\":\"Organization\",\"@id\":\"https:\\\/\\\/fuentesfidedignas.com.mx\\\/#organization\",\"name\":\"Fuentes Fidedignas\",\"url\":\"https:\\\/\\\/fuentesfidedignas.com.mx\\\/\",\"logo\":{\"@type\":\"ImageObject\",\"inLanguage\":\"es\",\"@id\":\"https:\\\/\\\/fuentesfidedignas.com.mx\\\/#\\\/schema\\\/logo\\\/image\\\/\",\"url\":\"https:\\\/\\\/fuentesfidedignas.com.mx\\\/wp-content\\\/uploads\\\/2021\\\/04\\\/logo-retina.png\",\"contentUrl\":\"https:\\\/\\\/fuentesfidedignas.com.mx\\\/wp-content\\\/uploads\\\/2021\\\/04\\\/logo-retina.png\",\"width\":280,\"height\":51,\"caption\":\"Fuentes Fidedignas\"},\"image\":{\"@id\":\"https:\\\/\\\/fuentesfidedignas.com.mx\\\/#\\\/schema\\\/logo\\\/image\\\/\"},\"sameAs\":[\"https:\\\/\\\/www.facebook.com\\\/Fuentes-Fidedignas-368234489921644\",\"https:\\\/\\\/x.com\\\/fidedignas\"]},{\"@type\":\"Person\",\"@id\":\"https:\\\/\\\/fuentesfidedignas.com.mx\\\/#\\\/schema\\\/person\\\/0d44615087b5a626d5d3f13afe31ac41\",\"name\":\"EFE\",\"image\":{\"@type\":\"ImageObject\",\"inLanguage\":\"es\",\"@id\":\"https:\\\/\\\/secure.gravatar.com\\\/avatar\\\/7048c2d9b569d9bed55bb53ad23821e6e047aa66338fb6ea9868627bbb9f54e8?s=96&d=mm&r=g\",\"url\":\"https:\\\/\\\/secure.gravatar.com\\\/avatar\\\/7048c2d9b569d9bed55bb53ad23821e6e047aa66338fb6ea9868627bbb9f54e8?s=96&d=mm&r=g\",\"contentUrl\":\"https:\\\/\\\/secure.gravatar.com\\\/avatar\\\/7048c2d9b569d9bed55bb53ad23821e6e047aa66338fb6ea9868627bbb9f54e8?s=96&d=mm&r=g\",\"caption\":\"EFE\"},\"url\":\"https:\\\/\\\/fuentesfidedignas.com.mx\\\/index.php\\\/author\\\/efe\\\/\"}]}<\/script>\n<!-- \/ Yoast SEO plugin. -->","yoast_head_json":{"title":"Devuelven libro a biblioteca m\u00e1s de un siglo despu\u00e9s; esto fue lo que pas\u00f3 - Fuentes Fidedignas","robots":{"index":"index","follow":"follow","max-snippet":"max-snippet:-1","max-image-preview":"max-image-preview:large","max-video-preview":"max-video-preview:-1"},"canonical":"https:\/\/fuentesfidedignas.com.mx\/index.php\/2025\/02\/06\/devuelven-libro-a-biblioteca-mas-de-un-siglo-despues-esto-fue-lo-que-paso\/","og_locale":"es_MX","og_type":"article","og_title":"Devuelven libro a biblioteca m\u00e1s de un siglo despu\u00e9s; esto fue lo que pas\u00f3 - Fuentes Fidedignas","og_description":"&#8216;Atenci\u00f3n e inter\u00e9s durante el estudio&#8217;, es el t\u00edtulo del libro did\u00e1ctico que fue tomado prestado en julio, hace m\u00e1s de cien a\u00f1os. Si alguna vez te has sentido culpable por tardarte tan solo un d\u00eda o una semana en devolver un libro a la biblioteca, ya no lo hagas m\u00e1s porque un caso bastante [&hellip;]","og_url":"https:\/\/fuentesfidedignas.com.mx\/index.php\/2025\/02\/06\/devuelven-libro-a-biblioteca-mas-de-un-siglo-despues-esto-fue-lo-que-paso\/","og_site_name":"Fuentes Fidedignas","article_publisher":"https:\/\/www.facebook.com\/Fuentes-Fidedignas-368234489921644","article_published_time":"2025-02-06T11:10:00+00:00","og_image":[{"width":600,"height":418,"url":"https:\/\/fuentesfidedignas.com.mx\/wp-content\/uploads\/2025\/02\/biblioteca.jpg","type":"image\/jpeg"}],"author":"EFE","twitter_card":"summary_large_image","twitter_creator":"@fidedignas","twitter_site":"@fidedignas","twitter_misc":{"Escrito por":"EFE","Tiempo de lectura":"2 minutos"},"schema":{"@context":"https:\/\/schema.org","@graph":[{"@type":"Article","@id":"https:\/\/fuentesfidedignas.com.mx\/index.php\/2025\/02\/06\/devuelven-libro-a-biblioteca-mas-de-un-siglo-despues-esto-fue-lo-que-paso\/#article","isPartOf":{"@id":"https:\/\/fuentesfidedignas.com.mx\/index.php\/2025\/02\/06\/devuelven-libro-a-biblioteca-mas-de-un-siglo-despues-esto-fue-lo-que-paso\/"},"author":{"name":"EFE","@id":"https:\/\/fuentesfidedignas.com.mx\/#\/schema\/person\/0d44615087b5a626d5d3f13afe31ac41"},"headline":"Devuelven libro a biblioteca m\u00e1s de un siglo despu\u00e9s; esto fue lo que pas\u00f3","datePublished":"2025-02-06T11:10:00+00:00","mainEntityOfPage":{"@id":"https:\/\/fuentesfidedignas.com.mx\/index.php\/2025\/02\/06\/devuelven-libro-a-biblioteca-mas-de-un-siglo-despues-esto-fue-lo-que-paso\/"},"wordCount":348,"commentCount":0,"publisher":{"@id":"https:\/\/fuentesfidedignas.com.mx\/#organization"},"image":{"@id":"https:\/\/fuentesfidedignas.com.mx\/index.php\/2025\/02\/06\/devuelven-libro-a-biblioteca-mas-de-un-siglo-despues-esto-fue-lo-que-paso\/#primaryimage"},"thumbnailUrl":"https:\/\/fuentesfidedignas.com.mx\/wp-content\/uploads\/2025\/02\/biblioteca.jpg","articleSection":["LAS ASOMBROSAS"],"inLanguage":"es","potentialAction":[{"@type":"CommentAction","name":"Comment","target":["https:\/\/fuentesfidedignas.com.mx\/index.php\/2025\/02\/06\/devuelven-libro-a-biblioteca-mas-de-un-siglo-despues-esto-fue-lo-que-paso\/#respond"]}]},{"@type":"WebPage","@id":"https:\/\/fuentesfidedignas.com.mx\/index.php\/2025\/02\/06\/devuelven-libro-a-biblioteca-mas-de-un-siglo-despues-esto-fue-lo-que-paso\/","url":"https:\/\/fuentesfidedignas.com.mx\/index.php\/2025\/02\/06\/devuelven-libro-a-biblioteca-mas-de-un-siglo-despues-esto-fue-lo-que-paso\/","name":"Devuelven libro a biblioteca m\u00e1s de un siglo despu\u00e9s; esto fue lo que pas\u00f3 - Fuentes Fidedignas","isPartOf":{"@id":"https:\/\/fuentesfidedignas.com.mx\/#website"},"primaryImageOfPage":{"@id":"https:\/\/fuentesfidedignas.com.mx\/index.php\/2025\/02\/06\/devuelven-libro-a-biblioteca-mas-de-un-siglo-despues-esto-fue-lo-que-paso\/#primaryimage"},"image":{"@id":"https:\/\/fuentesfidedignas.com.mx\/index.php\/2025\/02\/06\/devuelven-libro-a-biblioteca-mas-de-un-siglo-despues-esto-fue-lo-que-paso\/#primaryimage"},"thumbnailUrl":"https:\/\/fuentesfidedignas.com.mx\/wp-content\/uploads\/2025\/02\/biblioteca.jpg","datePublished":"2025-02-06T11:10:00+00:00","breadcrumb":{"@id":"https:\/\/fuentesfidedignas.com.mx\/index.php\/2025\/02\/06\/devuelven-libro-a-biblioteca-mas-de-un-siglo-despues-esto-fue-lo-que-paso\/#breadcrumb"},"inLanguage":"es","potentialAction":[{"@type":"ReadAction","target":["https:\/\/fuentesfidedignas.com.mx\/index.php\/2025\/02\/06\/devuelven-libro-a-biblioteca-mas-de-un-siglo-despues-esto-fue-lo-que-paso\/"]}]},{"@type":"ImageObject","inLanguage":"es","@id":"https:\/\/fuentesfidedignas.com.mx\/index.php\/2025\/02\/06\/devuelven-libro-a-biblioteca-mas-de-un-siglo-despues-esto-fue-lo-que-paso\/#primaryimage","url":"https:\/\/fuentesfidedignas.com.mx\/wp-content\/uploads\/2025\/02\/biblioteca.jpg","contentUrl":"https:\/\/fuentesfidedignas.com.mx\/wp-content\/uploads\/2025\/02\/biblioteca.jpg","width":600,"height":418},{"@type":"BreadcrumbList","@id":"https:\/\/fuentesfidedignas.com.mx\/index.php\/2025\/02\/06\/devuelven-libro-a-biblioteca-mas-de-un-siglo-despues-esto-fue-lo-que-paso\/#breadcrumb","itemListElement":[{"@type":"ListItem","position":1,"name":"Inicio","item":"https:\/\/fuentesfidedignas.com.mx\/"},{"@type":"ListItem","position":2,"name":"Devuelven libro a biblioteca m\u00e1s de un siglo despu\u00e9s; esto fue lo que pas\u00f3"}]},{"@type":"WebSite","@id":"https:\/\/fuentesfidedignas.com.mx\/#website","url":"https:\/\/fuentesfidedignas.com.mx\/","name":"Fuentes Fidedignas","description":"Otro sitio realizado con WordPress","publisher":{"@id":"https:\/\/fuentesfidedignas.com.mx\/#organization"},"potentialAction":[{"@type":"SearchAction","target":{"@type":"EntryPoint","urlTemplate":"https:\/\/fuentesfidedignas.com.mx\/?s={search_term_string}"},"query-input":{"@type":"PropertyValueSpecification","valueRequired":true,"valueName":"search_term_string"}}],"inLanguage":"es"},{"@type":"Organization","@id":"https:\/\/fuentesfidedignas.com.mx\/#organization","name":"Fuentes Fidedignas","url":"https:\/\/fuentesfidedignas.com.mx\/","logo":{"@type":"ImageObject","inLanguage":"es","@id":"https:\/\/fuentesfidedignas.com.mx\/#\/schema\/logo\/image\/","url":"https:\/\/fuentesfidedignas.com.mx\/wp-content\/uploads\/2021\/04\/logo-retina.png","contentUrl":"https:\/\/fuentesfidedignas.com.mx\/wp-content\/uploads\/2021\/04\/logo-retina.png","width":280,"height":51,"caption":"Fuentes Fidedignas"},"image":{"@id":"https:\/\/fuentesfidedignas.com.mx\/#\/schema\/logo\/image\/"},"sameAs":["https:\/\/www.facebook.com\/Fuentes-Fidedignas-368234489921644","https:\/\/x.com\/fidedignas"]},{"@type":"Person","@id":"https:\/\/fuentesfidedignas.com.mx\/#\/schema\/person\/0d44615087b5a626d5d3f13afe31ac41","name":"EFE","image":{"@type":"ImageObject","inLanguage":"es","@id":"https:\/\/secure.gravatar.com\/avatar\/7048c2d9b569d9bed55bb53ad23821e6e047aa66338fb6ea9868627bbb9f54e8?s=96&d=mm&r=g","url":"https:\/\/secure.gravatar.com\/avatar\/7048c2d9b569d9bed55bb53ad23821e6e047aa66338fb6ea9868627bbb9f54e8?s=96&d=mm&r=g","contentUrl":"https:\/\/secure.gravatar.com\/avatar\/7048c2d9b569d9bed55bb53ad23821e6e047aa66338fb6ea9868627bbb9f54e8?s=96&d=mm&r=g","caption":"EFE"},"url":"https:\/\/fuentesfidedignas.com.mx\/index.php\/author\/efe\/"}]}},"_links":{"self":[{"href":"https:\/\/fuentesfidedignas.com.mx\/index.php\/wp-json\/wp\/v2\/posts\/101017","targetHints":{"allow":["GET"]}}],"collection":[{"href":"https:\/\/fuentesfidedignas.com.mx\/index.php\/wp-json\/wp\/v2\/posts"}],"about":[{"href":"https:\/\/fuentesfidedignas.com.mx\/index.php\/wp-json\/wp\/v2\/types\/post"}],"author":[{"embeddable":true,"href":"https:\/\/fuentesfidedignas.com.mx\/index.php\/wp-json\/wp\/v2\/users\/22"}],"replies":[{"embeddable":true,"href":"https:\/\/fuentesfidedignas.com.mx\/index.php\/wp-json\/wp\/v2\/comments?post=101017"}],"version-history":[{"count":2,"href":"https:\/\/fuentesfidedignas.com.mx\/index.php\/wp-json\/wp\/v2\/posts\/101017\/revisions"}],"predecessor-version":[{"id":101019,"href":"https:\/\/fuentesfidedignas.com.mx\/index.php\/wp-json\/wp\/v2\/posts\/101017\/revisions\/101019"}],"wp:featuredmedia":[{"embeddable":true,"href":"https:\/\/fuentesfidedignas.com.mx\/index.php\/wp-json\/wp\/v2\/media\/101024"}],"wp:attachment":[{"href":"https:\/\/fuentesfidedignas.com.mx\/index.php\/wp-json\/wp\/v2\/media?parent=101017"}],"wp:term":[{"taxonomy":"category","embeddable":true,"href":"https:\/\/fuentesfidedignas.com.mx\/index.php\/wp-json\/wp\/v2\/categories?post=101017"},{"taxonomy":"post_tag","embeddable":true,"href":"https:\/\/fuentesfidedignas.com.mx\/index.php\/wp-json\/wp\/v2\/tags?post=101017"}],"curies":[{"name":"wp","href":"https:\/\/api.w.org\/{rel}","templated":true}]}}