{"id":100997,"date":"2025-02-05T18:29:24","date_gmt":"2025-02-06T01:29:24","guid":{"rendered":"https:\/\/fuentesfidedignas.com.mx\/?p=100997"},"modified":"2025-02-05T18:29:27","modified_gmt":"2025-02-06T01:29:27","slug":"cinco-criminales-abatidos-deja-enfrentamiento-con-agentes-cerca-de-la-frontera-mexico-eu","status":"publish","type":"post","link":"https:\/\/fuentesfidedignas.com.mx\/index.php\/2025\/02\/05\/cinco-criminales-abatidos-deja-enfrentamiento-con-agentes-cerca-de-la-frontera-mexico-eu\/","title":{"rendered":"Cinco criminales abatidos deja enfrentamiento con agentes cerca de la frontera M\u00e9xico-EU"},"content":{"rendered":"\n<p><strong><em>El enfrentamiento se registr\u00f3 en la localidad de General Bravo, donde se aseguraron cinco armas y un veh\u00edculo<\/em><\/strong><\/p>\n\n\n\n<p>Un enfrentamiento entre presuntos miembros del crimen organizado y agentes de la Polic\u00eda del estado de Nuevo Le\u00f3n dej\u00f3 como resultado el fallecimiento de cinco civiles armados y un elemento de las fuerzas de seguridad herido, cerca de la frontera entre M\u00e9xico y Estados Unidos.<\/p>\n\n\n\n<p>Leer tambi\u00e9n: Detienen a Rogelio \u2018N\u2019, presunto generador de violencia en el norte de M\u00e9xico<\/p>\n\n\n\n<p>La polic\u00eda estatal confirm\u00f3 los hechos, registrados en la localidad de General Bravo, en el norte\u00f1o estado de Nuevo Le\u00f3n, e inform\u00f3 del aseguramiento de cinco armas y un veh\u00edculo.<\/p>\n\n\n\n<p>\u201cUn oficial fue evacuado v\u00eda a\u00e9rea y se encuentra recibiendo atenci\u00f3n m\u00e9dica en un hospital del \u00e1rea metropolitana\u201d, inform\u00f3 la autoridad en una ficha informativa en la que destaca que los civiles armados fueron \u201cneutralizados\u201d.<\/p>\n\n\n\n<p>Este enfrentamiento se da el mismo d\u00eda en que se realiz\u00f3 el hallazgo de cuatro bolsas pl\u00e1sticas con restos humanos en el ayuntamiento de Galeana, en el mismo estado de Nuevo Le\u00f3n.<\/p>\n\n\n\n<p>Los hechos se registraron en la carretera Matehuala-Saltillo, kil\u00f3metro 118 a la altura del ejido San Jos\u00e9 de Ra\u00edces, en la mencionada localidad.<\/p>\n","protected":false},"excerpt":{"rendered":"<p>El enfrentamiento se registr\u00f3 en la localidad de General Bravo, donde se aseguraron cinco armas y un veh\u00edculo Un enfrentamiento entre presuntos miembros del crimen organizado y agentes de la Polic\u00eda del estado de Nuevo Le\u00f3n dej\u00f3 como resultado el fallecimiento de cinco civiles armados y un elemento de las fuerzas de seguridad herido, cerca [&hellip;]<\/p>\n","protected":false},"author":22,"featured_media":100998,"comment_status":"open","ping_status":"open","sticky":false,"template":"","format":"standard","meta":{"tdm_status":"","tdm_grid_status":"","footnotes":""},"categories":[39],"tags":[],"class_list":{"0":"post-100997","1":"post","2":"type-post","3":"status-publish","4":"format-standard","5":"has-post-thumbnail","7":"category-noticias-nacionales"},"yoast_head":"<!-- This site is optimized with the Yoast SEO plugin v27.5 - https:\/\/yoast.com\/product\/yoast-seo-wordpress\/ -->\n<title>Cinco criminales abatidos deja enfrentamiento con agentes cerca de la frontera M\u00e9xico-EU - Fuentes Fidedignas<\/title>\n<meta name=\"robots\" content=\"index, follow, max-snippet:-1, max-image-preview:large, max-video-preview:-1\" \/>\n<link rel=\"canonical\" href=\"https:\/\/fuentesfidedignas.com.mx\/index.php\/2025\/02\/05\/cinco-criminales-abatidos-deja-enfrentamiento-con-agentes-cerca-de-la-frontera-mexico-eu\/\" \/>\n<meta property=\"og:locale\" content=\"es_MX\" \/>\n<meta property=\"og:type\" content=\"article\" \/>\n<meta property=\"og:title\" content=\"Cinco criminales abatidos deja enfrentamiento con agentes cerca de la frontera M\u00e9xico-EU - Fuentes Fidedignas\" \/>\n<meta property=\"og:description\" content=\"El enfrentamiento se registr\u00f3 en la localidad de General Bravo, donde se aseguraron cinco armas y un veh\u00edculo Un enfrentamiento entre presuntos miembros del crimen organizado y agentes de la Polic\u00eda del estado de Nuevo Le\u00f3n dej\u00f3 como resultado el fallecimiento de cinco civiles armados y un elemento de las fuerzas de seguridad herido, cerca [&hellip;]\" \/>\n<meta property=\"og:url\" content=\"https:\/\/fuentesfidedignas.com.mx\/index.php\/2025\/02\/05\/cinco-criminales-abatidos-deja-enfrentamiento-con-agentes-cerca-de-la-frontera-mexico-eu\/\" \/>\n<meta property=\"og:site_name\" content=\"Fuentes Fidedignas\" \/>\n<meta property=\"article:publisher\" content=\"https:\/\/www.facebook.com\/Fuentes-Fidedignas-368234489921644\" \/>\n<meta property=\"article:published_time\" content=\"2025-02-06T01:29:24+00:00\" \/>\n<meta property=\"article:modified_time\" content=\"2025-02-06T01:29:27+00:00\" \/>\n<meta property=\"og:image\" content=\"https:\/\/fuentesfidedignas.com.mx\/wp-content\/uploads\/2025\/02\/enfrentamiento_cinta.jpg\" \/>\n\t<meta property=\"og:image:width\" content=\"600\" \/>\n\t<meta property=\"og:image:height\" content=\"364\" \/>\n\t<meta property=\"og:image:type\" content=\"image\/jpeg\" \/>\n<meta name=\"author\" content=\"EFE\" \/>\n<meta name=\"twitter:card\" content=\"summary_large_image\" \/>\n<meta name=\"twitter:creator\" content=\"@fidedignas\" \/>\n<meta name=\"twitter:site\" content=\"@fidedignas\" \/>\n<meta name=\"twitter:label1\" content=\"Escrito por\" \/>\n\t<meta name=\"twitter:data1\" content=\"EFE\" \/>\n\t<meta name=\"twitter:label2\" content=\"Tiempo de lectura\" \/>\n\t<meta name=\"twitter:data2\" content=\"2 minutos\" \/>\n<script type=\"application\/ld+json\" class=\"yoast-schema-graph\">{\"@context\":\"https:\\\/\\\/schema.org\",\"@graph\":[{\"@type\":\"Article\",\"@id\":\"https:\\\/\\\/fuentesfidedignas.com.mx\\\/index.php\\\/2025\\\/02\\\/05\\\/cinco-criminales-abatidos-deja-enfrentamiento-con-agentes-cerca-de-la-frontera-mexico-eu\\\/#article\",\"isPartOf\":{\"@id\":\"https:\\\/\\\/fuentesfidedignas.com.mx\\\/index.php\\\/2025\\\/02\\\/05\\\/cinco-criminales-abatidos-deja-enfrentamiento-con-agentes-cerca-de-la-frontera-mexico-eu\\\/\"},\"author\":{\"name\":\"EFE\",\"@id\":\"https:\\\/\\\/fuentesfidedignas.com.mx\\\/#\\\/schema\\\/person\\\/0d44615087b5a626d5d3f13afe31ac41\"},\"headline\":\"Cinco criminales abatidos deja enfrentamiento con agentes cerca de la frontera M\u00e9xico-EU\",\"datePublished\":\"2025-02-06T01:29:24+00:00\",\"dateModified\":\"2025-02-06T01:29:27+00:00\",\"mainEntityOfPage\":{\"@id\":\"https:\\\/\\\/fuentesfidedignas.com.mx\\\/index.php\\\/2025\\\/02\\\/05\\\/cinco-criminales-abatidos-deja-enfrentamiento-con-agentes-cerca-de-la-frontera-mexico-eu\\\/\"},\"wordCount\":229,\"commentCount\":0,\"publisher\":{\"@id\":\"https:\\\/\\\/fuentesfidedignas.com.mx\\\/#organization\"},\"image\":{\"@id\":\"https:\\\/\\\/fuentesfidedignas.com.mx\\\/index.php\\\/2025\\\/02\\\/05\\\/cinco-criminales-abatidos-deja-enfrentamiento-con-agentes-cerca-de-la-frontera-mexico-eu\\\/#primaryimage\"},\"thumbnailUrl\":\"https:\\\/\\\/fuentesfidedignas.com.mx\\\/wp-content\\\/uploads\\\/2025\\\/02\\\/enfrentamiento_cinta.jpg\",\"articleSection\":[\"NOTICIAS NACIONALES\"],\"inLanguage\":\"es\",\"potentialAction\":[{\"@type\":\"CommentAction\",\"name\":\"Comment\",\"target\":[\"https:\\\/\\\/fuentesfidedignas.com.mx\\\/index.php\\\/2025\\\/02\\\/05\\\/cinco-criminales-abatidos-deja-enfrentamiento-con-agentes-cerca-de-la-frontera-mexico-eu\\\/#respond\"]}]},{\"@type\":\"WebPage\",\"@id\":\"https:\\\/\\\/fuentesfidedignas.com.mx\\\/index.php\\\/2025\\\/02\\\/05\\\/cinco-criminales-abatidos-deja-enfrentamiento-con-agentes-cerca-de-la-frontera-mexico-eu\\\/\",\"url\":\"https:\\\/\\\/fuentesfidedignas.com.mx\\\/index.php\\\/2025\\\/02\\\/05\\\/cinco-criminales-abatidos-deja-enfrentamiento-con-agentes-cerca-de-la-frontera-mexico-eu\\\/\",\"name\":\"Cinco criminales abatidos deja enfrentamiento con agentes cerca de la frontera M\u00e9xico-EU - Fuentes Fidedignas\",\"isPartOf\":{\"@id\":\"https:\\\/\\\/fuentesfidedignas.com.mx\\\/#website\"},\"primaryImageOfPage\":{\"@id\":\"https:\\\/\\\/fuentesfidedignas.com.mx\\\/index.php\\\/2025\\\/02\\\/05\\\/cinco-criminales-abatidos-deja-enfrentamiento-con-agentes-cerca-de-la-frontera-mexico-eu\\\/#primaryimage\"},\"image\":{\"@id\":\"https:\\\/\\\/fuentesfidedignas.com.mx\\\/index.php\\\/2025\\\/02\\\/05\\\/cinco-criminales-abatidos-deja-enfrentamiento-con-agentes-cerca-de-la-frontera-mexico-eu\\\/#primaryimage\"},\"thumbnailUrl\":\"https:\\\/\\\/fuentesfidedignas.com.mx\\\/wp-content\\\/uploads\\\/2025\\\/02\\\/enfrentamiento_cinta.jpg\",\"datePublished\":\"2025-02-06T01:29:24+00:00\",\"dateModified\":\"2025-02-06T01:29:27+00:00\",\"breadcrumb\":{\"@id\":\"https:\\\/\\\/fuentesfidedignas.com.mx\\\/index.php\\\/2025\\\/02\\\/05\\\/cinco-criminales-abatidos-deja-enfrentamiento-con-agentes-cerca-de-la-frontera-mexico-eu\\\/#breadcrumb\"},\"inLanguage\":\"es\",\"potentialAction\":[{\"@type\":\"ReadAction\",\"target\":[\"https:\\\/\\\/fuentesfidedignas.com.mx\\\/index.php\\\/2025\\\/02\\\/05\\\/cinco-criminales-abatidos-deja-enfrentamiento-con-agentes-cerca-de-la-frontera-mexico-eu\\\/\"]}]},{\"@type\":\"ImageObject\",\"inLanguage\":\"es\",\"@id\":\"https:\\\/\\\/fuentesfidedignas.com.mx\\\/index.php\\\/2025\\\/02\\\/05\\\/cinco-criminales-abatidos-deja-enfrentamiento-con-agentes-cerca-de-la-frontera-mexico-eu\\\/#primaryimage\",\"url\":\"https:\\\/\\\/fuentesfidedignas.com.mx\\\/wp-content\\\/uploads\\\/2025\\\/02\\\/enfrentamiento_cinta.jpg\",\"contentUrl\":\"https:\\\/\\\/fuentesfidedignas.com.mx\\\/wp-content\\\/uploads\\\/2025\\\/02\\\/enfrentamiento_cinta.jpg\",\"width\":600,\"height\":364},{\"@type\":\"BreadcrumbList\",\"@id\":\"https:\\\/\\\/fuentesfidedignas.com.mx\\\/index.php\\\/2025\\\/02\\\/05\\\/cinco-criminales-abatidos-deja-enfrentamiento-con-agentes-cerca-de-la-frontera-mexico-eu\\\/#breadcrumb\",\"itemListElement\":[{\"@type\":\"ListItem\",\"position\":1,\"name\":\"Inicio\",\"item\":\"https:\\\/\\\/fuentesfidedignas.com.mx\\\/\"},{\"@type\":\"ListItem\",\"position\":2,\"name\":\"Cinco criminales abatidos deja enfrentamiento con agentes cerca de la frontera M\u00e9xico-EU\"}]},{\"@type\":\"WebSite\",\"@id\":\"https:\\\/\\\/fuentesfidedignas.com.mx\\\/#website\",\"url\":\"https:\\\/\\\/fuentesfidedignas.com.mx\\\/\",\"name\":\"Fuentes Fidedignas\",\"description\":\"Otro sitio realizado con WordPress\",\"publisher\":{\"@id\":\"https:\\\/\\\/fuentesfidedignas.com.mx\\\/#organization\"},\"potentialAction\":[{\"@type\":\"SearchAction\",\"target\":{\"@type\":\"EntryPoint\",\"urlTemplate\":\"https:\\\/\\\/fuentesfidedignas.com.mx\\\/?s={search_term_string}\"},\"query-input\":{\"@type\":\"PropertyValueSpecification\",\"valueRequired\":true,\"valueName\":\"search_term_string\"}}],\"inLanguage\":\"es\"},{\"@type\":\"Organization\",\"@id\":\"https:\\\/\\\/fuentesfidedignas.com.mx\\\/#organization\",\"name\":\"Fuentes Fidedignas\",\"url\":\"https:\\\/\\\/fuentesfidedignas.com.mx\\\/\",\"logo\":{\"@type\":\"ImageObject\",\"inLanguage\":\"es\",\"@id\":\"https:\\\/\\\/fuentesfidedignas.com.mx\\\/#\\\/schema\\\/logo\\\/image\\\/\",\"url\":\"https:\\\/\\\/fuentesfidedignas.com.mx\\\/wp-content\\\/uploads\\\/2021\\\/04\\\/logo-retina.png\",\"contentUrl\":\"https:\\\/\\\/fuentesfidedignas.com.mx\\\/wp-content\\\/uploads\\\/2021\\\/04\\\/logo-retina.png\",\"width\":280,\"height\":51,\"caption\":\"Fuentes Fidedignas\"},\"image\":{\"@id\":\"https:\\\/\\\/fuentesfidedignas.com.mx\\\/#\\\/schema\\\/logo\\\/image\\\/\"},\"sameAs\":[\"https:\\\/\\\/www.facebook.com\\\/Fuentes-Fidedignas-368234489921644\",\"https:\\\/\\\/x.com\\\/fidedignas\"]},{\"@type\":\"Person\",\"@id\":\"https:\\\/\\\/fuentesfidedignas.com.mx\\\/#\\\/schema\\\/person\\\/0d44615087b5a626d5d3f13afe31ac41\",\"name\":\"EFE\",\"image\":{\"@type\":\"ImageObject\",\"inLanguage\":\"es\",\"@id\":\"https:\\\/\\\/secure.gravatar.com\\\/avatar\\\/7048c2d9b569d9bed55bb53ad23821e6e047aa66338fb6ea9868627bbb9f54e8?s=96&d=mm&r=g\",\"url\":\"https:\\\/\\\/secure.gravatar.com\\\/avatar\\\/7048c2d9b569d9bed55bb53ad23821e6e047aa66338fb6ea9868627bbb9f54e8?s=96&d=mm&r=g\",\"contentUrl\":\"https:\\\/\\\/secure.gravatar.com\\\/avatar\\\/7048c2d9b569d9bed55bb53ad23821e6e047aa66338fb6ea9868627bbb9f54e8?s=96&d=mm&r=g\",\"caption\":\"EFE\"},\"url\":\"https:\\\/\\\/fuentesfidedignas.com.mx\\\/index.php\\\/author\\\/efe\\\/\"}]}<\/script>\n<!-- \/ Yoast SEO plugin. -->","yoast_head_json":{"title":"Cinco criminales abatidos deja enfrentamiento con agentes cerca de la frontera M\u00e9xico-EU - Fuentes Fidedignas","robots":{"index":"index","follow":"follow","max-snippet":"max-snippet:-1","max-image-preview":"max-image-preview:large","max-video-preview":"max-video-preview:-1"},"canonical":"https:\/\/fuentesfidedignas.com.mx\/index.php\/2025\/02\/05\/cinco-criminales-abatidos-deja-enfrentamiento-con-agentes-cerca-de-la-frontera-mexico-eu\/","og_locale":"es_MX","og_type":"article","og_title":"Cinco criminales abatidos deja enfrentamiento con agentes cerca de la frontera M\u00e9xico-EU - Fuentes Fidedignas","og_description":"El enfrentamiento se registr\u00f3 en la localidad de General Bravo, donde se aseguraron cinco armas y un veh\u00edculo Un enfrentamiento entre presuntos miembros del crimen organizado y agentes de la Polic\u00eda del estado de Nuevo Le\u00f3n dej\u00f3 como resultado el fallecimiento de cinco civiles armados y un elemento de las fuerzas de seguridad herido, cerca [&hellip;]","og_url":"https:\/\/fuentesfidedignas.com.mx\/index.php\/2025\/02\/05\/cinco-criminales-abatidos-deja-enfrentamiento-con-agentes-cerca-de-la-frontera-mexico-eu\/","og_site_name":"Fuentes Fidedignas","article_publisher":"https:\/\/www.facebook.com\/Fuentes-Fidedignas-368234489921644","article_published_time":"2025-02-06T01:29:24+00:00","article_modified_time":"2025-02-06T01:29:27+00:00","og_image":[{"width":600,"height":364,"url":"https:\/\/fuentesfidedignas.com.mx\/wp-content\/uploads\/2025\/02\/enfrentamiento_cinta.jpg","type":"image\/jpeg"}],"author":"EFE","twitter_card":"summary_large_image","twitter_creator":"@fidedignas","twitter_site":"@fidedignas","twitter_misc":{"Escrito por":"EFE","Tiempo de lectura":"2 minutos"},"schema":{"@context":"https:\/\/schema.org","@graph":[{"@type":"Article","@id":"https:\/\/fuentesfidedignas.com.mx\/index.php\/2025\/02\/05\/cinco-criminales-abatidos-deja-enfrentamiento-con-agentes-cerca-de-la-frontera-mexico-eu\/#article","isPartOf":{"@id":"https:\/\/fuentesfidedignas.com.mx\/index.php\/2025\/02\/05\/cinco-criminales-abatidos-deja-enfrentamiento-con-agentes-cerca-de-la-frontera-mexico-eu\/"},"author":{"name":"EFE","@id":"https:\/\/fuentesfidedignas.com.mx\/#\/schema\/person\/0d44615087b5a626d5d3f13afe31ac41"},"headline":"Cinco criminales abatidos deja enfrentamiento con agentes cerca de la frontera M\u00e9xico-EU","datePublished":"2025-02-06T01:29:24+00:00","dateModified":"2025-02-06T01:29:27+00:00","mainEntityOfPage":{"@id":"https:\/\/fuentesfidedignas.com.mx\/index.php\/2025\/02\/05\/cinco-criminales-abatidos-deja-enfrentamiento-con-agentes-cerca-de-la-frontera-mexico-eu\/"},"wordCount":229,"commentCount":0,"publisher":{"@id":"https:\/\/fuentesfidedignas.com.mx\/#organization"},"image":{"@id":"https:\/\/fuentesfidedignas.com.mx\/index.php\/2025\/02\/05\/cinco-criminales-abatidos-deja-enfrentamiento-con-agentes-cerca-de-la-frontera-mexico-eu\/#primaryimage"},"thumbnailUrl":"https:\/\/fuentesfidedignas.com.mx\/wp-content\/uploads\/2025\/02\/enfrentamiento_cinta.jpg","articleSection":["NOTICIAS NACIONALES"],"inLanguage":"es","potentialAction":[{"@type":"CommentAction","name":"Comment","target":["https:\/\/fuentesfidedignas.com.mx\/index.php\/2025\/02\/05\/cinco-criminales-abatidos-deja-enfrentamiento-con-agentes-cerca-de-la-frontera-mexico-eu\/#respond"]}]},{"@type":"WebPage","@id":"https:\/\/fuentesfidedignas.com.mx\/index.php\/2025\/02\/05\/cinco-criminales-abatidos-deja-enfrentamiento-con-agentes-cerca-de-la-frontera-mexico-eu\/","url":"https:\/\/fuentesfidedignas.com.mx\/index.php\/2025\/02\/05\/cinco-criminales-abatidos-deja-enfrentamiento-con-agentes-cerca-de-la-frontera-mexico-eu\/","name":"Cinco criminales abatidos deja enfrentamiento con agentes cerca de la frontera M\u00e9xico-EU - Fuentes Fidedignas","isPartOf":{"@id":"https:\/\/fuentesfidedignas.com.mx\/#website"},"primaryImageOfPage":{"@id":"https:\/\/fuentesfidedignas.com.mx\/index.php\/2025\/02\/05\/cinco-criminales-abatidos-deja-enfrentamiento-con-agentes-cerca-de-la-frontera-mexico-eu\/#primaryimage"},"image":{"@id":"https:\/\/fuentesfidedignas.com.mx\/index.php\/2025\/02\/05\/cinco-criminales-abatidos-deja-enfrentamiento-con-agentes-cerca-de-la-frontera-mexico-eu\/#primaryimage"},"thumbnailUrl":"https:\/\/fuentesfidedignas.com.mx\/wp-content\/uploads\/2025\/02\/enfrentamiento_cinta.jpg","datePublished":"2025-02-06T01:29:24+00:00","dateModified":"2025-02-06T01:29:27+00:00","breadcrumb":{"@id":"https:\/\/fuentesfidedignas.com.mx\/index.php\/2025\/02\/05\/cinco-criminales-abatidos-deja-enfrentamiento-con-agentes-cerca-de-la-frontera-mexico-eu\/#breadcrumb"},"inLanguage":"es","potentialAction":[{"@type":"ReadAction","target":["https:\/\/fuentesfidedignas.com.mx\/index.php\/2025\/02\/05\/cinco-criminales-abatidos-deja-enfrentamiento-con-agentes-cerca-de-la-frontera-mexico-eu\/"]}]},{"@type":"ImageObject","inLanguage":"es","@id":"https:\/\/fuentesfidedignas.com.mx\/index.php\/2025\/02\/05\/cinco-criminales-abatidos-deja-enfrentamiento-con-agentes-cerca-de-la-frontera-mexico-eu\/#primaryimage","url":"https:\/\/fuentesfidedignas.com.mx\/wp-content\/uploads\/2025\/02\/enfrentamiento_cinta.jpg","contentUrl":"https:\/\/fuentesfidedignas.com.mx\/wp-content\/uploads\/2025\/02\/enfrentamiento_cinta.jpg","width":600,"height":364},{"@type":"BreadcrumbList","@id":"https:\/\/fuentesfidedignas.com.mx\/index.php\/2025\/02\/05\/cinco-criminales-abatidos-deja-enfrentamiento-con-agentes-cerca-de-la-frontera-mexico-eu\/#breadcrumb","itemListElement":[{"@type":"ListItem","position":1,"name":"Inicio","item":"https:\/\/fuentesfidedignas.com.mx\/"},{"@type":"ListItem","position":2,"name":"Cinco criminales abatidos deja enfrentamiento con agentes cerca de la frontera M\u00e9xico-EU"}]},{"@type":"WebSite","@id":"https:\/\/fuentesfidedignas.com.mx\/#website","url":"https:\/\/fuentesfidedignas.com.mx\/","name":"Fuentes Fidedignas","description":"Otro sitio realizado con WordPress","publisher":{"@id":"https:\/\/fuentesfidedignas.com.mx\/#organization"},"potentialAction":[{"@type":"SearchAction","target":{"@type":"EntryPoint","urlTemplate":"https:\/\/fuentesfidedignas.com.mx\/?s={search_term_string}"},"query-input":{"@type":"PropertyValueSpecification","valueRequired":true,"valueName":"search_term_string"}}],"inLanguage":"es"},{"@type":"Organization","@id":"https:\/\/fuentesfidedignas.com.mx\/#organization","name":"Fuentes Fidedignas","url":"https:\/\/fuentesfidedignas.com.mx\/","logo":{"@type":"ImageObject","inLanguage":"es","@id":"https:\/\/fuentesfidedignas.com.mx\/#\/schema\/logo\/image\/","url":"https:\/\/fuentesfidedignas.com.mx\/wp-content\/uploads\/2021\/04\/logo-retina.png","contentUrl":"https:\/\/fuentesfidedignas.com.mx\/wp-content\/uploads\/2021\/04\/logo-retina.png","width":280,"height":51,"caption":"Fuentes Fidedignas"},"image":{"@id":"https:\/\/fuentesfidedignas.com.mx\/#\/schema\/logo\/image\/"},"sameAs":["https:\/\/www.facebook.com\/Fuentes-Fidedignas-368234489921644","https:\/\/x.com\/fidedignas"]},{"@type":"Person","@id":"https:\/\/fuentesfidedignas.com.mx\/#\/schema\/person\/0d44615087b5a626d5d3f13afe31ac41","name":"EFE","image":{"@type":"ImageObject","inLanguage":"es","@id":"https:\/\/secure.gravatar.com\/avatar\/7048c2d9b569d9bed55bb53ad23821e6e047aa66338fb6ea9868627bbb9f54e8?s=96&d=mm&r=g","url":"https:\/\/secure.gravatar.com\/avatar\/7048c2d9b569d9bed55bb53ad23821e6e047aa66338fb6ea9868627bbb9f54e8?s=96&d=mm&r=g","contentUrl":"https:\/\/secure.gravatar.com\/avatar\/7048c2d9b569d9bed55bb53ad23821e6e047aa66338fb6ea9868627bbb9f54e8?s=96&d=mm&r=g","caption":"EFE"},"url":"https:\/\/fuentesfidedignas.com.mx\/index.php\/author\/efe\/"}]}},"_links":{"self":[{"href":"https:\/\/fuentesfidedignas.com.mx\/index.php\/wp-json\/wp\/v2\/posts\/100997","targetHints":{"allow":["GET"]}}],"collection":[{"href":"https:\/\/fuentesfidedignas.com.mx\/index.php\/wp-json\/wp\/v2\/posts"}],"about":[{"href":"https:\/\/fuentesfidedignas.com.mx\/index.php\/wp-json\/wp\/v2\/types\/post"}],"author":[{"embeddable":true,"href":"https:\/\/fuentesfidedignas.com.mx\/index.php\/wp-json\/wp\/v2\/users\/22"}],"replies":[{"embeddable":true,"href":"https:\/\/fuentesfidedignas.com.mx\/index.php\/wp-json\/wp\/v2\/comments?post=100997"}],"version-history":[{"count":1,"href":"https:\/\/fuentesfidedignas.com.mx\/index.php\/wp-json\/wp\/v2\/posts\/100997\/revisions"}],"predecessor-version":[{"id":100999,"href":"https:\/\/fuentesfidedignas.com.mx\/index.php\/wp-json\/wp\/v2\/posts\/100997\/revisions\/100999"}],"wp:featuredmedia":[{"embeddable":true,"href":"https:\/\/fuentesfidedignas.com.mx\/index.php\/wp-json\/wp\/v2\/media\/100998"}],"wp:attachment":[{"href":"https:\/\/fuentesfidedignas.com.mx\/index.php\/wp-json\/wp\/v2\/media?parent=100997"}],"wp:term":[{"taxonomy":"category","embeddable":true,"href":"https:\/\/fuentesfidedignas.com.mx\/index.php\/wp-json\/wp\/v2\/categories?post=100997"},{"taxonomy":"post_tag","embeddable":true,"href":"https:\/\/fuentesfidedignas.com.mx\/index.php\/wp-json\/wp\/v2\/tags?post=100997"}],"curies":[{"name":"wp","href":"https:\/\/api.w.org\/{rel}","templated":true}]}}