{"id":1008,"date":"2021-05-04T11:04:20","date_gmt":"2021-05-04T18:04:20","guid":{"rendered":"https:\/\/fuentesfidedignas.com.mx\/?p=1008"},"modified":"2021-05-04T11:04:22","modified_gmt":"2021-05-04T18:04:22","slug":"familia-de-llamas-crece-en-el-zoo-de-culiacan-nacen-dos-nuevas-inquilinas-de-esta-especie","status":"publish","type":"post","link":"https:\/\/fuentesfidedignas.com.mx\/index.php\/2021\/05\/04\/familia-de-llamas-crece-en-el-zoo-de-culiacan-nacen-dos-nuevas-inquilinas-de-esta-especie\/","title":{"rendered":"Familia de llamas crece en el Zoo de Culiac\u00e1n, nacen dos nuevas inquilinas de esta especie"},"content":{"rendered":"\n<p><strong><em>Diego Garc\u00eda, director del Zoo de Culiac\u00e1n, destac\u00f3 que bajo los cuidados del personal experto de este lugar, los animales tienen una vida tranquila\u00a0 que les permite lograr la reproducci\u00f3n<\/em><\/strong><\/p>\n\n\n\n<p>Culiac\u00e1n, Sinaloa.-\u00a0 El Zoo de Culiac\u00e1n tiene nuevos inquilinos que te\u00a0 invita a conocer ya que se trata de dos\u00a0 peque\u00f1as llamas que nacieron de dos hermosas hembras y un macho reproductor que se encuentra en este lugar, destac\u00f3 el director Diego Garc\u00eda Heredia.<\/p>\n\n\n\n<p>Adem\u00e1s de todas las especies de felinos, primates, y aves, las familias podr\u00e1n conocer y disfrutar de las maravillas de la naturaleza\u00a0 al apreciar la belleza de estos dos nuevas infantes, que caminan junto a sus madres en un buen ambiente de alimentaci\u00f3n y cuidados.<\/p>\n\n\n\n<p>El periodo de gestaci\u00f3n de una llama es de 11 meses, y su promedio de vida silvestre es de 20 a\u00f1os, el cual se ampl\u00eda\u00a0\u00a0 en los centros de cuidado humano.<\/p>\n\n\n\n<p>Garc\u00eda Heredia destac\u00f3 que esta especie lleg\u00f3 hace poco mas de un a\u00f1o a este Zoo de Culiac\u00e1n, como parte del programa de intercambio entre los zool\u00f3gicos , integrantes de la AZCARM, donde el macho pudo pre\u00f1ar a las dos hembras, las cuales bajo vigilancia y cuidado de los m\u00e9dicos y personal del Zoo de Culiac\u00e1n, pudieron llevar un embarazo a buen t\u00e9rmino.<\/p>\n\n\n\n<p>Hoy , dos llamitas caminan por uno de los patios de este centro de cuidado de los animales, donde los visitantes podr\u00e1n\u00a0 constatar las condiciones de h\u00e1bitat en las que se trata de emular sus parajes de los pa\u00edses centrales del Am\u00e9rica del Sur.<br>En estos meses de pandemia, los nacimientos se han seguido presentando,\u00a0 los \u00faltimos, el de la jirafita, y de Koba el tigre blanco, a los que hoy se le unen las dos llamas.<\/p>\n\n\n\n<p>El director del Zoo de Culiac\u00e1n, invit\u00f3 a los ni\u00f1os, ni\u00f1as y sus familias a visitar este lugar, conocer y aprender un poco de las mas de 550\u00a0 animales de 165 especies que aqu\u00ed habitan, en un horario de\u00a0 9 de la ma\u00f1ana a 6 de la tarde de\u00a0 martes a domingo.<\/p>\n","protected":false},"excerpt":{"rendered":"<p>Diego Garc\u00eda, director del Zoo de Culiac\u00e1n, destac\u00f3 que bajo los cuidados del personal experto de este lugar, los animales tienen una vida tranquila\u00a0 que les permite lograr la reproducci\u00f3n Culiac\u00e1n, Sinaloa.-\u00a0 El Zoo de Culiac\u00e1n tiene nuevos inquilinos que te\u00a0 invita a conocer ya que se trata de dos\u00a0 peque\u00f1as llamas que nacieron de [&hellip;]<\/p>\n","protected":false},"author":4,"featured_media":1009,"comment_status":"open","ping_status":"open","sticky":false,"template":"","format":"standard","meta":{"tdm_status":"","tdm_grid_status":"","footnotes":""},"categories":[38],"tags":[223,221,222],"class_list":{"0":"post-1008","1":"post","2":"type-post","3":"status-publish","4":"format-standard","5":"has-post-thumbnail","7":"category-noticias-locales","8":"tag-llamas","9":"tag-zoo","10":"tag-zoologico-culiacan"},"yoast_head":"<!-- This site is optimized with the Yoast SEO plugin v27.5 - https:\/\/yoast.com\/product\/yoast-seo-wordpress\/ -->\n<title>Familia de llamas crece en el Zoo de Culiac\u00e1n, nacen dos nuevas inquilinas de esta especie - Fuentes Fidedignas<\/title>\n<meta name=\"robots\" content=\"index, follow, max-snippet:-1, max-image-preview:large, max-video-preview:-1\" \/>\n<link rel=\"canonical\" href=\"https:\/\/fuentesfidedignas.com.mx\/index.php\/2021\/05\/04\/familia-de-llamas-crece-en-el-zoo-de-culiacan-nacen-dos-nuevas-inquilinas-de-esta-especie\/\" \/>\n<meta property=\"og:locale\" content=\"es_MX\" \/>\n<meta property=\"og:type\" content=\"article\" \/>\n<meta property=\"og:title\" content=\"Familia de llamas crece en el Zoo de Culiac\u00e1n, nacen dos nuevas inquilinas de esta especie - Fuentes Fidedignas\" \/>\n<meta property=\"og:description\" content=\"Diego Garc\u00eda, director del Zoo de Culiac\u00e1n, destac\u00f3 que bajo los cuidados del personal experto de este lugar, los animales tienen una vida tranquila\u00a0 que les permite lograr la reproducci\u00f3n Culiac\u00e1n, Sinaloa.-\u00a0 El Zoo de Culiac\u00e1n tiene nuevos inquilinos que te\u00a0 invita a conocer ya que se trata de dos\u00a0 peque\u00f1as llamas que nacieron de [&hellip;]\" \/>\n<meta property=\"og:url\" content=\"https:\/\/fuentesfidedignas.com.mx\/index.php\/2021\/05\/04\/familia-de-llamas-crece-en-el-zoo-de-culiacan-nacen-dos-nuevas-inquilinas-de-esta-especie\/\" \/>\n<meta property=\"og:site_name\" content=\"Fuentes Fidedignas\" \/>\n<meta property=\"article:publisher\" content=\"https:\/\/www.facebook.com\/Fuentes-Fidedignas-368234489921644\" \/>\n<meta property=\"article:published_time\" content=\"2021-05-04T18:04:20+00:00\" \/>\n<meta property=\"article:modified_time\" content=\"2021-05-04T18:04:22+00:00\" \/>\n<meta property=\"og:image\" content=\"https:\/\/fuentesfidedignas.com.mx\/wp-content\/uploads\/2021\/05\/WhatsApp-Image-2021-05-04-at-11.59.41-AM.jpeg\" \/>\n\t<meta property=\"og:image:width\" content=\"675\" \/>\n\t<meta property=\"og:image:height\" content=\"555\" \/>\n\t<meta property=\"og:image:type\" content=\"image\/jpeg\" \/>\n<meta name=\"author\" content=\"Redacci\u00f3n\" \/>\n<meta name=\"twitter:card\" content=\"summary_large_image\" \/>\n<meta name=\"twitter:creator\" content=\"@fidedignas\" \/>\n<meta name=\"twitter:site\" content=\"@fidedignas\" \/>\n<meta name=\"twitter:label1\" content=\"Escrito por\" \/>\n\t<meta name=\"twitter:data1\" content=\"Redacci\u00f3n\" \/>\n\t<meta name=\"twitter:label2\" content=\"Tiempo de lectura\" \/>\n\t<meta name=\"twitter:data2\" content=\"2 minutos\" \/>\n<script type=\"application\/ld+json\" class=\"yoast-schema-graph\">{\"@context\":\"https:\\\/\\\/schema.org\",\"@graph\":[{\"@type\":\"Article\",\"@id\":\"https:\\\/\\\/fuentesfidedignas.com.mx\\\/index.php\\\/2021\\\/05\\\/04\\\/familia-de-llamas-crece-en-el-zoo-de-culiacan-nacen-dos-nuevas-inquilinas-de-esta-especie\\\/#article\",\"isPartOf\":{\"@id\":\"https:\\\/\\\/fuentesfidedignas.com.mx\\\/index.php\\\/2021\\\/05\\\/04\\\/familia-de-llamas-crece-en-el-zoo-de-culiacan-nacen-dos-nuevas-inquilinas-de-esta-especie\\\/\"},\"author\":{\"name\":\"Redacci\u00f3n\",\"@id\":\"https:\\\/\\\/fuentesfidedignas.com.mx\\\/#\\\/schema\\\/person\\\/331be9283d37198e2acd5750279085b0\"},\"headline\":\"Familia de llamas crece en el Zoo de Culiac\u00e1n, nacen dos nuevas inquilinas de esta especie\",\"datePublished\":\"2021-05-04T18:04:20+00:00\",\"dateModified\":\"2021-05-04T18:04:22+00:00\",\"mainEntityOfPage\":{\"@id\":\"https:\\\/\\\/fuentesfidedignas.com.mx\\\/index.php\\\/2021\\\/05\\\/04\\\/familia-de-llamas-crece-en-el-zoo-de-culiacan-nacen-dos-nuevas-inquilinas-de-esta-especie\\\/\"},\"wordCount\":381,\"commentCount\":0,\"publisher\":{\"@id\":\"https:\\\/\\\/fuentesfidedignas.com.mx\\\/#organization\"},\"image\":{\"@id\":\"https:\\\/\\\/fuentesfidedignas.com.mx\\\/index.php\\\/2021\\\/05\\\/04\\\/familia-de-llamas-crece-en-el-zoo-de-culiacan-nacen-dos-nuevas-inquilinas-de-esta-especie\\\/#primaryimage\"},\"thumbnailUrl\":\"https:\\\/\\\/fuentesfidedignas.com.mx\\\/wp-content\\\/uploads\\\/2021\\\/05\\\/WhatsApp-Image-2021-05-04-at-11.59.41-AM.jpeg\",\"keywords\":[\"Llamas\",\"Zoo\",\"Zool\u00f3gico Culiac\u00e1n\"],\"articleSection\":[\"NOTICIAS LOCALES\"],\"inLanguage\":\"es\",\"potentialAction\":[{\"@type\":\"CommentAction\",\"name\":\"Comment\",\"target\":[\"https:\\\/\\\/fuentesfidedignas.com.mx\\\/index.php\\\/2021\\\/05\\\/04\\\/familia-de-llamas-crece-en-el-zoo-de-culiacan-nacen-dos-nuevas-inquilinas-de-esta-especie\\\/#respond\"]}]},{\"@type\":\"WebPage\",\"@id\":\"https:\\\/\\\/fuentesfidedignas.com.mx\\\/index.php\\\/2021\\\/05\\\/04\\\/familia-de-llamas-crece-en-el-zoo-de-culiacan-nacen-dos-nuevas-inquilinas-de-esta-especie\\\/\",\"url\":\"https:\\\/\\\/fuentesfidedignas.com.mx\\\/index.php\\\/2021\\\/05\\\/04\\\/familia-de-llamas-crece-en-el-zoo-de-culiacan-nacen-dos-nuevas-inquilinas-de-esta-especie\\\/\",\"name\":\"Familia de llamas crece en el Zoo de Culiac\u00e1n, nacen dos nuevas inquilinas de esta especie - Fuentes Fidedignas\",\"isPartOf\":{\"@id\":\"https:\\\/\\\/fuentesfidedignas.com.mx\\\/#website\"},\"primaryImageOfPage\":{\"@id\":\"https:\\\/\\\/fuentesfidedignas.com.mx\\\/index.php\\\/2021\\\/05\\\/04\\\/familia-de-llamas-crece-en-el-zoo-de-culiacan-nacen-dos-nuevas-inquilinas-de-esta-especie\\\/#primaryimage\"},\"image\":{\"@id\":\"https:\\\/\\\/fuentesfidedignas.com.mx\\\/index.php\\\/2021\\\/05\\\/04\\\/familia-de-llamas-crece-en-el-zoo-de-culiacan-nacen-dos-nuevas-inquilinas-de-esta-especie\\\/#primaryimage\"},\"thumbnailUrl\":\"https:\\\/\\\/fuentesfidedignas.com.mx\\\/wp-content\\\/uploads\\\/2021\\\/05\\\/WhatsApp-Image-2021-05-04-at-11.59.41-AM.jpeg\",\"datePublished\":\"2021-05-04T18:04:20+00:00\",\"dateModified\":\"2021-05-04T18:04:22+00:00\",\"breadcrumb\":{\"@id\":\"https:\\\/\\\/fuentesfidedignas.com.mx\\\/index.php\\\/2021\\\/05\\\/04\\\/familia-de-llamas-crece-en-el-zoo-de-culiacan-nacen-dos-nuevas-inquilinas-de-esta-especie\\\/#breadcrumb\"},\"inLanguage\":\"es\",\"potentialAction\":[{\"@type\":\"ReadAction\",\"target\":[\"https:\\\/\\\/fuentesfidedignas.com.mx\\\/index.php\\\/2021\\\/05\\\/04\\\/familia-de-llamas-crece-en-el-zoo-de-culiacan-nacen-dos-nuevas-inquilinas-de-esta-especie\\\/\"]}]},{\"@type\":\"ImageObject\",\"inLanguage\":\"es\",\"@id\":\"https:\\\/\\\/fuentesfidedignas.com.mx\\\/index.php\\\/2021\\\/05\\\/04\\\/familia-de-llamas-crece-en-el-zoo-de-culiacan-nacen-dos-nuevas-inquilinas-de-esta-especie\\\/#primaryimage\",\"url\":\"https:\\\/\\\/fuentesfidedignas.com.mx\\\/wp-content\\\/uploads\\\/2021\\\/05\\\/WhatsApp-Image-2021-05-04-at-11.59.41-AM.jpeg\",\"contentUrl\":\"https:\\\/\\\/fuentesfidedignas.com.mx\\\/wp-content\\\/uploads\\\/2021\\\/05\\\/WhatsApp-Image-2021-05-04-at-11.59.41-AM.jpeg\",\"width\":675,\"height\":555},{\"@type\":\"BreadcrumbList\",\"@id\":\"https:\\\/\\\/fuentesfidedignas.com.mx\\\/index.php\\\/2021\\\/05\\\/04\\\/familia-de-llamas-crece-en-el-zoo-de-culiacan-nacen-dos-nuevas-inquilinas-de-esta-especie\\\/#breadcrumb\",\"itemListElement\":[{\"@type\":\"ListItem\",\"position\":1,\"name\":\"Inicio\",\"item\":\"https:\\\/\\\/fuentesfidedignas.com.mx\\\/\"},{\"@type\":\"ListItem\",\"position\":2,\"name\":\"Familia de llamas crece en el Zoo de Culiac\u00e1n, nacen dos nuevas inquilinas de esta especie\"}]},{\"@type\":\"WebSite\",\"@id\":\"https:\\\/\\\/fuentesfidedignas.com.mx\\\/#website\",\"url\":\"https:\\\/\\\/fuentesfidedignas.com.mx\\\/\",\"name\":\"Fuentes Fidedignas\",\"description\":\"Otro sitio realizado con WordPress\",\"publisher\":{\"@id\":\"https:\\\/\\\/fuentesfidedignas.com.mx\\\/#organization\"},\"potentialAction\":[{\"@type\":\"SearchAction\",\"target\":{\"@type\":\"EntryPoint\",\"urlTemplate\":\"https:\\\/\\\/fuentesfidedignas.com.mx\\\/?s={search_term_string}\"},\"query-input\":{\"@type\":\"PropertyValueSpecification\",\"valueRequired\":true,\"valueName\":\"search_term_string\"}}],\"inLanguage\":\"es\"},{\"@type\":\"Organization\",\"@id\":\"https:\\\/\\\/fuentesfidedignas.com.mx\\\/#organization\",\"name\":\"Fuentes Fidedignas\",\"url\":\"https:\\\/\\\/fuentesfidedignas.com.mx\\\/\",\"logo\":{\"@type\":\"ImageObject\",\"inLanguage\":\"es\",\"@id\":\"https:\\\/\\\/fuentesfidedignas.com.mx\\\/#\\\/schema\\\/logo\\\/image\\\/\",\"url\":\"https:\\\/\\\/fuentesfidedignas.com.mx\\\/wp-content\\\/uploads\\\/2021\\\/04\\\/logo-retina.png\",\"contentUrl\":\"https:\\\/\\\/fuentesfidedignas.com.mx\\\/wp-content\\\/uploads\\\/2021\\\/04\\\/logo-retina.png\",\"width\":280,\"height\":51,\"caption\":\"Fuentes Fidedignas\"},\"image\":{\"@id\":\"https:\\\/\\\/fuentesfidedignas.com.mx\\\/#\\\/schema\\\/logo\\\/image\\\/\"},\"sameAs\":[\"https:\\\/\\\/www.facebook.com\\\/Fuentes-Fidedignas-368234489921644\",\"https:\\\/\\\/x.com\\\/fidedignas\"]},{\"@type\":\"Person\",\"@id\":\"https:\\\/\\\/fuentesfidedignas.com.mx\\\/#\\\/schema\\\/person\\\/331be9283d37198e2acd5750279085b0\",\"name\":\"Redacci\u00f3n\",\"image\":{\"@type\":\"ImageObject\",\"inLanguage\":\"es\",\"@id\":\"https:\\\/\\\/secure.gravatar.com\\\/avatar\\\/f6d8782c11d12b2d4ad3fbb6931aeab5309937a4d6cd2fc9cfaa28a6396a5aec?s=96&d=mm&r=g\",\"url\":\"https:\\\/\\\/secure.gravatar.com\\\/avatar\\\/f6d8782c11d12b2d4ad3fbb6931aeab5309937a4d6cd2fc9cfaa28a6396a5aec?s=96&d=mm&r=g\",\"contentUrl\":\"https:\\\/\\\/secure.gravatar.com\\\/avatar\\\/f6d8782c11d12b2d4ad3fbb6931aeab5309937a4d6cd2fc9cfaa28a6396a5aec?s=96&d=mm&r=g\",\"caption\":\"Redacci\u00f3n\"},\"url\":\"https:\\\/\\\/fuentesfidedignas.com.mx\\\/index.php\\\/author\\\/redaccion\\\/\"}]}<\/script>\n<!-- \/ Yoast SEO plugin. -->","yoast_head_json":{"title":"Familia de llamas crece en el Zoo de Culiac\u00e1n, nacen dos nuevas inquilinas de esta especie - Fuentes Fidedignas","robots":{"index":"index","follow":"follow","max-snippet":"max-snippet:-1","max-image-preview":"max-image-preview:large","max-video-preview":"max-video-preview:-1"},"canonical":"https:\/\/fuentesfidedignas.com.mx\/index.php\/2021\/05\/04\/familia-de-llamas-crece-en-el-zoo-de-culiacan-nacen-dos-nuevas-inquilinas-de-esta-especie\/","og_locale":"es_MX","og_type":"article","og_title":"Familia de llamas crece en el Zoo de Culiac\u00e1n, nacen dos nuevas inquilinas de esta especie - Fuentes Fidedignas","og_description":"Diego Garc\u00eda, director del Zoo de Culiac\u00e1n, destac\u00f3 que bajo los cuidados del personal experto de este lugar, los animales tienen una vida tranquila\u00a0 que les permite lograr la reproducci\u00f3n Culiac\u00e1n, Sinaloa.-\u00a0 El Zoo de Culiac\u00e1n tiene nuevos inquilinos que te\u00a0 invita a conocer ya que se trata de dos\u00a0 peque\u00f1as llamas que nacieron de [&hellip;]","og_url":"https:\/\/fuentesfidedignas.com.mx\/index.php\/2021\/05\/04\/familia-de-llamas-crece-en-el-zoo-de-culiacan-nacen-dos-nuevas-inquilinas-de-esta-especie\/","og_site_name":"Fuentes Fidedignas","article_publisher":"https:\/\/www.facebook.com\/Fuentes-Fidedignas-368234489921644","article_published_time":"2021-05-04T18:04:20+00:00","article_modified_time":"2021-05-04T18:04:22+00:00","og_image":[{"width":675,"height":555,"url":"https:\/\/fuentesfidedignas.com.mx\/wp-content\/uploads\/2021\/05\/WhatsApp-Image-2021-05-04-at-11.59.41-AM.jpeg","type":"image\/jpeg"}],"author":"Redacci\u00f3n","twitter_card":"summary_large_image","twitter_creator":"@fidedignas","twitter_site":"@fidedignas","twitter_misc":{"Escrito por":"Redacci\u00f3n","Tiempo de lectura":"2 minutos"},"schema":{"@context":"https:\/\/schema.org","@graph":[{"@type":"Article","@id":"https:\/\/fuentesfidedignas.com.mx\/index.php\/2021\/05\/04\/familia-de-llamas-crece-en-el-zoo-de-culiacan-nacen-dos-nuevas-inquilinas-de-esta-especie\/#article","isPartOf":{"@id":"https:\/\/fuentesfidedignas.com.mx\/index.php\/2021\/05\/04\/familia-de-llamas-crece-en-el-zoo-de-culiacan-nacen-dos-nuevas-inquilinas-de-esta-especie\/"},"author":{"name":"Redacci\u00f3n","@id":"https:\/\/fuentesfidedignas.com.mx\/#\/schema\/person\/331be9283d37198e2acd5750279085b0"},"headline":"Familia de llamas crece en el Zoo de Culiac\u00e1n, nacen dos nuevas inquilinas de esta especie","datePublished":"2021-05-04T18:04:20+00:00","dateModified":"2021-05-04T18:04:22+00:00","mainEntityOfPage":{"@id":"https:\/\/fuentesfidedignas.com.mx\/index.php\/2021\/05\/04\/familia-de-llamas-crece-en-el-zoo-de-culiacan-nacen-dos-nuevas-inquilinas-de-esta-especie\/"},"wordCount":381,"commentCount":0,"publisher":{"@id":"https:\/\/fuentesfidedignas.com.mx\/#organization"},"image":{"@id":"https:\/\/fuentesfidedignas.com.mx\/index.php\/2021\/05\/04\/familia-de-llamas-crece-en-el-zoo-de-culiacan-nacen-dos-nuevas-inquilinas-de-esta-especie\/#primaryimage"},"thumbnailUrl":"https:\/\/fuentesfidedignas.com.mx\/wp-content\/uploads\/2021\/05\/WhatsApp-Image-2021-05-04-at-11.59.41-AM.jpeg","keywords":["Llamas","Zoo","Zool\u00f3gico Culiac\u00e1n"],"articleSection":["NOTICIAS LOCALES"],"inLanguage":"es","potentialAction":[{"@type":"CommentAction","name":"Comment","target":["https:\/\/fuentesfidedignas.com.mx\/index.php\/2021\/05\/04\/familia-de-llamas-crece-en-el-zoo-de-culiacan-nacen-dos-nuevas-inquilinas-de-esta-especie\/#respond"]}]},{"@type":"WebPage","@id":"https:\/\/fuentesfidedignas.com.mx\/index.php\/2021\/05\/04\/familia-de-llamas-crece-en-el-zoo-de-culiacan-nacen-dos-nuevas-inquilinas-de-esta-especie\/","url":"https:\/\/fuentesfidedignas.com.mx\/index.php\/2021\/05\/04\/familia-de-llamas-crece-en-el-zoo-de-culiacan-nacen-dos-nuevas-inquilinas-de-esta-especie\/","name":"Familia de llamas crece en el Zoo de Culiac\u00e1n, nacen dos nuevas inquilinas de esta especie - Fuentes Fidedignas","isPartOf":{"@id":"https:\/\/fuentesfidedignas.com.mx\/#website"},"primaryImageOfPage":{"@id":"https:\/\/fuentesfidedignas.com.mx\/index.php\/2021\/05\/04\/familia-de-llamas-crece-en-el-zoo-de-culiacan-nacen-dos-nuevas-inquilinas-de-esta-especie\/#primaryimage"},"image":{"@id":"https:\/\/fuentesfidedignas.com.mx\/index.php\/2021\/05\/04\/familia-de-llamas-crece-en-el-zoo-de-culiacan-nacen-dos-nuevas-inquilinas-de-esta-especie\/#primaryimage"},"thumbnailUrl":"https:\/\/fuentesfidedignas.com.mx\/wp-content\/uploads\/2021\/05\/WhatsApp-Image-2021-05-04-at-11.59.41-AM.jpeg","datePublished":"2021-05-04T18:04:20+00:00","dateModified":"2021-05-04T18:04:22+00:00","breadcrumb":{"@id":"https:\/\/fuentesfidedignas.com.mx\/index.php\/2021\/05\/04\/familia-de-llamas-crece-en-el-zoo-de-culiacan-nacen-dos-nuevas-inquilinas-de-esta-especie\/#breadcrumb"},"inLanguage":"es","potentialAction":[{"@type":"ReadAction","target":["https:\/\/fuentesfidedignas.com.mx\/index.php\/2021\/05\/04\/familia-de-llamas-crece-en-el-zoo-de-culiacan-nacen-dos-nuevas-inquilinas-de-esta-especie\/"]}]},{"@type":"ImageObject","inLanguage":"es","@id":"https:\/\/fuentesfidedignas.com.mx\/index.php\/2021\/05\/04\/familia-de-llamas-crece-en-el-zoo-de-culiacan-nacen-dos-nuevas-inquilinas-de-esta-especie\/#primaryimage","url":"https:\/\/fuentesfidedignas.com.mx\/wp-content\/uploads\/2021\/05\/WhatsApp-Image-2021-05-04-at-11.59.41-AM.jpeg","contentUrl":"https:\/\/fuentesfidedignas.com.mx\/wp-content\/uploads\/2021\/05\/WhatsApp-Image-2021-05-04-at-11.59.41-AM.jpeg","width":675,"height":555},{"@type":"BreadcrumbList","@id":"https:\/\/fuentesfidedignas.com.mx\/index.php\/2021\/05\/04\/familia-de-llamas-crece-en-el-zoo-de-culiacan-nacen-dos-nuevas-inquilinas-de-esta-especie\/#breadcrumb","itemListElement":[{"@type":"ListItem","position":1,"name":"Inicio","item":"https:\/\/fuentesfidedignas.com.mx\/"},{"@type":"ListItem","position":2,"name":"Familia de llamas crece en el Zoo de Culiac\u00e1n, nacen dos nuevas inquilinas de esta especie"}]},{"@type":"WebSite","@id":"https:\/\/fuentesfidedignas.com.mx\/#website","url":"https:\/\/fuentesfidedignas.com.mx\/","name":"Fuentes Fidedignas","description":"Otro sitio realizado con WordPress","publisher":{"@id":"https:\/\/fuentesfidedignas.com.mx\/#organization"},"potentialAction":[{"@type":"SearchAction","target":{"@type":"EntryPoint","urlTemplate":"https:\/\/fuentesfidedignas.com.mx\/?s={search_term_string}"},"query-input":{"@type":"PropertyValueSpecification","valueRequired":true,"valueName":"search_term_string"}}],"inLanguage":"es"},{"@type":"Organization","@id":"https:\/\/fuentesfidedignas.com.mx\/#organization","name":"Fuentes Fidedignas","url":"https:\/\/fuentesfidedignas.com.mx\/","logo":{"@type":"ImageObject","inLanguage":"es","@id":"https:\/\/fuentesfidedignas.com.mx\/#\/schema\/logo\/image\/","url":"https:\/\/fuentesfidedignas.com.mx\/wp-content\/uploads\/2021\/04\/logo-retina.png","contentUrl":"https:\/\/fuentesfidedignas.com.mx\/wp-content\/uploads\/2021\/04\/logo-retina.png","width":280,"height":51,"caption":"Fuentes Fidedignas"},"image":{"@id":"https:\/\/fuentesfidedignas.com.mx\/#\/schema\/logo\/image\/"},"sameAs":["https:\/\/www.facebook.com\/Fuentes-Fidedignas-368234489921644","https:\/\/x.com\/fidedignas"]},{"@type":"Person","@id":"https:\/\/fuentesfidedignas.com.mx\/#\/schema\/person\/331be9283d37198e2acd5750279085b0","name":"Redacci\u00f3n","image":{"@type":"ImageObject","inLanguage":"es","@id":"https:\/\/secure.gravatar.com\/avatar\/f6d8782c11d12b2d4ad3fbb6931aeab5309937a4d6cd2fc9cfaa28a6396a5aec?s=96&d=mm&r=g","url":"https:\/\/secure.gravatar.com\/avatar\/f6d8782c11d12b2d4ad3fbb6931aeab5309937a4d6cd2fc9cfaa28a6396a5aec?s=96&d=mm&r=g","contentUrl":"https:\/\/secure.gravatar.com\/avatar\/f6d8782c11d12b2d4ad3fbb6931aeab5309937a4d6cd2fc9cfaa28a6396a5aec?s=96&d=mm&r=g","caption":"Redacci\u00f3n"},"url":"https:\/\/fuentesfidedignas.com.mx\/index.php\/author\/redaccion\/"}]}},"_links":{"self":[{"href":"https:\/\/fuentesfidedignas.com.mx\/index.php\/wp-json\/wp\/v2\/posts\/1008","targetHints":{"allow":["GET"]}}],"collection":[{"href":"https:\/\/fuentesfidedignas.com.mx\/index.php\/wp-json\/wp\/v2\/posts"}],"about":[{"href":"https:\/\/fuentesfidedignas.com.mx\/index.php\/wp-json\/wp\/v2\/types\/post"}],"author":[{"embeddable":true,"href":"https:\/\/fuentesfidedignas.com.mx\/index.php\/wp-json\/wp\/v2\/users\/4"}],"replies":[{"embeddable":true,"href":"https:\/\/fuentesfidedignas.com.mx\/index.php\/wp-json\/wp\/v2\/comments?post=1008"}],"version-history":[{"count":2,"href":"https:\/\/fuentesfidedignas.com.mx\/index.php\/wp-json\/wp\/v2\/posts\/1008\/revisions"}],"predecessor-version":[{"id":1015,"href":"https:\/\/fuentesfidedignas.com.mx\/index.php\/wp-json\/wp\/v2\/posts\/1008\/revisions\/1015"}],"wp:featuredmedia":[{"embeddable":true,"href":"https:\/\/fuentesfidedignas.com.mx\/index.php\/wp-json\/wp\/v2\/media\/1009"}],"wp:attachment":[{"href":"https:\/\/fuentesfidedignas.com.mx\/index.php\/wp-json\/wp\/v2\/media?parent=1008"}],"wp:term":[{"taxonomy":"category","embeddable":true,"href":"https:\/\/fuentesfidedignas.com.mx\/index.php\/wp-json\/wp\/v2\/categories?post=1008"},{"taxonomy":"post_tag","embeddable":true,"href":"https:\/\/fuentesfidedignas.com.mx\/index.php\/wp-json\/wp\/v2\/tags?post=1008"}],"curies":[{"name":"wp","href":"https:\/\/api.w.org\/{rel}","templated":true}]}}