{"id":100682,"date":"2025-01-31T17:48:46","date_gmt":"2025-02-01T00:48:46","guid":{"rendered":"https:\/\/fuentesfidedignas.com.mx\/?p=100682"},"modified":"2025-01-31T17:48:52","modified_gmt":"2025-02-01T00:48:52","slug":"decomisan-fentanilo-heroina-y-metanfetamina-en-sonora-y-bc-hay-dos-detenidos","status":"publish","type":"post","link":"https:\/\/fuentesfidedignas.com.mx\/index.php\/2025\/01\/31\/decomisan-fentanilo-heroina-y-metanfetamina-en-sonora-y-bc-hay-dos-detenidos\/","title":{"rendered":"Decomisan fentanilo, hero\u00edna y metanfetamina en Sonora y BC; hay dos detenidos"},"content":{"rendered":"\n<p><strong><em>Dos operativos federales derivaron en el decomiso de m\u00e1s de 4 toneladas de fentanilo, hero\u00edna y metanfetamina en Sonora y Baja California<\/em><\/strong><\/p>\n\n\n\n<p>Fuerzas federales decomisaron m\u00e1s de 4 toneladas de droga en Sonora y Baja California, operativos que dejaron dos hombres detenidos.<\/p>\n\n\n\n<blockquote class=\"twitter-tweet\"><p lang=\"es\" dir=\"ltr\">Resultado de acciones encabezadas por <a href=\"https:\/\/twitter.com\/FGRMexico?ref_src=twsrc%5Etfw\">@FGRMexico<\/a> a trav\u00e9s de la Agencia de Investigaci\u00f3n Criminal en coordinaci\u00f3n con el Gabinete de Seguridad <a href=\"https:\/\/twitter.com\/SEDENAmx?ref_src=twsrc%5Etfw\">@SEDENAmx<\/a> , <a href=\"https:\/\/twitter.com\/SEMAR_mx?ref_src=twsrc%5Etfw\">@SEMAR_mx<\/a>, <a href=\"https:\/\/twitter.com\/GN_MEXICO_?ref_src=twsrc%5Etfw\">@GN_MEXICO_<\/a>, <a href=\"https:\/\/twitter.com\/SSPCMexico?ref_src=twsrc%5Etfw\">@SSPCMexico<\/a> se detuvieron a dos hombres por transportar paquetes con aprox 20 kg de fentanilo y\u2026 <a href=\"https:\/\/t.co\/j0gsUpDN95\">pic.twitter.com\/j0gsUpDN95<\/a><\/p>&mdash; Omar H Garcia Harfuch (@OHarfuch) <a href=\"https:\/\/twitter.com\/OHarfuch\/status\/1885356761970073851?ref_src=twsrc%5Etfw\">January 31, 2025<\/a><\/blockquote> <script async src=\"https:\/\/platform.twitter.com\/widgets.js\" charset=\"utf-8\"><\/script>\n\n\n\n<p>La primera movilizaci\u00f3n se llev\u00f3 a cabo en sobre la carretera M\u00e9xico 15 de Sonora, en el tramo Santa Ana-Hermosillo.<\/p>\n\n\n\n<p>Autoridades efectuaron un dispositivo de control y seguridad donde le marcaron el alto a un autob\u00fas de pasajeros y le realizaron una revisi\u00f3n de seguridad.<\/p>\n\n\n\n<p>En el compartimento de la llanta de refacci\u00f3n hallaron 36 paquetes con 18 kilogramos de pastillas de fentanilo color azul, as\u00ed como dos paquetes con 2 kilos de hero\u00edna.<\/p>\n\n\n\n<p>Dos hombres fueron detenidos y puestos a disposici\u00f3n del agente del Ministerio P\u00fablico correspondiente junto con la droga y el autob\u00fas.<\/p>\n\n\n\n<p>a segunda movilizaci\u00f3n se llev\u00f3 a cabo en Baja California.<\/p>\n\n\n\n<p>Al interior de un inmueble ubicado en Playas de Rosarito se aseguraron alrededor de cuatro toneladas de metanfetamina en 3 mil 209 paquetes, un arma, 64 cartuchos, un tractocami\u00f3n y una camioneta.<\/p>\n\n\n\n<p>Ambas acciones estuvieron encabezadas por elementos de la Agencia de Investigaci\u00f3n Criminal (AIC) de la Fiscal\u00eda General de la Rep\u00fablica (FGR), junto con la Secretar\u00eda de la Defensa Nacional, Secretar\u00eda de Marina (Semar), Guardia Nacional (GN) y Secretar\u00eda de Seguridad y Protecci\u00f3n Ciudadana (SSPC).<\/p>\n","protected":false},"excerpt":{"rendered":"<p>Dos operativos federales derivaron en el decomiso de m\u00e1s de 4 toneladas de fentanilo, hero\u00edna y metanfetamina en Sonora y Baja California Fuerzas federales decomisaron m\u00e1s de 4 toneladas de droga en Sonora y Baja California, operativos que dejaron dos hombres detenidos. Resultado de acciones encabezadas por @FGRMexico a trav\u00e9s de la Agencia de Investigaci\u00f3n [&hellip;]<\/p>\n","protected":false},"author":47,"featured_media":100683,"comment_status":"open","ping_status":"open","sticky":false,"template":"","format":"standard","meta":{"tdm_status":"","tdm_grid_status":"","footnotes":""},"categories":[39],"tags":[],"class_list":{"0":"post-100682","1":"post","2":"type-post","3":"status-publish","4":"format-standard","5":"has-post-thumbnail","7":"category-noticias-nacionales"},"yoast_head":"<!-- This site is optimized with the Yoast SEO plugin v27.5 - https:\/\/yoast.com\/product\/yoast-seo-wordpress\/ -->\n<title>Decomisan fentanilo, hero\u00edna y metanfetamina en Sonora y BC; hay dos detenidos - Fuentes Fidedignas<\/title>\n<meta name=\"robots\" content=\"index, follow, max-snippet:-1, max-image-preview:large, max-video-preview:-1\" \/>\n<link rel=\"canonical\" href=\"https:\/\/fuentesfidedignas.com.mx\/index.php\/2025\/01\/31\/decomisan-fentanilo-heroina-y-metanfetamina-en-sonora-y-bc-hay-dos-detenidos\/\" \/>\n<meta property=\"og:locale\" content=\"es_MX\" \/>\n<meta property=\"og:type\" content=\"article\" \/>\n<meta property=\"og:title\" content=\"Decomisan fentanilo, hero\u00edna y metanfetamina en Sonora y BC; hay dos detenidos - Fuentes Fidedignas\" \/>\n<meta property=\"og:description\" content=\"Dos operativos federales derivaron en el decomiso de m\u00e1s de 4 toneladas de fentanilo, hero\u00edna y metanfetamina en Sonora y Baja California Fuerzas federales decomisaron m\u00e1s de 4 toneladas de droga en Sonora y Baja California, operativos que dejaron dos hombres detenidos. Resultado de acciones encabezadas por @FGRMexico a trav\u00e9s de la Agencia de Investigaci\u00f3n [&hellip;]\" \/>\n<meta property=\"og:url\" content=\"https:\/\/fuentesfidedignas.com.mx\/index.php\/2025\/01\/31\/decomisan-fentanilo-heroina-y-metanfetamina-en-sonora-y-bc-hay-dos-detenidos\/\" \/>\n<meta property=\"og:site_name\" content=\"Fuentes Fidedignas\" \/>\n<meta property=\"article:publisher\" content=\"https:\/\/www.facebook.com\/Fuentes-Fidedignas-368234489921644\" \/>\n<meta property=\"article:published_time\" content=\"2025-02-01T00:48:46+00:00\" \/>\n<meta property=\"article:modified_time\" content=\"2025-02-01T00:48:52+00:00\" \/>\n<meta property=\"og:image\" content=\"https:\/\/fuentesfidedignas.com.mx\/wp-content\/uploads\/2025\/01\/decomiso_bc.jpeg\" \/>\n\t<meta property=\"og:image:width\" content=\"600\" \/>\n\t<meta property=\"og:image:height\" content=\"277\" \/>\n\t<meta property=\"og:image:type\" content=\"image\/jpeg\" \/>\n<meta name=\"author\" content=\"L\u00f3pez D\u00f3riga\" \/>\n<meta name=\"twitter:card\" content=\"summary_large_image\" \/>\n<meta name=\"twitter:creator\" content=\"@fidedignas\" \/>\n<meta name=\"twitter:site\" content=\"@fidedignas\" \/>\n<meta name=\"twitter:label1\" content=\"Escrito por\" \/>\n\t<meta name=\"twitter:data1\" content=\"L\u00f3pez D\u00f3riga\" \/>\n\t<meta name=\"twitter:label2\" content=\"Tiempo de lectura\" \/>\n\t<meta name=\"twitter:data2\" content=\"2 minutos\" \/>\n<script type=\"application\/ld+json\" class=\"yoast-schema-graph\">{\"@context\":\"https:\\\/\\\/schema.org\",\"@graph\":[{\"@type\":\"Article\",\"@id\":\"https:\\\/\\\/fuentesfidedignas.com.mx\\\/index.php\\\/2025\\\/01\\\/31\\\/decomisan-fentanilo-heroina-y-metanfetamina-en-sonora-y-bc-hay-dos-detenidos\\\/#article\",\"isPartOf\":{\"@id\":\"https:\\\/\\\/fuentesfidedignas.com.mx\\\/index.php\\\/2025\\\/01\\\/31\\\/decomisan-fentanilo-heroina-y-metanfetamina-en-sonora-y-bc-hay-dos-detenidos\\\/\"},\"author\":{\"name\":\"L\u00f3pez D\u00f3riga\",\"@id\":\"https:\\\/\\\/fuentesfidedignas.com.mx\\\/#\\\/schema\\\/person\\\/67d852f0557c8509146a4b9ddebd543a\"},\"headline\":\"Decomisan fentanilo, hero\u00edna y metanfetamina en Sonora y BC; hay dos detenidos\",\"datePublished\":\"2025-02-01T00:48:46+00:00\",\"dateModified\":\"2025-02-01T00:48:52+00:00\",\"mainEntityOfPage\":{\"@id\":\"https:\\\/\\\/fuentesfidedignas.com.mx\\\/index.php\\\/2025\\\/01\\\/31\\\/decomisan-fentanilo-heroina-y-metanfetamina-en-sonora-y-bc-hay-dos-detenidos\\\/\"},\"wordCount\":304,\"commentCount\":0,\"publisher\":{\"@id\":\"https:\\\/\\\/fuentesfidedignas.com.mx\\\/#organization\"},\"image\":{\"@id\":\"https:\\\/\\\/fuentesfidedignas.com.mx\\\/index.php\\\/2025\\\/01\\\/31\\\/decomisan-fentanilo-heroina-y-metanfetamina-en-sonora-y-bc-hay-dos-detenidos\\\/#primaryimage\"},\"thumbnailUrl\":\"https:\\\/\\\/fuentesfidedignas.com.mx\\\/wp-content\\\/uploads\\\/2025\\\/01\\\/decomiso_bc.jpeg\",\"articleSection\":[\"NOTICIAS NACIONALES\"],\"inLanguage\":\"es\",\"potentialAction\":[{\"@type\":\"CommentAction\",\"name\":\"Comment\",\"target\":[\"https:\\\/\\\/fuentesfidedignas.com.mx\\\/index.php\\\/2025\\\/01\\\/31\\\/decomisan-fentanilo-heroina-y-metanfetamina-en-sonora-y-bc-hay-dos-detenidos\\\/#respond\"]}]},{\"@type\":\"WebPage\",\"@id\":\"https:\\\/\\\/fuentesfidedignas.com.mx\\\/index.php\\\/2025\\\/01\\\/31\\\/decomisan-fentanilo-heroina-y-metanfetamina-en-sonora-y-bc-hay-dos-detenidos\\\/\",\"url\":\"https:\\\/\\\/fuentesfidedignas.com.mx\\\/index.php\\\/2025\\\/01\\\/31\\\/decomisan-fentanilo-heroina-y-metanfetamina-en-sonora-y-bc-hay-dos-detenidos\\\/\",\"name\":\"Decomisan fentanilo, hero\u00edna y metanfetamina en Sonora y BC; hay dos detenidos - Fuentes Fidedignas\",\"isPartOf\":{\"@id\":\"https:\\\/\\\/fuentesfidedignas.com.mx\\\/#website\"},\"primaryImageOfPage\":{\"@id\":\"https:\\\/\\\/fuentesfidedignas.com.mx\\\/index.php\\\/2025\\\/01\\\/31\\\/decomisan-fentanilo-heroina-y-metanfetamina-en-sonora-y-bc-hay-dos-detenidos\\\/#primaryimage\"},\"image\":{\"@id\":\"https:\\\/\\\/fuentesfidedignas.com.mx\\\/index.php\\\/2025\\\/01\\\/31\\\/decomisan-fentanilo-heroina-y-metanfetamina-en-sonora-y-bc-hay-dos-detenidos\\\/#primaryimage\"},\"thumbnailUrl\":\"https:\\\/\\\/fuentesfidedignas.com.mx\\\/wp-content\\\/uploads\\\/2025\\\/01\\\/decomiso_bc.jpeg\",\"datePublished\":\"2025-02-01T00:48:46+00:00\",\"dateModified\":\"2025-02-01T00:48:52+00:00\",\"breadcrumb\":{\"@id\":\"https:\\\/\\\/fuentesfidedignas.com.mx\\\/index.php\\\/2025\\\/01\\\/31\\\/decomisan-fentanilo-heroina-y-metanfetamina-en-sonora-y-bc-hay-dos-detenidos\\\/#breadcrumb\"},\"inLanguage\":\"es\",\"potentialAction\":[{\"@type\":\"ReadAction\",\"target\":[\"https:\\\/\\\/fuentesfidedignas.com.mx\\\/index.php\\\/2025\\\/01\\\/31\\\/decomisan-fentanilo-heroina-y-metanfetamina-en-sonora-y-bc-hay-dos-detenidos\\\/\"]}]},{\"@type\":\"ImageObject\",\"inLanguage\":\"es\",\"@id\":\"https:\\\/\\\/fuentesfidedignas.com.mx\\\/index.php\\\/2025\\\/01\\\/31\\\/decomisan-fentanilo-heroina-y-metanfetamina-en-sonora-y-bc-hay-dos-detenidos\\\/#primaryimage\",\"url\":\"https:\\\/\\\/fuentesfidedignas.com.mx\\\/wp-content\\\/uploads\\\/2025\\\/01\\\/decomiso_bc.jpeg\",\"contentUrl\":\"https:\\\/\\\/fuentesfidedignas.com.mx\\\/wp-content\\\/uploads\\\/2025\\\/01\\\/decomiso_bc.jpeg\",\"width\":600,\"height\":277},{\"@type\":\"BreadcrumbList\",\"@id\":\"https:\\\/\\\/fuentesfidedignas.com.mx\\\/index.php\\\/2025\\\/01\\\/31\\\/decomisan-fentanilo-heroina-y-metanfetamina-en-sonora-y-bc-hay-dos-detenidos\\\/#breadcrumb\",\"itemListElement\":[{\"@type\":\"ListItem\",\"position\":1,\"name\":\"Inicio\",\"item\":\"https:\\\/\\\/fuentesfidedignas.com.mx\\\/\"},{\"@type\":\"ListItem\",\"position\":2,\"name\":\"Decomisan fentanilo, hero\u00edna y metanfetamina en Sonora y BC; hay dos detenidos\"}]},{\"@type\":\"WebSite\",\"@id\":\"https:\\\/\\\/fuentesfidedignas.com.mx\\\/#website\",\"url\":\"https:\\\/\\\/fuentesfidedignas.com.mx\\\/\",\"name\":\"Fuentes Fidedignas\",\"description\":\"Otro sitio realizado con WordPress\",\"publisher\":{\"@id\":\"https:\\\/\\\/fuentesfidedignas.com.mx\\\/#organization\"},\"potentialAction\":[{\"@type\":\"SearchAction\",\"target\":{\"@type\":\"EntryPoint\",\"urlTemplate\":\"https:\\\/\\\/fuentesfidedignas.com.mx\\\/?s={search_term_string}\"},\"query-input\":{\"@type\":\"PropertyValueSpecification\",\"valueRequired\":true,\"valueName\":\"search_term_string\"}}],\"inLanguage\":\"es\"},{\"@type\":\"Organization\",\"@id\":\"https:\\\/\\\/fuentesfidedignas.com.mx\\\/#organization\",\"name\":\"Fuentes Fidedignas\",\"url\":\"https:\\\/\\\/fuentesfidedignas.com.mx\\\/\",\"logo\":{\"@type\":\"ImageObject\",\"inLanguage\":\"es\",\"@id\":\"https:\\\/\\\/fuentesfidedignas.com.mx\\\/#\\\/schema\\\/logo\\\/image\\\/\",\"url\":\"https:\\\/\\\/fuentesfidedignas.com.mx\\\/wp-content\\\/uploads\\\/2021\\\/04\\\/logo-retina.png\",\"contentUrl\":\"https:\\\/\\\/fuentesfidedignas.com.mx\\\/wp-content\\\/uploads\\\/2021\\\/04\\\/logo-retina.png\",\"width\":280,\"height\":51,\"caption\":\"Fuentes Fidedignas\"},\"image\":{\"@id\":\"https:\\\/\\\/fuentesfidedignas.com.mx\\\/#\\\/schema\\\/logo\\\/image\\\/\"},\"sameAs\":[\"https:\\\/\\\/www.facebook.com\\\/Fuentes-Fidedignas-368234489921644\",\"https:\\\/\\\/x.com\\\/fidedignas\"]},{\"@type\":\"Person\",\"@id\":\"https:\\\/\\\/fuentesfidedignas.com.mx\\\/#\\\/schema\\\/person\\\/67d852f0557c8509146a4b9ddebd543a\",\"name\":\"L\u00f3pez D\u00f3riga\",\"image\":{\"@type\":\"ImageObject\",\"inLanguage\":\"es\",\"@id\":\"https:\\\/\\\/secure.gravatar.com\\\/avatar\\\/e525b06574ca18b33cded59dfe5778d6c823b9513154eff47da551b0551bdd1e?s=96&d=mm&r=g\",\"url\":\"https:\\\/\\\/secure.gravatar.com\\\/avatar\\\/e525b06574ca18b33cded59dfe5778d6c823b9513154eff47da551b0551bdd1e?s=96&d=mm&r=g\",\"contentUrl\":\"https:\\\/\\\/secure.gravatar.com\\\/avatar\\\/e525b06574ca18b33cded59dfe5778d6c823b9513154eff47da551b0551bdd1e?s=96&d=mm&r=g\",\"caption\":\"L\u00f3pez D\u00f3riga\"},\"url\":\"https:\\\/\\\/fuentesfidedignas.com.mx\\\/index.php\\\/author\\\/doriga\\\/\"}]}<\/script>\n<!-- \/ Yoast SEO plugin. -->","yoast_head_json":{"title":"Decomisan fentanilo, hero\u00edna y metanfetamina en Sonora y BC; hay dos detenidos - Fuentes Fidedignas","robots":{"index":"index","follow":"follow","max-snippet":"max-snippet:-1","max-image-preview":"max-image-preview:large","max-video-preview":"max-video-preview:-1"},"canonical":"https:\/\/fuentesfidedignas.com.mx\/index.php\/2025\/01\/31\/decomisan-fentanilo-heroina-y-metanfetamina-en-sonora-y-bc-hay-dos-detenidos\/","og_locale":"es_MX","og_type":"article","og_title":"Decomisan fentanilo, hero\u00edna y metanfetamina en Sonora y BC; hay dos detenidos - Fuentes Fidedignas","og_description":"Dos operativos federales derivaron en el decomiso de m\u00e1s de 4 toneladas de fentanilo, hero\u00edna y metanfetamina en Sonora y Baja California Fuerzas federales decomisaron m\u00e1s de 4 toneladas de droga en Sonora y Baja California, operativos que dejaron dos hombres detenidos. Resultado de acciones encabezadas por @FGRMexico a trav\u00e9s de la Agencia de Investigaci\u00f3n [&hellip;]","og_url":"https:\/\/fuentesfidedignas.com.mx\/index.php\/2025\/01\/31\/decomisan-fentanilo-heroina-y-metanfetamina-en-sonora-y-bc-hay-dos-detenidos\/","og_site_name":"Fuentes Fidedignas","article_publisher":"https:\/\/www.facebook.com\/Fuentes-Fidedignas-368234489921644","article_published_time":"2025-02-01T00:48:46+00:00","article_modified_time":"2025-02-01T00:48:52+00:00","og_image":[{"width":600,"height":277,"url":"https:\/\/fuentesfidedignas.com.mx\/wp-content\/uploads\/2025\/01\/decomiso_bc.jpeg","type":"image\/jpeg"}],"author":"L\u00f3pez D\u00f3riga","twitter_card":"summary_large_image","twitter_creator":"@fidedignas","twitter_site":"@fidedignas","twitter_misc":{"Escrito por":"L\u00f3pez D\u00f3riga","Tiempo de lectura":"2 minutos"},"schema":{"@context":"https:\/\/schema.org","@graph":[{"@type":"Article","@id":"https:\/\/fuentesfidedignas.com.mx\/index.php\/2025\/01\/31\/decomisan-fentanilo-heroina-y-metanfetamina-en-sonora-y-bc-hay-dos-detenidos\/#article","isPartOf":{"@id":"https:\/\/fuentesfidedignas.com.mx\/index.php\/2025\/01\/31\/decomisan-fentanilo-heroina-y-metanfetamina-en-sonora-y-bc-hay-dos-detenidos\/"},"author":{"name":"L\u00f3pez D\u00f3riga","@id":"https:\/\/fuentesfidedignas.com.mx\/#\/schema\/person\/67d852f0557c8509146a4b9ddebd543a"},"headline":"Decomisan fentanilo, hero\u00edna y metanfetamina en Sonora y BC; hay dos detenidos","datePublished":"2025-02-01T00:48:46+00:00","dateModified":"2025-02-01T00:48:52+00:00","mainEntityOfPage":{"@id":"https:\/\/fuentesfidedignas.com.mx\/index.php\/2025\/01\/31\/decomisan-fentanilo-heroina-y-metanfetamina-en-sonora-y-bc-hay-dos-detenidos\/"},"wordCount":304,"commentCount":0,"publisher":{"@id":"https:\/\/fuentesfidedignas.com.mx\/#organization"},"image":{"@id":"https:\/\/fuentesfidedignas.com.mx\/index.php\/2025\/01\/31\/decomisan-fentanilo-heroina-y-metanfetamina-en-sonora-y-bc-hay-dos-detenidos\/#primaryimage"},"thumbnailUrl":"https:\/\/fuentesfidedignas.com.mx\/wp-content\/uploads\/2025\/01\/decomiso_bc.jpeg","articleSection":["NOTICIAS NACIONALES"],"inLanguage":"es","potentialAction":[{"@type":"CommentAction","name":"Comment","target":["https:\/\/fuentesfidedignas.com.mx\/index.php\/2025\/01\/31\/decomisan-fentanilo-heroina-y-metanfetamina-en-sonora-y-bc-hay-dos-detenidos\/#respond"]}]},{"@type":"WebPage","@id":"https:\/\/fuentesfidedignas.com.mx\/index.php\/2025\/01\/31\/decomisan-fentanilo-heroina-y-metanfetamina-en-sonora-y-bc-hay-dos-detenidos\/","url":"https:\/\/fuentesfidedignas.com.mx\/index.php\/2025\/01\/31\/decomisan-fentanilo-heroina-y-metanfetamina-en-sonora-y-bc-hay-dos-detenidos\/","name":"Decomisan fentanilo, hero\u00edna y metanfetamina en Sonora y BC; hay dos detenidos - Fuentes Fidedignas","isPartOf":{"@id":"https:\/\/fuentesfidedignas.com.mx\/#website"},"primaryImageOfPage":{"@id":"https:\/\/fuentesfidedignas.com.mx\/index.php\/2025\/01\/31\/decomisan-fentanilo-heroina-y-metanfetamina-en-sonora-y-bc-hay-dos-detenidos\/#primaryimage"},"image":{"@id":"https:\/\/fuentesfidedignas.com.mx\/index.php\/2025\/01\/31\/decomisan-fentanilo-heroina-y-metanfetamina-en-sonora-y-bc-hay-dos-detenidos\/#primaryimage"},"thumbnailUrl":"https:\/\/fuentesfidedignas.com.mx\/wp-content\/uploads\/2025\/01\/decomiso_bc.jpeg","datePublished":"2025-02-01T00:48:46+00:00","dateModified":"2025-02-01T00:48:52+00:00","breadcrumb":{"@id":"https:\/\/fuentesfidedignas.com.mx\/index.php\/2025\/01\/31\/decomisan-fentanilo-heroina-y-metanfetamina-en-sonora-y-bc-hay-dos-detenidos\/#breadcrumb"},"inLanguage":"es","potentialAction":[{"@type":"ReadAction","target":["https:\/\/fuentesfidedignas.com.mx\/index.php\/2025\/01\/31\/decomisan-fentanilo-heroina-y-metanfetamina-en-sonora-y-bc-hay-dos-detenidos\/"]}]},{"@type":"ImageObject","inLanguage":"es","@id":"https:\/\/fuentesfidedignas.com.mx\/index.php\/2025\/01\/31\/decomisan-fentanilo-heroina-y-metanfetamina-en-sonora-y-bc-hay-dos-detenidos\/#primaryimage","url":"https:\/\/fuentesfidedignas.com.mx\/wp-content\/uploads\/2025\/01\/decomiso_bc.jpeg","contentUrl":"https:\/\/fuentesfidedignas.com.mx\/wp-content\/uploads\/2025\/01\/decomiso_bc.jpeg","width":600,"height":277},{"@type":"BreadcrumbList","@id":"https:\/\/fuentesfidedignas.com.mx\/index.php\/2025\/01\/31\/decomisan-fentanilo-heroina-y-metanfetamina-en-sonora-y-bc-hay-dos-detenidos\/#breadcrumb","itemListElement":[{"@type":"ListItem","position":1,"name":"Inicio","item":"https:\/\/fuentesfidedignas.com.mx\/"},{"@type":"ListItem","position":2,"name":"Decomisan fentanilo, hero\u00edna y metanfetamina en Sonora y BC; hay dos detenidos"}]},{"@type":"WebSite","@id":"https:\/\/fuentesfidedignas.com.mx\/#website","url":"https:\/\/fuentesfidedignas.com.mx\/","name":"Fuentes Fidedignas","description":"Otro sitio realizado con WordPress","publisher":{"@id":"https:\/\/fuentesfidedignas.com.mx\/#organization"},"potentialAction":[{"@type":"SearchAction","target":{"@type":"EntryPoint","urlTemplate":"https:\/\/fuentesfidedignas.com.mx\/?s={search_term_string}"},"query-input":{"@type":"PropertyValueSpecification","valueRequired":true,"valueName":"search_term_string"}}],"inLanguage":"es"},{"@type":"Organization","@id":"https:\/\/fuentesfidedignas.com.mx\/#organization","name":"Fuentes Fidedignas","url":"https:\/\/fuentesfidedignas.com.mx\/","logo":{"@type":"ImageObject","inLanguage":"es","@id":"https:\/\/fuentesfidedignas.com.mx\/#\/schema\/logo\/image\/","url":"https:\/\/fuentesfidedignas.com.mx\/wp-content\/uploads\/2021\/04\/logo-retina.png","contentUrl":"https:\/\/fuentesfidedignas.com.mx\/wp-content\/uploads\/2021\/04\/logo-retina.png","width":280,"height":51,"caption":"Fuentes Fidedignas"},"image":{"@id":"https:\/\/fuentesfidedignas.com.mx\/#\/schema\/logo\/image\/"},"sameAs":["https:\/\/www.facebook.com\/Fuentes-Fidedignas-368234489921644","https:\/\/x.com\/fidedignas"]},{"@type":"Person","@id":"https:\/\/fuentesfidedignas.com.mx\/#\/schema\/person\/67d852f0557c8509146a4b9ddebd543a","name":"L\u00f3pez D\u00f3riga","image":{"@type":"ImageObject","inLanguage":"es","@id":"https:\/\/secure.gravatar.com\/avatar\/e525b06574ca18b33cded59dfe5778d6c823b9513154eff47da551b0551bdd1e?s=96&d=mm&r=g","url":"https:\/\/secure.gravatar.com\/avatar\/e525b06574ca18b33cded59dfe5778d6c823b9513154eff47da551b0551bdd1e?s=96&d=mm&r=g","contentUrl":"https:\/\/secure.gravatar.com\/avatar\/e525b06574ca18b33cded59dfe5778d6c823b9513154eff47da551b0551bdd1e?s=96&d=mm&r=g","caption":"L\u00f3pez D\u00f3riga"},"url":"https:\/\/fuentesfidedignas.com.mx\/index.php\/author\/doriga\/"}]}},"_links":{"self":[{"href":"https:\/\/fuentesfidedignas.com.mx\/index.php\/wp-json\/wp\/v2\/posts\/100682","targetHints":{"allow":["GET"]}}],"collection":[{"href":"https:\/\/fuentesfidedignas.com.mx\/index.php\/wp-json\/wp\/v2\/posts"}],"about":[{"href":"https:\/\/fuentesfidedignas.com.mx\/index.php\/wp-json\/wp\/v2\/types\/post"}],"author":[{"embeddable":true,"href":"https:\/\/fuentesfidedignas.com.mx\/index.php\/wp-json\/wp\/v2\/users\/47"}],"replies":[{"embeddable":true,"href":"https:\/\/fuentesfidedignas.com.mx\/index.php\/wp-json\/wp\/v2\/comments?post=100682"}],"version-history":[{"count":1,"href":"https:\/\/fuentesfidedignas.com.mx\/index.php\/wp-json\/wp\/v2\/posts\/100682\/revisions"}],"predecessor-version":[{"id":100684,"href":"https:\/\/fuentesfidedignas.com.mx\/index.php\/wp-json\/wp\/v2\/posts\/100682\/revisions\/100684"}],"wp:featuredmedia":[{"embeddable":true,"href":"https:\/\/fuentesfidedignas.com.mx\/index.php\/wp-json\/wp\/v2\/media\/100683"}],"wp:attachment":[{"href":"https:\/\/fuentesfidedignas.com.mx\/index.php\/wp-json\/wp\/v2\/media?parent=100682"}],"wp:term":[{"taxonomy":"category","embeddable":true,"href":"https:\/\/fuentesfidedignas.com.mx\/index.php\/wp-json\/wp\/v2\/categories?post=100682"},{"taxonomy":"post_tag","embeddable":true,"href":"https:\/\/fuentesfidedignas.com.mx\/index.php\/wp-json\/wp\/v2\/tags?post=100682"}],"curies":[{"name":"wp","href":"https:\/\/api.w.org\/{rel}","templated":true}]}}