{"id":100602,"date":"2025-01-31T04:55:00","date_gmt":"2025-01-31T11:55:00","guid":{"rendered":"https:\/\/fuentesfidedignas.com.mx\/?p=100602"},"modified":"2025-01-30T19:00:41","modified_gmt":"2025-01-31T02:00:41","slug":"madonna-critico-a-trump-por-lanzarse-contra-la-comunidad-lgbt","status":"publish","type":"post","link":"https:\/\/fuentesfidedignas.com.mx\/index.php\/2025\/01\/31\/madonna-critico-a-trump-por-lanzarse-contra-la-comunidad-lgbt\/","title":{"rendered":"Madonna critic\u00f3 a Trump por lanzarse contra la comunidad LGBT"},"content":{"rendered":"\n<p><strong><em>La diva del pop reaccion\u00f3 tras la firma de una orden ejecutiva por parte del presidente Donald Trump, que proh\u00edbe el tratamiento de transici\u00f3n de g\u00e9nero y cirug\u00edas para menores de 19 a\u00f1os<\/em><\/strong><\/p>\n\n\n\n<p>Madonna ha manifestado su en\u00e9rgica oposici\u00f3n a las recientes pol\u00edticas implementadas por el presidente Donald Trump que impactan a la comunidad LGBT, tales como la prohibici\u00f3n de la inclusi\u00f3n de tropas transg\u00e9nero y la supresi\u00f3n de programas de diversidad, equidad e inclusi\u00f3n en las fuerzas armadas.<\/p>\n\n\n\n<h2 class=\"wp-block-heading\">Madonna critic\u00f3 a Trump por atacar a la comunidad LGBT&nbsp;<\/h2>\n\n\n\n<p>Madonna ha criticado las recientes medidas del presidente Donald Trump que impactan al colectivo LGTB, expresando su frustraci\u00f3n en una publicaci\u00f3n en X (anteriormente Twitter).<\/p>\n\n\n\n<p><em><strong>&#8220;Es muy triste ver a nuestro nuevo Gobierno desmantelando lentamente todas las libertades por las que hemos luchado y GANADO a lo largo de los a\u00f1os&#8221;<\/strong><\/em>, acompa\u00f1ando su mensaje con una bandera de arco\u00edris y un emoji de coraz\u00f3n roto junto con su foto.<\/p>\n\n\n\n<blockquote class=\"twitter-tweet\"><p lang=\"en\" dir=\"ltr\">It\u2019s so sad to watch our new Government slowly dismantling all the Freedoms we have been fighting for and WON over the years. \ud83c\udff3\ufe0f\u200d\ud83c\udf08\ud83d\udc94<br>Don\u2019t give up the Fight! <a href=\"https:\/\/t.co\/6FiziYa2zM\">pic.twitter.com\/6FiziYa2zM<\/a><\/p>&mdash; Madonna (@Madonna) <a href=\"https:\/\/twitter.com\/Madonna\/status\/1884298635837595913?ref_src=twsrc%5Etfw\">January 28, 2025<\/a><\/blockquote> <script async src=\"https:\/\/platform.twitter.com\/widgets.js\" charset=\"utf-8\"><\/script>\n\n\n\n<p><em><strong>&nbsp;&#8220;No abandonen la lucha&#8221;<\/strong><\/em>, a\u00f1adi\u00f3 la cantante, recordando a sus seguidores que la defensa de los derechos sigue.&nbsp;<\/p>\n\n\n\n<p>La diva del pop se opone firmemente a una orden ejecutiva del presidente Donald Trump que proh\u00edbe el tratamiento de transici\u00f3n de g\u00e9nero y cirug\u00edas para menores de 19 a\u00f1os, calific\u00e1ndolo de &#8220;mutilaci\u00f3n sexual&#8221;.<\/p>\n\n\n\n<h2 class=\"wp-block-heading\">&nbsp;Trump proh\u00edbe transici\u00f3n de g\u00e9nero a menores de 19 a\u00f1os<\/h2>\n\n\n\n<p>El presidente Donald Trump firm\u00f3 una orden ejecutiva que busca restringir el acceso a cirug\u00edas de transici\u00f3n de g\u00e9nero para personas menores de 19 a\u00f1os, en una nueva medida contra los derechos de las personas transg\u00e9nero. La orden, llamada \u201cProtecci\u00f3n de los ni\u00f1os contra la mutilaci\u00f3n qu\u00edmica y quir\u00fargica\u201d, pretende evitar que los programas federales financien o apoyen estas transiciones. Trump afirm\u00f3 que Estados Unidos aplicar\u00e1 estrictamente las leyes que proh\u00edben o limitan estos procedimientos.<\/p>\n\n\n\n<p><\/p>\n","protected":false},"excerpt":{"rendered":"<p>La diva del pop reaccion\u00f3 tras la firma de una orden ejecutiva por parte del presidente Donald Trump, que proh\u00edbe el tratamiento de transici\u00f3n de g\u00e9nero y cirug\u00edas para menores de 19 a\u00f1os Madonna ha manifestado su en\u00e9rgica oposici\u00f3n a las recientes pol\u00edticas implementadas por el presidente Donald Trump que impactan a la comunidad LGBT, [&hellip;]<\/p>\n","protected":false},"author":150,"featured_media":100603,"comment_status":"open","ping_status":"open","sticky":false,"template":"","format":"standard","meta":{"tdm_status":"","tdm_grid_status":"","footnotes":""},"categories":[35,36],"tags":[],"class_list":{"0":"post-100602","1":"post","2":"type-post","3":"status-publish","4":"format-standard","5":"has-post-thumbnail","7":"category-amor-es-amor","8":"category-semanales"},"yoast_head":"<!-- This site is optimized with the Yoast SEO plugin v27.5 - https:\/\/yoast.com\/product\/yoast-seo-wordpress\/ -->\n<title>Madonna critic\u00f3 a Trump por lanzarse contra la comunidad LGBT - Fuentes Fidedignas<\/title>\n<meta name=\"robots\" content=\"index, follow, max-snippet:-1, max-image-preview:large, max-video-preview:-1\" \/>\n<link rel=\"canonical\" href=\"https:\/\/fuentesfidedignas.com.mx\/index.php\/2025\/01\/31\/madonna-critico-a-trump-por-lanzarse-contra-la-comunidad-lgbt\/\" \/>\n<meta property=\"og:locale\" content=\"es_MX\" \/>\n<meta property=\"og:type\" content=\"article\" \/>\n<meta property=\"og:title\" content=\"Madonna critic\u00f3 a Trump por lanzarse contra la comunidad LGBT - Fuentes Fidedignas\" \/>\n<meta property=\"og:description\" content=\"La diva del pop reaccion\u00f3 tras la firma de una orden ejecutiva por parte del presidente Donald Trump, que proh\u00edbe el tratamiento de transici\u00f3n de g\u00e9nero y cirug\u00edas para menores de 19 a\u00f1os Madonna ha manifestado su en\u00e9rgica oposici\u00f3n a las recientes pol\u00edticas implementadas por el presidente Donald Trump que impactan a la comunidad LGBT, [&hellip;]\" \/>\n<meta property=\"og:url\" content=\"https:\/\/fuentesfidedignas.com.mx\/index.php\/2025\/01\/31\/madonna-critico-a-trump-por-lanzarse-contra-la-comunidad-lgbt\/\" \/>\n<meta property=\"og:site_name\" content=\"Fuentes Fidedignas\" \/>\n<meta property=\"article:publisher\" content=\"https:\/\/www.facebook.com\/Fuentes-Fidedignas-368234489921644\" \/>\n<meta property=\"article:published_time\" content=\"2025-01-31T11:55:00+00:00\" \/>\n<meta property=\"og:image\" content=\"https:\/\/fuentesfidedignas.com.mx\/wp-content\/uploads\/2025\/01\/trump_madonna.jpg\" \/>\n\t<meta property=\"og:image:width\" content=\"600\" \/>\n\t<meta property=\"og:image:height\" content=\"335\" \/>\n\t<meta property=\"og:image:type\" content=\"image\/jpeg\" \/>\n<meta name=\"author\" content=\"R\u00e9cord\" \/>\n<meta name=\"twitter:card\" content=\"summary_large_image\" \/>\n<meta name=\"twitter:creator\" content=\"@fidedignas\" \/>\n<meta name=\"twitter:site\" content=\"@fidedignas\" \/>\n<meta name=\"twitter:label1\" content=\"Escrito por\" \/>\n\t<meta name=\"twitter:data1\" content=\"R\u00e9cord\" \/>\n\t<meta name=\"twitter:label2\" content=\"Tiempo de lectura\" \/>\n\t<meta name=\"twitter:data2\" content=\"2 minutos\" \/>\n<script type=\"application\/ld+json\" class=\"yoast-schema-graph\">{\"@context\":\"https:\\\/\\\/schema.org\",\"@graph\":[{\"@type\":\"Article\",\"@id\":\"https:\\\/\\\/fuentesfidedignas.com.mx\\\/index.php\\\/2025\\\/01\\\/31\\\/madonna-critico-a-trump-por-lanzarse-contra-la-comunidad-lgbt\\\/#article\",\"isPartOf\":{\"@id\":\"https:\\\/\\\/fuentesfidedignas.com.mx\\\/index.php\\\/2025\\\/01\\\/31\\\/madonna-critico-a-trump-por-lanzarse-contra-la-comunidad-lgbt\\\/\"},\"author\":{\"name\":\"R\u00e9cord\",\"@id\":\"https:\\\/\\\/fuentesfidedignas.com.mx\\\/#\\\/schema\\\/person\\\/39b91b7742a24e842156ffcfe0db5e08\"},\"headline\":\"Madonna critic\u00f3 a Trump por lanzarse contra la comunidad LGBT\",\"datePublished\":\"2025-01-31T11:55:00+00:00\",\"mainEntityOfPage\":{\"@id\":\"https:\\\/\\\/fuentesfidedignas.com.mx\\\/index.php\\\/2025\\\/01\\\/31\\\/madonna-critico-a-trump-por-lanzarse-contra-la-comunidad-lgbt\\\/\"},\"wordCount\":386,\"commentCount\":0,\"publisher\":{\"@id\":\"https:\\\/\\\/fuentesfidedignas.com.mx\\\/#organization\"},\"image\":{\"@id\":\"https:\\\/\\\/fuentesfidedignas.com.mx\\\/index.php\\\/2025\\\/01\\\/31\\\/madonna-critico-a-trump-por-lanzarse-contra-la-comunidad-lgbt\\\/#primaryimage\"},\"thumbnailUrl\":\"https:\\\/\\\/fuentesfidedignas.com.mx\\\/wp-content\\\/uploads\\\/2025\\\/01\\\/trump_madonna.jpg\",\"articleSection\":[\"AMOR ES AMOR\",\"SEMANALES\"],\"inLanguage\":\"es\",\"potentialAction\":[{\"@type\":\"CommentAction\",\"name\":\"Comment\",\"target\":[\"https:\\\/\\\/fuentesfidedignas.com.mx\\\/index.php\\\/2025\\\/01\\\/31\\\/madonna-critico-a-trump-por-lanzarse-contra-la-comunidad-lgbt\\\/#respond\"]}]},{\"@type\":\"WebPage\",\"@id\":\"https:\\\/\\\/fuentesfidedignas.com.mx\\\/index.php\\\/2025\\\/01\\\/31\\\/madonna-critico-a-trump-por-lanzarse-contra-la-comunidad-lgbt\\\/\",\"url\":\"https:\\\/\\\/fuentesfidedignas.com.mx\\\/index.php\\\/2025\\\/01\\\/31\\\/madonna-critico-a-trump-por-lanzarse-contra-la-comunidad-lgbt\\\/\",\"name\":\"Madonna critic\u00f3 a Trump por lanzarse contra la comunidad LGBT - Fuentes Fidedignas\",\"isPartOf\":{\"@id\":\"https:\\\/\\\/fuentesfidedignas.com.mx\\\/#website\"},\"primaryImageOfPage\":{\"@id\":\"https:\\\/\\\/fuentesfidedignas.com.mx\\\/index.php\\\/2025\\\/01\\\/31\\\/madonna-critico-a-trump-por-lanzarse-contra-la-comunidad-lgbt\\\/#primaryimage\"},\"image\":{\"@id\":\"https:\\\/\\\/fuentesfidedignas.com.mx\\\/index.php\\\/2025\\\/01\\\/31\\\/madonna-critico-a-trump-por-lanzarse-contra-la-comunidad-lgbt\\\/#primaryimage\"},\"thumbnailUrl\":\"https:\\\/\\\/fuentesfidedignas.com.mx\\\/wp-content\\\/uploads\\\/2025\\\/01\\\/trump_madonna.jpg\",\"datePublished\":\"2025-01-31T11:55:00+00:00\",\"breadcrumb\":{\"@id\":\"https:\\\/\\\/fuentesfidedignas.com.mx\\\/index.php\\\/2025\\\/01\\\/31\\\/madonna-critico-a-trump-por-lanzarse-contra-la-comunidad-lgbt\\\/#breadcrumb\"},\"inLanguage\":\"es\",\"potentialAction\":[{\"@type\":\"ReadAction\",\"target\":[\"https:\\\/\\\/fuentesfidedignas.com.mx\\\/index.php\\\/2025\\\/01\\\/31\\\/madonna-critico-a-trump-por-lanzarse-contra-la-comunidad-lgbt\\\/\"]}]},{\"@type\":\"ImageObject\",\"inLanguage\":\"es\",\"@id\":\"https:\\\/\\\/fuentesfidedignas.com.mx\\\/index.php\\\/2025\\\/01\\\/31\\\/madonna-critico-a-trump-por-lanzarse-contra-la-comunidad-lgbt\\\/#primaryimage\",\"url\":\"https:\\\/\\\/fuentesfidedignas.com.mx\\\/wp-content\\\/uploads\\\/2025\\\/01\\\/trump_madonna.jpg\",\"contentUrl\":\"https:\\\/\\\/fuentesfidedignas.com.mx\\\/wp-content\\\/uploads\\\/2025\\\/01\\\/trump_madonna.jpg\",\"width\":600,\"height\":335},{\"@type\":\"BreadcrumbList\",\"@id\":\"https:\\\/\\\/fuentesfidedignas.com.mx\\\/index.php\\\/2025\\\/01\\\/31\\\/madonna-critico-a-trump-por-lanzarse-contra-la-comunidad-lgbt\\\/#breadcrumb\",\"itemListElement\":[{\"@type\":\"ListItem\",\"position\":1,\"name\":\"Inicio\",\"item\":\"https:\\\/\\\/fuentesfidedignas.com.mx\\\/\"},{\"@type\":\"ListItem\",\"position\":2,\"name\":\"Madonna critic\u00f3 a Trump por lanzarse contra la comunidad LGBT\"}]},{\"@type\":\"WebSite\",\"@id\":\"https:\\\/\\\/fuentesfidedignas.com.mx\\\/#website\",\"url\":\"https:\\\/\\\/fuentesfidedignas.com.mx\\\/\",\"name\":\"Fuentes Fidedignas\",\"description\":\"Otro sitio realizado con WordPress\",\"publisher\":{\"@id\":\"https:\\\/\\\/fuentesfidedignas.com.mx\\\/#organization\"},\"potentialAction\":[{\"@type\":\"SearchAction\",\"target\":{\"@type\":\"EntryPoint\",\"urlTemplate\":\"https:\\\/\\\/fuentesfidedignas.com.mx\\\/?s={search_term_string}\"},\"query-input\":{\"@type\":\"PropertyValueSpecification\",\"valueRequired\":true,\"valueName\":\"search_term_string\"}}],\"inLanguage\":\"es\"},{\"@type\":\"Organization\",\"@id\":\"https:\\\/\\\/fuentesfidedignas.com.mx\\\/#organization\",\"name\":\"Fuentes Fidedignas\",\"url\":\"https:\\\/\\\/fuentesfidedignas.com.mx\\\/\",\"logo\":{\"@type\":\"ImageObject\",\"inLanguage\":\"es\",\"@id\":\"https:\\\/\\\/fuentesfidedignas.com.mx\\\/#\\\/schema\\\/logo\\\/image\\\/\",\"url\":\"https:\\\/\\\/fuentesfidedignas.com.mx\\\/wp-content\\\/uploads\\\/2021\\\/04\\\/logo-retina.png\",\"contentUrl\":\"https:\\\/\\\/fuentesfidedignas.com.mx\\\/wp-content\\\/uploads\\\/2021\\\/04\\\/logo-retina.png\",\"width\":280,\"height\":51,\"caption\":\"Fuentes Fidedignas\"},\"image\":{\"@id\":\"https:\\\/\\\/fuentesfidedignas.com.mx\\\/#\\\/schema\\\/logo\\\/image\\\/\"},\"sameAs\":[\"https:\\\/\\\/www.facebook.com\\\/Fuentes-Fidedignas-368234489921644\",\"https:\\\/\\\/x.com\\\/fidedignas\"]},{\"@type\":\"Person\",\"@id\":\"https:\\\/\\\/fuentesfidedignas.com.mx\\\/#\\\/schema\\\/person\\\/39b91b7742a24e842156ffcfe0db5e08\",\"name\":\"R\u00e9cord\",\"image\":{\"@type\":\"ImageObject\",\"inLanguage\":\"es\",\"@id\":\"https:\\\/\\\/secure.gravatar.com\\\/avatar\\\/cad55ab2ec2e0bbf0574d37345ae3b4418ebda31f830f0e27608291299b95841?s=96&d=mm&r=g\",\"url\":\"https:\\\/\\\/secure.gravatar.com\\\/avatar\\\/cad55ab2ec2e0bbf0574d37345ae3b4418ebda31f830f0e27608291299b95841?s=96&d=mm&r=g\",\"contentUrl\":\"https:\\\/\\\/secure.gravatar.com\\\/avatar\\\/cad55ab2ec2e0bbf0574d37345ae3b4418ebda31f830f0e27608291299b95841?s=96&d=mm&r=g\",\"caption\":\"R\u00e9cord\"},\"url\":\"https:\\\/\\\/fuentesfidedignas.com.mx\\\/index.php\\\/author\\\/record\\\/\"}]}<\/script>\n<!-- \/ Yoast SEO plugin. -->","yoast_head_json":{"title":"Madonna critic\u00f3 a Trump por lanzarse contra la comunidad LGBT - Fuentes Fidedignas","robots":{"index":"index","follow":"follow","max-snippet":"max-snippet:-1","max-image-preview":"max-image-preview:large","max-video-preview":"max-video-preview:-1"},"canonical":"https:\/\/fuentesfidedignas.com.mx\/index.php\/2025\/01\/31\/madonna-critico-a-trump-por-lanzarse-contra-la-comunidad-lgbt\/","og_locale":"es_MX","og_type":"article","og_title":"Madonna critic\u00f3 a Trump por lanzarse contra la comunidad LGBT - Fuentes Fidedignas","og_description":"La diva del pop reaccion\u00f3 tras la firma de una orden ejecutiva por parte del presidente Donald Trump, que proh\u00edbe el tratamiento de transici\u00f3n de g\u00e9nero y cirug\u00edas para menores de 19 a\u00f1os Madonna ha manifestado su en\u00e9rgica oposici\u00f3n a las recientes pol\u00edticas implementadas por el presidente Donald Trump que impactan a la comunidad LGBT, [&hellip;]","og_url":"https:\/\/fuentesfidedignas.com.mx\/index.php\/2025\/01\/31\/madonna-critico-a-trump-por-lanzarse-contra-la-comunidad-lgbt\/","og_site_name":"Fuentes Fidedignas","article_publisher":"https:\/\/www.facebook.com\/Fuentes-Fidedignas-368234489921644","article_published_time":"2025-01-31T11:55:00+00:00","og_image":[{"width":600,"height":335,"url":"https:\/\/fuentesfidedignas.com.mx\/wp-content\/uploads\/2025\/01\/trump_madonna.jpg","type":"image\/jpeg"}],"author":"R\u00e9cord","twitter_card":"summary_large_image","twitter_creator":"@fidedignas","twitter_site":"@fidedignas","twitter_misc":{"Escrito por":"R\u00e9cord","Tiempo de lectura":"2 minutos"},"schema":{"@context":"https:\/\/schema.org","@graph":[{"@type":"Article","@id":"https:\/\/fuentesfidedignas.com.mx\/index.php\/2025\/01\/31\/madonna-critico-a-trump-por-lanzarse-contra-la-comunidad-lgbt\/#article","isPartOf":{"@id":"https:\/\/fuentesfidedignas.com.mx\/index.php\/2025\/01\/31\/madonna-critico-a-trump-por-lanzarse-contra-la-comunidad-lgbt\/"},"author":{"name":"R\u00e9cord","@id":"https:\/\/fuentesfidedignas.com.mx\/#\/schema\/person\/39b91b7742a24e842156ffcfe0db5e08"},"headline":"Madonna critic\u00f3 a Trump por lanzarse contra la comunidad LGBT","datePublished":"2025-01-31T11:55:00+00:00","mainEntityOfPage":{"@id":"https:\/\/fuentesfidedignas.com.mx\/index.php\/2025\/01\/31\/madonna-critico-a-trump-por-lanzarse-contra-la-comunidad-lgbt\/"},"wordCount":386,"commentCount":0,"publisher":{"@id":"https:\/\/fuentesfidedignas.com.mx\/#organization"},"image":{"@id":"https:\/\/fuentesfidedignas.com.mx\/index.php\/2025\/01\/31\/madonna-critico-a-trump-por-lanzarse-contra-la-comunidad-lgbt\/#primaryimage"},"thumbnailUrl":"https:\/\/fuentesfidedignas.com.mx\/wp-content\/uploads\/2025\/01\/trump_madonna.jpg","articleSection":["AMOR ES AMOR","SEMANALES"],"inLanguage":"es","potentialAction":[{"@type":"CommentAction","name":"Comment","target":["https:\/\/fuentesfidedignas.com.mx\/index.php\/2025\/01\/31\/madonna-critico-a-trump-por-lanzarse-contra-la-comunidad-lgbt\/#respond"]}]},{"@type":"WebPage","@id":"https:\/\/fuentesfidedignas.com.mx\/index.php\/2025\/01\/31\/madonna-critico-a-trump-por-lanzarse-contra-la-comunidad-lgbt\/","url":"https:\/\/fuentesfidedignas.com.mx\/index.php\/2025\/01\/31\/madonna-critico-a-trump-por-lanzarse-contra-la-comunidad-lgbt\/","name":"Madonna critic\u00f3 a Trump por lanzarse contra la comunidad LGBT - Fuentes Fidedignas","isPartOf":{"@id":"https:\/\/fuentesfidedignas.com.mx\/#website"},"primaryImageOfPage":{"@id":"https:\/\/fuentesfidedignas.com.mx\/index.php\/2025\/01\/31\/madonna-critico-a-trump-por-lanzarse-contra-la-comunidad-lgbt\/#primaryimage"},"image":{"@id":"https:\/\/fuentesfidedignas.com.mx\/index.php\/2025\/01\/31\/madonna-critico-a-trump-por-lanzarse-contra-la-comunidad-lgbt\/#primaryimage"},"thumbnailUrl":"https:\/\/fuentesfidedignas.com.mx\/wp-content\/uploads\/2025\/01\/trump_madonna.jpg","datePublished":"2025-01-31T11:55:00+00:00","breadcrumb":{"@id":"https:\/\/fuentesfidedignas.com.mx\/index.php\/2025\/01\/31\/madonna-critico-a-trump-por-lanzarse-contra-la-comunidad-lgbt\/#breadcrumb"},"inLanguage":"es","potentialAction":[{"@type":"ReadAction","target":["https:\/\/fuentesfidedignas.com.mx\/index.php\/2025\/01\/31\/madonna-critico-a-trump-por-lanzarse-contra-la-comunidad-lgbt\/"]}]},{"@type":"ImageObject","inLanguage":"es","@id":"https:\/\/fuentesfidedignas.com.mx\/index.php\/2025\/01\/31\/madonna-critico-a-trump-por-lanzarse-contra-la-comunidad-lgbt\/#primaryimage","url":"https:\/\/fuentesfidedignas.com.mx\/wp-content\/uploads\/2025\/01\/trump_madonna.jpg","contentUrl":"https:\/\/fuentesfidedignas.com.mx\/wp-content\/uploads\/2025\/01\/trump_madonna.jpg","width":600,"height":335},{"@type":"BreadcrumbList","@id":"https:\/\/fuentesfidedignas.com.mx\/index.php\/2025\/01\/31\/madonna-critico-a-trump-por-lanzarse-contra-la-comunidad-lgbt\/#breadcrumb","itemListElement":[{"@type":"ListItem","position":1,"name":"Inicio","item":"https:\/\/fuentesfidedignas.com.mx\/"},{"@type":"ListItem","position":2,"name":"Madonna critic\u00f3 a Trump por lanzarse contra la comunidad LGBT"}]},{"@type":"WebSite","@id":"https:\/\/fuentesfidedignas.com.mx\/#website","url":"https:\/\/fuentesfidedignas.com.mx\/","name":"Fuentes Fidedignas","description":"Otro sitio realizado con WordPress","publisher":{"@id":"https:\/\/fuentesfidedignas.com.mx\/#organization"},"potentialAction":[{"@type":"SearchAction","target":{"@type":"EntryPoint","urlTemplate":"https:\/\/fuentesfidedignas.com.mx\/?s={search_term_string}"},"query-input":{"@type":"PropertyValueSpecification","valueRequired":true,"valueName":"search_term_string"}}],"inLanguage":"es"},{"@type":"Organization","@id":"https:\/\/fuentesfidedignas.com.mx\/#organization","name":"Fuentes Fidedignas","url":"https:\/\/fuentesfidedignas.com.mx\/","logo":{"@type":"ImageObject","inLanguage":"es","@id":"https:\/\/fuentesfidedignas.com.mx\/#\/schema\/logo\/image\/","url":"https:\/\/fuentesfidedignas.com.mx\/wp-content\/uploads\/2021\/04\/logo-retina.png","contentUrl":"https:\/\/fuentesfidedignas.com.mx\/wp-content\/uploads\/2021\/04\/logo-retina.png","width":280,"height":51,"caption":"Fuentes Fidedignas"},"image":{"@id":"https:\/\/fuentesfidedignas.com.mx\/#\/schema\/logo\/image\/"},"sameAs":["https:\/\/www.facebook.com\/Fuentes-Fidedignas-368234489921644","https:\/\/x.com\/fidedignas"]},{"@type":"Person","@id":"https:\/\/fuentesfidedignas.com.mx\/#\/schema\/person\/39b91b7742a24e842156ffcfe0db5e08","name":"R\u00e9cord","image":{"@type":"ImageObject","inLanguage":"es","@id":"https:\/\/secure.gravatar.com\/avatar\/cad55ab2ec2e0bbf0574d37345ae3b4418ebda31f830f0e27608291299b95841?s=96&d=mm&r=g","url":"https:\/\/secure.gravatar.com\/avatar\/cad55ab2ec2e0bbf0574d37345ae3b4418ebda31f830f0e27608291299b95841?s=96&d=mm&r=g","contentUrl":"https:\/\/secure.gravatar.com\/avatar\/cad55ab2ec2e0bbf0574d37345ae3b4418ebda31f830f0e27608291299b95841?s=96&d=mm&r=g","caption":"R\u00e9cord"},"url":"https:\/\/fuentesfidedignas.com.mx\/index.php\/author\/record\/"}]}},"_links":{"self":[{"href":"https:\/\/fuentesfidedignas.com.mx\/index.php\/wp-json\/wp\/v2\/posts\/100602","targetHints":{"allow":["GET"]}}],"collection":[{"href":"https:\/\/fuentesfidedignas.com.mx\/index.php\/wp-json\/wp\/v2\/posts"}],"about":[{"href":"https:\/\/fuentesfidedignas.com.mx\/index.php\/wp-json\/wp\/v2\/types\/post"}],"author":[{"embeddable":true,"href":"https:\/\/fuentesfidedignas.com.mx\/index.php\/wp-json\/wp\/v2\/users\/150"}],"replies":[{"embeddable":true,"href":"https:\/\/fuentesfidedignas.com.mx\/index.php\/wp-json\/wp\/v2\/comments?post=100602"}],"version-history":[{"count":1,"href":"https:\/\/fuentesfidedignas.com.mx\/index.php\/wp-json\/wp\/v2\/posts\/100602\/revisions"}],"predecessor-version":[{"id":100604,"href":"https:\/\/fuentesfidedignas.com.mx\/index.php\/wp-json\/wp\/v2\/posts\/100602\/revisions\/100604"}],"wp:featuredmedia":[{"embeddable":true,"href":"https:\/\/fuentesfidedignas.com.mx\/index.php\/wp-json\/wp\/v2\/media\/100603"}],"wp:attachment":[{"href":"https:\/\/fuentesfidedignas.com.mx\/index.php\/wp-json\/wp\/v2\/media?parent=100602"}],"wp:term":[{"taxonomy":"category","embeddable":true,"href":"https:\/\/fuentesfidedignas.com.mx\/index.php\/wp-json\/wp\/v2\/categories?post=100602"},{"taxonomy":"post_tag","embeddable":true,"href":"https:\/\/fuentesfidedignas.com.mx\/index.php\/wp-json\/wp\/v2\/tags?post=100602"}],"curies":[{"name":"wp","href":"https:\/\/api.w.org\/{rel}","templated":true}]}}