{"id":100512,"date":"2025-01-29T22:06:54","date_gmt":"2025-01-30T05:06:54","guid":{"rendered":"https:\/\/fuentesfidedignas.com.mx\/?p=100512"},"modified":"2025-01-29T22:10:57","modified_gmt":"2025-01-30T05:10:57","slug":"avion-de-pasajeros-se-estrella-contra-helicoptero-militar-en-washington","status":"publish","type":"post","link":"https:\/\/fuentesfidedignas.com.mx\/index.php\/2025\/01\/29\/avion-de-pasajeros-se-estrella-contra-helicoptero-militar-en-washington\/","title":{"rendered":"Avi\u00f3n de pasajeros se estrella contra helic\u00f3ptero militar en Washington"},"content":{"rendered":"\n<p><strong><em>Al menos 60 pasajeros viajaban en un avi\u00f3n que se estrell\u00f3 contra un helic\u00f3ptero en el aire en Washington. Suspenden vuelos.<\/em><\/strong><\/p>\n\n\n\n<p>Un avi\u00f3n de pasajeros cay\u00f3 la noche de este mi\u00e9rcoles al r\u00edo Potomac en Washington tras chocar en el aire con un helic\u00f3ptero militar, anunciaron las autoridades estadounidenses.<\/p>\n\n\n\n<p>Se trata de un vuelo regional de la compa\u00f1\u00eda PSA Airlines, que colision\u00f3 con un helic\u00f3ptero sobre Washington cuando deb\u00eda aterrizar en el aeropuerto nacional Ronald Reagan hacia las 21:00 horas (GMT).<\/p>\n\n\n\n<blockquote class=\"twitter-tweet\"><p lang=\"en\" dir=\"ltr\">We\u2019re aware of reports that American Eagle flight 5342, operated by PSA, with service from Wichita, Kansas (ICT) to Washington Reagan National Airport (DCA) has been involved in an incident. We will provide information as it becomes available.<\/p>&mdash; americanair (@AmericanAir) <a href=\"https:\/\/twitter.com\/AmericanAir\/status\/1884798791854747869?ref_src=twsrc%5Etfw\">January 30, 2025<\/a><\/blockquote> <script async src=\"https:\/\/platform.twitter.com\/widgets.js\" charset=\"utf-8\"><\/script>\n\n\n\n<p>Las primeras versiones indican que viajaban 60 pasajeros, aunque el n\u00famero de personas heridas o v\u00edctimas mortales se desconoce.<\/p>\n\n\n\n<p>El aeropuerto anunci\u00f3 en la red social \ud835\udd4f que ha &#8220;suspendido&#8221; todos los despegues y aterrizajes. Aleg\u00f3 un &#8220;incidente a\u00e9reo&#8221;.<\/p>\n\n\n\n<p>El presidente Donald Trump &#8220;ha sido informado de la situaci\u00f3n&#8221;, ha confirmado la portavoz de la Casa Blanca, Karoline Leavitt, en Fow News.<\/p>\n\n\n\n<blockquote class=\"twitter-tweet\"><p lang=\"zxx\" dir=\"ltr\"><a href=\"https:\/\/t.co\/UOTJ6hYPev\">pic.twitter.com\/UOTJ6hYPev<\/a><\/p>&mdash; Karoline Leavitt (@PressSec) <a href=\"https:\/\/twitter.com\/PressSec\/status\/1884811527074533854?ref_src=twsrc%5Etfw\">January 30, 2025<\/a><\/blockquote> <script async src=\"https:\/\/platform.twitter.com\/widgets.js\" charset=\"utf-8\"><\/script>\n\n\n\n<p>En el lugar del accidente se lleva a cabo una operaci\u00f3n de b\u00fasqueda y rescate en la que participan polic\u00edas y bomberos.<\/p>\n\n\n\n<figure class=\"wp-block-image size-full\"><img decoding=\"async\" width=\"600\" height=\"401\" src=\"https:\/\/fuentesfidedignas.com.mx\/wp-content\/uploads\/2025\/01\/image-3-2.jpg\" alt=\"\" class=\"wp-image-100514\" srcset=\"https:\/\/fuentesfidedignas.com.mx\/wp-content\/uploads\/2025\/01\/image-3-2.jpg 600w, https:\/\/fuentesfidedignas.com.mx\/wp-content\/uploads\/2025\/01\/image-3-2-300x201.jpg 300w\" sizes=\"(max-width: 600px) 100vw, 600px\" \/><figcaption class=\"wp-element-caption\">Servicios de emergencia ya llegaron al lugar para atender el accidente a\u00e9reo.\u00a0(Foto: Elizabeth Frantz\/Reuters)<\/figcaption><\/figure>\n\n\n\n<p>En v\u00eddeos compartidos en redes sociales se ven helic\u00f3pteros sobrevolando el r\u00edo y recorriendo el agua con haces de luz.<\/p>\n\n\n\n<p><strong>M\u00e9xico expresa solidaridad<\/strong><br>La Secretar\u00eda de Relaciones Exteriores, a trav\u00e9s de su cuenta de \ud835\udd4f, expres\u00f3 su solidaridad con las personas afectadas por el accidente a\u00e9reo, y brind\u00f3 medios de comunicaci\u00f3n para asistencia para la poblaci\u00f3n mexicana.<\/p>\n\n\n\n<blockquote class=\"twitter-tweet\"><p lang=\"es\" dir=\"ltr\">El <a href=\"https:\/\/twitter.com\/GobiernoMX?ref_src=twsrc%5Etfw\">@GobiernoMX<\/a>, a trav\u00e9s de la <a href=\"https:\/\/twitter.com\/SRE_mx?ref_src=twsrc%5Etfw\">@SRE_mx<\/a>, expresa su profunda solidaridad con las personas afectadas y sus familias por el accidente a\u00e9reo ocurrido hoy en Washington, D. C., as\u00ed como con el Gobierno de Estados Unidos. <br><br>En caso de requerir asistencia consular para personas\u2026<\/p>&mdash; Relaciones Exteriores (@SRE_mx) <a href=\"https:\/\/twitter.com\/SRE_mx\/status\/1884816999798223209?ref_src=twsrc%5Etfw\">January 30, 2025<\/a><\/blockquote> <script async src=\"https:\/\/platform.twitter.com\/widgets.js\" charset=\"utf-8\"><\/script>\n","protected":false},"excerpt":{"rendered":"<p>Al menos 60 pasajeros viajaban en un avi\u00f3n que se estrell\u00f3 contra un helic\u00f3ptero en el aire en Washington. Suspenden vuelos. Un avi\u00f3n de pasajeros cay\u00f3 la noche de este mi\u00e9rcoles al r\u00edo Potomac en Washington tras chocar en el aire con un helic\u00f3ptero militar, anunciaron las autoridades estadounidenses. Se trata de un vuelo regional [&hellip;]<\/p>\n","protected":false},"author":12,"featured_media":100515,"comment_status":"open","ping_status":"open","sticky":false,"template":"","format":"standard","meta":{"tdm_status":"","tdm_grid_status":"","footnotes":""},"categories":[39],"tags":[],"class_list":{"0":"post-100512","1":"post","2":"type-post","3":"status-publish","4":"format-standard","5":"has-post-thumbnail","7":"category-noticias-nacionales"},"yoast_head":"<!-- This site is optimized with the Yoast SEO plugin v27.5 - https:\/\/yoast.com\/product\/yoast-seo-wordpress\/ -->\n<title>Avi\u00f3n de pasajeros se estrella contra helic\u00f3ptero militar en Washington - Fuentes Fidedignas<\/title>\n<meta name=\"robots\" content=\"index, follow, max-snippet:-1, max-image-preview:large, max-video-preview:-1\" \/>\n<link rel=\"canonical\" href=\"https:\/\/fuentesfidedignas.com.mx\/index.php\/2025\/01\/29\/avion-de-pasajeros-se-estrella-contra-helicoptero-militar-en-washington\/\" \/>\n<meta property=\"og:locale\" content=\"es_MX\" \/>\n<meta property=\"og:type\" content=\"article\" \/>\n<meta property=\"og:title\" content=\"Avi\u00f3n de pasajeros se estrella contra helic\u00f3ptero militar en Washington - Fuentes Fidedignas\" \/>\n<meta property=\"og:description\" content=\"Al menos 60 pasajeros viajaban en un avi\u00f3n que se estrell\u00f3 contra un helic\u00f3ptero en el aire en Washington. Suspenden vuelos. Un avi\u00f3n de pasajeros cay\u00f3 la noche de este mi\u00e9rcoles al r\u00edo Potomac en Washington tras chocar en el aire con un helic\u00f3ptero militar, anunciaron las autoridades estadounidenses. Se trata de un vuelo regional [&hellip;]\" \/>\n<meta property=\"og:url\" content=\"https:\/\/fuentesfidedignas.com.mx\/index.php\/2025\/01\/29\/avion-de-pasajeros-se-estrella-contra-helicoptero-militar-en-washington\/\" \/>\n<meta property=\"og:site_name\" content=\"Fuentes Fidedignas\" \/>\n<meta property=\"article:publisher\" content=\"https:\/\/www.facebook.com\/Fuentes-Fidedignas-368234489921644\" \/>\n<meta property=\"article:published_time\" content=\"2025-01-30T05:06:54+00:00\" \/>\n<meta property=\"article:modified_time\" content=\"2025-01-30T05:10:57+00:00\" \/>\n<meta property=\"og:image\" content=\"https:\/\/fuentesfidedignas.com.mx\/wp-content\/uploads\/2025\/01\/helicoptero_DC.jpg\" \/>\n\t<meta property=\"og:image:width\" content=\"600\" \/>\n\t<meta property=\"og:image:height\" content=\"314\" \/>\n\t<meta property=\"og:image:type\" content=\"image\/jpeg\" \/>\n<meta name=\"author\" content=\"AFP\" \/>\n<meta name=\"twitter:card\" content=\"summary_large_image\" \/>\n<meta name=\"twitter:creator\" content=\"@fidedignas\" \/>\n<meta name=\"twitter:site\" content=\"@fidedignas\" \/>\n<meta name=\"twitter:label1\" content=\"Escrito por\" \/>\n\t<meta name=\"twitter:data1\" content=\"AFP\" \/>\n\t<meta name=\"twitter:label2\" content=\"Tiempo de lectura\" \/>\n\t<meta name=\"twitter:data2\" content=\"2 minutos\" \/>\n<script type=\"application\/ld+json\" class=\"yoast-schema-graph\">{\"@context\":\"https:\\\/\\\/schema.org\",\"@graph\":[{\"@type\":\"Article\",\"@id\":\"https:\\\/\\\/fuentesfidedignas.com.mx\\\/index.php\\\/2025\\\/01\\\/29\\\/avion-de-pasajeros-se-estrella-contra-helicoptero-militar-en-washington\\\/#article\",\"isPartOf\":{\"@id\":\"https:\\\/\\\/fuentesfidedignas.com.mx\\\/index.php\\\/2025\\\/01\\\/29\\\/avion-de-pasajeros-se-estrella-contra-helicoptero-militar-en-washington\\\/\"},\"author\":{\"name\":\"AFP\",\"@id\":\"https:\\\/\\\/fuentesfidedignas.com.mx\\\/#\\\/schema\\\/person\\\/1827b38c6cf89e1d6cc7d78ca3fae732\"},\"headline\":\"Avi\u00f3n de pasajeros se estrella contra helic\u00f3ptero militar en Washington\",\"datePublished\":\"2025-01-30T05:06:54+00:00\",\"dateModified\":\"2025-01-30T05:10:57+00:00\",\"mainEntityOfPage\":{\"@id\":\"https:\\\/\\\/fuentesfidedignas.com.mx\\\/index.php\\\/2025\\\/01\\\/29\\\/avion-de-pasajeros-se-estrella-contra-helicoptero-militar-en-washington\\\/\"},\"wordCount\":376,\"commentCount\":0,\"publisher\":{\"@id\":\"https:\\\/\\\/fuentesfidedignas.com.mx\\\/#organization\"},\"image\":{\"@id\":\"https:\\\/\\\/fuentesfidedignas.com.mx\\\/index.php\\\/2025\\\/01\\\/29\\\/avion-de-pasajeros-se-estrella-contra-helicoptero-militar-en-washington\\\/#primaryimage\"},\"thumbnailUrl\":\"https:\\\/\\\/fuentesfidedignas.com.mx\\\/wp-content\\\/uploads\\\/2025\\\/01\\\/helicoptero_DC.jpg\",\"articleSection\":[\"NOTICIAS NACIONALES\"],\"inLanguage\":\"es\",\"potentialAction\":[{\"@type\":\"CommentAction\",\"name\":\"Comment\",\"target\":[\"https:\\\/\\\/fuentesfidedignas.com.mx\\\/index.php\\\/2025\\\/01\\\/29\\\/avion-de-pasajeros-se-estrella-contra-helicoptero-militar-en-washington\\\/#respond\"]}]},{\"@type\":\"WebPage\",\"@id\":\"https:\\\/\\\/fuentesfidedignas.com.mx\\\/index.php\\\/2025\\\/01\\\/29\\\/avion-de-pasajeros-se-estrella-contra-helicoptero-militar-en-washington\\\/\",\"url\":\"https:\\\/\\\/fuentesfidedignas.com.mx\\\/index.php\\\/2025\\\/01\\\/29\\\/avion-de-pasajeros-se-estrella-contra-helicoptero-militar-en-washington\\\/\",\"name\":\"Avi\u00f3n de pasajeros se estrella contra helic\u00f3ptero militar en Washington - Fuentes Fidedignas\",\"isPartOf\":{\"@id\":\"https:\\\/\\\/fuentesfidedignas.com.mx\\\/#website\"},\"primaryImageOfPage\":{\"@id\":\"https:\\\/\\\/fuentesfidedignas.com.mx\\\/index.php\\\/2025\\\/01\\\/29\\\/avion-de-pasajeros-se-estrella-contra-helicoptero-militar-en-washington\\\/#primaryimage\"},\"image\":{\"@id\":\"https:\\\/\\\/fuentesfidedignas.com.mx\\\/index.php\\\/2025\\\/01\\\/29\\\/avion-de-pasajeros-se-estrella-contra-helicoptero-militar-en-washington\\\/#primaryimage\"},\"thumbnailUrl\":\"https:\\\/\\\/fuentesfidedignas.com.mx\\\/wp-content\\\/uploads\\\/2025\\\/01\\\/helicoptero_DC.jpg\",\"datePublished\":\"2025-01-30T05:06:54+00:00\",\"dateModified\":\"2025-01-30T05:10:57+00:00\",\"breadcrumb\":{\"@id\":\"https:\\\/\\\/fuentesfidedignas.com.mx\\\/index.php\\\/2025\\\/01\\\/29\\\/avion-de-pasajeros-se-estrella-contra-helicoptero-militar-en-washington\\\/#breadcrumb\"},\"inLanguage\":\"es\",\"potentialAction\":[{\"@type\":\"ReadAction\",\"target\":[\"https:\\\/\\\/fuentesfidedignas.com.mx\\\/index.php\\\/2025\\\/01\\\/29\\\/avion-de-pasajeros-se-estrella-contra-helicoptero-militar-en-washington\\\/\"]}]},{\"@type\":\"ImageObject\",\"inLanguage\":\"es\",\"@id\":\"https:\\\/\\\/fuentesfidedignas.com.mx\\\/index.php\\\/2025\\\/01\\\/29\\\/avion-de-pasajeros-se-estrella-contra-helicoptero-militar-en-washington\\\/#primaryimage\",\"url\":\"https:\\\/\\\/fuentesfidedignas.com.mx\\\/wp-content\\\/uploads\\\/2025\\\/01\\\/helicoptero_DC.jpg\",\"contentUrl\":\"https:\\\/\\\/fuentesfidedignas.com.mx\\\/wp-content\\\/uploads\\\/2025\\\/01\\\/helicoptero_DC.jpg\",\"width\":600,\"height\":314},{\"@type\":\"BreadcrumbList\",\"@id\":\"https:\\\/\\\/fuentesfidedignas.com.mx\\\/index.php\\\/2025\\\/01\\\/29\\\/avion-de-pasajeros-se-estrella-contra-helicoptero-militar-en-washington\\\/#breadcrumb\",\"itemListElement\":[{\"@type\":\"ListItem\",\"position\":1,\"name\":\"Inicio\",\"item\":\"https:\\\/\\\/fuentesfidedignas.com.mx\\\/\"},{\"@type\":\"ListItem\",\"position\":2,\"name\":\"Avi\u00f3n de pasajeros se estrella contra helic\u00f3ptero militar en Washington\"}]},{\"@type\":\"WebSite\",\"@id\":\"https:\\\/\\\/fuentesfidedignas.com.mx\\\/#website\",\"url\":\"https:\\\/\\\/fuentesfidedignas.com.mx\\\/\",\"name\":\"Fuentes Fidedignas\",\"description\":\"Otro sitio realizado con WordPress\",\"publisher\":{\"@id\":\"https:\\\/\\\/fuentesfidedignas.com.mx\\\/#organization\"},\"potentialAction\":[{\"@type\":\"SearchAction\",\"target\":{\"@type\":\"EntryPoint\",\"urlTemplate\":\"https:\\\/\\\/fuentesfidedignas.com.mx\\\/?s={search_term_string}\"},\"query-input\":{\"@type\":\"PropertyValueSpecification\",\"valueRequired\":true,\"valueName\":\"search_term_string\"}}],\"inLanguage\":\"es\"},{\"@type\":\"Organization\",\"@id\":\"https:\\\/\\\/fuentesfidedignas.com.mx\\\/#organization\",\"name\":\"Fuentes Fidedignas\",\"url\":\"https:\\\/\\\/fuentesfidedignas.com.mx\\\/\",\"logo\":{\"@type\":\"ImageObject\",\"inLanguage\":\"es\",\"@id\":\"https:\\\/\\\/fuentesfidedignas.com.mx\\\/#\\\/schema\\\/logo\\\/image\\\/\",\"url\":\"https:\\\/\\\/fuentesfidedignas.com.mx\\\/wp-content\\\/uploads\\\/2021\\\/04\\\/logo-retina.png\",\"contentUrl\":\"https:\\\/\\\/fuentesfidedignas.com.mx\\\/wp-content\\\/uploads\\\/2021\\\/04\\\/logo-retina.png\",\"width\":280,\"height\":51,\"caption\":\"Fuentes Fidedignas\"},\"image\":{\"@id\":\"https:\\\/\\\/fuentesfidedignas.com.mx\\\/#\\\/schema\\\/logo\\\/image\\\/\"},\"sameAs\":[\"https:\\\/\\\/www.facebook.com\\\/Fuentes-Fidedignas-368234489921644\",\"https:\\\/\\\/x.com\\\/fidedignas\"]},{\"@type\":\"Person\",\"@id\":\"https:\\\/\\\/fuentesfidedignas.com.mx\\\/#\\\/schema\\\/person\\\/1827b38c6cf89e1d6cc7d78ca3fae732\",\"name\":\"AFP\",\"image\":{\"@type\":\"ImageObject\",\"inLanguage\":\"es\",\"@id\":\"https:\\\/\\\/secure.gravatar.com\\\/avatar\\\/236827d2ee9bf15e1ea99e0c1cd1b467cffa55e324d177638d0f8de7950cbae6?s=96&d=mm&r=g\",\"url\":\"https:\\\/\\\/secure.gravatar.com\\\/avatar\\\/236827d2ee9bf15e1ea99e0c1cd1b467cffa55e324d177638d0f8de7950cbae6?s=96&d=mm&r=g\",\"contentUrl\":\"https:\\\/\\\/secure.gravatar.com\\\/avatar\\\/236827d2ee9bf15e1ea99e0c1cd1b467cffa55e324d177638d0f8de7950cbae6?s=96&d=mm&r=g\",\"caption\":\"AFP\"},\"url\":\"https:\\\/\\\/fuentesfidedignas.com.mx\\\/index.php\\\/author\\\/afp\\\/\"}]}<\/script>\n<!-- \/ Yoast SEO plugin. -->","yoast_head_json":{"title":"Avi\u00f3n de pasajeros se estrella contra helic\u00f3ptero militar en Washington - Fuentes Fidedignas","robots":{"index":"index","follow":"follow","max-snippet":"max-snippet:-1","max-image-preview":"max-image-preview:large","max-video-preview":"max-video-preview:-1"},"canonical":"https:\/\/fuentesfidedignas.com.mx\/index.php\/2025\/01\/29\/avion-de-pasajeros-se-estrella-contra-helicoptero-militar-en-washington\/","og_locale":"es_MX","og_type":"article","og_title":"Avi\u00f3n de pasajeros se estrella contra helic\u00f3ptero militar en Washington - Fuentes Fidedignas","og_description":"Al menos 60 pasajeros viajaban en un avi\u00f3n que se estrell\u00f3 contra un helic\u00f3ptero en el aire en Washington. Suspenden vuelos. Un avi\u00f3n de pasajeros cay\u00f3 la noche de este mi\u00e9rcoles al r\u00edo Potomac en Washington tras chocar en el aire con un helic\u00f3ptero militar, anunciaron las autoridades estadounidenses. Se trata de un vuelo regional [&hellip;]","og_url":"https:\/\/fuentesfidedignas.com.mx\/index.php\/2025\/01\/29\/avion-de-pasajeros-se-estrella-contra-helicoptero-militar-en-washington\/","og_site_name":"Fuentes Fidedignas","article_publisher":"https:\/\/www.facebook.com\/Fuentes-Fidedignas-368234489921644","article_published_time":"2025-01-30T05:06:54+00:00","article_modified_time":"2025-01-30T05:10:57+00:00","og_image":[{"width":600,"height":314,"url":"https:\/\/fuentesfidedignas.com.mx\/wp-content\/uploads\/2025\/01\/helicoptero_DC.jpg","type":"image\/jpeg"}],"author":"AFP","twitter_card":"summary_large_image","twitter_creator":"@fidedignas","twitter_site":"@fidedignas","twitter_misc":{"Escrito por":"AFP","Tiempo de lectura":"2 minutos"},"schema":{"@context":"https:\/\/schema.org","@graph":[{"@type":"Article","@id":"https:\/\/fuentesfidedignas.com.mx\/index.php\/2025\/01\/29\/avion-de-pasajeros-se-estrella-contra-helicoptero-militar-en-washington\/#article","isPartOf":{"@id":"https:\/\/fuentesfidedignas.com.mx\/index.php\/2025\/01\/29\/avion-de-pasajeros-se-estrella-contra-helicoptero-militar-en-washington\/"},"author":{"name":"AFP","@id":"https:\/\/fuentesfidedignas.com.mx\/#\/schema\/person\/1827b38c6cf89e1d6cc7d78ca3fae732"},"headline":"Avi\u00f3n de pasajeros se estrella contra helic\u00f3ptero militar en Washington","datePublished":"2025-01-30T05:06:54+00:00","dateModified":"2025-01-30T05:10:57+00:00","mainEntityOfPage":{"@id":"https:\/\/fuentesfidedignas.com.mx\/index.php\/2025\/01\/29\/avion-de-pasajeros-se-estrella-contra-helicoptero-militar-en-washington\/"},"wordCount":376,"commentCount":0,"publisher":{"@id":"https:\/\/fuentesfidedignas.com.mx\/#organization"},"image":{"@id":"https:\/\/fuentesfidedignas.com.mx\/index.php\/2025\/01\/29\/avion-de-pasajeros-se-estrella-contra-helicoptero-militar-en-washington\/#primaryimage"},"thumbnailUrl":"https:\/\/fuentesfidedignas.com.mx\/wp-content\/uploads\/2025\/01\/helicoptero_DC.jpg","articleSection":["NOTICIAS NACIONALES"],"inLanguage":"es","potentialAction":[{"@type":"CommentAction","name":"Comment","target":["https:\/\/fuentesfidedignas.com.mx\/index.php\/2025\/01\/29\/avion-de-pasajeros-se-estrella-contra-helicoptero-militar-en-washington\/#respond"]}]},{"@type":"WebPage","@id":"https:\/\/fuentesfidedignas.com.mx\/index.php\/2025\/01\/29\/avion-de-pasajeros-se-estrella-contra-helicoptero-militar-en-washington\/","url":"https:\/\/fuentesfidedignas.com.mx\/index.php\/2025\/01\/29\/avion-de-pasajeros-se-estrella-contra-helicoptero-militar-en-washington\/","name":"Avi\u00f3n de pasajeros se estrella contra helic\u00f3ptero militar en Washington - Fuentes Fidedignas","isPartOf":{"@id":"https:\/\/fuentesfidedignas.com.mx\/#website"},"primaryImageOfPage":{"@id":"https:\/\/fuentesfidedignas.com.mx\/index.php\/2025\/01\/29\/avion-de-pasajeros-se-estrella-contra-helicoptero-militar-en-washington\/#primaryimage"},"image":{"@id":"https:\/\/fuentesfidedignas.com.mx\/index.php\/2025\/01\/29\/avion-de-pasajeros-se-estrella-contra-helicoptero-militar-en-washington\/#primaryimage"},"thumbnailUrl":"https:\/\/fuentesfidedignas.com.mx\/wp-content\/uploads\/2025\/01\/helicoptero_DC.jpg","datePublished":"2025-01-30T05:06:54+00:00","dateModified":"2025-01-30T05:10:57+00:00","breadcrumb":{"@id":"https:\/\/fuentesfidedignas.com.mx\/index.php\/2025\/01\/29\/avion-de-pasajeros-se-estrella-contra-helicoptero-militar-en-washington\/#breadcrumb"},"inLanguage":"es","potentialAction":[{"@type":"ReadAction","target":["https:\/\/fuentesfidedignas.com.mx\/index.php\/2025\/01\/29\/avion-de-pasajeros-se-estrella-contra-helicoptero-militar-en-washington\/"]}]},{"@type":"ImageObject","inLanguage":"es","@id":"https:\/\/fuentesfidedignas.com.mx\/index.php\/2025\/01\/29\/avion-de-pasajeros-se-estrella-contra-helicoptero-militar-en-washington\/#primaryimage","url":"https:\/\/fuentesfidedignas.com.mx\/wp-content\/uploads\/2025\/01\/helicoptero_DC.jpg","contentUrl":"https:\/\/fuentesfidedignas.com.mx\/wp-content\/uploads\/2025\/01\/helicoptero_DC.jpg","width":600,"height":314},{"@type":"BreadcrumbList","@id":"https:\/\/fuentesfidedignas.com.mx\/index.php\/2025\/01\/29\/avion-de-pasajeros-se-estrella-contra-helicoptero-militar-en-washington\/#breadcrumb","itemListElement":[{"@type":"ListItem","position":1,"name":"Inicio","item":"https:\/\/fuentesfidedignas.com.mx\/"},{"@type":"ListItem","position":2,"name":"Avi\u00f3n de pasajeros se estrella contra helic\u00f3ptero militar en Washington"}]},{"@type":"WebSite","@id":"https:\/\/fuentesfidedignas.com.mx\/#website","url":"https:\/\/fuentesfidedignas.com.mx\/","name":"Fuentes Fidedignas","description":"Otro sitio realizado con WordPress","publisher":{"@id":"https:\/\/fuentesfidedignas.com.mx\/#organization"},"potentialAction":[{"@type":"SearchAction","target":{"@type":"EntryPoint","urlTemplate":"https:\/\/fuentesfidedignas.com.mx\/?s={search_term_string}"},"query-input":{"@type":"PropertyValueSpecification","valueRequired":true,"valueName":"search_term_string"}}],"inLanguage":"es"},{"@type":"Organization","@id":"https:\/\/fuentesfidedignas.com.mx\/#organization","name":"Fuentes Fidedignas","url":"https:\/\/fuentesfidedignas.com.mx\/","logo":{"@type":"ImageObject","inLanguage":"es","@id":"https:\/\/fuentesfidedignas.com.mx\/#\/schema\/logo\/image\/","url":"https:\/\/fuentesfidedignas.com.mx\/wp-content\/uploads\/2021\/04\/logo-retina.png","contentUrl":"https:\/\/fuentesfidedignas.com.mx\/wp-content\/uploads\/2021\/04\/logo-retina.png","width":280,"height":51,"caption":"Fuentes Fidedignas"},"image":{"@id":"https:\/\/fuentesfidedignas.com.mx\/#\/schema\/logo\/image\/"},"sameAs":["https:\/\/www.facebook.com\/Fuentes-Fidedignas-368234489921644","https:\/\/x.com\/fidedignas"]},{"@type":"Person","@id":"https:\/\/fuentesfidedignas.com.mx\/#\/schema\/person\/1827b38c6cf89e1d6cc7d78ca3fae732","name":"AFP","image":{"@type":"ImageObject","inLanguage":"es","@id":"https:\/\/secure.gravatar.com\/avatar\/236827d2ee9bf15e1ea99e0c1cd1b467cffa55e324d177638d0f8de7950cbae6?s=96&d=mm&r=g","url":"https:\/\/secure.gravatar.com\/avatar\/236827d2ee9bf15e1ea99e0c1cd1b467cffa55e324d177638d0f8de7950cbae6?s=96&d=mm&r=g","contentUrl":"https:\/\/secure.gravatar.com\/avatar\/236827d2ee9bf15e1ea99e0c1cd1b467cffa55e324d177638d0f8de7950cbae6?s=96&d=mm&r=g","caption":"AFP"},"url":"https:\/\/fuentesfidedignas.com.mx\/index.php\/author\/afp\/"}]}},"_links":{"self":[{"href":"https:\/\/fuentesfidedignas.com.mx\/index.php\/wp-json\/wp\/v2\/posts\/100512","targetHints":{"allow":["GET"]}}],"collection":[{"href":"https:\/\/fuentesfidedignas.com.mx\/index.php\/wp-json\/wp\/v2\/posts"}],"about":[{"href":"https:\/\/fuentesfidedignas.com.mx\/index.php\/wp-json\/wp\/v2\/types\/post"}],"author":[{"embeddable":true,"href":"https:\/\/fuentesfidedignas.com.mx\/index.php\/wp-json\/wp\/v2\/users\/12"}],"replies":[{"embeddable":true,"href":"https:\/\/fuentesfidedignas.com.mx\/index.php\/wp-json\/wp\/v2\/comments?post=100512"}],"version-history":[{"count":4,"href":"https:\/\/fuentesfidedignas.com.mx\/index.php\/wp-json\/wp\/v2\/posts\/100512\/revisions"}],"predecessor-version":[{"id":100519,"href":"https:\/\/fuentesfidedignas.com.mx\/index.php\/wp-json\/wp\/v2\/posts\/100512\/revisions\/100519"}],"wp:featuredmedia":[{"embeddable":true,"href":"https:\/\/fuentesfidedignas.com.mx\/index.php\/wp-json\/wp\/v2\/media\/100515"}],"wp:attachment":[{"href":"https:\/\/fuentesfidedignas.com.mx\/index.php\/wp-json\/wp\/v2\/media?parent=100512"}],"wp:term":[{"taxonomy":"category","embeddable":true,"href":"https:\/\/fuentesfidedignas.com.mx\/index.php\/wp-json\/wp\/v2\/categories?post=100512"},{"taxonomy":"post_tag","embeddable":true,"href":"https:\/\/fuentesfidedignas.com.mx\/index.php\/wp-json\/wp\/v2\/tags?post=100512"}],"curies":[{"name":"wp","href":"https:\/\/api.w.org\/{rel}","templated":true}]}}