{"id":100411,"date":"2025-01-28T17:18:23","date_gmt":"2025-01-29T00:18:23","guid":{"rendered":"https:\/\/fuentesfidedignas.com.mx\/?p=100411"},"modified":"2025-01-28T17:18:26","modified_gmt":"2025-01-29T00:18:26","slug":"aranceles-a-mexico-siguen-en-pie-para-febrero-casa-blanca","status":"publish","type":"post","link":"https:\/\/fuentesfidedignas.com.mx\/index.php\/2025\/01\/28\/aranceles-a-mexico-siguen-en-pie-para-febrero-casa-blanca\/","title":{"rendered":"Aranceles a M\u00e9xico siguen en pie para febrero: Casa Blanca"},"content":{"rendered":"\n<p><strong><em>Durante una comparecencia ante medios de comunicaci\u00f3n, Karoline Leavitt destac\u00f3 el \u201cnivel hist\u00f3rico de cooperaci\u00f3n\u201d con M\u00e9xico<\/em><\/strong><\/p>\n\n\n\n<p>La portavoz del presidente Donald Trump, Karolone Leavitt, exalt\u00f3 hoy un \u201cnivel hist\u00f3rico de cooperaci\u00f3n\u201d con el gobierno mexicano en temas migratorios y fronterizos, pero dej\u00f3 en claro que hasta el momento se mantiene vigente la imposiciones de aranceles comerciales a partir del primero de febrero.<\/p>\n\n\n\n<p>&#8220;El presidente ha dejado muy claro que espera que todas las naciones del mundo cooperen con la repatriaci\u00f3n de sus ciudadanos. Y el presidente tambi\u00e9n ha emitido declaraciones espec\u00edficas en relaci\u00f3n con Canad\u00e1 y M\u00e9xico\u201d, se\u00f1ala Leavitt en su primer encuentro con la fuente de la Casa Blanca.<\/p>\n\n\n\n<p>\u201cEn lo que respecta a lo que espera en materia de seguridad fronteriza, hemos visto un nivel hist\u00f3rico de cooperaci\u00f3n por parte de M\u00e9xico. Pero, de nuevo, por lo que sigo monitoreando, y eso fue anoche, hablando directamente con el presidente, el 1 de febrero todav\u00eda est\u00e1 en los libros\u201d, a\u00f1adi\u00f3 la vocera presidencial.<\/p>\n\n\n\n<p>Trump amenaz\u00f3 la semana pasada con imponer aranceles de 25 por ciento y, potencialmente, de hasta 50 por ciento a todos los bienes y servicios de sus socios de M\u00e9xico y Canada bajo el argumento de que no estaban haciendo lo suficiente para frenar la llegada de migrantes a la frontera y el tr\u00e1fico de fentanilo.<\/p>\n\n\n\n<p>Leavitt sostuvo que no le corresponde a la Casa Blanca decirle a otros pa\u00edses qu\u00e9 deben o no hacer para evitar las sanciones estadunidense pero dej\u00f3 en claro que el presidente Trump espera la cooperaci\u00f3n de todos los pa\u00edses del mundo en la aceptaci\u00f3n de sus ciudadanos repatriados.<\/p>\n\n\n\n<h2 class=\"wp-block-heading\">Mensaje de la vocera:<\/h2>\n\n\n\n<figure class=\"wp-block-embed is-type-rich is-provider-twitter wp-block-embed-twitter\"><div class=\"wp-block-embed__wrapper\">\n<blockquote class=\"twitter-tweet\" data-width=\"550\" data-dnt=\"true\"><p lang=\"en\" dir=\"ltr\">Karoline Leavitt is absolutely TORCHING these reporters. <br><br>\ud83d\udd25\ud83d\udd25\ud83d\udd25 <a href=\"https:\/\/t.co\/M3whE0fLJp\">pic.twitter.com\/M3whE0fLJp<\/a><\/p>&mdash; American AF \ud83c\uddfa\ud83c\uddf8 (@iAnonPatriot) <a href=\"https:\/\/twitter.com\/iAnonPatriot\/status\/1884312829920149669?ref_src=twsrc%5Etfw\">January 28, 2025<\/a><\/blockquote><script async src=\"https:\/\/platform.twitter.com\/widgets.js\" charset=\"utf-8\"><\/script>\n<\/div><\/figure>\n\n\n\n<p>\u201cEl presidente est\u00e1 comprometido a aplicar de manera efectiva aranceles, tal como lo hizo en su primer mandato\u201d, precis\u00f3.<\/p>\n\n\n\n<p>Trump ha hablado tambi\u00e9n de la posibilidad de imponer aranceles a China, aunque no ha fijado un monto, as\u00ed como aplicar \u201caranceles universales\u201d para rebalancear el comercio con Estados Unidos.<\/p>\n\n\n\n<h2 class=\"wp-block-heading\">El peso reacciona\u00a0<\/h2>\n\n\n\n<p>El peso mexicano recortaba el martes sus ganancias despu\u00e9s de que la Casa Blanca dijo que sigue en pie la fecha del 1 de febrero para la imposici\u00f3n de aranceles a M\u00e9xico y Canad\u00e1.<\/p>\n\n\n\n<p>La moneda cotizaba en 20.57 por d\u00f3lar, con un avance del 0.45 por ciento frente al precio de referencia de LSEG del jueves. M\u00e1s temprano lleg\u00f3 a apreciarse casi un 0.70 por ciento.<\/p>\n","protected":false},"excerpt":{"rendered":"<p>Durante una comparecencia ante medios de comunicaci\u00f3n, Karoline Leavitt destac\u00f3 el \u201cnivel hist\u00f3rico de cooperaci\u00f3n\u201d con M\u00e9xico La portavoz del presidente Donald Trump, Karolone Leavitt, exalt\u00f3 hoy un \u201cnivel hist\u00f3rico de cooperaci\u00f3n\u201d con el gobierno mexicano en temas migratorios y fronterizos, pero dej\u00f3 en claro que hasta el momento se mantiene vigente la imposiciones de [&hellip;]<\/p>\n","protected":false},"author":9,"featured_media":5078,"comment_status":"open","ping_status":"open","sticky":false,"template":"","format":"standard","meta":{"tdm_status":"","tdm_grid_status":"","footnotes":""},"categories":[39],"tags":[],"class_list":{"0":"post-100411","1":"post","2":"type-post","3":"status-publish","4":"format-standard","5":"has-post-thumbnail","7":"category-noticias-nacionales"},"yoast_head":"<!-- This site is optimized with the Yoast SEO plugin v27.5 - https:\/\/yoast.com\/product\/yoast-seo-wordpress\/ -->\n<title>Aranceles a M\u00e9xico siguen en pie para febrero: Casa Blanca - Fuentes Fidedignas<\/title>\n<meta name=\"robots\" content=\"index, follow, max-snippet:-1, max-image-preview:large, max-video-preview:-1\" \/>\n<link rel=\"canonical\" href=\"https:\/\/fuentesfidedignas.com.mx\/index.php\/2025\/01\/28\/aranceles-a-mexico-siguen-en-pie-para-febrero-casa-blanca\/\" \/>\n<meta property=\"og:locale\" content=\"es_MX\" \/>\n<meta property=\"og:type\" content=\"article\" \/>\n<meta property=\"og:title\" content=\"Aranceles a M\u00e9xico siguen en pie para febrero: Casa Blanca - Fuentes Fidedignas\" \/>\n<meta property=\"og:description\" content=\"Durante una comparecencia ante medios de comunicaci\u00f3n, Karoline Leavitt destac\u00f3 el \u201cnivel hist\u00f3rico de cooperaci\u00f3n\u201d con M\u00e9xico La portavoz del presidente Donald Trump, Karolone Leavitt, exalt\u00f3 hoy un \u201cnivel hist\u00f3rico de cooperaci\u00f3n\u201d con el gobierno mexicano en temas migratorios y fronterizos, pero dej\u00f3 en claro que hasta el momento se mantiene vigente la imposiciones de [&hellip;]\" \/>\n<meta property=\"og:url\" content=\"https:\/\/fuentesfidedignas.com.mx\/index.php\/2025\/01\/28\/aranceles-a-mexico-siguen-en-pie-para-febrero-casa-blanca\/\" \/>\n<meta property=\"og:site_name\" content=\"Fuentes Fidedignas\" \/>\n<meta property=\"article:publisher\" content=\"https:\/\/www.facebook.com\/Fuentes-Fidedignas-368234489921644\" \/>\n<meta property=\"article:published_time\" content=\"2025-01-29T00:18:23+00:00\" \/>\n<meta property=\"article:modified_time\" content=\"2025-01-29T00:18:26+00:00\" \/>\n<meta property=\"og:image\" content=\"https:\/\/fuentesfidedignas.com.mx\/wp-content\/uploads\/2021\/06\/TRUMP_001.jpg\" \/>\n\t<meta property=\"og:image:width\" content=\"640\" \/>\n\t<meta property=\"og:image:height\" content=\"360\" \/>\n\t<meta property=\"og:image:type\" content=\"image\/jpeg\" \/>\n<meta name=\"author\" content=\"Milenio\" \/>\n<meta name=\"twitter:card\" content=\"summary_large_image\" \/>\n<meta name=\"twitter:creator\" content=\"@fidedignas\" \/>\n<meta name=\"twitter:site\" content=\"@fidedignas\" \/>\n<meta name=\"twitter:label1\" content=\"Escrito por\" \/>\n\t<meta name=\"twitter:data1\" content=\"Milenio\" \/>\n\t<meta name=\"twitter:label2\" content=\"Tiempo de lectura\" \/>\n\t<meta name=\"twitter:data2\" content=\"3 minutos\" \/>\n<script type=\"application\/ld+json\" class=\"yoast-schema-graph\">{\"@context\":\"https:\\\/\\\/schema.org\",\"@graph\":[{\"@type\":\"Article\",\"@id\":\"https:\\\/\\\/fuentesfidedignas.com.mx\\\/index.php\\\/2025\\\/01\\\/28\\\/aranceles-a-mexico-siguen-en-pie-para-febrero-casa-blanca\\\/#article\",\"isPartOf\":{\"@id\":\"https:\\\/\\\/fuentesfidedignas.com.mx\\\/index.php\\\/2025\\\/01\\\/28\\\/aranceles-a-mexico-siguen-en-pie-para-febrero-casa-blanca\\\/\"},\"author\":{\"name\":\"Milenio\",\"@id\":\"https:\\\/\\\/fuentesfidedignas.com.mx\\\/#\\\/schema\\\/person\\\/47ec0135738f4b0c7495f06a77a2c976\"},\"headline\":\"Aranceles a M\u00e9xico siguen en pie para febrero: Casa Blanca\",\"datePublished\":\"2025-01-29T00:18:23+00:00\",\"dateModified\":\"2025-01-29T00:18:26+00:00\",\"mainEntityOfPage\":{\"@id\":\"https:\\\/\\\/fuentesfidedignas.com.mx\\\/index.php\\\/2025\\\/01\\\/28\\\/aranceles-a-mexico-siguen-en-pie-para-febrero-casa-blanca\\\/\"},\"wordCount\":430,\"commentCount\":0,\"publisher\":{\"@id\":\"https:\\\/\\\/fuentesfidedignas.com.mx\\\/#organization\"},\"image\":{\"@id\":\"https:\\\/\\\/fuentesfidedignas.com.mx\\\/index.php\\\/2025\\\/01\\\/28\\\/aranceles-a-mexico-siguen-en-pie-para-febrero-casa-blanca\\\/#primaryimage\"},\"thumbnailUrl\":\"https:\\\/\\\/fuentesfidedignas.com.mx\\\/wp-content\\\/uploads\\\/2021\\\/06\\\/TRUMP_001.jpg\",\"articleSection\":[\"NOTICIAS NACIONALES\"],\"inLanguage\":\"es\",\"potentialAction\":[{\"@type\":\"CommentAction\",\"name\":\"Comment\",\"target\":[\"https:\\\/\\\/fuentesfidedignas.com.mx\\\/index.php\\\/2025\\\/01\\\/28\\\/aranceles-a-mexico-siguen-en-pie-para-febrero-casa-blanca\\\/#respond\"]}]},{\"@type\":\"WebPage\",\"@id\":\"https:\\\/\\\/fuentesfidedignas.com.mx\\\/index.php\\\/2025\\\/01\\\/28\\\/aranceles-a-mexico-siguen-en-pie-para-febrero-casa-blanca\\\/\",\"url\":\"https:\\\/\\\/fuentesfidedignas.com.mx\\\/index.php\\\/2025\\\/01\\\/28\\\/aranceles-a-mexico-siguen-en-pie-para-febrero-casa-blanca\\\/\",\"name\":\"Aranceles a M\u00e9xico siguen en pie para febrero: Casa Blanca - Fuentes Fidedignas\",\"isPartOf\":{\"@id\":\"https:\\\/\\\/fuentesfidedignas.com.mx\\\/#website\"},\"primaryImageOfPage\":{\"@id\":\"https:\\\/\\\/fuentesfidedignas.com.mx\\\/index.php\\\/2025\\\/01\\\/28\\\/aranceles-a-mexico-siguen-en-pie-para-febrero-casa-blanca\\\/#primaryimage\"},\"image\":{\"@id\":\"https:\\\/\\\/fuentesfidedignas.com.mx\\\/index.php\\\/2025\\\/01\\\/28\\\/aranceles-a-mexico-siguen-en-pie-para-febrero-casa-blanca\\\/#primaryimage\"},\"thumbnailUrl\":\"https:\\\/\\\/fuentesfidedignas.com.mx\\\/wp-content\\\/uploads\\\/2021\\\/06\\\/TRUMP_001.jpg\",\"datePublished\":\"2025-01-29T00:18:23+00:00\",\"dateModified\":\"2025-01-29T00:18:26+00:00\",\"breadcrumb\":{\"@id\":\"https:\\\/\\\/fuentesfidedignas.com.mx\\\/index.php\\\/2025\\\/01\\\/28\\\/aranceles-a-mexico-siguen-en-pie-para-febrero-casa-blanca\\\/#breadcrumb\"},\"inLanguage\":\"es\",\"potentialAction\":[{\"@type\":\"ReadAction\",\"target\":[\"https:\\\/\\\/fuentesfidedignas.com.mx\\\/index.php\\\/2025\\\/01\\\/28\\\/aranceles-a-mexico-siguen-en-pie-para-febrero-casa-blanca\\\/\"]}]},{\"@type\":\"ImageObject\",\"inLanguage\":\"es\",\"@id\":\"https:\\\/\\\/fuentesfidedignas.com.mx\\\/index.php\\\/2025\\\/01\\\/28\\\/aranceles-a-mexico-siguen-en-pie-para-febrero-casa-blanca\\\/#primaryimage\",\"url\":\"https:\\\/\\\/fuentesfidedignas.com.mx\\\/wp-content\\\/uploads\\\/2021\\\/06\\\/TRUMP_001.jpg\",\"contentUrl\":\"https:\\\/\\\/fuentesfidedignas.com.mx\\\/wp-content\\\/uploads\\\/2021\\\/06\\\/TRUMP_001.jpg\",\"width\":640,\"height\":360},{\"@type\":\"BreadcrumbList\",\"@id\":\"https:\\\/\\\/fuentesfidedignas.com.mx\\\/index.php\\\/2025\\\/01\\\/28\\\/aranceles-a-mexico-siguen-en-pie-para-febrero-casa-blanca\\\/#breadcrumb\",\"itemListElement\":[{\"@type\":\"ListItem\",\"position\":1,\"name\":\"Inicio\",\"item\":\"https:\\\/\\\/fuentesfidedignas.com.mx\\\/\"},{\"@type\":\"ListItem\",\"position\":2,\"name\":\"Aranceles a M\u00e9xico siguen en pie para febrero: Casa Blanca\"}]},{\"@type\":\"WebSite\",\"@id\":\"https:\\\/\\\/fuentesfidedignas.com.mx\\\/#website\",\"url\":\"https:\\\/\\\/fuentesfidedignas.com.mx\\\/\",\"name\":\"Fuentes Fidedignas\",\"description\":\"Otro sitio realizado con WordPress\",\"publisher\":{\"@id\":\"https:\\\/\\\/fuentesfidedignas.com.mx\\\/#organization\"},\"potentialAction\":[{\"@type\":\"SearchAction\",\"target\":{\"@type\":\"EntryPoint\",\"urlTemplate\":\"https:\\\/\\\/fuentesfidedignas.com.mx\\\/?s={search_term_string}\"},\"query-input\":{\"@type\":\"PropertyValueSpecification\",\"valueRequired\":true,\"valueName\":\"search_term_string\"}}],\"inLanguage\":\"es\"},{\"@type\":\"Organization\",\"@id\":\"https:\\\/\\\/fuentesfidedignas.com.mx\\\/#organization\",\"name\":\"Fuentes Fidedignas\",\"url\":\"https:\\\/\\\/fuentesfidedignas.com.mx\\\/\",\"logo\":{\"@type\":\"ImageObject\",\"inLanguage\":\"es\",\"@id\":\"https:\\\/\\\/fuentesfidedignas.com.mx\\\/#\\\/schema\\\/logo\\\/image\\\/\",\"url\":\"https:\\\/\\\/fuentesfidedignas.com.mx\\\/wp-content\\\/uploads\\\/2021\\\/04\\\/logo-retina.png\",\"contentUrl\":\"https:\\\/\\\/fuentesfidedignas.com.mx\\\/wp-content\\\/uploads\\\/2021\\\/04\\\/logo-retina.png\",\"width\":280,\"height\":51,\"caption\":\"Fuentes Fidedignas\"},\"image\":{\"@id\":\"https:\\\/\\\/fuentesfidedignas.com.mx\\\/#\\\/schema\\\/logo\\\/image\\\/\"},\"sameAs\":[\"https:\\\/\\\/www.facebook.com\\\/Fuentes-Fidedignas-368234489921644\",\"https:\\\/\\\/x.com\\\/fidedignas\"]},{\"@type\":\"Person\",\"@id\":\"https:\\\/\\\/fuentesfidedignas.com.mx\\\/#\\\/schema\\\/person\\\/47ec0135738f4b0c7495f06a77a2c976\",\"name\":\"Milenio\",\"image\":{\"@type\":\"ImageObject\",\"inLanguage\":\"es\",\"@id\":\"https:\\\/\\\/secure.gravatar.com\\\/avatar\\\/acabf7b54753e51c2c76457954577c236b3b764789b19879565769739d1e4a75?s=96&d=mm&r=g\",\"url\":\"https:\\\/\\\/secure.gravatar.com\\\/avatar\\\/acabf7b54753e51c2c76457954577c236b3b764789b19879565769739d1e4a75?s=96&d=mm&r=g\",\"contentUrl\":\"https:\\\/\\\/secure.gravatar.com\\\/avatar\\\/acabf7b54753e51c2c76457954577c236b3b764789b19879565769739d1e4a75?s=96&d=mm&r=g\",\"caption\":\"Milenio\"},\"url\":\"https:\\\/\\\/fuentesfidedignas.com.mx\\\/index.php\\\/author\\\/milenio\\\/\"}]}<\/script>\n<!-- \/ Yoast SEO plugin. -->","yoast_head_json":{"title":"Aranceles a M\u00e9xico siguen en pie para febrero: Casa Blanca - Fuentes Fidedignas","robots":{"index":"index","follow":"follow","max-snippet":"max-snippet:-1","max-image-preview":"max-image-preview:large","max-video-preview":"max-video-preview:-1"},"canonical":"https:\/\/fuentesfidedignas.com.mx\/index.php\/2025\/01\/28\/aranceles-a-mexico-siguen-en-pie-para-febrero-casa-blanca\/","og_locale":"es_MX","og_type":"article","og_title":"Aranceles a M\u00e9xico siguen en pie para febrero: Casa Blanca - Fuentes Fidedignas","og_description":"Durante una comparecencia ante medios de comunicaci\u00f3n, Karoline Leavitt destac\u00f3 el \u201cnivel hist\u00f3rico de cooperaci\u00f3n\u201d con M\u00e9xico La portavoz del presidente Donald Trump, Karolone Leavitt, exalt\u00f3 hoy un \u201cnivel hist\u00f3rico de cooperaci\u00f3n\u201d con el gobierno mexicano en temas migratorios y fronterizos, pero dej\u00f3 en claro que hasta el momento se mantiene vigente la imposiciones de [&hellip;]","og_url":"https:\/\/fuentesfidedignas.com.mx\/index.php\/2025\/01\/28\/aranceles-a-mexico-siguen-en-pie-para-febrero-casa-blanca\/","og_site_name":"Fuentes Fidedignas","article_publisher":"https:\/\/www.facebook.com\/Fuentes-Fidedignas-368234489921644","article_published_time":"2025-01-29T00:18:23+00:00","article_modified_time":"2025-01-29T00:18:26+00:00","og_image":[{"width":640,"height":360,"url":"https:\/\/fuentesfidedignas.com.mx\/wp-content\/uploads\/2021\/06\/TRUMP_001.jpg","type":"image\/jpeg"}],"author":"Milenio","twitter_card":"summary_large_image","twitter_creator":"@fidedignas","twitter_site":"@fidedignas","twitter_misc":{"Escrito por":"Milenio","Tiempo de lectura":"3 minutos"},"schema":{"@context":"https:\/\/schema.org","@graph":[{"@type":"Article","@id":"https:\/\/fuentesfidedignas.com.mx\/index.php\/2025\/01\/28\/aranceles-a-mexico-siguen-en-pie-para-febrero-casa-blanca\/#article","isPartOf":{"@id":"https:\/\/fuentesfidedignas.com.mx\/index.php\/2025\/01\/28\/aranceles-a-mexico-siguen-en-pie-para-febrero-casa-blanca\/"},"author":{"name":"Milenio","@id":"https:\/\/fuentesfidedignas.com.mx\/#\/schema\/person\/47ec0135738f4b0c7495f06a77a2c976"},"headline":"Aranceles a M\u00e9xico siguen en pie para febrero: Casa Blanca","datePublished":"2025-01-29T00:18:23+00:00","dateModified":"2025-01-29T00:18:26+00:00","mainEntityOfPage":{"@id":"https:\/\/fuentesfidedignas.com.mx\/index.php\/2025\/01\/28\/aranceles-a-mexico-siguen-en-pie-para-febrero-casa-blanca\/"},"wordCount":430,"commentCount":0,"publisher":{"@id":"https:\/\/fuentesfidedignas.com.mx\/#organization"},"image":{"@id":"https:\/\/fuentesfidedignas.com.mx\/index.php\/2025\/01\/28\/aranceles-a-mexico-siguen-en-pie-para-febrero-casa-blanca\/#primaryimage"},"thumbnailUrl":"https:\/\/fuentesfidedignas.com.mx\/wp-content\/uploads\/2021\/06\/TRUMP_001.jpg","articleSection":["NOTICIAS NACIONALES"],"inLanguage":"es","potentialAction":[{"@type":"CommentAction","name":"Comment","target":["https:\/\/fuentesfidedignas.com.mx\/index.php\/2025\/01\/28\/aranceles-a-mexico-siguen-en-pie-para-febrero-casa-blanca\/#respond"]}]},{"@type":"WebPage","@id":"https:\/\/fuentesfidedignas.com.mx\/index.php\/2025\/01\/28\/aranceles-a-mexico-siguen-en-pie-para-febrero-casa-blanca\/","url":"https:\/\/fuentesfidedignas.com.mx\/index.php\/2025\/01\/28\/aranceles-a-mexico-siguen-en-pie-para-febrero-casa-blanca\/","name":"Aranceles a M\u00e9xico siguen en pie para febrero: Casa Blanca - Fuentes Fidedignas","isPartOf":{"@id":"https:\/\/fuentesfidedignas.com.mx\/#website"},"primaryImageOfPage":{"@id":"https:\/\/fuentesfidedignas.com.mx\/index.php\/2025\/01\/28\/aranceles-a-mexico-siguen-en-pie-para-febrero-casa-blanca\/#primaryimage"},"image":{"@id":"https:\/\/fuentesfidedignas.com.mx\/index.php\/2025\/01\/28\/aranceles-a-mexico-siguen-en-pie-para-febrero-casa-blanca\/#primaryimage"},"thumbnailUrl":"https:\/\/fuentesfidedignas.com.mx\/wp-content\/uploads\/2021\/06\/TRUMP_001.jpg","datePublished":"2025-01-29T00:18:23+00:00","dateModified":"2025-01-29T00:18:26+00:00","breadcrumb":{"@id":"https:\/\/fuentesfidedignas.com.mx\/index.php\/2025\/01\/28\/aranceles-a-mexico-siguen-en-pie-para-febrero-casa-blanca\/#breadcrumb"},"inLanguage":"es","potentialAction":[{"@type":"ReadAction","target":["https:\/\/fuentesfidedignas.com.mx\/index.php\/2025\/01\/28\/aranceles-a-mexico-siguen-en-pie-para-febrero-casa-blanca\/"]}]},{"@type":"ImageObject","inLanguage":"es","@id":"https:\/\/fuentesfidedignas.com.mx\/index.php\/2025\/01\/28\/aranceles-a-mexico-siguen-en-pie-para-febrero-casa-blanca\/#primaryimage","url":"https:\/\/fuentesfidedignas.com.mx\/wp-content\/uploads\/2021\/06\/TRUMP_001.jpg","contentUrl":"https:\/\/fuentesfidedignas.com.mx\/wp-content\/uploads\/2021\/06\/TRUMP_001.jpg","width":640,"height":360},{"@type":"BreadcrumbList","@id":"https:\/\/fuentesfidedignas.com.mx\/index.php\/2025\/01\/28\/aranceles-a-mexico-siguen-en-pie-para-febrero-casa-blanca\/#breadcrumb","itemListElement":[{"@type":"ListItem","position":1,"name":"Inicio","item":"https:\/\/fuentesfidedignas.com.mx\/"},{"@type":"ListItem","position":2,"name":"Aranceles a M\u00e9xico siguen en pie para febrero: Casa Blanca"}]},{"@type":"WebSite","@id":"https:\/\/fuentesfidedignas.com.mx\/#website","url":"https:\/\/fuentesfidedignas.com.mx\/","name":"Fuentes Fidedignas","description":"Otro sitio realizado con WordPress","publisher":{"@id":"https:\/\/fuentesfidedignas.com.mx\/#organization"},"potentialAction":[{"@type":"SearchAction","target":{"@type":"EntryPoint","urlTemplate":"https:\/\/fuentesfidedignas.com.mx\/?s={search_term_string}"},"query-input":{"@type":"PropertyValueSpecification","valueRequired":true,"valueName":"search_term_string"}}],"inLanguage":"es"},{"@type":"Organization","@id":"https:\/\/fuentesfidedignas.com.mx\/#organization","name":"Fuentes Fidedignas","url":"https:\/\/fuentesfidedignas.com.mx\/","logo":{"@type":"ImageObject","inLanguage":"es","@id":"https:\/\/fuentesfidedignas.com.mx\/#\/schema\/logo\/image\/","url":"https:\/\/fuentesfidedignas.com.mx\/wp-content\/uploads\/2021\/04\/logo-retina.png","contentUrl":"https:\/\/fuentesfidedignas.com.mx\/wp-content\/uploads\/2021\/04\/logo-retina.png","width":280,"height":51,"caption":"Fuentes Fidedignas"},"image":{"@id":"https:\/\/fuentesfidedignas.com.mx\/#\/schema\/logo\/image\/"},"sameAs":["https:\/\/www.facebook.com\/Fuentes-Fidedignas-368234489921644","https:\/\/x.com\/fidedignas"]},{"@type":"Person","@id":"https:\/\/fuentesfidedignas.com.mx\/#\/schema\/person\/47ec0135738f4b0c7495f06a77a2c976","name":"Milenio","image":{"@type":"ImageObject","inLanguage":"es","@id":"https:\/\/secure.gravatar.com\/avatar\/acabf7b54753e51c2c76457954577c236b3b764789b19879565769739d1e4a75?s=96&d=mm&r=g","url":"https:\/\/secure.gravatar.com\/avatar\/acabf7b54753e51c2c76457954577c236b3b764789b19879565769739d1e4a75?s=96&d=mm&r=g","contentUrl":"https:\/\/secure.gravatar.com\/avatar\/acabf7b54753e51c2c76457954577c236b3b764789b19879565769739d1e4a75?s=96&d=mm&r=g","caption":"Milenio"},"url":"https:\/\/fuentesfidedignas.com.mx\/index.php\/author\/milenio\/"}]}},"_links":{"self":[{"href":"https:\/\/fuentesfidedignas.com.mx\/index.php\/wp-json\/wp\/v2\/posts\/100411","targetHints":{"allow":["GET"]}}],"collection":[{"href":"https:\/\/fuentesfidedignas.com.mx\/index.php\/wp-json\/wp\/v2\/posts"}],"about":[{"href":"https:\/\/fuentesfidedignas.com.mx\/index.php\/wp-json\/wp\/v2\/types\/post"}],"author":[{"embeddable":true,"href":"https:\/\/fuentesfidedignas.com.mx\/index.php\/wp-json\/wp\/v2\/users\/9"}],"replies":[{"embeddable":true,"href":"https:\/\/fuentesfidedignas.com.mx\/index.php\/wp-json\/wp\/v2\/comments?post=100411"}],"version-history":[{"count":1,"href":"https:\/\/fuentesfidedignas.com.mx\/index.php\/wp-json\/wp\/v2\/posts\/100411\/revisions"}],"predecessor-version":[{"id":100412,"href":"https:\/\/fuentesfidedignas.com.mx\/index.php\/wp-json\/wp\/v2\/posts\/100411\/revisions\/100412"}],"wp:featuredmedia":[{"embeddable":true,"href":"https:\/\/fuentesfidedignas.com.mx\/index.php\/wp-json\/wp\/v2\/media\/5078"}],"wp:attachment":[{"href":"https:\/\/fuentesfidedignas.com.mx\/index.php\/wp-json\/wp\/v2\/media?parent=100411"}],"wp:term":[{"taxonomy":"category","embeddable":true,"href":"https:\/\/fuentesfidedignas.com.mx\/index.php\/wp-json\/wp\/v2\/categories?post=100411"},{"taxonomy":"post_tag","embeddable":true,"href":"https:\/\/fuentesfidedignas.com.mx\/index.php\/wp-json\/wp\/v2\/tags?post=100411"}],"curies":[{"name":"wp","href":"https:\/\/api.w.org\/{rel}","templated":true}]}}