{"id":100408,"date":"2025-01-29T04:25:00","date_gmt":"2025-01-29T11:25:00","guid":{"rendered":"https:\/\/fuentesfidedignas.com.mx\/?p=100408"},"modified":"2025-01-28T16:27:52","modified_gmt":"2025-01-28T23:27:52","slug":"impulsan-agenda-de-igualdad-de-genero-en-instituciones-afiliadas-a-anuies","status":"publish","type":"post","link":"https:\/\/fuentesfidedignas.com.mx\/index.php\/2025\/01\/29\/impulsan-agenda-de-igualdad-de-genero-en-instituciones-afiliadas-a-anuies\/","title":{"rendered":"Impulsan agenda de igualdad de g\u00e9nero en instituciones afiliadas a ANUIES"},"content":{"rendered":"\n<p><strong><em>En la reuni\u00f3n se refrend\u00f3 el compromiso para fortalecer acciones que garanticen la igualdad de g\u00e9nero.<\/em><\/strong><\/p>\n\n\n\n<p>Ciudad de M\u00e9xico. La Asociaci\u00f3n Nacional de Universidades e Instituciones de Educaci\u00f3n Superior de la Rep\u00fablica Mexicana (ANUIES) trabaja y promueve una agenda que impulsa la igualdad de g\u00e9nero y la no violencia al interior de las instituciones que la integran, sostuvo Luis Gonz\u00e1lez Placencia, secretario general ejecutivo de la asociaci\u00f3n, quien encabez\u00f3 una reuni\u00f3n de trabajo con integrantes de la Red Nacional de Instituciones de Educaci\u00f3n Superior. Caminos para la Igualdad de G\u00e9nero (RENIES).<\/p>\n\n\n\n<p>El titular de la ANUIES precis\u00f3 que se ha asumido la agenda de avanzar y armonizar los mecanismos con el prop\u00f3sito de homogeneizar acciones, medidas y estrategias que contribuyan a garantizar de manera efectiva la igualdad de g\u00e9nero en la educaci\u00f3n superior en M\u00e9xico. Adem\u00e1s, dijo, se despliegan acciones para generar sinergia y en la construcci\u00f3n de una cultura de paz en las instituciones de educaci\u00f3n superior,<\/p>\n\n\n\n<p>Beatriz Rodr\u00edguez P\u00e9rez, coordinadora de la RENIES, refrend\u00f3 el compromiso de mantener la coordinaci\u00f3n desde la ANUIES, para atender las problem\u00e1ticas en los centros educativos. Tambi\u00e9n reiter\u00f3 el objetivo de articular esfuerzos institucionales para promover procesos de institucionalizaci\u00f3n de la perspectiva de g\u00e9nero y hacer efectiva la paridad al interior de las comunidades de educaci\u00f3n superior, apostando a cambios estructurales y al impulso de pol\u00edticas a favor de la igualdad entre mujeres y hombres, en cumplimiento a los acuerdos firmados por M\u00e9xico en la Conferencia Mundial sobre la Educaci\u00f3n Superior de la UNESCO en 1998.<\/p>\n\n\n\n<p>Para cumplir dicho prop\u00f3sito, la RENIES cuenta con un plan de acci\u00f3n con ocho ejes estrat\u00e9gicos: legislaci\u00f3n; igualdad de oportunidades; corresponsabilidad familiar; estad\u00edsticas de g\u00e9nero y estudios y diagn\u00f3sticos con perspectiva de g\u00e9nero; lenguaje incluyente; sensibilizaci\u00f3n; violencia de g\u00e9nero y discriminaci\u00f3n y un observatorio. Asimismo, expuso, trabaja en el dise\u00f1o de un plan de igualdad de g\u00e9nero que sirva como referente para la incorporaci\u00f3n del tema en los planes de desarrollo de cada universidad e instituci\u00f3n de educaci\u00f3n superior.<\/p>\n\n\n\n<p>En 2017 se aprob\u00f3 como Red ANUIES: la Red Nacional de Instituciones de Educaci\u00f3n Superior. Caminos para la Igualdad de G\u00e9nero (RENIES-Igualdad).<\/p>\n\n\n\n<p>En el encuentro, se habl\u00f3 de la posibilidad de suscribir un convenio marco de colaboraci\u00f3n entre la ANUIES y el Observatorio Nacional para la Igualdad de G\u00e9nero en las Instituciones de Educaci\u00f3n Superior (ONIGIES), as\u00ed como con el Instituto Polit\u00e9cnico Nacional para generar una nueva p\u00e1gina web de RENIES, en la cual se informe de las acciones que realiza la Red.<\/p>\n\n\n\n<p>Inicialmente la p\u00e1gina la administraba la UNAM, despu\u00e9s pas\u00f3 a la Universidad de Colima y ahora ser\u00e1 el IPN quien la tenga bajo su responsabilidad.<\/p>\n\n\n\n<p>Se invit\u00f3 a las instituciones de educaci\u00f3n superior asociadas a la ANUIES a participar en la consulta que organizar\u00e1 el ONIGIES, que permitir\u00e1 evaluar el desempe\u00f1o de la Red. Se reiter\u00f3 la necesidad de crear un mecanismo, ya sea un sello o un distintivo, que reconozca el trabajo que realizan las instituciones de educaci\u00f3n superior.<\/p>\n\n\n\n<p>La pr\u00f3xima reuni\u00f3n nacional de RENIES se realizar\u00e1 en octubre en la ciudad de Guadalajara, Jalisco.<\/p>\n","protected":false},"excerpt":{"rendered":"<p>En la reuni\u00f3n se refrend\u00f3 el compromiso para fortalecer acciones que garanticen la igualdad de g\u00e9nero. Ciudad de M\u00e9xico. La Asociaci\u00f3n Nacional de Universidades e Instituciones de Educaci\u00f3n Superior de la Rep\u00fablica Mexicana (ANUIES) trabaja y promueve una agenda que impulsa la igualdad de g\u00e9nero y la no violencia al interior de las instituciones que [&hellip;]<\/p>\n","protected":false},"author":45,"featured_media":100409,"comment_status":"open","ping_status":"open","sticky":false,"template":"","format":"standard","meta":{"tdm_status":"","tdm_grid_status":"","footnotes":""},"categories":[33,36],"tags":[],"class_list":{"0":"post-100408","1":"post","2":"type-post","3":"status-publish","4":"format-standard","5":"has-post-thumbnail","7":"category-igualdad-sustantiva","8":"category-semanales"},"yoast_head":"<!-- This site is optimized with the Yoast SEO plugin v27.5 - https:\/\/yoast.com\/product\/yoast-seo-wordpress\/ -->\n<title>Impulsan agenda de igualdad de g\u00e9nero en instituciones afiliadas a ANUIES - Fuentes Fidedignas<\/title>\n<meta name=\"robots\" content=\"index, follow, max-snippet:-1, max-image-preview:large, max-video-preview:-1\" \/>\n<link rel=\"canonical\" href=\"https:\/\/fuentesfidedignas.com.mx\/index.php\/2025\/01\/29\/impulsan-agenda-de-igualdad-de-genero-en-instituciones-afiliadas-a-anuies\/\" \/>\n<meta property=\"og:locale\" content=\"es_MX\" \/>\n<meta property=\"og:type\" content=\"article\" \/>\n<meta property=\"og:title\" content=\"Impulsan agenda de igualdad de g\u00e9nero en instituciones afiliadas a ANUIES - Fuentes Fidedignas\" \/>\n<meta property=\"og:description\" content=\"En la reuni\u00f3n se refrend\u00f3 el compromiso para fortalecer acciones que garanticen la igualdad de g\u00e9nero. Ciudad de M\u00e9xico. La Asociaci\u00f3n Nacional de Universidades e Instituciones de Educaci\u00f3n Superior de la Rep\u00fablica Mexicana (ANUIES) trabaja y promueve una agenda que impulsa la igualdad de g\u00e9nero y la no violencia al interior de las instituciones que [&hellip;]\" \/>\n<meta property=\"og:url\" content=\"https:\/\/fuentesfidedignas.com.mx\/index.php\/2025\/01\/29\/impulsan-agenda-de-igualdad-de-genero-en-instituciones-afiliadas-a-anuies\/\" \/>\n<meta property=\"og:site_name\" content=\"Fuentes Fidedignas\" \/>\n<meta property=\"article:publisher\" content=\"https:\/\/www.facebook.com\/Fuentes-Fidedignas-368234489921644\" \/>\n<meta property=\"article:published_time\" content=\"2025-01-29T11:25:00+00:00\" \/>\n<meta property=\"og:image\" content=\"https:\/\/fuentesfidedignas.com.mx\/wp-content\/uploads\/2025\/01\/ANUIES.jpg\" \/>\n\t<meta property=\"og:image:width\" content=\"600\" \/>\n\t<meta property=\"og:image:height\" content=\"392\" \/>\n\t<meta property=\"og:image:type\" content=\"image\/jpeg\" \/>\n<meta name=\"author\" content=\"La Jornada\" \/>\n<meta name=\"twitter:card\" content=\"summary_large_image\" \/>\n<meta name=\"twitter:creator\" content=\"@fidedignas\" \/>\n<meta name=\"twitter:site\" content=\"@fidedignas\" \/>\n<meta name=\"twitter:label1\" content=\"Escrito por\" \/>\n\t<meta name=\"twitter:data1\" content=\"La Jornada\" \/>\n\t<meta name=\"twitter:label2\" content=\"Tiempo de lectura\" \/>\n\t<meta name=\"twitter:data2\" content=\"3 minutos\" \/>\n<script type=\"application\/ld+json\" class=\"yoast-schema-graph\">{\"@context\":\"https:\\\/\\\/schema.org\",\"@graph\":[{\"@type\":\"Article\",\"@id\":\"https:\\\/\\\/fuentesfidedignas.com.mx\\\/index.php\\\/2025\\\/01\\\/29\\\/impulsan-agenda-de-igualdad-de-genero-en-instituciones-afiliadas-a-anuies\\\/#article\",\"isPartOf\":{\"@id\":\"https:\\\/\\\/fuentesfidedignas.com.mx\\\/index.php\\\/2025\\\/01\\\/29\\\/impulsan-agenda-de-igualdad-de-genero-en-instituciones-afiliadas-a-anuies\\\/\"},\"author\":{\"name\":\"La Jornada\",\"@id\":\"https:\\\/\\\/fuentesfidedignas.com.mx\\\/#\\\/schema\\\/person\\\/87eacee4072e149fccc7de67f9634f35\"},\"headline\":\"Impulsan agenda de igualdad de g\u00e9nero en instituciones afiliadas a ANUIES\",\"datePublished\":\"2025-01-29T11:25:00+00:00\",\"mainEntityOfPage\":{\"@id\":\"https:\\\/\\\/fuentesfidedignas.com.mx\\\/index.php\\\/2025\\\/01\\\/29\\\/impulsan-agenda-de-igualdad-de-genero-en-instituciones-afiliadas-a-anuies\\\/\"},\"wordCount\":581,\"commentCount\":0,\"publisher\":{\"@id\":\"https:\\\/\\\/fuentesfidedignas.com.mx\\\/#organization\"},\"image\":{\"@id\":\"https:\\\/\\\/fuentesfidedignas.com.mx\\\/index.php\\\/2025\\\/01\\\/29\\\/impulsan-agenda-de-igualdad-de-genero-en-instituciones-afiliadas-a-anuies\\\/#primaryimage\"},\"thumbnailUrl\":\"https:\\\/\\\/fuentesfidedignas.com.mx\\\/wp-content\\\/uploads\\\/2025\\\/01\\\/ANUIES.jpg\",\"articleSection\":[\"IGUALDAD SUSTANTIVA\",\"SEMANALES\"],\"inLanguage\":\"es\",\"potentialAction\":[{\"@type\":\"CommentAction\",\"name\":\"Comment\",\"target\":[\"https:\\\/\\\/fuentesfidedignas.com.mx\\\/index.php\\\/2025\\\/01\\\/29\\\/impulsan-agenda-de-igualdad-de-genero-en-instituciones-afiliadas-a-anuies\\\/#respond\"]}]},{\"@type\":\"WebPage\",\"@id\":\"https:\\\/\\\/fuentesfidedignas.com.mx\\\/index.php\\\/2025\\\/01\\\/29\\\/impulsan-agenda-de-igualdad-de-genero-en-instituciones-afiliadas-a-anuies\\\/\",\"url\":\"https:\\\/\\\/fuentesfidedignas.com.mx\\\/index.php\\\/2025\\\/01\\\/29\\\/impulsan-agenda-de-igualdad-de-genero-en-instituciones-afiliadas-a-anuies\\\/\",\"name\":\"Impulsan agenda de igualdad de g\u00e9nero en instituciones afiliadas a ANUIES - Fuentes Fidedignas\",\"isPartOf\":{\"@id\":\"https:\\\/\\\/fuentesfidedignas.com.mx\\\/#website\"},\"primaryImageOfPage\":{\"@id\":\"https:\\\/\\\/fuentesfidedignas.com.mx\\\/index.php\\\/2025\\\/01\\\/29\\\/impulsan-agenda-de-igualdad-de-genero-en-instituciones-afiliadas-a-anuies\\\/#primaryimage\"},\"image\":{\"@id\":\"https:\\\/\\\/fuentesfidedignas.com.mx\\\/index.php\\\/2025\\\/01\\\/29\\\/impulsan-agenda-de-igualdad-de-genero-en-instituciones-afiliadas-a-anuies\\\/#primaryimage\"},\"thumbnailUrl\":\"https:\\\/\\\/fuentesfidedignas.com.mx\\\/wp-content\\\/uploads\\\/2025\\\/01\\\/ANUIES.jpg\",\"datePublished\":\"2025-01-29T11:25:00+00:00\",\"breadcrumb\":{\"@id\":\"https:\\\/\\\/fuentesfidedignas.com.mx\\\/index.php\\\/2025\\\/01\\\/29\\\/impulsan-agenda-de-igualdad-de-genero-en-instituciones-afiliadas-a-anuies\\\/#breadcrumb\"},\"inLanguage\":\"es\",\"potentialAction\":[{\"@type\":\"ReadAction\",\"target\":[\"https:\\\/\\\/fuentesfidedignas.com.mx\\\/index.php\\\/2025\\\/01\\\/29\\\/impulsan-agenda-de-igualdad-de-genero-en-instituciones-afiliadas-a-anuies\\\/\"]}]},{\"@type\":\"ImageObject\",\"inLanguage\":\"es\",\"@id\":\"https:\\\/\\\/fuentesfidedignas.com.mx\\\/index.php\\\/2025\\\/01\\\/29\\\/impulsan-agenda-de-igualdad-de-genero-en-instituciones-afiliadas-a-anuies\\\/#primaryimage\",\"url\":\"https:\\\/\\\/fuentesfidedignas.com.mx\\\/wp-content\\\/uploads\\\/2025\\\/01\\\/ANUIES.jpg\",\"contentUrl\":\"https:\\\/\\\/fuentesfidedignas.com.mx\\\/wp-content\\\/uploads\\\/2025\\\/01\\\/ANUIES.jpg\",\"width\":600,\"height\":392},{\"@type\":\"BreadcrumbList\",\"@id\":\"https:\\\/\\\/fuentesfidedignas.com.mx\\\/index.php\\\/2025\\\/01\\\/29\\\/impulsan-agenda-de-igualdad-de-genero-en-instituciones-afiliadas-a-anuies\\\/#breadcrumb\",\"itemListElement\":[{\"@type\":\"ListItem\",\"position\":1,\"name\":\"Inicio\",\"item\":\"https:\\\/\\\/fuentesfidedignas.com.mx\\\/\"},{\"@type\":\"ListItem\",\"position\":2,\"name\":\"Impulsan agenda de igualdad de g\u00e9nero en instituciones afiliadas a ANUIES\"}]},{\"@type\":\"WebSite\",\"@id\":\"https:\\\/\\\/fuentesfidedignas.com.mx\\\/#website\",\"url\":\"https:\\\/\\\/fuentesfidedignas.com.mx\\\/\",\"name\":\"Fuentes Fidedignas\",\"description\":\"Otro sitio realizado con WordPress\",\"publisher\":{\"@id\":\"https:\\\/\\\/fuentesfidedignas.com.mx\\\/#organization\"},\"potentialAction\":[{\"@type\":\"SearchAction\",\"target\":{\"@type\":\"EntryPoint\",\"urlTemplate\":\"https:\\\/\\\/fuentesfidedignas.com.mx\\\/?s={search_term_string}\"},\"query-input\":{\"@type\":\"PropertyValueSpecification\",\"valueRequired\":true,\"valueName\":\"search_term_string\"}}],\"inLanguage\":\"es\"},{\"@type\":\"Organization\",\"@id\":\"https:\\\/\\\/fuentesfidedignas.com.mx\\\/#organization\",\"name\":\"Fuentes Fidedignas\",\"url\":\"https:\\\/\\\/fuentesfidedignas.com.mx\\\/\",\"logo\":{\"@type\":\"ImageObject\",\"inLanguage\":\"es\",\"@id\":\"https:\\\/\\\/fuentesfidedignas.com.mx\\\/#\\\/schema\\\/logo\\\/image\\\/\",\"url\":\"https:\\\/\\\/fuentesfidedignas.com.mx\\\/wp-content\\\/uploads\\\/2021\\\/04\\\/logo-retina.png\",\"contentUrl\":\"https:\\\/\\\/fuentesfidedignas.com.mx\\\/wp-content\\\/uploads\\\/2021\\\/04\\\/logo-retina.png\",\"width\":280,\"height\":51,\"caption\":\"Fuentes Fidedignas\"},\"image\":{\"@id\":\"https:\\\/\\\/fuentesfidedignas.com.mx\\\/#\\\/schema\\\/logo\\\/image\\\/\"},\"sameAs\":[\"https:\\\/\\\/www.facebook.com\\\/Fuentes-Fidedignas-368234489921644\",\"https:\\\/\\\/x.com\\\/fidedignas\"]},{\"@type\":\"Person\",\"@id\":\"https:\\\/\\\/fuentesfidedignas.com.mx\\\/#\\\/schema\\\/person\\\/87eacee4072e149fccc7de67f9634f35\",\"name\":\"La Jornada\",\"image\":{\"@type\":\"ImageObject\",\"inLanguage\":\"es\",\"@id\":\"https:\\\/\\\/secure.gravatar.com\\\/avatar\\\/2b09f15a418e222775ffd645761e3fcecd1fb9d7a38a3ba858adf349aab82c7c?s=96&d=mm&r=g\",\"url\":\"https:\\\/\\\/secure.gravatar.com\\\/avatar\\\/2b09f15a418e222775ffd645761e3fcecd1fb9d7a38a3ba858adf349aab82c7c?s=96&d=mm&r=g\",\"contentUrl\":\"https:\\\/\\\/secure.gravatar.com\\\/avatar\\\/2b09f15a418e222775ffd645761e3fcecd1fb9d7a38a3ba858adf349aab82c7c?s=96&d=mm&r=g\",\"caption\":\"La Jornada\"},\"url\":\"https:\\\/\\\/fuentesfidedignas.com.mx\\\/index.php\\\/author\\\/jornada\\\/\"}]}<\/script>\n<!-- \/ Yoast SEO plugin. -->","yoast_head_json":{"title":"Impulsan agenda de igualdad de g\u00e9nero en instituciones afiliadas a ANUIES - Fuentes Fidedignas","robots":{"index":"index","follow":"follow","max-snippet":"max-snippet:-1","max-image-preview":"max-image-preview:large","max-video-preview":"max-video-preview:-1"},"canonical":"https:\/\/fuentesfidedignas.com.mx\/index.php\/2025\/01\/29\/impulsan-agenda-de-igualdad-de-genero-en-instituciones-afiliadas-a-anuies\/","og_locale":"es_MX","og_type":"article","og_title":"Impulsan agenda de igualdad de g\u00e9nero en instituciones afiliadas a ANUIES - Fuentes Fidedignas","og_description":"En la reuni\u00f3n se refrend\u00f3 el compromiso para fortalecer acciones que garanticen la igualdad de g\u00e9nero. Ciudad de M\u00e9xico. La Asociaci\u00f3n Nacional de Universidades e Instituciones de Educaci\u00f3n Superior de la Rep\u00fablica Mexicana (ANUIES) trabaja y promueve una agenda que impulsa la igualdad de g\u00e9nero y la no violencia al interior de las instituciones que [&hellip;]","og_url":"https:\/\/fuentesfidedignas.com.mx\/index.php\/2025\/01\/29\/impulsan-agenda-de-igualdad-de-genero-en-instituciones-afiliadas-a-anuies\/","og_site_name":"Fuentes Fidedignas","article_publisher":"https:\/\/www.facebook.com\/Fuentes-Fidedignas-368234489921644","article_published_time":"2025-01-29T11:25:00+00:00","og_image":[{"width":600,"height":392,"url":"https:\/\/fuentesfidedignas.com.mx\/wp-content\/uploads\/2025\/01\/ANUIES.jpg","type":"image\/jpeg"}],"author":"La Jornada","twitter_card":"summary_large_image","twitter_creator":"@fidedignas","twitter_site":"@fidedignas","twitter_misc":{"Escrito por":"La Jornada","Tiempo de lectura":"3 minutos"},"schema":{"@context":"https:\/\/schema.org","@graph":[{"@type":"Article","@id":"https:\/\/fuentesfidedignas.com.mx\/index.php\/2025\/01\/29\/impulsan-agenda-de-igualdad-de-genero-en-instituciones-afiliadas-a-anuies\/#article","isPartOf":{"@id":"https:\/\/fuentesfidedignas.com.mx\/index.php\/2025\/01\/29\/impulsan-agenda-de-igualdad-de-genero-en-instituciones-afiliadas-a-anuies\/"},"author":{"name":"La Jornada","@id":"https:\/\/fuentesfidedignas.com.mx\/#\/schema\/person\/87eacee4072e149fccc7de67f9634f35"},"headline":"Impulsan agenda de igualdad de g\u00e9nero en instituciones afiliadas a ANUIES","datePublished":"2025-01-29T11:25:00+00:00","mainEntityOfPage":{"@id":"https:\/\/fuentesfidedignas.com.mx\/index.php\/2025\/01\/29\/impulsan-agenda-de-igualdad-de-genero-en-instituciones-afiliadas-a-anuies\/"},"wordCount":581,"commentCount":0,"publisher":{"@id":"https:\/\/fuentesfidedignas.com.mx\/#organization"},"image":{"@id":"https:\/\/fuentesfidedignas.com.mx\/index.php\/2025\/01\/29\/impulsan-agenda-de-igualdad-de-genero-en-instituciones-afiliadas-a-anuies\/#primaryimage"},"thumbnailUrl":"https:\/\/fuentesfidedignas.com.mx\/wp-content\/uploads\/2025\/01\/ANUIES.jpg","articleSection":["IGUALDAD SUSTANTIVA","SEMANALES"],"inLanguage":"es","potentialAction":[{"@type":"CommentAction","name":"Comment","target":["https:\/\/fuentesfidedignas.com.mx\/index.php\/2025\/01\/29\/impulsan-agenda-de-igualdad-de-genero-en-instituciones-afiliadas-a-anuies\/#respond"]}]},{"@type":"WebPage","@id":"https:\/\/fuentesfidedignas.com.mx\/index.php\/2025\/01\/29\/impulsan-agenda-de-igualdad-de-genero-en-instituciones-afiliadas-a-anuies\/","url":"https:\/\/fuentesfidedignas.com.mx\/index.php\/2025\/01\/29\/impulsan-agenda-de-igualdad-de-genero-en-instituciones-afiliadas-a-anuies\/","name":"Impulsan agenda de igualdad de g\u00e9nero en instituciones afiliadas a ANUIES - Fuentes Fidedignas","isPartOf":{"@id":"https:\/\/fuentesfidedignas.com.mx\/#website"},"primaryImageOfPage":{"@id":"https:\/\/fuentesfidedignas.com.mx\/index.php\/2025\/01\/29\/impulsan-agenda-de-igualdad-de-genero-en-instituciones-afiliadas-a-anuies\/#primaryimage"},"image":{"@id":"https:\/\/fuentesfidedignas.com.mx\/index.php\/2025\/01\/29\/impulsan-agenda-de-igualdad-de-genero-en-instituciones-afiliadas-a-anuies\/#primaryimage"},"thumbnailUrl":"https:\/\/fuentesfidedignas.com.mx\/wp-content\/uploads\/2025\/01\/ANUIES.jpg","datePublished":"2025-01-29T11:25:00+00:00","breadcrumb":{"@id":"https:\/\/fuentesfidedignas.com.mx\/index.php\/2025\/01\/29\/impulsan-agenda-de-igualdad-de-genero-en-instituciones-afiliadas-a-anuies\/#breadcrumb"},"inLanguage":"es","potentialAction":[{"@type":"ReadAction","target":["https:\/\/fuentesfidedignas.com.mx\/index.php\/2025\/01\/29\/impulsan-agenda-de-igualdad-de-genero-en-instituciones-afiliadas-a-anuies\/"]}]},{"@type":"ImageObject","inLanguage":"es","@id":"https:\/\/fuentesfidedignas.com.mx\/index.php\/2025\/01\/29\/impulsan-agenda-de-igualdad-de-genero-en-instituciones-afiliadas-a-anuies\/#primaryimage","url":"https:\/\/fuentesfidedignas.com.mx\/wp-content\/uploads\/2025\/01\/ANUIES.jpg","contentUrl":"https:\/\/fuentesfidedignas.com.mx\/wp-content\/uploads\/2025\/01\/ANUIES.jpg","width":600,"height":392},{"@type":"BreadcrumbList","@id":"https:\/\/fuentesfidedignas.com.mx\/index.php\/2025\/01\/29\/impulsan-agenda-de-igualdad-de-genero-en-instituciones-afiliadas-a-anuies\/#breadcrumb","itemListElement":[{"@type":"ListItem","position":1,"name":"Inicio","item":"https:\/\/fuentesfidedignas.com.mx\/"},{"@type":"ListItem","position":2,"name":"Impulsan agenda de igualdad de g\u00e9nero en instituciones afiliadas a ANUIES"}]},{"@type":"WebSite","@id":"https:\/\/fuentesfidedignas.com.mx\/#website","url":"https:\/\/fuentesfidedignas.com.mx\/","name":"Fuentes Fidedignas","description":"Otro sitio realizado con WordPress","publisher":{"@id":"https:\/\/fuentesfidedignas.com.mx\/#organization"},"potentialAction":[{"@type":"SearchAction","target":{"@type":"EntryPoint","urlTemplate":"https:\/\/fuentesfidedignas.com.mx\/?s={search_term_string}"},"query-input":{"@type":"PropertyValueSpecification","valueRequired":true,"valueName":"search_term_string"}}],"inLanguage":"es"},{"@type":"Organization","@id":"https:\/\/fuentesfidedignas.com.mx\/#organization","name":"Fuentes Fidedignas","url":"https:\/\/fuentesfidedignas.com.mx\/","logo":{"@type":"ImageObject","inLanguage":"es","@id":"https:\/\/fuentesfidedignas.com.mx\/#\/schema\/logo\/image\/","url":"https:\/\/fuentesfidedignas.com.mx\/wp-content\/uploads\/2021\/04\/logo-retina.png","contentUrl":"https:\/\/fuentesfidedignas.com.mx\/wp-content\/uploads\/2021\/04\/logo-retina.png","width":280,"height":51,"caption":"Fuentes Fidedignas"},"image":{"@id":"https:\/\/fuentesfidedignas.com.mx\/#\/schema\/logo\/image\/"},"sameAs":["https:\/\/www.facebook.com\/Fuentes-Fidedignas-368234489921644","https:\/\/x.com\/fidedignas"]},{"@type":"Person","@id":"https:\/\/fuentesfidedignas.com.mx\/#\/schema\/person\/87eacee4072e149fccc7de67f9634f35","name":"La Jornada","image":{"@type":"ImageObject","inLanguage":"es","@id":"https:\/\/secure.gravatar.com\/avatar\/2b09f15a418e222775ffd645761e3fcecd1fb9d7a38a3ba858adf349aab82c7c?s=96&d=mm&r=g","url":"https:\/\/secure.gravatar.com\/avatar\/2b09f15a418e222775ffd645761e3fcecd1fb9d7a38a3ba858adf349aab82c7c?s=96&d=mm&r=g","contentUrl":"https:\/\/secure.gravatar.com\/avatar\/2b09f15a418e222775ffd645761e3fcecd1fb9d7a38a3ba858adf349aab82c7c?s=96&d=mm&r=g","caption":"La Jornada"},"url":"https:\/\/fuentesfidedignas.com.mx\/index.php\/author\/jornada\/"}]}},"_links":{"self":[{"href":"https:\/\/fuentesfidedignas.com.mx\/index.php\/wp-json\/wp\/v2\/posts\/100408","targetHints":{"allow":["GET"]}}],"collection":[{"href":"https:\/\/fuentesfidedignas.com.mx\/index.php\/wp-json\/wp\/v2\/posts"}],"about":[{"href":"https:\/\/fuentesfidedignas.com.mx\/index.php\/wp-json\/wp\/v2\/types\/post"}],"author":[{"embeddable":true,"href":"https:\/\/fuentesfidedignas.com.mx\/index.php\/wp-json\/wp\/v2\/users\/45"}],"replies":[{"embeddable":true,"href":"https:\/\/fuentesfidedignas.com.mx\/index.php\/wp-json\/wp\/v2\/comments?post=100408"}],"version-history":[{"count":1,"href":"https:\/\/fuentesfidedignas.com.mx\/index.php\/wp-json\/wp\/v2\/posts\/100408\/revisions"}],"predecessor-version":[{"id":100410,"href":"https:\/\/fuentesfidedignas.com.mx\/index.php\/wp-json\/wp\/v2\/posts\/100408\/revisions\/100410"}],"wp:featuredmedia":[{"embeddable":true,"href":"https:\/\/fuentesfidedignas.com.mx\/index.php\/wp-json\/wp\/v2\/media\/100409"}],"wp:attachment":[{"href":"https:\/\/fuentesfidedignas.com.mx\/index.php\/wp-json\/wp\/v2\/media?parent=100408"}],"wp:term":[{"taxonomy":"category","embeddable":true,"href":"https:\/\/fuentesfidedignas.com.mx\/index.php\/wp-json\/wp\/v2\/categories?post=100408"},{"taxonomy":"post_tag","embeddable":true,"href":"https:\/\/fuentesfidedignas.com.mx\/index.php\/wp-json\/wp\/v2\/tags?post=100408"}],"curies":[{"name":"wp","href":"https:\/\/api.w.org\/{rel}","templated":true}]}}