{"id":100403,"date":"2025-01-29T04:15:00","date_gmt":"2025-01-29T11:15:00","guid":{"rendered":"https:\/\/fuentesfidedignas.com.mx\/?p=100403"},"modified":"2025-01-28T16:19:13","modified_gmt":"2025-01-28T23:19:13","slug":"fotos-activista-de-peta-vestida-de-serpiente-se-manifesto-en-tienda-gucci","status":"publish","type":"post","link":"https:\/\/fuentesfidedignas.com.mx\/index.php\/2025\/01\/29\/fotos-activista-de-peta-vestida-de-serpiente-se-manifesto-en-tienda-gucci\/","title":{"rendered":"Fotos: Activista de PETA vestida de serpiente se manifest\u00f3 en tienda Gucci"},"content":{"rendered":"\n<p><strong><em>La activista denunci\u00f3 las condiciones de las granjas de serpientes destinadas a la moda en Tokio.<\/em><\/strong><\/p>\n\n\n\n<p>La organizaci\u00f3n animalista PETA&nbsp;denunci\u00f3 este martes en Tokio&nbsp;las condiciones de hacinamiento y la crueldad en el sacrificio en las granjas de serpientes destinadas a la producci\u00f3n de piel para bolsos y otros productos de lujo.<\/p>\n\n\n\n<p>Un activista de la ONG se manifest\u00f3 hoy vestido como una serpiente de seis metros frente a la tienda principal de la marca de lujo Gucci en el barrio comercial de Ginza, en Tokio, junto a una pancarta que dec\u00eda &#8220;Gucci, matar serpientes trae mala suerte&#8221;.<\/p>\n\n\n\n<p>La manifestaci\u00f3n de hoy coincidi\u00f3 con las celebraciones por el A\u00f1o Nuevo Lunar, que dan inicio al a\u00f1o de la serpiente, seg\u00fan los doce ciclos anuales de animales del hor\u00f3scopo chino.<\/p>\n\n\n\n<p>Una investigaci\u00f3n reciente realizada por PETA ha mostrado las condiciones de las granjas de serpientes en Tailandia, donde miles de reptiles, en su mayor\u00eda pitones, viven hacinadas en peque\u00f1as jaulas antes de ser sacrificadas con un martillazo en la cabeza para obtener la piel que luego es usada en bolsos o carteras.<\/p>\n\n\n\n<figure class=\"wp-block-image size-full\"><img decoding=\"async\" width=\"618\" height=\"412\" src=\"https:\/\/fuentesfidedignas.com.mx\/wp-content\/uploads\/2025\/01\/image-2-25.jpg\" alt=\"\" class=\"wp-image-100405\" srcset=\"https:\/\/fuentesfidedignas.com.mx\/wp-content\/uploads\/2025\/01\/image-2-25.jpg 618w, https:\/\/fuentesfidedignas.com.mx\/wp-content\/uploads\/2025\/01\/image-2-25-300x200.jpg 300w, https:\/\/fuentesfidedignas.com.mx\/wp-content\/uploads\/2025\/01\/image-2-25-600x400.jpg 600w\" sizes=\"(max-width: 618px) 100vw, 618px\" \/><figcaption class=\"wp-element-caption\">PETA denuncia en Tokio las condiciones de las granjas de serpientes | AFP<\/figcaption><\/figure>\n\n\n\n<p>&#8220;Las pitones son seres complejos que disfrutan de tomar el sol, pero las serpientes condenadas a muerte por los dise\u00f1os de Gucci son confinadas en cajas diminutas y sucias antes de ser apaleadas, perforadas en el cr\u00e1neo y desolladas&#8221;, se\u00f1al\u00f3 Jason Baker, vicepresidente de PETA Asia, en un comunicado.<\/p>\n\n\n\n<p>En im\u00e1genes hasta ahora in\u00e9ditas y publicadas por PETA, se puede ver a los animales, que normalmente se calientan con el sol o trepan en \u00e1rboles, confinados en peque\u00f1as jaulas dentro de un espacio cerrado y sin acceso a luz natural y donde pueden pasar largos per\u00edodos de tiempo sin ninguna comida.<\/p>\n\n\n\n<p>Para maximizar la producci\u00f3n, las serpientes hembra son emparejadas tambi\u00e9n con varios machos durante la temporada de cr\u00eda, lo que resulta en la muerte de algunas a causa de peleas, mientras que aquellas que no mudan la piel correctamente tambi\u00e9n son sacrificadas.<\/p>\n\n\n\n<p>La organizaci\u00f3n animalista pidi\u00f3 a Gucci y otras marcas que dejen de utilizar a estos reptiles en sus dise\u00f1os y que &#8220;honren el A\u00f1o de la Serpiente dej\u00e1ndolas en paz&#8221;.<\/p>\n\n\n\n<figure class=\"wp-block-image size-full\"><img decoding=\"async\" width=\"618\" height=\"412\" src=\"https:\/\/fuentesfidedignas.com.mx\/wp-content\/uploads\/2025\/01\/image-2-24.jpg\" alt=\"\" class=\"wp-image-100404\" srcset=\"https:\/\/fuentesfidedignas.com.mx\/wp-content\/uploads\/2025\/01\/image-2-24.jpg 618w, https:\/\/fuentesfidedignas.com.mx\/wp-content\/uploads\/2025\/01\/image-2-24-300x200.jpg 300w, https:\/\/fuentesfidedignas.com.mx\/wp-content\/uploads\/2025\/01\/image-2-24-600x400.jpg 600w\" sizes=\"(max-width: 618px) 100vw, 618px\" \/><figcaption class=\"wp-element-caption\">PETA denuncia en Tokio las condiciones de las granjas de serpientes | AFP<\/figcaption><\/figure>\n\n\n\n<p>En el momento en el que se realiz\u00f3 la investigaci\u00f3n en la granja tailandesa de Sisatchanalai, la misma ten\u00eda confinadas unas 15.000 serpientes y en las \u00e9pocas de mayor producci\u00f3n, sacrifica a unas 3.000, a raz\u00f3n de 20 o 30 al d\u00eda.<\/p>\n","protected":false},"excerpt":{"rendered":"<p>La activista denunci\u00f3 las condiciones de las granjas de serpientes destinadas a la moda en Tokio. La organizaci\u00f3n animalista PETA&nbsp;denunci\u00f3 este martes en Tokio&nbsp;las condiciones de hacinamiento y la crueldad en el sacrificio en las granjas de serpientes destinadas a la producci\u00f3n de piel para bolsos y otros productos de lujo. Un activista de la [&hellip;]<\/p>\n","protected":false},"author":22,"featured_media":100406,"comment_status":"open","ping_status":"open","sticky":false,"template":"","format":"standard","meta":{"tdm_status":"","tdm_grid_status":"","footnotes":""},"categories":[40],"tags":[],"class_list":{"0":"post-100403","1":"post","2":"type-post","3":"status-publish","4":"format-standard","5":"has-post-thumbnail","7":"category-las-asombrosas"},"yoast_head":"<!-- This site is optimized with the Yoast SEO plugin v27.5 - https:\/\/yoast.com\/product\/yoast-seo-wordpress\/ -->\n<title>Fotos: Activista de PETA vestida de serpiente se manifest\u00f3 en tienda Gucci - Fuentes Fidedignas<\/title>\n<meta name=\"robots\" content=\"index, follow, max-snippet:-1, max-image-preview:large, max-video-preview:-1\" \/>\n<link rel=\"canonical\" href=\"https:\/\/fuentesfidedignas.com.mx\/index.php\/2025\/01\/29\/fotos-activista-de-peta-vestida-de-serpiente-se-manifesto-en-tienda-gucci\/\" \/>\n<meta property=\"og:locale\" content=\"es_MX\" \/>\n<meta property=\"og:type\" content=\"article\" \/>\n<meta property=\"og:title\" content=\"Fotos: Activista de PETA vestida de serpiente se manifest\u00f3 en tienda Gucci - Fuentes Fidedignas\" \/>\n<meta property=\"og:description\" content=\"La activista denunci\u00f3 las condiciones de las granjas de serpientes destinadas a la moda en Tokio. La organizaci\u00f3n animalista PETA&nbsp;denunci\u00f3 este martes en Tokio&nbsp;las condiciones de hacinamiento y la crueldad en el sacrificio en las granjas de serpientes destinadas a la producci\u00f3n de piel para bolsos y otros productos de lujo. Un activista de la [&hellip;]\" \/>\n<meta property=\"og:url\" content=\"https:\/\/fuentesfidedignas.com.mx\/index.php\/2025\/01\/29\/fotos-activista-de-peta-vestida-de-serpiente-se-manifesto-en-tienda-gucci\/\" \/>\n<meta property=\"og:site_name\" content=\"Fuentes Fidedignas\" \/>\n<meta property=\"article:publisher\" content=\"https:\/\/www.facebook.com\/Fuentes-Fidedignas-368234489921644\" \/>\n<meta property=\"article:published_time\" content=\"2025-01-29T11:15:00+00:00\" \/>\n<meta property=\"og:image\" content=\"https:\/\/fuentesfidedignas.com.mx\/wp-content\/uploads\/2025\/01\/manifestacion_serpiente.jpg\" \/>\n\t<meta property=\"og:image:width\" content=\"600\" \/>\n\t<meta property=\"og:image:height\" content=\"372\" \/>\n\t<meta property=\"og:image:type\" content=\"image\/jpeg\" \/>\n<meta name=\"author\" content=\"EFE\" \/>\n<meta name=\"twitter:card\" content=\"summary_large_image\" \/>\n<meta name=\"twitter:creator\" content=\"@fidedignas\" \/>\n<meta name=\"twitter:site\" content=\"@fidedignas\" \/>\n<meta name=\"twitter:label1\" content=\"Escrito por\" \/>\n\t<meta name=\"twitter:data1\" content=\"EFE\" \/>\n\t<meta name=\"twitter:label2\" content=\"Tiempo de lectura\" \/>\n\t<meta name=\"twitter:data2\" content=\"3 minutos\" \/>\n<script type=\"application\/ld+json\" class=\"yoast-schema-graph\">{\"@context\":\"https:\\\/\\\/schema.org\",\"@graph\":[{\"@type\":\"Article\",\"@id\":\"https:\\\/\\\/fuentesfidedignas.com.mx\\\/index.php\\\/2025\\\/01\\\/29\\\/fotos-activista-de-peta-vestida-de-serpiente-se-manifesto-en-tienda-gucci\\\/#article\",\"isPartOf\":{\"@id\":\"https:\\\/\\\/fuentesfidedignas.com.mx\\\/index.php\\\/2025\\\/01\\\/29\\\/fotos-activista-de-peta-vestida-de-serpiente-se-manifesto-en-tienda-gucci\\\/\"},\"author\":{\"name\":\"EFE\",\"@id\":\"https:\\\/\\\/fuentesfidedignas.com.mx\\\/#\\\/schema\\\/person\\\/0d44615087b5a626d5d3f13afe31ac41\"},\"headline\":\"Fotos: Activista de PETA vestida de serpiente se manifest\u00f3 en tienda Gucci\",\"datePublished\":\"2025-01-29T11:15:00+00:00\",\"mainEntityOfPage\":{\"@id\":\"https:\\\/\\\/fuentesfidedignas.com.mx\\\/index.php\\\/2025\\\/01\\\/29\\\/fotos-activista-de-peta-vestida-de-serpiente-se-manifesto-en-tienda-gucci\\\/\"},\"wordCount\":462,\"commentCount\":0,\"publisher\":{\"@id\":\"https:\\\/\\\/fuentesfidedignas.com.mx\\\/#organization\"},\"image\":{\"@id\":\"https:\\\/\\\/fuentesfidedignas.com.mx\\\/index.php\\\/2025\\\/01\\\/29\\\/fotos-activista-de-peta-vestida-de-serpiente-se-manifesto-en-tienda-gucci\\\/#primaryimage\"},\"thumbnailUrl\":\"https:\\\/\\\/fuentesfidedignas.com.mx\\\/wp-content\\\/uploads\\\/2025\\\/01\\\/manifestacion_serpiente.jpg\",\"articleSection\":[\"LAS ASOMBROSAS\"],\"inLanguage\":\"es\",\"potentialAction\":[{\"@type\":\"CommentAction\",\"name\":\"Comment\",\"target\":[\"https:\\\/\\\/fuentesfidedignas.com.mx\\\/index.php\\\/2025\\\/01\\\/29\\\/fotos-activista-de-peta-vestida-de-serpiente-se-manifesto-en-tienda-gucci\\\/#respond\"]}]},{\"@type\":\"WebPage\",\"@id\":\"https:\\\/\\\/fuentesfidedignas.com.mx\\\/index.php\\\/2025\\\/01\\\/29\\\/fotos-activista-de-peta-vestida-de-serpiente-se-manifesto-en-tienda-gucci\\\/\",\"url\":\"https:\\\/\\\/fuentesfidedignas.com.mx\\\/index.php\\\/2025\\\/01\\\/29\\\/fotos-activista-de-peta-vestida-de-serpiente-se-manifesto-en-tienda-gucci\\\/\",\"name\":\"Fotos: Activista de PETA vestida de serpiente se manifest\u00f3 en tienda Gucci - Fuentes Fidedignas\",\"isPartOf\":{\"@id\":\"https:\\\/\\\/fuentesfidedignas.com.mx\\\/#website\"},\"primaryImageOfPage\":{\"@id\":\"https:\\\/\\\/fuentesfidedignas.com.mx\\\/index.php\\\/2025\\\/01\\\/29\\\/fotos-activista-de-peta-vestida-de-serpiente-se-manifesto-en-tienda-gucci\\\/#primaryimage\"},\"image\":{\"@id\":\"https:\\\/\\\/fuentesfidedignas.com.mx\\\/index.php\\\/2025\\\/01\\\/29\\\/fotos-activista-de-peta-vestida-de-serpiente-se-manifesto-en-tienda-gucci\\\/#primaryimage\"},\"thumbnailUrl\":\"https:\\\/\\\/fuentesfidedignas.com.mx\\\/wp-content\\\/uploads\\\/2025\\\/01\\\/manifestacion_serpiente.jpg\",\"datePublished\":\"2025-01-29T11:15:00+00:00\",\"breadcrumb\":{\"@id\":\"https:\\\/\\\/fuentesfidedignas.com.mx\\\/index.php\\\/2025\\\/01\\\/29\\\/fotos-activista-de-peta-vestida-de-serpiente-se-manifesto-en-tienda-gucci\\\/#breadcrumb\"},\"inLanguage\":\"es\",\"potentialAction\":[{\"@type\":\"ReadAction\",\"target\":[\"https:\\\/\\\/fuentesfidedignas.com.mx\\\/index.php\\\/2025\\\/01\\\/29\\\/fotos-activista-de-peta-vestida-de-serpiente-se-manifesto-en-tienda-gucci\\\/\"]}]},{\"@type\":\"ImageObject\",\"inLanguage\":\"es\",\"@id\":\"https:\\\/\\\/fuentesfidedignas.com.mx\\\/index.php\\\/2025\\\/01\\\/29\\\/fotos-activista-de-peta-vestida-de-serpiente-se-manifesto-en-tienda-gucci\\\/#primaryimage\",\"url\":\"https:\\\/\\\/fuentesfidedignas.com.mx\\\/wp-content\\\/uploads\\\/2025\\\/01\\\/manifestacion_serpiente.jpg\",\"contentUrl\":\"https:\\\/\\\/fuentesfidedignas.com.mx\\\/wp-content\\\/uploads\\\/2025\\\/01\\\/manifestacion_serpiente.jpg\",\"width\":600,\"height\":372},{\"@type\":\"BreadcrumbList\",\"@id\":\"https:\\\/\\\/fuentesfidedignas.com.mx\\\/index.php\\\/2025\\\/01\\\/29\\\/fotos-activista-de-peta-vestida-de-serpiente-se-manifesto-en-tienda-gucci\\\/#breadcrumb\",\"itemListElement\":[{\"@type\":\"ListItem\",\"position\":1,\"name\":\"Inicio\",\"item\":\"https:\\\/\\\/fuentesfidedignas.com.mx\\\/\"},{\"@type\":\"ListItem\",\"position\":2,\"name\":\"Fotos: Activista de PETA vestida de serpiente se manifest\u00f3 en tienda Gucci\"}]},{\"@type\":\"WebSite\",\"@id\":\"https:\\\/\\\/fuentesfidedignas.com.mx\\\/#website\",\"url\":\"https:\\\/\\\/fuentesfidedignas.com.mx\\\/\",\"name\":\"Fuentes Fidedignas\",\"description\":\"Otro sitio realizado con WordPress\",\"publisher\":{\"@id\":\"https:\\\/\\\/fuentesfidedignas.com.mx\\\/#organization\"},\"potentialAction\":[{\"@type\":\"SearchAction\",\"target\":{\"@type\":\"EntryPoint\",\"urlTemplate\":\"https:\\\/\\\/fuentesfidedignas.com.mx\\\/?s={search_term_string}\"},\"query-input\":{\"@type\":\"PropertyValueSpecification\",\"valueRequired\":true,\"valueName\":\"search_term_string\"}}],\"inLanguage\":\"es\"},{\"@type\":\"Organization\",\"@id\":\"https:\\\/\\\/fuentesfidedignas.com.mx\\\/#organization\",\"name\":\"Fuentes Fidedignas\",\"url\":\"https:\\\/\\\/fuentesfidedignas.com.mx\\\/\",\"logo\":{\"@type\":\"ImageObject\",\"inLanguage\":\"es\",\"@id\":\"https:\\\/\\\/fuentesfidedignas.com.mx\\\/#\\\/schema\\\/logo\\\/image\\\/\",\"url\":\"https:\\\/\\\/fuentesfidedignas.com.mx\\\/wp-content\\\/uploads\\\/2021\\\/04\\\/logo-retina.png\",\"contentUrl\":\"https:\\\/\\\/fuentesfidedignas.com.mx\\\/wp-content\\\/uploads\\\/2021\\\/04\\\/logo-retina.png\",\"width\":280,\"height\":51,\"caption\":\"Fuentes Fidedignas\"},\"image\":{\"@id\":\"https:\\\/\\\/fuentesfidedignas.com.mx\\\/#\\\/schema\\\/logo\\\/image\\\/\"},\"sameAs\":[\"https:\\\/\\\/www.facebook.com\\\/Fuentes-Fidedignas-368234489921644\",\"https:\\\/\\\/x.com\\\/fidedignas\"]},{\"@type\":\"Person\",\"@id\":\"https:\\\/\\\/fuentesfidedignas.com.mx\\\/#\\\/schema\\\/person\\\/0d44615087b5a626d5d3f13afe31ac41\",\"name\":\"EFE\",\"image\":{\"@type\":\"ImageObject\",\"inLanguage\":\"es\",\"@id\":\"https:\\\/\\\/secure.gravatar.com\\\/avatar\\\/7048c2d9b569d9bed55bb53ad23821e6e047aa66338fb6ea9868627bbb9f54e8?s=96&d=mm&r=g\",\"url\":\"https:\\\/\\\/secure.gravatar.com\\\/avatar\\\/7048c2d9b569d9bed55bb53ad23821e6e047aa66338fb6ea9868627bbb9f54e8?s=96&d=mm&r=g\",\"contentUrl\":\"https:\\\/\\\/secure.gravatar.com\\\/avatar\\\/7048c2d9b569d9bed55bb53ad23821e6e047aa66338fb6ea9868627bbb9f54e8?s=96&d=mm&r=g\",\"caption\":\"EFE\"},\"url\":\"https:\\\/\\\/fuentesfidedignas.com.mx\\\/index.php\\\/author\\\/efe\\\/\"}]}<\/script>\n<!-- \/ Yoast SEO plugin. -->","yoast_head_json":{"title":"Fotos: Activista de PETA vestida de serpiente se manifest\u00f3 en tienda Gucci - Fuentes Fidedignas","robots":{"index":"index","follow":"follow","max-snippet":"max-snippet:-1","max-image-preview":"max-image-preview:large","max-video-preview":"max-video-preview:-1"},"canonical":"https:\/\/fuentesfidedignas.com.mx\/index.php\/2025\/01\/29\/fotos-activista-de-peta-vestida-de-serpiente-se-manifesto-en-tienda-gucci\/","og_locale":"es_MX","og_type":"article","og_title":"Fotos: Activista de PETA vestida de serpiente se manifest\u00f3 en tienda Gucci - Fuentes Fidedignas","og_description":"La activista denunci\u00f3 las condiciones de las granjas de serpientes destinadas a la moda en Tokio. La organizaci\u00f3n animalista PETA&nbsp;denunci\u00f3 este martes en Tokio&nbsp;las condiciones de hacinamiento y la crueldad en el sacrificio en las granjas de serpientes destinadas a la producci\u00f3n de piel para bolsos y otros productos de lujo. Un activista de la [&hellip;]","og_url":"https:\/\/fuentesfidedignas.com.mx\/index.php\/2025\/01\/29\/fotos-activista-de-peta-vestida-de-serpiente-se-manifesto-en-tienda-gucci\/","og_site_name":"Fuentes Fidedignas","article_publisher":"https:\/\/www.facebook.com\/Fuentes-Fidedignas-368234489921644","article_published_time":"2025-01-29T11:15:00+00:00","og_image":[{"width":600,"height":372,"url":"https:\/\/fuentesfidedignas.com.mx\/wp-content\/uploads\/2025\/01\/manifestacion_serpiente.jpg","type":"image\/jpeg"}],"author":"EFE","twitter_card":"summary_large_image","twitter_creator":"@fidedignas","twitter_site":"@fidedignas","twitter_misc":{"Escrito por":"EFE","Tiempo de lectura":"3 minutos"},"schema":{"@context":"https:\/\/schema.org","@graph":[{"@type":"Article","@id":"https:\/\/fuentesfidedignas.com.mx\/index.php\/2025\/01\/29\/fotos-activista-de-peta-vestida-de-serpiente-se-manifesto-en-tienda-gucci\/#article","isPartOf":{"@id":"https:\/\/fuentesfidedignas.com.mx\/index.php\/2025\/01\/29\/fotos-activista-de-peta-vestida-de-serpiente-se-manifesto-en-tienda-gucci\/"},"author":{"name":"EFE","@id":"https:\/\/fuentesfidedignas.com.mx\/#\/schema\/person\/0d44615087b5a626d5d3f13afe31ac41"},"headline":"Fotos: Activista de PETA vestida de serpiente se manifest\u00f3 en tienda Gucci","datePublished":"2025-01-29T11:15:00+00:00","mainEntityOfPage":{"@id":"https:\/\/fuentesfidedignas.com.mx\/index.php\/2025\/01\/29\/fotos-activista-de-peta-vestida-de-serpiente-se-manifesto-en-tienda-gucci\/"},"wordCount":462,"commentCount":0,"publisher":{"@id":"https:\/\/fuentesfidedignas.com.mx\/#organization"},"image":{"@id":"https:\/\/fuentesfidedignas.com.mx\/index.php\/2025\/01\/29\/fotos-activista-de-peta-vestida-de-serpiente-se-manifesto-en-tienda-gucci\/#primaryimage"},"thumbnailUrl":"https:\/\/fuentesfidedignas.com.mx\/wp-content\/uploads\/2025\/01\/manifestacion_serpiente.jpg","articleSection":["LAS ASOMBROSAS"],"inLanguage":"es","potentialAction":[{"@type":"CommentAction","name":"Comment","target":["https:\/\/fuentesfidedignas.com.mx\/index.php\/2025\/01\/29\/fotos-activista-de-peta-vestida-de-serpiente-se-manifesto-en-tienda-gucci\/#respond"]}]},{"@type":"WebPage","@id":"https:\/\/fuentesfidedignas.com.mx\/index.php\/2025\/01\/29\/fotos-activista-de-peta-vestida-de-serpiente-se-manifesto-en-tienda-gucci\/","url":"https:\/\/fuentesfidedignas.com.mx\/index.php\/2025\/01\/29\/fotos-activista-de-peta-vestida-de-serpiente-se-manifesto-en-tienda-gucci\/","name":"Fotos: Activista de PETA vestida de serpiente se manifest\u00f3 en tienda Gucci - Fuentes Fidedignas","isPartOf":{"@id":"https:\/\/fuentesfidedignas.com.mx\/#website"},"primaryImageOfPage":{"@id":"https:\/\/fuentesfidedignas.com.mx\/index.php\/2025\/01\/29\/fotos-activista-de-peta-vestida-de-serpiente-se-manifesto-en-tienda-gucci\/#primaryimage"},"image":{"@id":"https:\/\/fuentesfidedignas.com.mx\/index.php\/2025\/01\/29\/fotos-activista-de-peta-vestida-de-serpiente-se-manifesto-en-tienda-gucci\/#primaryimage"},"thumbnailUrl":"https:\/\/fuentesfidedignas.com.mx\/wp-content\/uploads\/2025\/01\/manifestacion_serpiente.jpg","datePublished":"2025-01-29T11:15:00+00:00","breadcrumb":{"@id":"https:\/\/fuentesfidedignas.com.mx\/index.php\/2025\/01\/29\/fotos-activista-de-peta-vestida-de-serpiente-se-manifesto-en-tienda-gucci\/#breadcrumb"},"inLanguage":"es","potentialAction":[{"@type":"ReadAction","target":["https:\/\/fuentesfidedignas.com.mx\/index.php\/2025\/01\/29\/fotos-activista-de-peta-vestida-de-serpiente-se-manifesto-en-tienda-gucci\/"]}]},{"@type":"ImageObject","inLanguage":"es","@id":"https:\/\/fuentesfidedignas.com.mx\/index.php\/2025\/01\/29\/fotos-activista-de-peta-vestida-de-serpiente-se-manifesto-en-tienda-gucci\/#primaryimage","url":"https:\/\/fuentesfidedignas.com.mx\/wp-content\/uploads\/2025\/01\/manifestacion_serpiente.jpg","contentUrl":"https:\/\/fuentesfidedignas.com.mx\/wp-content\/uploads\/2025\/01\/manifestacion_serpiente.jpg","width":600,"height":372},{"@type":"BreadcrumbList","@id":"https:\/\/fuentesfidedignas.com.mx\/index.php\/2025\/01\/29\/fotos-activista-de-peta-vestida-de-serpiente-se-manifesto-en-tienda-gucci\/#breadcrumb","itemListElement":[{"@type":"ListItem","position":1,"name":"Inicio","item":"https:\/\/fuentesfidedignas.com.mx\/"},{"@type":"ListItem","position":2,"name":"Fotos: Activista de PETA vestida de serpiente se manifest\u00f3 en tienda Gucci"}]},{"@type":"WebSite","@id":"https:\/\/fuentesfidedignas.com.mx\/#website","url":"https:\/\/fuentesfidedignas.com.mx\/","name":"Fuentes Fidedignas","description":"Otro sitio realizado con WordPress","publisher":{"@id":"https:\/\/fuentesfidedignas.com.mx\/#organization"},"potentialAction":[{"@type":"SearchAction","target":{"@type":"EntryPoint","urlTemplate":"https:\/\/fuentesfidedignas.com.mx\/?s={search_term_string}"},"query-input":{"@type":"PropertyValueSpecification","valueRequired":true,"valueName":"search_term_string"}}],"inLanguage":"es"},{"@type":"Organization","@id":"https:\/\/fuentesfidedignas.com.mx\/#organization","name":"Fuentes Fidedignas","url":"https:\/\/fuentesfidedignas.com.mx\/","logo":{"@type":"ImageObject","inLanguage":"es","@id":"https:\/\/fuentesfidedignas.com.mx\/#\/schema\/logo\/image\/","url":"https:\/\/fuentesfidedignas.com.mx\/wp-content\/uploads\/2021\/04\/logo-retina.png","contentUrl":"https:\/\/fuentesfidedignas.com.mx\/wp-content\/uploads\/2021\/04\/logo-retina.png","width":280,"height":51,"caption":"Fuentes Fidedignas"},"image":{"@id":"https:\/\/fuentesfidedignas.com.mx\/#\/schema\/logo\/image\/"},"sameAs":["https:\/\/www.facebook.com\/Fuentes-Fidedignas-368234489921644","https:\/\/x.com\/fidedignas"]},{"@type":"Person","@id":"https:\/\/fuentesfidedignas.com.mx\/#\/schema\/person\/0d44615087b5a626d5d3f13afe31ac41","name":"EFE","image":{"@type":"ImageObject","inLanguage":"es","@id":"https:\/\/secure.gravatar.com\/avatar\/7048c2d9b569d9bed55bb53ad23821e6e047aa66338fb6ea9868627bbb9f54e8?s=96&d=mm&r=g","url":"https:\/\/secure.gravatar.com\/avatar\/7048c2d9b569d9bed55bb53ad23821e6e047aa66338fb6ea9868627bbb9f54e8?s=96&d=mm&r=g","contentUrl":"https:\/\/secure.gravatar.com\/avatar\/7048c2d9b569d9bed55bb53ad23821e6e047aa66338fb6ea9868627bbb9f54e8?s=96&d=mm&r=g","caption":"EFE"},"url":"https:\/\/fuentesfidedignas.com.mx\/index.php\/author\/efe\/"}]}},"_links":{"self":[{"href":"https:\/\/fuentesfidedignas.com.mx\/index.php\/wp-json\/wp\/v2\/posts\/100403","targetHints":{"allow":["GET"]}}],"collection":[{"href":"https:\/\/fuentesfidedignas.com.mx\/index.php\/wp-json\/wp\/v2\/posts"}],"about":[{"href":"https:\/\/fuentesfidedignas.com.mx\/index.php\/wp-json\/wp\/v2\/types\/post"}],"author":[{"embeddable":true,"href":"https:\/\/fuentesfidedignas.com.mx\/index.php\/wp-json\/wp\/v2\/users\/22"}],"replies":[{"embeddable":true,"href":"https:\/\/fuentesfidedignas.com.mx\/index.php\/wp-json\/wp\/v2\/comments?post=100403"}],"version-history":[{"count":1,"href":"https:\/\/fuentesfidedignas.com.mx\/index.php\/wp-json\/wp\/v2\/posts\/100403\/revisions"}],"predecessor-version":[{"id":100407,"href":"https:\/\/fuentesfidedignas.com.mx\/index.php\/wp-json\/wp\/v2\/posts\/100403\/revisions\/100407"}],"wp:featuredmedia":[{"embeddable":true,"href":"https:\/\/fuentesfidedignas.com.mx\/index.php\/wp-json\/wp\/v2\/media\/100406"}],"wp:attachment":[{"href":"https:\/\/fuentesfidedignas.com.mx\/index.php\/wp-json\/wp\/v2\/media?parent=100403"}],"wp:term":[{"taxonomy":"category","embeddable":true,"href":"https:\/\/fuentesfidedignas.com.mx\/index.php\/wp-json\/wp\/v2\/categories?post=100403"},{"taxonomy":"post_tag","embeddable":true,"href":"https:\/\/fuentesfidedignas.com.mx\/index.php\/wp-json\/wp\/v2\/tags?post=100403"}],"curies":[{"name":"wp","href":"https:\/\/api.w.org\/{rel}","templated":true}]}}