{"id":100359,"date":"2025-01-28T09:03:01","date_gmt":"2025-01-28T16:03:01","guid":{"rendered":"https:\/\/fuentesfidedignas.com.mx\/?p=100359"},"modified":"2025-01-28T09:03:01","modified_gmt":"2025-01-28T16:03:01","slug":"pueblo-quita-y-pone-a-gobernadores-no-la-presidenta-sheinbaum-sobre-criticas-a-ruben-rocha","status":"publish","type":"post","link":"https:\/\/fuentesfidedignas.com.mx\/index.php\/2025\/01\/28\/pueblo-quita-y-pone-a-gobernadores-no-la-presidenta-sheinbaum-sobre-criticas-a-ruben-rocha\/","title":{"rendered":"Pueblo quita y pone a gobernadores, no la presidenta: Sheinbaum sobre cr\u00edticas a Rub\u00e9n Rocha"},"content":{"rendered":"\n<p><strong><em>Sheinbaum respondi\u00f3 a las exigencias de manifestantes en Sinaloa, quienes exigen la destituci\u00f3n del gobernador Rub\u00e9n Rocha por la violencia<\/em><\/strong><\/p>\n\n\n\n<p>La presidenta de M\u00e9xico, Claudia Sheinbaum Pardo, asegur\u00f3 que es el pueblo quien quita a los gobernadores, en referencia las cr\u00edticas contra Rub\u00e9n Rocha Moya en Sinaloa.<\/p>\n\n\n\n<p class=\"p1\">En la conferencia matutina de Palacio Nacional, Sheinbaum Pardo asegur\u00f3 que con el Gobierno de Rocha Moya hay coordinaci\u00f3n para restablecer la paz y la seguridad en dicha entidad, que vive una<a href=\"https:\/\/lopezdoriga.com\/nacional\/crimen-enemigo-no-gobierno-ruben-rocha-sinaloa\/\" target=\"_blank\" rel=\"noreferrer noopener\"><strong>&nbsp;ola de violencia<\/strong><\/a>desde septiembre del a\u00f1o pasado.<\/p>\n\n\n\n<blockquote class=\"wp-block-quote is-layout-flow wp-block-quote-is-layout-flow\">\n<p>\u201cHay&nbsp;<em>coment\u00f3cratas<\/em>&nbsp;que est\u00e1n diciendo que actuemos como los gobiernos priistas de antes, que nosotros quitamos y ponemos gobernadores. No, eso lo hace el pueblo, no lo hace la presidenta de la Rep\u00fablica\u201d, se\u00f1al\u00f3.<\/p>\n<\/blockquote>\n\n\n\n<p>La mandataria mexicana respondi\u00f3 as\u00ed a las exigencias de manifestantes en Sinaloa que el pasado jueves y domingo realizaron multitudinarias marchas en Culiac\u00e1n, donde protestaron por el asesinato el 19 de enero de Gael y Alexander Sarmiento, de 9 y 12 a\u00f1os de edad, junto con su padre, Antonio, mientras viajaban en un veh\u00edculo en medio de la pugna del narco.<\/p>\n\n\n\n<p>Adem\u00e1s, exigieron la destituci\u00f3n del gobernador morenista Rub\u00e9n Rocha, a quien acusan de tener nexos con el narcotr\u00e1fico.<\/p>\n\n\n\n<p>Sin embargo, Sheinbaum Pardo asegur\u00f3 que la labor de su Administraci\u00f3n es coordinarse con todas las instituciones de los Gobiernos municipales y estatales, pero no le corresponde quitar o poner gobernadores.<\/p>\n\n\n\n<p>\u201cNo nos corresponde al gobierno, le corresponde, en todo caso, a las fiscal\u00edas o a la Fiscal\u00eda General de la Rep\u00fablica. Entonces, a todos aquellos que piden que la presidenta quite y ponga gobernadores, pues no. Eso se llama autoritarismo. Nosotros creemos en la democracia\u201d, zanj\u00f3.<\/p>\n\n\n\n<p>Asimismo, dijo a la poblaci\u00f3n de Sinaloa que est\u00e1n trabajando en la seguridad del estado.<\/p>\n\n\n\n<p>\u201cQue sepa el pueblo de Sinaloa que estamos trabajando todos los d\u00edas para garantizar la paz y la seguridad. Esta responsabilidad de la contenci\u00f3n de los homicidios o de la violencia que se ha estado viviendo a partir de septiembre tras la detenci\u00f3n de estos capos, es responsabilidad del gobierno estatal\u201d, asever\u00f3.<\/p>\n\n\n\n<p>Sinaloa acumula m\u00e1s de 600 asesinatos desde que estall\u00f3 la pugna interna del hom\u00f3nimo c\u00e1rtel el 9 de septiembre originada, seg\u00fan Sheinbaum Pardo, por la captura de los capos&nbsp;<strong>Ismael&nbsp;<em>Mayo<\/em>&nbsp;Zambada<\/strong>&nbsp;y&nbsp;<strong>Joaqu\u00edn Guzm\u00e1n L\u00f3pez<\/strong>&nbsp;el a\u00f1o pasado en Estados Unidos.<\/p>\n","protected":false},"excerpt":{"rendered":"<p>Sheinbaum respondi\u00f3 a las exigencias de manifestantes en Sinaloa, quienes exigen la destituci\u00f3n del gobernador Rub\u00e9n Rocha por la violencia La presidenta de M\u00e9xico, Claudia Sheinbaum Pardo, asegur\u00f3 que es el pueblo quien quita a los gobernadores, en referencia las cr\u00edticas contra Rub\u00e9n Rocha Moya en Sinaloa. En la conferencia matutina de Palacio Nacional, Sheinbaum [&hellip;]<\/p>\n","protected":false},"author":47,"featured_media":100357,"comment_status":"closed","ping_status":"open","sticky":false,"template":"","format":"standard","meta":{"tdm_status":"","tdm_grid_status":"","footnotes":""},"categories":[37],"tags":[],"class_list":{"0":"post-100359","1":"post","2":"type-post","3":"status-publish","4":"format-standard","5":"has-post-thumbnail","7":"category-nota-principal"},"yoast_head":"<!-- This site is optimized with the Yoast SEO plugin v27.5 - https:\/\/yoast.com\/product\/yoast-seo-wordpress\/ -->\n<title>Pueblo quita y pone a gobernadores, no la presidenta: Sheinbaum sobre cr\u00edticas a Rub\u00e9n Rocha - Fuentes Fidedignas<\/title>\n<meta name=\"robots\" content=\"index, follow, max-snippet:-1, max-image-preview:large, max-video-preview:-1\" \/>\n<link rel=\"canonical\" href=\"https:\/\/fuentesfidedignas.com.mx\/index.php\/2025\/01\/28\/pueblo-quita-y-pone-a-gobernadores-no-la-presidenta-sheinbaum-sobre-criticas-a-ruben-rocha\/\" \/>\n<meta property=\"og:locale\" content=\"es_MX\" \/>\n<meta property=\"og:type\" content=\"article\" \/>\n<meta property=\"og:title\" content=\"Pueblo quita y pone a gobernadores, no la presidenta: Sheinbaum sobre cr\u00edticas a Rub\u00e9n Rocha - Fuentes Fidedignas\" \/>\n<meta property=\"og:description\" content=\"Sheinbaum respondi\u00f3 a las exigencias de manifestantes en Sinaloa, quienes exigen la destituci\u00f3n del gobernador Rub\u00e9n Rocha por la violencia La presidenta de M\u00e9xico, Claudia Sheinbaum Pardo, asegur\u00f3 que es el pueblo quien quita a los gobernadores, en referencia las cr\u00edticas contra Rub\u00e9n Rocha Moya en Sinaloa. En la conferencia matutina de Palacio Nacional, Sheinbaum [&hellip;]\" \/>\n<meta property=\"og:url\" content=\"https:\/\/fuentesfidedignas.com.mx\/index.php\/2025\/01\/28\/pueblo-quita-y-pone-a-gobernadores-no-la-presidenta-sheinbaum-sobre-criticas-a-ruben-rocha\/\" \/>\n<meta property=\"og:site_name\" content=\"Fuentes Fidedignas\" \/>\n<meta property=\"article:publisher\" content=\"https:\/\/www.facebook.com\/Fuentes-Fidedignas-368234489921644\" \/>\n<meta property=\"article:published_time\" content=\"2025-01-28T16:03:01+00:00\" \/>\n<meta property=\"og:image\" content=\"https:\/\/fuentesfidedignas.com.mx\/wp-content\/uploads\/2025\/01\/img_4452-1.jpg\" \/>\n\t<meta property=\"og:image:width\" content=\"678\" \/>\n\t<meta property=\"og:image:height\" content=\"452\" \/>\n\t<meta property=\"og:image:type\" content=\"image\/jpeg\" \/>\n<meta name=\"author\" content=\"L\u00f3pez D\u00f3riga\" \/>\n<meta name=\"twitter:card\" content=\"summary_large_image\" \/>\n<meta name=\"twitter:creator\" content=\"@fidedignas\" \/>\n<meta name=\"twitter:site\" content=\"@fidedignas\" \/>\n<meta name=\"twitter:label1\" content=\"Escrito por\" \/>\n\t<meta name=\"twitter:data1\" content=\"L\u00f3pez D\u00f3riga\" \/>\n\t<meta name=\"twitter:label2\" content=\"Tiempo de lectura\" \/>\n\t<meta name=\"twitter:data2\" content=\"2 minutos\" \/>\n<script type=\"application\/ld+json\" class=\"yoast-schema-graph\">{\"@context\":\"https:\\\/\\\/schema.org\",\"@graph\":[{\"@type\":\"Article\",\"@id\":\"https:\\\/\\\/fuentesfidedignas.com.mx\\\/index.php\\\/2025\\\/01\\\/28\\\/pueblo-quita-y-pone-a-gobernadores-no-la-presidenta-sheinbaum-sobre-criticas-a-ruben-rocha\\\/#article\",\"isPartOf\":{\"@id\":\"https:\\\/\\\/fuentesfidedignas.com.mx\\\/index.php\\\/2025\\\/01\\\/28\\\/pueblo-quita-y-pone-a-gobernadores-no-la-presidenta-sheinbaum-sobre-criticas-a-ruben-rocha\\\/\"},\"author\":{\"name\":\"L\u00f3pez D\u00f3riga\",\"@id\":\"https:\\\/\\\/fuentesfidedignas.com.mx\\\/#\\\/schema\\\/person\\\/67d852f0557c8509146a4b9ddebd543a\"},\"headline\":\"Pueblo quita y pone a gobernadores, no la presidenta: Sheinbaum sobre cr\u00edticas a Rub\u00e9n Rocha\",\"datePublished\":\"2025-01-28T16:03:01+00:00\",\"mainEntityOfPage\":{\"@id\":\"https:\\\/\\\/fuentesfidedignas.com.mx\\\/index.php\\\/2025\\\/01\\\/28\\\/pueblo-quita-y-pone-a-gobernadores-no-la-presidenta-sheinbaum-sobre-criticas-a-ruben-rocha\\\/\"},\"wordCount\":442,\"publisher\":{\"@id\":\"https:\\\/\\\/fuentesfidedignas.com.mx\\\/#organization\"},\"image\":{\"@id\":\"https:\\\/\\\/fuentesfidedignas.com.mx\\\/index.php\\\/2025\\\/01\\\/28\\\/pueblo-quita-y-pone-a-gobernadores-no-la-presidenta-sheinbaum-sobre-criticas-a-ruben-rocha\\\/#primaryimage\"},\"thumbnailUrl\":\"https:\\\/\\\/fuentesfidedignas.com.mx\\\/wp-content\\\/uploads\\\/2025\\\/01\\\/img_4452-1.jpg\",\"articleSection\":[\"NOTA PRINCIPAL\"],\"inLanguage\":\"es\"},{\"@type\":\"WebPage\",\"@id\":\"https:\\\/\\\/fuentesfidedignas.com.mx\\\/index.php\\\/2025\\\/01\\\/28\\\/pueblo-quita-y-pone-a-gobernadores-no-la-presidenta-sheinbaum-sobre-criticas-a-ruben-rocha\\\/\",\"url\":\"https:\\\/\\\/fuentesfidedignas.com.mx\\\/index.php\\\/2025\\\/01\\\/28\\\/pueblo-quita-y-pone-a-gobernadores-no-la-presidenta-sheinbaum-sobre-criticas-a-ruben-rocha\\\/\",\"name\":\"Pueblo quita y pone a gobernadores, no la presidenta: Sheinbaum sobre cr\u00edticas a Rub\u00e9n Rocha - Fuentes Fidedignas\",\"isPartOf\":{\"@id\":\"https:\\\/\\\/fuentesfidedignas.com.mx\\\/#website\"},\"primaryImageOfPage\":{\"@id\":\"https:\\\/\\\/fuentesfidedignas.com.mx\\\/index.php\\\/2025\\\/01\\\/28\\\/pueblo-quita-y-pone-a-gobernadores-no-la-presidenta-sheinbaum-sobre-criticas-a-ruben-rocha\\\/#primaryimage\"},\"image\":{\"@id\":\"https:\\\/\\\/fuentesfidedignas.com.mx\\\/index.php\\\/2025\\\/01\\\/28\\\/pueblo-quita-y-pone-a-gobernadores-no-la-presidenta-sheinbaum-sobre-criticas-a-ruben-rocha\\\/#primaryimage\"},\"thumbnailUrl\":\"https:\\\/\\\/fuentesfidedignas.com.mx\\\/wp-content\\\/uploads\\\/2025\\\/01\\\/img_4452-1.jpg\",\"datePublished\":\"2025-01-28T16:03:01+00:00\",\"breadcrumb\":{\"@id\":\"https:\\\/\\\/fuentesfidedignas.com.mx\\\/index.php\\\/2025\\\/01\\\/28\\\/pueblo-quita-y-pone-a-gobernadores-no-la-presidenta-sheinbaum-sobre-criticas-a-ruben-rocha\\\/#breadcrumb\"},\"inLanguage\":\"es\",\"potentialAction\":[{\"@type\":\"ReadAction\",\"target\":[\"https:\\\/\\\/fuentesfidedignas.com.mx\\\/index.php\\\/2025\\\/01\\\/28\\\/pueblo-quita-y-pone-a-gobernadores-no-la-presidenta-sheinbaum-sobre-criticas-a-ruben-rocha\\\/\"]}]},{\"@type\":\"ImageObject\",\"inLanguage\":\"es\",\"@id\":\"https:\\\/\\\/fuentesfidedignas.com.mx\\\/index.php\\\/2025\\\/01\\\/28\\\/pueblo-quita-y-pone-a-gobernadores-no-la-presidenta-sheinbaum-sobre-criticas-a-ruben-rocha\\\/#primaryimage\",\"url\":\"https:\\\/\\\/fuentesfidedignas.com.mx\\\/wp-content\\\/uploads\\\/2025\\\/01\\\/img_4452-1.jpg\",\"contentUrl\":\"https:\\\/\\\/fuentesfidedignas.com.mx\\\/wp-content\\\/uploads\\\/2025\\\/01\\\/img_4452-1.jpg\",\"width\":678,\"height\":452},{\"@type\":\"BreadcrumbList\",\"@id\":\"https:\\\/\\\/fuentesfidedignas.com.mx\\\/index.php\\\/2025\\\/01\\\/28\\\/pueblo-quita-y-pone-a-gobernadores-no-la-presidenta-sheinbaum-sobre-criticas-a-ruben-rocha\\\/#breadcrumb\",\"itemListElement\":[{\"@type\":\"ListItem\",\"position\":1,\"name\":\"Inicio\",\"item\":\"https:\\\/\\\/fuentesfidedignas.com.mx\\\/\"},{\"@type\":\"ListItem\",\"position\":2,\"name\":\"Pueblo quita y pone a gobernadores, no la presidenta: Sheinbaum sobre cr\u00edticas a Rub\u00e9n Rocha\"}]},{\"@type\":\"WebSite\",\"@id\":\"https:\\\/\\\/fuentesfidedignas.com.mx\\\/#website\",\"url\":\"https:\\\/\\\/fuentesfidedignas.com.mx\\\/\",\"name\":\"Fuentes Fidedignas\",\"description\":\"Otro sitio realizado con WordPress\",\"publisher\":{\"@id\":\"https:\\\/\\\/fuentesfidedignas.com.mx\\\/#organization\"},\"potentialAction\":[{\"@type\":\"SearchAction\",\"target\":{\"@type\":\"EntryPoint\",\"urlTemplate\":\"https:\\\/\\\/fuentesfidedignas.com.mx\\\/?s={search_term_string}\"},\"query-input\":{\"@type\":\"PropertyValueSpecification\",\"valueRequired\":true,\"valueName\":\"search_term_string\"}}],\"inLanguage\":\"es\"},{\"@type\":\"Organization\",\"@id\":\"https:\\\/\\\/fuentesfidedignas.com.mx\\\/#organization\",\"name\":\"Fuentes Fidedignas\",\"url\":\"https:\\\/\\\/fuentesfidedignas.com.mx\\\/\",\"logo\":{\"@type\":\"ImageObject\",\"inLanguage\":\"es\",\"@id\":\"https:\\\/\\\/fuentesfidedignas.com.mx\\\/#\\\/schema\\\/logo\\\/image\\\/\",\"url\":\"https:\\\/\\\/fuentesfidedignas.com.mx\\\/wp-content\\\/uploads\\\/2021\\\/04\\\/logo-retina.png\",\"contentUrl\":\"https:\\\/\\\/fuentesfidedignas.com.mx\\\/wp-content\\\/uploads\\\/2021\\\/04\\\/logo-retina.png\",\"width\":280,\"height\":51,\"caption\":\"Fuentes Fidedignas\"},\"image\":{\"@id\":\"https:\\\/\\\/fuentesfidedignas.com.mx\\\/#\\\/schema\\\/logo\\\/image\\\/\"},\"sameAs\":[\"https:\\\/\\\/www.facebook.com\\\/Fuentes-Fidedignas-368234489921644\",\"https:\\\/\\\/x.com\\\/fidedignas\"]},{\"@type\":\"Person\",\"@id\":\"https:\\\/\\\/fuentesfidedignas.com.mx\\\/#\\\/schema\\\/person\\\/67d852f0557c8509146a4b9ddebd543a\",\"name\":\"L\u00f3pez D\u00f3riga\",\"image\":{\"@type\":\"ImageObject\",\"inLanguage\":\"es\",\"@id\":\"https:\\\/\\\/secure.gravatar.com\\\/avatar\\\/e525b06574ca18b33cded59dfe5778d6c823b9513154eff47da551b0551bdd1e?s=96&d=mm&r=g\",\"url\":\"https:\\\/\\\/secure.gravatar.com\\\/avatar\\\/e525b06574ca18b33cded59dfe5778d6c823b9513154eff47da551b0551bdd1e?s=96&d=mm&r=g\",\"contentUrl\":\"https:\\\/\\\/secure.gravatar.com\\\/avatar\\\/e525b06574ca18b33cded59dfe5778d6c823b9513154eff47da551b0551bdd1e?s=96&d=mm&r=g\",\"caption\":\"L\u00f3pez D\u00f3riga\"},\"url\":\"https:\\\/\\\/fuentesfidedignas.com.mx\\\/index.php\\\/author\\\/doriga\\\/\"}]}<\/script>\n<!-- \/ Yoast SEO plugin. -->","yoast_head_json":{"title":"Pueblo quita y pone a gobernadores, no la presidenta: Sheinbaum sobre cr\u00edticas a Rub\u00e9n Rocha - Fuentes Fidedignas","robots":{"index":"index","follow":"follow","max-snippet":"max-snippet:-1","max-image-preview":"max-image-preview:large","max-video-preview":"max-video-preview:-1"},"canonical":"https:\/\/fuentesfidedignas.com.mx\/index.php\/2025\/01\/28\/pueblo-quita-y-pone-a-gobernadores-no-la-presidenta-sheinbaum-sobre-criticas-a-ruben-rocha\/","og_locale":"es_MX","og_type":"article","og_title":"Pueblo quita y pone a gobernadores, no la presidenta: Sheinbaum sobre cr\u00edticas a Rub\u00e9n Rocha - Fuentes Fidedignas","og_description":"Sheinbaum respondi\u00f3 a las exigencias de manifestantes en Sinaloa, quienes exigen la destituci\u00f3n del gobernador Rub\u00e9n Rocha por la violencia La presidenta de M\u00e9xico, Claudia Sheinbaum Pardo, asegur\u00f3 que es el pueblo quien quita a los gobernadores, en referencia las cr\u00edticas contra Rub\u00e9n Rocha Moya en Sinaloa. En la conferencia matutina de Palacio Nacional, Sheinbaum [&hellip;]","og_url":"https:\/\/fuentesfidedignas.com.mx\/index.php\/2025\/01\/28\/pueblo-quita-y-pone-a-gobernadores-no-la-presidenta-sheinbaum-sobre-criticas-a-ruben-rocha\/","og_site_name":"Fuentes Fidedignas","article_publisher":"https:\/\/www.facebook.com\/Fuentes-Fidedignas-368234489921644","article_published_time":"2025-01-28T16:03:01+00:00","og_image":[{"width":678,"height":452,"url":"https:\/\/fuentesfidedignas.com.mx\/wp-content\/uploads\/2025\/01\/img_4452-1.jpg","type":"image\/jpeg"}],"author":"L\u00f3pez D\u00f3riga","twitter_card":"summary_large_image","twitter_creator":"@fidedignas","twitter_site":"@fidedignas","twitter_misc":{"Escrito por":"L\u00f3pez D\u00f3riga","Tiempo de lectura":"2 minutos"},"schema":{"@context":"https:\/\/schema.org","@graph":[{"@type":"Article","@id":"https:\/\/fuentesfidedignas.com.mx\/index.php\/2025\/01\/28\/pueblo-quita-y-pone-a-gobernadores-no-la-presidenta-sheinbaum-sobre-criticas-a-ruben-rocha\/#article","isPartOf":{"@id":"https:\/\/fuentesfidedignas.com.mx\/index.php\/2025\/01\/28\/pueblo-quita-y-pone-a-gobernadores-no-la-presidenta-sheinbaum-sobre-criticas-a-ruben-rocha\/"},"author":{"name":"L\u00f3pez D\u00f3riga","@id":"https:\/\/fuentesfidedignas.com.mx\/#\/schema\/person\/67d852f0557c8509146a4b9ddebd543a"},"headline":"Pueblo quita y pone a gobernadores, no la presidenta: Sheinbaum sobre cr\u00edticas a Rub\u00e9n Rocha","datePublished":"2025-01-28T16:03:01+00:00","mainEntityOfPage":{"@id":"https:\/\/fuentesfidedignas.com.mx\/index.php\/2025\/01\/28\/pueblo-quita-y-pone-a-gobernadores-no-la-presidenta-sheinbaum-sobre-criticas-a-ruben-rocha\/"},"wordCount":442,"publisher":{"@id":"https:\/\/fuentesfidedignas.com.mx\/#organization"},"image":{"@id":"https:\/\/fuentesfidedignas.com.mx\/index.php\/2025\/01\/28\/pueblo-quita-y-pone-a-gobernadores-no-la-presidenta-sheinbaum-sobre-criticas-a-ruben-rocha\/#primaryimage"},"thumbnailUrl":"https:\/\/fuentesfidedignas.com.mx\/wp-content\/uploads\/2025\/01\/img_4452-1.jpg","articleSection":["NOTA PRINCIPAL"],"inLanguage":"es"},{"@type":"WebPage","@id":"https:\/\/fuentesfidedignas.com.mx\/index.php\/2025\/01\/28\/pueblo-quita-y-pone-a-gobernadores-no-la-presidenta-sheinbaum-sobre-criticas-a-ruben-rocha\/","url":"https:\/\/fuentesfidedignas.com.mx\/index.php\/2025\/01\/28\/pueblo-quita-y-pone-a-gobernadores-no-la-presidenta-sheinbaum-sobre-criticas-a-ruben-rocha\/","name":"Pueblo quita y pone a gobernadores, no la presidenta: Sheinbaum sobre cr\u00edticas a Rub\u00e9n Rocha - Fuentes Fidedignas","isPartOf":{"@id":"https:\/\/fuentesfidedignas.com.mx\/#website"},"primaryImageOfPage":{"@id":"https:\/\/fuentesfidedignas.com.mx\/index.php\/2025\/01\/28\/pueblo-quita-y-pone-a-gobernadores-no-la-presidenta-sheinbaum-sobre-criticas-a-ruben-rocha\/#primaryimage"},"image":{"@id":"https:\/\/fuentesfidedignas.com.mx\/index.php\/2025\/01\/28\/pueblo-quita-y-pone-a-gobernadores-no-la-presidenta-sheinbaum-sobre-criticas-a-ruben-rocha\/#primaryimage"},"thumbnailUrl":"https:\/\/fuentesfidedignas.com.mx\/wp-content\/uploads\/2025\/01\/img_4452-1.jpg","datePublished":"2025-01-28T16:03:01+00:00","breadcrumb":{"@id":"https:\/\/fuentesfidedignas.com.mx\/index.php\/2025\/01\/28\/pueblo-quita-y-pone-a-gobernadores-no-la-presidenta-sheinbaum-sobre-criticas-a-ruben-rocha\/#breadcrumb"},"inLanguage":"es","potentialAction":[{"@type":"ReadAction","target":["https:\/\/fuentesfidedignas.com.mx\/index.php\/2025\/01\/28\/pueblo-quita-y-pone-a-gobernadores-no-la-presidenta-sheinbaum-sobre-criticas-a-ruben-rocha\/"]}]},{"@type":"ImageObject","inLanguage":"es","@id":"https:\/\/fuentesfidedignas.com.mx\/index.php\/2025\/01\/28\/pueblo-quita-y-pone-a-gobernadores-no-la-presidenta-sheinbaum-sobre-criticas-a-ruben-rocha\/#primaryimage","url":"https:\/\/fuentesfidedignas.com.mx\/wp-content\/uploads\/2025\/01\/img_4452-1.jpg","contentUrl":"https:\/\/fuentesfidedignas.com.mx\/wp-content\/uploads\/2025\/01\/img_4452-1.jpg","width":678,"height":452},{"@type":"BreadcrumbList","@id":"https:\/\/fuentesfidedignas.com.mx\/index.php\/2025\/01\/28\/pueblo-quita-y-pone-a-gobernadores-no-la-presidenta-sheinbaum-sobre-criticas-a-ruben-rocha\/#breadcrumb","itemListElement":[{"@type":"ListItem","position":1,"name":"Inicio","item":"https:\/\/fuentesfidedignas.com.mx\/"},{"@type":"ListItem","position":2,"name":"Pueblo quita y pone a gobernadores, no la presidenta: Sheinbaum sobre cr\u00edticas a Rub\u00e9n Rocha"}]},{"@type":"WebSite","@id":"https:\/\/fuentesfidedignas.com.mx\/#website","url":"https:\/\/fuentesfidedignas.com.mx\/","name":"Fuentes Fidedignas","description":"Otro sitio realizado con WordPress","publisher":{"@id":"https:\/\/fuentesfidedignas.com.mx\/#organization"},"potentialAction":[{"@type":"SearchAction","target":{"@type":"EntryPoint","urlTemplate":"https:\/\/fuentesfidedignas.com.mx\/?s={search_term_string}"},"query-input":{"@type":"PropertyValueSpecification","valueRequired":true,"valueName":"search_term_string"}}],"inLanguage":"es"},{"@type":"Organization","@id":"https:\/\/fuentesfidedignas.com.mx\/#organization","name":"Fuentes Fidedignas","url":"https:\/\/fuentesfidedignas.com.mx\/","logo":{"@type":"ImageObject","inLanguage":"es","@id":"https:\/\/fuentesfidedignas.com.mx\/#\/schema\/logo\/image\/","url":"https:\/\/fuentesfidedignas.com.mx\/wp-content\/uploads\/2021\/04\/logo-retina.png","contentUrl":"https:\/\/fuentesfidedignas.com.mx\/wp-content\/uploads\/2021\/04\/logo-retina.png","width":280,"height":51,"caption":"Fuentes Fidedignas"},"image":{"@id":"https:\/\/fuentesfidedignas.com.mx\/#\/schema\/logo\/image\/"},"sameAs":["https:\/\/www.facebook.com\/Fuentes-Fidedignas-368234489921644","https:\/\/x.com\/fidedignas"]},{"@type":"Person","@id":"https:\/\/fuentesfidedignas.com.mx\/#\/schema\/person\/67d852f0557c8509146a4b9ddebd543a","name":"L\u00f3pez D\u00f3riga","image":{"@type":"ImageObject","inLanguage":"es","@id":"https:\/\/secure.gravatar.com\/avatar\/e525b06574ca18b33cded59dfe5778d6c823b9513154eff47da551b0551bdd1e?s=96&d=mm&r=g","url":"https:\/\/secure.gravatar.com\/avatar\/e525b06574ca18b33cded59dfe5778d6c823b9513154eff47da551b0551bdd1e?s=96&d=mm&r=g","contentUrl":"https:\/\/secure.gravatar.com\/avatar\/e525b06574ca18b33cded59dfe5778d6c823b9513154eff47da551b0551bdd1e?s=96&d=mm&r=g","caption":"L\u00f3pez D\u00f3riga"},"url":"https:\/\/fuentesfidedignas.com.mx\/index.php\/author\/doriga\/"}]}},"_links":{"self":[{"href":"https:\/\/fuentesfidedignas.com.mx\/index.php\/wp-json\/wp\/v2\/posts\/100359","targetHints":{"allow":["GET"]}}],"collection":[{"href":"https:\/\/fuentesfidedignas.com.mx\/index.php\/wp-json\/wp\/v2\/posts"}],"about":[{"href":"https:\/\/fuentesfidedignas.com.mx\/index.php\/wp-json\/wp\/v2\/types\/post"}],"author":[{"embeddable":true,"href":"https:\/\/fuentesfidedignas.com.mx\/index.php\/wp-json\/wp\/v2\/users\/47"}],"replies":[{"embeddable":true,"href":"https:\/\/fuentesfidedignas.com.mx\/index.php\/wp-json\/wp\/v2\/comments?post=100359"}],"version-history":[{"count":1,"href":"https:\/\/fuentesfidedignas.com.mx\/index.php\/wp-json\/wp\/v2\/posts\/100359\/revisions"}],"predecessor-version":[{"id":100360,"href":"https:\/\/fuentesfidedignas.com.mx\/index.php\/wp-json\/wp\/v2\/posts\/100359\/revisions\/100360"}],"wp:featuredmedia":[{"embeddable":true,"href":"https:\/\/fuentesfidedignas.com.mx\/index.php\/wp-json\/wp\/v2\/media\/100357"}],"wp:attachment":[{"href":"https:\/\/fuentesfidedignas.com.mx\/index.php\/wp-json\/wp\/v2\/media?parent=100359"}],"wp:term":[{"taxonomy":"category","embeddable":true,"href":"https:\/\/fuentesfidedignas.com.mx\/index.php\/wp-json\/wp\/v2\/categories?post=100359"},{"taxonomy":"post_tag","embeddable":true,"href":"https:\/\/fuentesfidedignas.com.mx\/index.php\/wp-json\/wp\/v2\/tags?post=100359"}],"curies":[{"name":"wp","href":"https:\/\/api.w.org\/{rel}","templated":true}]}}