{"id":100255,"date":"2025-01-27T04:29:00","date_gmt":"2025-01-27T11:29:00","guid":{"rendered":"https:\/\/fuentesfidedignas.com.mx\/?p=100255"},"modified":"2025-01-26T20:35:23","modified_gmt":"2025-01-27T03:35:23","slug":"video-hombre-encuentra-a-su-perrito-perdido-5-dias-por-los-incendios-de-la-asi-fue-el-reencuentro","status":"publish","type":"post","link":"https:\/\/fuentesfidedignas.com.mx\/index.php\/2025\/01\/27\/video-hombre-encuentra-a-su-perrito-perdido-5-dias-por-los-incendios-de-la-asi-fue-el-reencuentro\/","title":{"rendered":"VIDEO: Hombre encuentra a su perrito perdido 5 d\u00edas por los incendios de LA; as\u00ed fue el reencuentro"},"content":{"rendered":"\n<p><strong><em>A trav\u00e9s de redes sociales es que se ha hecho viral la noticia que ha enternecido a las redes<\/em><\/strong><\/p>\n\n\n\n<p>La ciudad estadunidense de Los \u00c1ngeles ha vivido momentos dif\u00edciles despu\u00e9s de que los incendios forestales incontrolables llegaran a las comunidades arrasando con todas las casas que estaban a su paso.<\/p>\n\n\n\n<p>Muchas fueron las personas que han tenido p\u00e9rdidas materiales, pero para Casey Colvin el dolor no fue perder su casa, sino que uno de sus perritos, el cual se llamaba Oreo, se extravi\u00f3 y a pesar de que muchos le dec\u00edan que se resignara a lo peor el hombre lo busc\u00f3 hasta el cansancio.<\/p>\n\n\n\n<p><strong>Perrito sobrevive a los incendios en Los \u00c1ngeles y se encuentra con su due\u00f1o<\/strong><br>A trav\u00e9s de redes sociales se ha hecho viral la historia de un hombre originario de Los \u00c1ngeles llamado Casey Colvin, quien con l\u00e1grimas revel\u00f3 que hab\u00eda perdido a su peque\u00f1a Oreo, una perrita que se habr\u00eda extraviado durante la evacuaci\u00f3n de los incendios.<\/p>\n\n\n\n<p>El hombre con mucha decisi\u00f3n, una vez que las cosas mejoraron, se decidi\u00f3 a buscar a su fiel compa\u00f1era en los escombros con ayuda de vecinos y el cuerpo de bomberos, incluso plane\u00f3 dormir frente a las ruinas de su casa, pues esta se habr\u00eda quemado completamente.<\/p>\n\n\n\n<p>Esta decisi\u00f3n fue porque le habr\u00eda avisado sobre avistamientos de un perrito que durmi\u00f3 en los restos de la chimenea, pero al hombre no le permitieron quedarse a hacer guardia por lo peligroso que resultar\u00eda.<\/p>\n\n\n\n<p>Cabe se\u00f1alar que los esfuerzos de Casey no fueron en vano y despu\u00e9s de 5 d\u00edas se logr\u00f3 reencontrar con Oreo, en una emotiva postal que se ha hecho viral y ha creado esperanza para las personas de Los \u00c1ngeles.<\/p>\n\n\n\n<figure class=\"wp-block-embed is-type-rich is-provider-twitter wp-block-embed-twitter\"><div class=\"wp-block-embed__wrapper\">\n<blockquote class=\"twitter-tweet\" data-width=\"550\" data-dnt=\"true\"><p lang=\"en\" dir=\"ltr\">HEARTWARMING \u2014 A California man who lost his home in the Palisades fire finds his dog Oreo is alive after 5 days in rubble.<br><br> <a href=\"https:\/\/t.co\/yAt7tGgaCr\">pic.twitter.com\/yAt7tGgaCr<\/a><\/p>&mdash; Toria Brooke (@realtoriabrooke) <a href=\"https:\/\/twitter.com\/realtoriabrooke\/status\/1878568677852725628?ref_src=twsrc%5Etfw\">January 12, 2025<\/a><\/blockquote><script async src=\"https:\/\/platform.twitter.com\/widgets.js\" charset=\"utf-8\"><\/script>\n<\/div><\/figure>\n","protected":false},"excerpt":{"rendered":"<p>A trav\u00e9s de redes sociales es que se ha hecho viral la noticia que ha enternecido a las redes La ciudad estadunidense de Los \u00c1ngeles ha vivido momentos dif\u00edciles despu\u00e9s de que los incendios forestales incontrolables llegaran a las comunidades arrasando con todas las casas que estaban a su paso. Muchas fueron las personas que [&hellip;]<\/p>\n","protected":false},"author":9,"featured_media":100256,"comment_status":"open","ping_status":"open","sticky":false,"template":"","format":"standard","meta":{"tdm_status":"","tdm_grid_status":"","footnotes":""},"categories":[40],"tags":[],"class_list":{"0":"post-100255","1":"post","2":"type-post","3":"status-publish","4":"format-standard","5":"has-post-thumbnail","7":"category-las-asombrosas"},"yoast_head":"<!-- This site is optimized with the Yoast SEO plugin v27.5 - https:\/\/yoast.com\/product\/yoast-seo-wordpress\/ -->\n<title>VIDEO: Hombre encuentra a su perrito perdido 5 d\u00edas por los incendios de LA; as\u00ed fue el reencuentro - Fuentes Fidedignas<\/title>\n<meta name=\"robots\" content=\"index, follow, max-snippet:-1, max-image-preview:large, max-video-preview:-1\" \/>\n<link rel=\"canonical\" href=\"https:\/\/fuentesfidedignas.com.mx\/index.php\/2025\/01\/27\/video-hombre-encuentra-a-su-perrito-perdido-5-dias-por-los-incendios-de-la-asi-fue-el-reencuentro\/\" \/>\n<meta property=\"og:locale\" content=\"es_MX\" \/>\n<meta property=\"og:type\" content=\"article\" \/>\n<meta property=\"og:title\" content=\"VIDEO: Hombre encuentra a su perrito perdido 5 d\u00edas por los incendios de LA; as\u00ed fue el reencuentro - Fuentes Fidedignas\" \/>\n<meta property=\"og:description\" content=\"A trav\u00e9s de redes sociales es que se ha hecho viral la noticia que ha enternecido a las redes La ciudad estadunidense de Los \u00c1ngeles ha vivido momentos dif\u00edciles despu\u00e9s de que los incendios forestales incontrolables llegaran a las comunidades arrasando con todas las casas que estaban a su paso. Muchas fueron las personas que [&hellip;]\" \/>\n<meta property=\"og:url\" content=\"https:\/\/fuentesfidedignas.com.mx\/index.php\/2025\/01\/27\/video-hombre-encuentra-a-su-perrito-perdido-5-dias-por-los-incendios-de-la-asi-fue-el-reencuentro\/\" \/>\n<meta property=\"og:site_name\" content=\"Fuentes Fidedignas\" \/>\n<meta property=\"article:publisher\" content=\"https:\/\/www.facebook.com\/Fuentes-Fidedignas-368234489921644\" \/>\n<meta property=\"article:published_time\" content=\"2025-01-27T11:29:00+00:00\" \/>\n<meta property=\"og:image\" content=\"https:\/\/fuentesfidedignas.com.mx\/wp-content\/uploads\/2025\/01\/perrito_perdido.jpg\" \/>\n\t<meta property=\"og:image:width\" content=\"600\" \/>\n\t<meta property=\"og:image:height\" content=\"379\" \/>\n\t<meta property=\"og:image:type\" content=\"image\/jpeg\" \/>\n<meta name=\"author\" content=\"Milenio\" \/>\n<meta name=\"twitter:card\" content=\"summary_large_image\" \/>\n<meta name=\"twitter:creator\" content=\"@fidedignas\" \/>\n<meta name=\"twitter:site\" content=\"@fidedignas\" \/>\n<meta name=\"twitter:label1\" content=\"Escrito por\" \/>\n\t<meta name=\"twitter:data1\" content=\"Milenio\" \/>\n\t<meta name=\"twitter:label2\" content=\"Tiempo de lectura\" \/>\n\t<meta name=\"twitter:data2\" content=\"2 minutos\" \/>\n<script type=\"application\/ld+json\" class=\"yoast-schema-graph\">{\"@context\":\"https:\\\/\\\/schema.org\",\"@graph\":[{\"@type\":\"Article\",\"@id\":\"https:\\\/\\\/fuentesfidedignas.com.mx\\\/index.php\\\/2025\\\/01\\\/27\\\/video-hombre-encuentra-a-su-perrito-perdido-5-dias-por-los-incendios-de-la-asi-fue-el-reencuentro\\\/#article\",\"isPartOf\":{\"@id\":\"https:\\\/\\\/fuentesfidedignas.com.mx\\\/index.php\\\/2025\\\/01\\\/27\\\/video-hombre-encuentra-a-su-perrito-perdido-5-dias-por-los-incendios-de-la-asi-fue-el-reencuentro\\\/\"},\"author\":{\"name\":\"Milenio\",\"@id\":\"https:\\\/\\\/fuentesfidedignas.com.mx\\\/#\\\/schema\\\/person\\\/47ec0135738f4b0c7495f06a77a2c976\"},\"headline\":\"VIDEO: Hombre encuentra a su perrito perdido 5 d\u00edas por los incendios de LA; as\u00ed fue el reencuentro\",\"datePublished\":\"2025-01-27T11:29:00+00:00\",\"mainEntityOfPage\":{\"@id\":\"https:\\\/\\\/fuentesfidedignas.com.mx\\\/index.php\\\/2025\\\/01\\\/27\\\/video-hombre-encuentra-a-su-perrito-perdido-5-dias-por-los-incendios-de-la-asi-fue-el-reencuentro\\\/\"},\"wordCount\":327,\"commentCount\":0,\"publisher\":{\"@id\":\"https:\\\/\\\/fuentesfidedignas.com.mx\\\/#organization\"},\"image\":{\"@id\":\"https:\\\/\\\/fuentesfidedignas.com.mx\\\/index.php\\\/2025\\\/01\\\/27\\\/video-hombre-encuentra-a-su-perrito-perdido-5-dias-por-los-incendios-de-la-asi-fue-el-reencuentro\\\/#primaryimage\"},\"thumbnailUrl\":\"https:\\\/\\\/fuentesfidedignas.com.mx\\\/wp-content\\\/uploads\\\/2025\\\/01\\\/perrito_perdido.jpg\",\"articleSection\":[\"LAS ASOMBROSAS\"],\"inLanguage\":\"es\",\"potentialAction\":[{\"@type\":\"CommentAction\",\"name\":\"Comment\",\"target\":[\"https:\\\/\\\/fuentesfidedignas.com.mx\\\/index.php\\\/2025\\\/01\\\/27\\\/video-hombre-encuentra-a-su-perrito-perdido-5-dias-por-los-incendios-de-la-asi-fue-el-reencuentro\\\/#respond\"]}]},{\"@type\":\"WebPage\",\"@id\":\"https:\\\/\\\/fuentesfidedignas.com.mx\\\/index.php\\\/2025\\\/01\\\/27\\\/video-hombre-encuentra-a-su-perrito-perdido-5-dias-por-los-incendios-de-la-asi-fue-el-reencuentro\\\/\",\"url\":\"https:\\\/\\\/fuentesfidedignas.com.mx\\\/index.php\\\/2025\\\/01\\\/27\\\/video-hombre-encuentra-a-su-perrito-perdido-5-dias-por-los-incendios-de-la-asi-fue-el-reencuentro\\\/\",\"name\":\"VIDEO: Hombre encuentra a su perrito perdido 5 d\u00edas por los incendios de LA; as\u00ed fue el reencuentro - Fuentes Fidedignas\",\"isPartOf\":{\"@id\":\"https:\\\/\\\/fuentesfidedignas.com.mx\\\/#website\"},\"primaryImageOfPage\":{\"@id\":\"https:\\\/\\\/fuentesfidedignas.com.mx\\\/index.php\\\/2025\\\/01\\\/27\\\/video-hombre-encuentra-a-su-perrito-perdido-5-dias-por-los-incendios-de-la-asi-fue-el-reencuentro\\\/#primaryimage\"},\"image\":{\"@id\":\"https:\\\/\\\/fuentesfidedignas.com.mx\\\/index.php\\\/2025\\\/01\\\/27\\\/video-hombre-encuentra-a-su-perrito-perdido-5-dias-por-los-incendios-de-la-asi-fue-el-reencuentro\\\/#primaryimage\"},\"thumbnailUrl\":\"https:\\\/\\\/fuentesfidedignas.com.mx\\\/wp-content\\\/uploads\\\/2025\\\/01\\\/perrito_perdido.jpg\",\"datePublished\":\"2025-01-27T11:29:00+00:00\",\"breadcrumb\":{\"@id\":\"https:\\\/\\\/fuentesfidedignas.com.mx\\\/index.php\\\/2025\\\/01\\\/27\\\/video-hombre-encuentra-a-su-perrito-perdido-5-dias-por-los-incendios-de-la-asi-fue-el-reencuentro\\\/#breadcrumb\"},\"inLanguage\":\"es\",\"potentialAction\":[{\"@type\":\"ReadAction\",\"target\":[\"https:\\\/\\\/fuentesfidedignas.com.mx\\\/index.php\\\/2025\\\/01\\\/27\\\/video-hombre-encuentra-a-su-perrito-perdido-5-dias-por-los-incendios-de-la-asi-fue-el-reencuentro\\\/\"]}]},{\"@type\":\"ImageObject\",\"inLanguage\":\"es\",\"@id\":\"https:\\\/\\\/fuentesfidedignas.com.mx\\\/index.php\\\/2025\\\/01\\\/27\\\/video-hombre-encuentra-a-su-perrito-perdido-5-dias-por-los-incendios-de-la-asi-fue-el-reencuentro\\\/#primaryimage\",\"url\":\"https:\\\/\\\/fuentesfidedignas.com.mx\\\/wp-content\\\/uploads\\\/2025\\\/01\\\/perrito_perdido.jpg\",\"contentUrl\":\"https:\\\/\\\/fuentesfidedignas.com.mx\\\/wp-content\\\/uploads\\\/2025\\\/01\\\/perrito_perdido.jpg\",\"width\":600,\"height\":379},{\"@type\":\"BreadcrumbList\",\"@id\":\"https:\\\/\\\/fuentesfidedignas.com.mx\\\/index.php\\\/2025\\\/01\\\/27\\\/video-hombre-encuentra-a-su-perrito-perdido-5-dias-por-los-incendios-de-la-asi-fue-el-reencuentro\\\/#breadcrumb\",\"itemListElement\":[{\"@type\":\"ListItem\",\"position\":1,\"name\":\"Inicio\",\"item\":\"https:\\\/\\\/fuentesfidedignas.com.mx\\\/\"},{\"@type\":\"ListItem\",\"position\":2,\"name\":\"VIDEO: Hombre encuentra a su perrito perdido 5 d\u00edas por los incendios de LA; as\u00ed fue el reencuentro\"}]},{\"@type\":\"WebSite\",\"@id\":\"https:\\\/\\\/fuentesfidedignas.com.mx\\\/#website\",\"url\":\"https:\\\/\\\/fuentesfidedignas.com.mx\\\/\",\"name\":\"Fuentes Fidedignas\",\"description\":\"Otro sitio realizado con WordPress\",\"publisher\":{\"@id\":\"https:\\\/\\\/fuentesfidedignas.com.mx\\\/#organization\"},\"potentialAction\":[{\"@type\":\"SearchAction\",\"target\":{\"@type\":\"EntryPoint\",\"urlTemplate\":\"https:\\\/\\\/fuentesfidedignas.com.mx\\\/?s={search_term_string}\"},\"query-input\":{\"@type\":\"PropertyValueSpecification\",\"valueRequired\":true,\"valueName\":\"search_term_string\"}}],\"inLanguage\":\"es\"},{\"@type\":\"Organization\",\"@id\":\"https:\\\/\\\/fuentesfidedignas.com.mx\\\/#organization\",\"name\":\"Fuentes Fidedignas\",\"url\":\"https:\\\/\\\/fuentesfidedignas.com.mx\\\/\",\"logo\":{\"@type\":\"ImageObject\",\"inLanguage\":\"es\",\"@id\":\"https:\\\/\\\/fuentesfidedignas.com.mx\\\/#\\\/schema\\\/logo\\\/image\\\/\",\"url\":\"https:\\\/\\\/fuentesfidedignas.com.mx\\\/wp-content\\\/uploads\\\/2021\\\/04\\\/logo-retina.png\",\"contentUrl\":\"https:\\\/\\\/fuentesfidedignas.com.mx\\\/wp-content\\\/uploads\\\/2021\\\/04\\\/logo-retina.png\",\"width\":280,\"height\":51,\"caption\":\"Fuentes Fidedignas\"},\"image\":{\"@id\":\"https:\\\/\\\/fuentesfidedignas.com.mx\\\/#\\\/schema\\\/logo\\\/image\\\/\"},\"sameAs\":[\"https:\\\/\\\/www.facebook.com\\\/Fuentes-Fidedignas-368234489921644\",\"https:\\\/\\\/x.com\\\/fidedignas\"]},{\"@type\":\"Person\",\"@id\":\"https:\\\/\\\/fuentesfidedignas.com.mx\\\/#\\\/schema\\\/person\\\/47ec0135738f4b0c7495f06a77a2c976\",\"name\":\"Milenio\",\"image\":{\"@type\":\"ImageObject\",\"inLanguage\":\"es\",\"@id\":\"https:\\\/\\\/secure.gravatar.com\\\/avatar\\\/acabf7b54753e51c2c76457954577c236b3b764789b19879565769739d1e4a75?s=96&d=mm&r=g\",\"url\":\"https:\\\/\\\/secure.gravatar.com\\\/avatar\\\/acabf7b54753e51c2c76457954577c236b3b764789b19879565769739d1e4a75?s=96&d=mm&r=g\",\"contentUrl\":\"https:\\\/\\\/secure.gravatar.com\\\/avatar\\\/acabf7b54753e51c2c76457954577c236b3b764789b19879565769739d1e4a75?s=96&d=mm&r=g\",\"caption\":\"Milenio\"},\"url\":\"https:\\\/\\\/fuentesfidedignas.com.mx\\\/index.php\\\/author\\\/milenio\\\/\"}]}<\/script>\n<!-- \/ Yoast SEO plugin. -->","yoast_head_json":{"title":"VIDEO: Hombre encuentra a su perrito perdido 5 d\u00edas por los incendios de LA; as\u00ed fue el reencuentro - Fuentes Fidedignas","robots":{"index":"index","follow":"follow","max-snippet":"max-snippet:-1","max-image-preview":"max-image-preview:large","max-video-preview":"max-video-preview:-1"},"canonical":"https:\/\/fuentesfidedignas.com.mx\/index.php\/2025\/01\/27\/video-hombre-encuentra-a-su-perrito-perdido-5-dias-por-los-incendios-de-la-asi-fue-el-reencuentro\/","og_locale":"es_MX","og_type":"article","og_title":"VIDEO: Hombre encuentra a su perrito perdido 5 d\u00edas por los incendios de LA; as\u00ed fue el reencuentro - Fuentes Fidedignas","og_description":"A trav\u00e9s de redes sociales es que se ha hecho viral la noticia que ha enternecido a las redes La ciudad estadunidense de Los \u00c1ngeles ha vivido momentos dif\u00edciles despu\u00e9s de que los incendios forestales incontrolables llegaran a las comunidades arrasando con todas las casas que estaban a su paso. Muchas fueron las personas que [&hellip;]","og_url":"https:\/\/fuentesfidedignas.com.mx\/index.php\/2025\/01\/27\/video-hombre-encuentra-a-su-perrito-perdido-5-dias-por-los-incendios-de-la-asi-fue-el-reencuentro\/","og_site_name":"Fuentes Fidedignas","article_publisher":"https:\/\/www.facebook.com\/Fuentes-Fidedignas-368234489921644","article_published_time":"2025-01-27T11:29:00+00:00","og_image":[{"width":600,"height":379,"url":"https:\/\/fuentesfidedignas.com.mx\/wp-content\/uploads\/2025\/01\/perrito_perdido.jpg","type":"image\/jpeg"}],"author":"Milenio","twitter_card":"summary_large_image","twitter_creator":"@fidedignas","twitter_site":"@fidedignas","twitter_misc":{"Escrito por":"Milenio","Tiempo de lectura":"2 minutos"},"schema":{"@context":"https:\/\/schema.org","@graph":[{"@type":"Article","@id":"https:\/\/fuentesfidedignas.com.mx\/index.php\/2025\/01\/27\/video-hombre-encuentra-a-su-perrito-perdido-5-dias-por-los-incendios-de-la-asi-fue-el-reencuentro\/#article","isPartOf":{"@id":"https:\/\/fuentesfidedignas.com.mx\/index.php\/2025\/01\/27\/video-hombre-encuentra-a-su-perrito-perdido-5-dias-por-los-incendios-de-la-asi-fue-el-reencuentro\/"},"author":{"name":"Milenio","@id":"https:\/\/fuentesfidedignas.com.mx\/#\/schema\/person\/47ec0135738f4b0c7495f06a77a2c976"},"headline":"VIDEO: Hombre encuentra a su perrito perdido 5 d\u00edas por los incendios de LA; as\u00ed fue el reencuentro","datePublished":"2025-01-27T11:29:00+00:00","mainEntityOfPage":{"@id":"https:\/\/fuentesfidedignas.com.mx\/index.php\/2025\/01\/27\/video-hombre-encuentra-a-su-perrito-perdido-5-dias-por-los-incendios-de-la-asi-fue-el-reencuentro\/"},"wordCount":327,"commentCount":0,"publisher":{"@id":"https:\/\/fuentesfidedignas.com.mx\/#organization"},"image":{"@id":"https:\/\/fuentesfidedignas.com.mx\/index.php\/2025\/01\/27\/video-hombre-encuentra-a-su-perrito-perdido-5-dias-por-los-incendios-de-la-asi-fue-el-reencuentro\/#primaryimage"},"thumbnailUrl":"https:\/\/fuentesfidedignas.com.mx\/wp-content\/uploads\/2025\/01\/perrito_perdido.jpg","articleSection":["LAS ASOMBROSAS"],"inLanguage":"es","potentialAction":[{"@type":"CommentAction","name":"Comment","target":["https:\/\/fuentesfidedignas.com.mx\/index.php\/2025\/01\/27\/video-hombre-encuentra-a-su-perrito-perdido-5-dias-por-los-incendios-de-la-asi-fue-el-reencuentro\/#respond"]}]},{"@type":"WebPage","@id":"https:\/\/fuentesfidedignas.com.mx\/index.php\/2025\/01\/27\/video-hombre-encuentra-a-su-perrito-perdido-5-dias-por-los-incendios-de-la-asi-fue-el-reencuentro\/","url":"https:\/\/fuentesfidedignas.com.mx\/index.php\/2025\/01\/27\/video-hombre-encuentra-a-su-perrito-perdido-5-dias-por-los-incendios-de-la-asi-fue-el-reencuentro\/","name":"VIDEO: Hombre encuentra a su perrito perdido 5 d\u00edas por los incendios de LA; as\u00ed fue el reencuentro - Fuentes Fidedignas","isPartOf":{"@id":"https:\/\/fuentesfidedignas.com.mx\/#website"},"primaryImageOfPage":{"@id":"https:\/\/fuentesfidedignas.com.mx\/index.php\/2025\/01\/27\/video-hombre-encuentra-a-su-perrito-perdido-5-dias-por-los-incendios-de-la-asi-fue-el-reencuentro\/#primaryimage"},"image":{"@id":"https:\/\/fuentesfidedignas.com.mx\/index.php\/2025\/01\/27\/video-hombre-encuentra-a-su-perrito-perdido-5-dias-por-los-incendios-de-la-asi-fue-el-reencuentro\/#primaryimage"},"thumbnailUrl":"https:\/\/fuentesfidedignas.com.mx\/wp-content\/uploads\/2025\/01\/perrito_perdido.jpg","datePublished":"2025-01-27T11:29:00+00:00","breadcrumb":{"@id":"https:\/\/fuentesfidedignas.com.mx\/index.php\/2025\/01\/27\/video-hombre-encuentra-a-su-perrito-perdido-5-dias-por-los-incendios-de-la-asi-fue-el-reencuentro\/#breadcrumb"},"inLanguage":"es","potentialAction":[{"@type":"ReadAction","target":["https:\/\/fuentesfidedignas.com.mx\/index.php\/2025\/01\/27\/video-hombre-encuentra-a-su-perrito-perdido-5-dias-por-los-incendios-de-la-asi-fue-el-reencuentro\/"]}]},{"@type":"ImageObject","inLanguage":"es","@id":"https:\/\/fuentesfidedignas.com.mx\/index.php\/2025\/01\/27\/video-hombre-encuentra-a-su-perrito-perdido-5-dias-por-los-incendios-de-la-asi-fue-el-reencuentro\/#primaryimage","url":"https:\/\/fuentesfidedignas.com.mx\/wp-content\/uploads\/2025\/01\/perrito_perdido.jpg","contentUrl":"https:\/\/fuentesfidedignas.com.mx\/wp-content\/uploads\/2025\/01\/perrito_perdido.jpg","width":600,"height":379},{"@type":"BreadcrumbList","@id":"https:\/\/fuentesfidedignas.com.mx\/index.php\/2025\/01\/27\/video-hombre-encuentra-a-su-perrito-perdido-5-dias-por-los-incendios-de-la-asi-fue-el-reencuentro\/#breadcrumb","itemListElement":[{"@type":"ListItem","position":1,"name":"Inicio","item":"https:\/\/fuentesfidedignas.com.mx\/"},{"@type":"ListItem","position":2,"name":"VIDEO: Hombre encuentra a su perrito perdido 5 d\u00edas por los incendios de LA; as\u00ed fue el reencuentro"}]},{"@type":"WebSite","@id":"https:\/\/fuentesfidedignas.com.mx\/#website","url":"https:\/\/fuentesfidedignas.com.mx\/","name":"Fuentes Fidedignas","description":"Otro sitio realizado con WordPress","publisher":{"@id":"https:\/\/fuentesfidedignas.com.mx\/#organization"},"potentialAction":[{"@type":"SearchAction","target":{"@type":"EntryPoint","urlTemplate":"https:\/\/fuentesfidedignas.com.mx\/?s={search_term_string}"},"query-input":{"@type":"PropertyValueSpecification","valueRequired":true,"valueName":"search_term_string"}}],"inLanguage":"es"},{"@type":"Organization","@id":"https:\/\/fuentesfidedignas.com.mx\/#organization","name":"Fuentes Fidedignas","url":"https:\/\/fuentesfidedignas.com.mx\/","logo":{"@type":"ImageObject","inLanguage":"es","@id":"https:\/\/fuentesfidedignas.com.mx\/#\/schema\/logo\/image\/","url":"https:\/\/fuentesfidedignas.com.mx\/wp-content\/uploads\/2021\/04\/logo-retina.png","contentUrl":"https:\/\/fuentesfidedignas.com.mx\/wp-content\/uploads\/2021\/04\/logo-retina.png","width":280,"height":51,"caption":"Fuentes Fidedignas"},"image":{"@id":"https:\/\/fuentesfidedignas.com.mx\/#\/schema\/logo\/image\/"},"sameAs":["https:\/\/www.facebook.com\/Fuentes-Fidedignas-368234489921644","https:\/\/x.com\/fidedignas"]},{"@type":"Person","@id":"https:\/\/fuentesfidedignas.com.mx\/#\/schema\/person\/47ec0135738f4b0c7495f06a77a2c976","name":"Milenio","image":{"@type":"ImageObject","inLanguage":"es","@id":"https:\/\/secure.gravatar.com\/avatar\/acabf7b54753e51c2c76457954577c236b3b764789b19879565769739d1e4a75?s=96&d=mm&r=g","url":"https:\/\/secure.gravatar.com\/avatar\/acabf7b54753e51c2c76457954577c236b3b764789b19879565769739d1e4a75?s=96&d=mm&r=g","contentUrl":"https:\/\/secure.gravatar.com\/avatar\/acabf7b54753e51c2c76457954577c236b3b764789b19879565769739d1e4a75?s=96&d=mm&r=g","caption":"Milenio"},"url":"https:\/\/fuentesfidedignas.com.mx\/index.php\/author\/milenio\/"}]}},"_links":{"self":[{"href":"https:\/\/fuentesfidedignas.com.mx\/index.php\/wp-json\/wp\/v2\/posts\/100255","targetHints":{"allow":["GET"]}}],"collection":[{"href":"https:\/\/fuentesfidedignas.com.mx\/index.php\/wp-json\/wp\/v2\/posts"}],"about":[{"href":"https:\/\/fuentesfidedignas.com.mx\/index.php\/wp-json\/wp\/v2\/types\/post"}],"author":[{"embeddable":true,"href":"https:\/\/fuentesfidedignas.com.mx\/index.php\/wp-json\/wp\/v2\/users\/9"}],"replies":[{"embeddable":true,"href":"https:\/\/fuentesfidedignas.com.mx\/index.php\/wp-json\/wp\/v2\/comments?post=100255"}],"version-history":[{"count":1,"href":"https:\/\/fuentesfidedignas.com.mx\/index.php\/wp-json\/wp\/v2\/posts\/100255\/revisions"}],"predecessor-version":[{"id":100257,"href":"https:\/\/fuentesfidedignas.com.mx\/index.php\/wp-json\/wp\/v2\/posts\/100255\/revisions\/100257"}],"wp:featuredmedia":[{"embeddable":true,"href":"https:\/\/fuentesfidedignas.com.mx\/index.php\/wp-json\/wp\/v2\/media\/100256"}],"wp:attachment":[{"href":"https:\/\/fuentesfidedignas.com.mx\/index.php\/wp-json\/wp\/v2\/media?parent=100255"}],"wp:term":[{"taxonomy":"category","embeddable":true,"href":"https:\/\/fuentesfidedignas.com.mx\/index.php\/wp-json\/wp\/v2\/categories?post=100255"},{"taxonomy":"post_tag","embeddable":true,"href":"https:\/\/fuentesfidedignas.com.mx\/index.php\/wp-json\/wp\/v2\/tags?post=100255"}],"curies":[{"name":"wp","href":"https:\/\/api.w.org\/{rel}","templated":true}]}}