{"id":10025,"date":"2021-08-17T08:36:02","date_gmt":"2021-08-17T15:36:02","guid":{"rendered":"https:\/\/fuentesfidedignas.com.mx\/?p=10025"},"modified":"2021-08-17T08:36:04","modified_gmt":"2021-08-17T15:36:04","slug":"eduardo-arellano-felix-el-doctor-no-sera-deportado-a-mexico-ebrard","status":"publish","type":"post","link":"https:\/\/fuentesfidedignas.com.mx\/index.php\/2021\/08\/17\/eduardo-arellano-felix-el-doctor-no-sera-deportado-a-mexico-ebrard\/","title":{"rendered":"Eduardo Arellano F\u00e9lix, \u201cEl Doctor\u201d, no ser\u00e1 deportado a M\u00e9xico: Ebrard"},"content":{"rendered":"\n<p><br><strong><em>De acuerdo con versiones period\u00edsticas, el narcotraficante mexicano que se encontraba preso en EU, recobrar\u00e1 su libertad el pr\u00f3ximo 18 de agosto<\/em><\/strong><\/p>\n\n\n\n<p>Ciudad de M\u00e9xico. El titular de la Secretar\u00eda de Relaciones Exteriores (SRE) canciller Marcelo Ebrard, admiti\u00f3 que posiblemente, el narcotraficante Eduardo Arellano F\u00e9lix alias \u201cEl Doctor\u201d, haya cambiado su condici\u00f3n de testigo ante el gobierno de Estados Unidos, al tiempo que se\u00f1al\u00f3 que no ser\u00e1 deportado a M\u00e9xico el viernes.<\/p>\n\n\n\n<p>Al participar en la conferencia de prensa del presidente Andr\u00e9s Manuel L\u00f3pez Obrador, el canciller confirm\u00f3 que se cambi\u00f3 el estatus de Arellano F\u00e9lix.<\/p>\n\n\n\n<p>\u201c(\u2026) Lo que presumimos es que haya cambiado la condici\u00f3n del testigo, lo vamos a comprobar el d\u00eda de hoy. Es decir, no va a ser deportado el viernes\u201d, se\u00f1al\u00f3.<\/p>\n\n\n\n<p>Al ser cuestionado por un reportero sobre si la Fiscal\u00eda General de la Rep\u00fablica (FGR) tiene alg\u00fan cargo contra el narcotraficante del C\u00e1rtel de Tijuana, Ebrard Casaub\u00f3n se\u00f1al\u00f3 que eso depender\u00e1 de la Fiscal\u00eda.<\/p>\n\n\n\n<p>\u201cDepender\u00eda de la FGR, pero por lo que nosotros hace, confirmo que se cambi\u00f3 el estatus y presumimos que es por el cambi\u00f3 de calidad del procesado..pero lo vamos a precisar por la tarde\u201d, dijo.<\/p>\n","protected":false},"excerpt":{"rendered":"<p>De acuerdo con versiones period\u00edsticas, el narcotraficante mexicano que se encontraba preso en EU, recobrar\u00e1 su libertad el pr\u00f3ximo 18 de agosto Ciudad de M\u00e9xico. El titular de la Secretar\u00eda de Relaciones Exteriores (SRE) canciller Marcelo Ebrard, admiti\u00f3 que posiblemente, el narcotraficante Eduardo Arellano F\u00e9lix alias \u201cEl Doctor\u201d, haya cambiado su condici\u00f3n de testigo ante [&hellip;]<\/p>\n","protected":false},"author":41,"featured_media":10026,"comment_status":"open","ping_status":"open","sticky":false,"template":"","format":"standard","meta":{"tdm_status":"","tdm_grid_status":"","footnotes":""},"categories":[39],"tags":[],"class_list":{"0":"post-10025","1":"post","2":"type-post","3":"status-publish","4":"format-standard","5":"has-post-thumbnail","7":"category-noticias-nacionales"},"yoast_head":"<!-- This site is optimized with the Yoast SEO plugin v27.5 - https:\/\/yoast.com\/product\/yoast-seo-wordpress\/ -->\n<title>Eduardo Arellano F\u00e9lix, \u201cEl Doctor\u201d, no ser\u00e1 deportado a M\u00e9xico: Ebrard - Fuentes Fidedignas<\/title>\n<meta name=\"robots\" content=\"index, follow, max-snippet:-1, max-image-preview:large, max-video-preview:-1\" \/>\n<link rel=\"canonical\" href=\"https:\/\/fuentesfidedignas.com.mx\/index.php\/2021\/08\/17\/eduardo-arellano-felix-el-doctor-no-sera-deportado-a-mexico-ebrard\/\" \/>\n<meta property=\"og:locale\" content=\"es_MX\" \/>\n<meta property=\"og:type\" content=\"article\" \/>\n<meta property=\"og:title\" content=\"Eduardo Arellano F\u00e9lix, \u201cEl Doctor\u201d, no ser\u00e1 deportado a M\u00e9xico: Ebrard - Fuentes Fidedignas\" \/>\n<meta property=\"og:description\" content=\"De acuerdo con versiones period\u00edsticas, el narcotraficante mexicano que se encontraba preso en EU, recobrar\u00e1 su libertad el pr\u00f3ximo 18 de agosto Ciudad de M\u00e9xico. El titular de la Secretar\u00eda de Relaciones Exteriores (SRE) canciller Marcelo Ebrard, admiti\u00f3 que posiblemente, el narcotraficante Eduardo Arellano F\u00e9lix alias \u201cEl Doctor\u201d, haya cambiado su condici\u00f3n de testigo ante [&hellip;]\" \/>\n<meta property=\"og:url\" content=\"https:\/\/fuentesfidedignas.com.mx\/index.php\/2021\/08\/17\/eduardo-arellano-felix-el-doctor-no-sera-deportado-a-mexico-ebrard\/\" \/>\n<meta property=\"og:site_name\" content=\"Fuentes Fidedignas\" \/>\n<meta property=\"article:publisher\" content=\"https:\/\/www.facebook.com\/Fuentes-Fidedignas-368234489921644\" \/>\n<meta property=\"article:published_time\" content=\"2021-08-17T15:36:02+00:00\" \/>\n<meta property=\"article:modified_time\" content=\"2021-08-17T15:36:04+00:00\" \/>\n<meta property=\"og:image\" content=\"https:\/\/fuentesfidedignas.com.mx\/wp-content\/uploads\/2021\/08\/TDX3W4GAS5AOHDVBXQEKY7ZLHA.jpg\" \/>\n\t<meta property=\"og:image:width\" content=\"1200\" \/>\n\t<meta property=\"og:image:height\" content=\"847\" \/>\n\t<meta property=\"og:image:type\" content=\"image\/jpeg\" \/>\n<meta name=\"author\" content=\"Infobae\" \/>\n<meta name=\"twitter:card\" content=\"summary_large_image\" \/>\n<meta name=\"twitter:creator\" content=\"@fidedignas\" \/>\n<meta name=\"twitter:site\" content=\"@fidedignas\" \/>\n<meta name=\"twitter:label1\" content=\"Escrito por\" \/>\n\t<meta name=\"twitter:data1\" content=\"Infobae\" \/>\n\t<meta name=\"twitter:label2\" content=\"Tiempo de lectura\" \/>\n\t<meta name=\"twitter:data2\" content=\"1 minuto\" \/>\n<script type=\"application\/ld+json\" class=\"yoast-schema-graph\">{\"@context\":\"https:\\\/\\\/schema.org\",\"@graph\":[{\"@type\":\"Article\",\"@id\":\"https:\\\/\\\/fuentesfidedignas.com.mx\\\/index.php\\\/2021\\\/08\\\/17\\\/eduardo-arellano-felix-el-doctor-no-sera-deportado-a-mexico-ebrard\\\/#article\",\"isPartOf\":{\"@id\":\"https:\\\/\\\/fuentesfidedignas.com.mx\\\/index.php\\\/2021\\\/08\\\/17\\\/eduardo-arellano-felix-el-doctor-no-sera-deportado-a-mexico-ebrard\\\/\"},\"author\":{\"name\":\"Infobae\",\"@id\":\"https:\\\/\\\/fuentesfidedignas.com.mx\\\/#\\\/schema\\\/person\\\/8575896a7c1067d352f6c1cd6582c389\"},\"headline\":\"Eduardo Arellano F\u00e9lix, \u201cEl Doctor\u201d, no ser\u00e1 deportado a M\u00e9xico: Ebrard\",\"datePublished\":\"2021-08-17T15:36:02+00:00\",\"dateModified\":\"2021-08-17T15:36:04+00:00\",\"mainEntityOfPage\":{\"@id\":\"https:\\\/\\\/fuentesfidedignas.com.mx\\\/index.php\\\/2021\\\/08\\\/17\\\/eduardo-arellano-felix-el-doctor-no-sera-deportado-a-mexico-ebrard\\\/\"},\"wordCount\":229,\"commentCount\":0,\"publisher\":{\"@id\":\"https:\\\/\\\/fuentesfidedignas.com.mx\\\/#organization\"},\"image\":{\"@id\":\"https:\\\/\\\/fuentesfidedignas.com.mx\\\/index.php\\\/2021\\\/08\\\/17\\\/eduardo-arellano-felix-el-doctor-no-sera-deportado-a-mexico-ebrard\\\/#primaryimage\"},\"thumbnailUrl\":\"https:\\\/\\\/fuentesfidedignas.com.mx\\\/wp-content\\\/uploads\\\/2021\\\/08\\\/TDX3W4GAS5AOHDVBXQEKY7ZLHA.jpg\",\"articleSection\":[\"NOTICIAS NACIONALES\"],\"inLanguage\":\"es\",\"potentialAction\":[{\"@type\":\"CommentAction\",\"name\":\"Comment\",\"target\":[\"https:\\\/\\\/fuentesfidedignas.com.mx\\\/index.php\\\/2021\\\/08\\\/17\\\/eduardo-arellano-felix-el-doctor-no-sera-deportado-a-mexico-ebrard\\\/#respond\"]}]},{\"@type\":\"WebPage\",\"@id\":\"https:\\\/\\\/fuentesfidedignas.com.mx\\\/index.php\\\/2021\\\/08\\\/17\\\/eduardo-arellano-felix-el-doctor-no-sera-deportado-a-mexico-ebrard\\\/\",\"url\":\"https:\\\/\\\/fuentesfidedignas.com.mx\\\/index.php\\\/2021\\\/08\\\/17\\\/eduardo-arellano-felix-el-doctor-no-sera-deportado-a-mexico-ebrard\\\/\",\"name\":\"Eduardo Arellano F\u00e9lix, \u201cEl Doctor\u201d, no ser\u00e1 deportado a M\u00e9xico: Ebrard - Fuentes Fidedignas\",\"isPartOf\":{\"@id\":\"https:\\\/\\\/fuentesfidedignas.com.mx\\\/#website\"},\"primaryImageOfPage\":{\"@id\":\"https:\\\/\\\/fuentesfidedignas.com.mx\\\/index.php\\\/2021\\\/08\\\/17\\\/eduardo-arellano-felix-el-doctor-no-sera-deportado-a-mexico-ebrard\\\/#primaryimage\"},\"image\":{\"@id\":\"https:\\\/\\\/fuentesfidedignas.com.mx\\\/index.php\\\/2021\\\/08\\\/17\\\/eduardo-arellano-felix-el-doctor-no-sera-deportado-a-mexico-ebrard\\\/#primaryimage\"},\"thumbnailUrl\":\"https:\\\/\\\/fuentesfidedignas.com.mx\\\/wp-content\\\/uploads\\\/2021\\\/08\\\/TDX3W4GAS5AOHDVBXQEKY7ZLHA.jpg\",\"datePublished\":\"2021-08-17T15:36:02+00:00\",\"dateModified\":\"2021-08-17T15:36:04+00:00\",\"breadcrumb\":{\"@id\":\"https:\\\/\\\/fuentesfidedignas.com.mx\\\/index.php\\\/2021\\\/08\\\/17\\\/eduardo-arellano-felix-el-doctor-no-sera-deportado-a-mexico-ebrard\\\/#breadcrumb\"},\"inLanguage\":\"es\",\"potentialAction\":[{\"@type\":\"ReadAction\",\"target\":[\"https:\\\/\\\/fuentesfidedignas.com.mx\\\/index.php\\\/2021\\\/08\\\/17\\\/eduardo-arellano-felix-el-doctor-no-sera-deportado-a-mexico-ebrard\\\/\"]}]},{\"@type\":\"ImageObject\",\"inLanguage\":\"es\",\"@id\":\"https:\\\/\\\/fuentesfidedignas.com.mx\\\/index.php\\\/2021\\\/08\\\/17\\\/eduardo-arellano-felix-el-doctor-no-sera-deportado-a-mexico-ebrard\\\/#primaryimage\",\"url\":\"https:\\\/\\\/fuentesfidedignas.com.mx\\\/wp-content\\\/uploads\\\/2021\\\/08\\\/TDX3W4GAS5AOHDVBXQEKY7ZLHA.jpg\",\"contentUrl\":\"https:\\\/\\\/fuentesfidedignas.com.mx\\\/wp-content\\\/uploads\\\/2021\\\/08\\\/TDX3W4GAS5AOHDVBXQEKY7ZLHA.jpg\",\"width\":1200,\"height\":847},{\"@type\":\"BreadcrumbList\",\"@id\":\"https:\\\/\\\/fuentesfidedignas.com.mx\\\/index.php\\\/2021\\\/08\\\/17\\\/eduardo-arellano-felix-el-doctor-no-sera-deportado-a-mexico-ebrard\\\/#breadcrumb\",\"itemListElement\":[{\"@type\":\"ListItem\",\"position\":1,\"name\":\"Inicio\",\"item\":\"https:\\\/\\\/fuentesfidedignas.com.mx\\\/\"},{\"@type\":\"ListItem\",\"position\":2,\"name\":\"Eduardo Arellano F\u00e9lix, \u201cEl Doctor\u201d, no ser\u00e1 deportado a M\u00e9xico: Ebrard\"}]},{\"@type\":\"WebSite\",\"@id\":\"https:\\\/\\\/fuentesfidedignas.com.mx\\\/#website\",\"url\":\"https:\\\/\\\/fuentesfidedignas.com.mx\\\/\",\"name\":\"Fuentes Fidedignas\",\"description\":\"Otro sitio realizado con WordPress\",\"publisher\":{\"@id\":\"https:\\\/\\\/fuentesfidedignas.com.mx\\\/#organization\"},\"potentialAction\":[{\"@type\":\"SearchAction\",\"target\":{\"@type\":\"EntryPoint\",\"urlTemplate\":\"https:\\\/\\\/fuentesfidedignas.com.mx\\\/?s={search_term_string}\"},\"query-input\":{\"@type\":\"PropertyValueSpecification\",\"valueRequired\":true,\"valueName\":\"search_term_string\"}}],\"inLanguage\":\"es\"},{\"@type\":\"Organization\",\"@id\":\"https:\\\/\\\/fuentesfidedignas.com.mx\\\/#organization\",\"name\":\"Fuentes Fidedignas\",\"url\":\"https:\\\/\\\/fuentesfidedignas.com.mx\\\/\",\"logo\":{\"@type\":\"ImageObject\",\"inLanguage\":\"es\",\"@id\":\"https:\\\/\\\/fuentesfidedignas.com.mx\\\/#\\\/schema\\\/logo\\\/image\\\/\",\"url\":\"https:\\\/\\\/fuentesfidedignas.com.mx\\\/wp-content\\\/uploads\\\/2021\\\/04\\\/logo-retina.png\",\"contentUrl\":\"https:\\\/\\\/fuentesfidedignas.com.mx\\\/wp-content\\\/uploads\\\/2021\\\/04\\\/logo-retina.png\",\"width\":280,\"height\":51,\"caption\":\"Fuentes Fidedignas\"},\"image\":{\"@id\":\"https:\\\/\\\/fuentesfidedignas.com.mx\\\/#\\\/schema\\\/logo\\\/image\\\/\"},\"sameAs\":[\"https:\\\/\\\/www.facebook.com\\\/Fuentes-Fidedignas-368234489921644\",\"https:\\\/\\\/x.com\\\/fidedignas\"]},{\"@type\":\"Person\",\"@id\":\"https:\\\/\\\/fuentesfidedignas.com.mx\\\/#\\\/schema\\\/person\\\/8575896a7c1067d352f6c1cd6582c389\",\"name\":\"Infobae\",\"image\":{\"@type\":\"ImageObject\",\"inLanguage\":\"es\",\"@id\":\"https:\\\/\\\/secure.gravatar.com\\\/avatar\\\/e4ec95706f8d1670343f6526fdcec45474bab17475a851434a64ca12b5acba1c?s=96&d=mm&r=g\",\"url\":\"https:\\\/\\\/secure.gravatar.com\\\/avatar\\\/e4ec95706f8d1670343f6526fdcec45474bab17475a851434a64ca12b5acba1c?s=96&d=mm&r=g\",\"contentUrl\":\"https:\\\/\\\/secure.gravatar.com\\\/avatar\\\/e4ec95706f8d1670343f6526fdcec45474bab17475a851434a64ca12b5acba1c?s=96&d=mm&r=g\",\"caption\":\"Infobae\"},\"url\":\"https:\\\/\\\/fuentesfidedignas.com.mx\\\/index.php\\\/author\\\/infobae\\\/\"}]}<\/script>\n<!-- \/ Yoast SEO plugin. -->","yoast_head_json":{"title":"Eduardo Arellano F\u00e9lix, \u201cEl Doctor\u201d, no ser\u00e1 deportado a M\u00e9xico: Ebrard - Fuentes Fidedignas","robots":{"index":"index","follow":"follow","max-snippet":"max-snippet:-1","max-image-preview":"max-image-preview:large","max-video-preview":"max-video-preview:-1"},"canonical":"https:\/\/fuentesfidedignas.com.mx\/index.php\/2021\/08\/17\/eduardo-arellano-felix-el-doctor-no-sera-deportado-a-mexico-ebrard\/","og_locale":"es_MX","og_type":"article","og_title":"Eduardo Arellano F\u00e9lix, \u201cEl Doctor\u201d, no ser\u00e1 deportado a M\u00e9xico: Ebrard - Fuentes Fidedignas","og_description":"De acuerdo con versiones period\u00edsticas, el narcotraficante mexicano que se encontraba preso en EU, recobrar\u00e1 su libertad el pr\u00f3ximo 18 de agosto Ciudad de M\u00e9xico. El titular de la Secretar\u00eda de Relaciones Exteriores (SRE) canciller Marcelo Ebrard, admiti\u00f3 que posiblemente, el narcotraficante Eduardo Arellano F\u00e9lix alias \u201cEl Doctor\u201d, haya cambiado su condici\u00f3n de testigo ante [&hellip;]","og_url":"https:\/\/fuentesfidedignas.com.mx\/index.php\/2021\/08\/17\/eduardo-arellano-felix-el-doctor-no-sera-deportado-a-mexico-ebrard\/","og_site_name":"Fuentes Fidedignas","article_publisher":"https:\/\/www.facebook.com\/Fuentes-Fidedignas-368234489921644","article_published_time":"2021-08-17T15:36:02+00:00","article_modified_time":"2021-08-17T15:36:04+00:00","og_image":[{"width":1200,"height":847,"url":"https:\/\/fuentesfidedignas.com.mx\/wp-content\/uploads\/2021\/08\/TDX3W4GAS5AOHDVBXQEKY7ZLHA.jpg","type":"image\/jpeg"}],"author":"Infobae","twitter_card":"summary_large_image","twitter_creator":"@fidedignas","twitter_site":"@fidedignas","twitter_misc":{"Escrito por":"Infobae","Tiempo de lectura":"1 minuto"},"schema":{"@context":"https:\/\/schema.org","@graph":[{"@type":"Article","@id":"https:\/\/fuentesfidedignas.com.mx\/index.php\/2021\/08\/17\/eduardo-arellano-felix-el-doctor-no-sera-deportado-a-mexico-ebrard\/#article","isPartOf":{"@id":"https:\/\/fuentesfidedignas.com.mx\/index.php\/2021\/08\/17\/eduardo-arellano-felix-el-doctor-no-sera-deportado-a-mexico-ebrard\/"},"author":{"name":"Infobae","@id":"https:\/\/fuentesfidedignas.com.mx\/#\/schema\/person\/8575896a7c1067d352f6c1cd6582c389"},"headline":"Eduardo Arellano F\u00e9lix, \u201cEl Doctor\u201d, no ser\u00e1 deportado a M\u00e9xico: Ebrard","datePublished":"2021-08-17T15:36:02+00:00","dateModified":"2021-08-17T15:36:04+00:00","mainEntityOfPage":{"@id":"https:\/\/fuentesfidedignas.com.mx\/index.php\/2021\/08\/17\/eduardo-arellano-felix-el-doctor-no-sera-deportado-a-mexico-ebrard\/"},"wordCount":229,"commentCount":0,"publisher":{"@id":"https:\/\/fuentesfidedignas.com.mx\/#organization"},"image":{"@id":"https:\/\/fuentesfidedignas.com.mx\/index.php\/2021\/08\/17\/eduardo-arellano-felix-el-doctor-no-sera-deportado-a-mexico-ebrard\/#primaryimage"},"thumbnailUrl":"https:\/\/fuentesfidedignas.com.mx\/wp-content\/uploads\/2021\/08\/TDX3W4GAS5AOHDVBXQEKY7ZLHA.jpg","articleSection":["NOTICIAS NACIONALES"],"inLanguage":"es","potentialAction":[{"@type":"CommentAction","name":"Comment","target":["https:\/\/fuentesfidedignas.com.mx\/index.php\/2021\/08\/17\/eduardo-arellano-felix-el-doctor-no-sera-deportado-a-mexico-ebrard\/#respond"]}]},{"@type":"WebPage","@id":"https:\/\/fuentesfidedignas.com.mx\/index.php\/2021\/08\/17\/eduardo-arellano-felix-el-doctor-no-sera-deportado-a-mexico-ebrard\/","url":"https:\/\/fuentesfidedignas.com.mx\/index.php\/2021\/08\/17\/eduardo-arellano-felix-el-doctor-no-sera-deportado-a-mexico-ebrard\/","name":"Eduardo Arellano F\u00e9lix, \u201cEl Doctor\u201d, no ser\u00e1 deportado a M\u00e9xico: Ebrard - Fuentes Fidedignas","isPartOf":{"@id":"https:\/\/fuentesfidedignas.com.mx\/#website"},"primaryImageOfPage":{"@id":"https:\/\/fuentesfidedignas.com.mx\/index.php\/2021\/08\/17\/eduardo-arellano-felix-el-doctor-no-sera-deportado-a-mexico-ebrard\/#primaryimage"},"image":{"@id":"https:\/\/fuentesfidedignas.com.mx\/index.php\/2021\/08\/17\/eduardo-arellano-felix-el-doctor-no-sera-deportado-a-mexico-ebrard\/#primaryimage"},"thumbnailUrl":"https:\/\/fuentesfidedignas.com.mx\/wp-content\/uploads\/2021\/08\/TDX3W4GAS5AOHDVBXQEKY7ZLHA.jpg","datePublished":"2021-08-17T15:36:02+00:00","dateModified":"2021-08-17T15:36:04+00:00","breadcrumb":{"@id":"https:\/\/fuentesfidedignas.com.mx\/index.php\/2021\/08\/17\/eduardo-arellano-felix-el-doctor-no-sera-deportado-a-mexico-ebrard\/#breadcrumb"},"inLanguage":"es","potentialAction":[{"@type":"ReadAction","target":["https:\/\/fuentesfidedignas.com.mx\/index.php\/2021\/08\/17\/eduardo-arellano-felix-el-doctor-no-sera-deportado-a-mexico-ebrard\/"]}]},{"@type":"ImageObject","inLanguage":"es","@id":"https:\/\/fuentesfidedignas.com.mx\/index.php\/2021\/08\/17\/eduardo-arellano-felix-el-doctor-no-sera-deportado-a-mexico-ebrard\/#primaryimage","url":"https:\/\/fuentesfidedignas.com.mx\/wp-content\/uploads\/2021\/08\/TDX3W4GAS5AOHDVBXQEKY7ZLHA.jpg","contentUrl":"https:\/\/fuentesfidedignas.com.mx\/wp-content\/uploads\/2021\/08\/TDX3W4GAS5AOHDVBXQEKY7ZLHA.jpg","width":1200,"height":847},{"@type":"BreadcrumbList","@id":"https:\/\/fuentesfidedignas.com.mx\/index.php\/2021\/08\/17\/eduardo-arellano-felix-el-doctor-no-sera-deportado-a-mexico-ebrard\/#breadcrumb","itemListElement":[{"@type":"ListItem","position":1,"name":"Inicio","item":"https:\/\/fuentesfidedignas.com.mx\/"},{"@type":"ListItem","position":2,"name":"Eduardo Arellano F\u00e9lix, \u201cEl Doctor\u201d, no ser\u00e1 deportado a M\u00e9xico: Ebrard"}]},{"@type":"WebSite","@id":"https:\/\/fuentesfidedignas.com.mx\/#website","url":"https:\/\/fuentesfidedignas.com.mx\/","name":"Fuentes Fidedignas","description":"Otro sitio realizado con WordPress","publisher":{"@id":"https:\/\/fuentesfidedignas.com.mx\/#organization"},"potentialAction":[{"@type":"SearchAction","target":{"@type":"EntryPoint","urlTemplate":"https:\/\/fuentesfidedignas.com.mx\/?s={search_term_string}"},"query-input":{"@type":"PropertyValueSpecification","valueRequired":true,"valueName":"search_term_string"}}],"inLanguage":"es"},{"@type":"Organization","@id":"https:\/\/fuentesfidedignas.com.mx\/#organization","name":"Fuentes Fidedignas","url":"https:\/\/fuentesfidedignas.com.mx\/","logo":{"@type":"ImageObject","inLanguage":"es","@id":"https:\/\/fuentesfidedignas.com.mx\/#\/schema\/logo\/image\/","url":"https:\/\/fuentesfidedignas.com.mx\/wp-content\/uploads\/2021\/04\/logo-retina.png","contentUrl":"https:\/\/fuentesfidedignas.com.mx\/wp-content\/uploads\/2021\/04\/logo-retina.png","width":280,"height":51,"caption":"Fuentes Fidedignas"},"image":{"@id":"https:\/\/fuentesfidedignas.com.mx\/#\/schema\/logo\/image\/"},"sameAs":["https:\/\/www.facebook.com\/Fuentes-Fidedignas-368234489921644","https:\/\/x.com\/fidedignas"]},{"@type":"Person","@id":"https:\/\/fuentesfidedignas.com.mx\/#\/schema\/person\/8575896a7c1067d352f6c1cd6582c389","name":"Infobae","image":{"@type":"ImageObject","inLanguage":"es","@id":"https:\/\/secure.gravatar.com\/avatar\/e4ec95706f8d1670343f6526fdcec45474bab17475a851434a64ca12b5acba1c?s=96&d=mm&r=g","url":"https:\/\/secure.gravatar.com\/avatar\/e4ec95706f8d1670343f6526fdcec45474bab17475a851434a64ca12b5acba1c?s=96&d=mm&r=g","contentUrl":"https:\/\/secure.gravatar.com\/avatar\/e4ec95706f8d1670343f6526fdcec45474bab17475a851434a64ca12b5acba1c?s=96&d=mm&r=g","caption":"Infobae"},"url":"https:\/\/fuentesfidedignas.com.mx\/index.php\/author\/infobae\/"}]}},"_links":{"self":[{"href":"https:\/\/fuentesfidedignas.com.mx\/index.php\/wp-json\/wp\/v2\/posts\/10025","targetHints":{"allow":["GET"]}}],"collection":[{"href":"https:\/\/fuentesfidedignas.com.mx\/index.php\/wp-json\/wp\/v2\/posts"}],"about":[{"href":"https:\/\/fuentesfidedignas.com.mx\/index.php\/wp-json\/wp\/v2\/types\/post"}],"author":[{"embeddable":true,"href":"https:\/\/fuentesfidedignas.com.mx\/index.php\/wp-json\/wp\/v2\/users\/41"}],"replies":[{"embeddable":true,"href":"https:\/\/fuentesfidedignas.com.mx\/index.php\/wp-json\/wp\/v2\/comments?post=10025"}],"version-history":[{"count":1,"href":"https:\/\/fuentesfidedignas.com.mx\/index.php\/wp-json\/wp\/v2\/posts\/10025\/revisions"}],"predecessor-version":[{"id":10027,"href":"https:\/\/fuentesfidedignas.com.mx\/index.php\/wp-json\/wp\/v2\/posts\/10025\/revisions\/10027"}],"wp:featuredmedia":[{"embeddable":true,"href":"https:\/\/fuentesfidedignas.com.mx\/index.php\/wp-json\/wp\/v2\/media\/10026"}],"wp:attachment":[{"href":"https:\/\/fuentesfidedignas.com.mx\/index.php\/wp-json\/wp\/v2\/media?parent=10025"}],"wp:term":[{"taxonomy":"category","embeddable":true,"href":"https:\/\/fuentesfidedignas.com.mx\/index.php\/wp-json\/wp\/v2\/categories?post=10025"},{"taxonomy":"post_tag","embeddable":true,"href":"https:\/\/fuentesfidedignas.com.mx\/index.php\/wp-json\/wp\/v2\/tags?post=10025"}],"curies":[{"name":"wp","href":"https:\/\/api.w.org\/{rel}","templated":true}]}}