{"id":100076,"date":"2025-01-24T04:44:00","date_gmt":"2025-01-24T11:44:00","guid":{"rendered":"https:\/\/fuentesfidedignas.com.mx\/?p=100076"},"modified":"2025-01-23T21:54:26","modified_gmt":"2025-01-24T04:54:26","slug":"trump-provoca-aumento-de-solicitudes-de-atencion-de-crisis-de-las-juventudes-lgbtq-en-eu","status":"publish","type":"post","link":"https:\/\/fuentesfidedignas.com.mx\/index.php\/2025\/01\/24\/trump-provoca-aumento-de-solicitudes-de-atencion-de-crisis-de-las-juventudes-lgbtq-en-eu\/","title":{"rendered":"Trump provoca aumento de solicitudes de atenci\u00f3n de crisis de las juventudes LGBTQ en EU"},"content":{"rendered":"\n<p><strong><em>The Trevor Project alert\u00f3 sobre la situaci\u00f3n pidi\u00f3 que cese el ataque pol\u00edtico a este sector de la poblaci\u00f3n, en particular a las juventudes transg\u00e9nero y no binaries<\/em><\/strong><\/p>\n\n\n\n<p>Las solicitudes de servicios de atenci\u00f3n de crisis para juventudes LGBTQ+ que ofrece The Trevor Project reportaron un incremento de 33 por ciento el d\u00eda de la investidura presidencial de Donald Trump en Estados Unidos.<\/p>\n\n\n\n<p>Este increment\u00f3 est\u00e1 precedido por el aumento r\u00e9cord en 700 por ciento de las solicitudes de servicios de crisis un d\u00eda despu\u00e9s de las elecciones presidenciales de Estados Unidos en 2024.<\/p>\n\n\n\n<p>Jaymes Black (\u00e9l, ella, elle), CEO de The Trevor Project, afirm\u00f3 que sin importar la postura en torno a la administraci\u00f3n actual o las creencias pol\u00edticas, las vidas de las juventudes LGBTQ+ est\u00e1n en riesgo y se debe de tomar acci\u00f3n inmediata para apoyarles.<\/p>\n\n\n\n<blockquote class=\"twitter-tweet\"><p lang=\"en\" dir=\"ltr\">To every LGBTQ young person out there, know that you are not alone.<br><br>If you are struggling today, or find yourself overwhelmed with everything going on in your world, remember that you don\u2019t have to handle it on your own. We\u2019re here to help, every single step of the way, 24\/7. <a href=\"https:\/\/t.co\/bvtSayU1AS\">pic.twitter.com\/bvtSayU1AS<\/a><\/p>&mdash; The Trevor Project (@TrevorProject) <a href=\"https:\/\/twitter.com\/TrevorProject\/status\/1722656136040452592?ref_src=twsrc%5Etfw\">November 9, 2023<\/a><\/blockquote> <script async src=\"https:\/\/platform.twitter.com\/widgets.js\" charset=\"utf-8\"><\/script>\n\n\n\n<p>\u201cLa prevenci\u00f3n del suicidio trasciende a la pol\u00edtica. Estamos haciendo sonar la alerta para legisladores, l\u00edderes comunitarios y personas adultas que se preocupan por la salud y la supervivencia de las juventudes en sus comunidades: deben cesar el ataque pol\u00edtico a las juventudes LGBTQ+, en particular a las juventudes transg\u00e9nero y no binaries\u201d, dio a conocer Black a trav\u00e9s de un comunicado.<\/p>\n\n\n\n<p>Adem\u00e1s, inst\u00f3 a las autoridades y medios de comunicaci\u00f3n a reconocer el impacto que su ret\u00f3rica puede tener en la salud y seguridad de las juventudes.<\/p>\n\n\n\n<p><strong>Trump ataca los derechos LGBTQ+<\/strong><br>A pocas horas de asumir su segundo mandato como presidente de Estados Unidos, Donald Trump prometi\u00f3 revertir d\u00e9cadas de avances en derechos civiles y asegur\u00f3 que su administraci\u00f3n erradicar\u00e1 lo que llam\u00f3 la \u201clocura transg\u00e9nero\u201d desde el primer d\u00eda.<\/p>\n\n\n\n<p>\u201cEl d\u00eda uno firmar\u00e9 \u00f3rdenes ejecutivas para terminar con la mutilaci\u00f3n sexual infantil, sacar a lo transg\u00e9nero del Ej\u00e9rcito y de nuestras primarias, secundarias y preparatorias\u201d, declar\u00f3 frente a una multitud de simpatizantes.<\/p>\n\n\n\n<p>Tambi\u00e9n arremeti\u00f3 contra la participaci\u00f3n de mujeres trans en deportes femeninos, calific\u00e1ndola como una amenaza a la integridad de las competiciones. \u201cMantendremos a los hombres fuera de los deportes de las mujeres\u201d, sentenci\u00f3.<\/p>\n\n\n\n<p><strong>The Trevor Project M\u00e9xico continuar\u00e1 trabajando<\/strong><br>Datos de la 2024 U.S. National Survey on the Mental Health Health of LGBTQ`Youth People apuntan a que una abrumadora mayor\u00eda (90 por ciento) de juventudes LGBTQ+ dijeron que su bienestar se vio afectado negativamente debido a recientes pol\u00edticas antiLGBTQ+, adem\u00e1s 45 por ciento de juventudes transg\u00e9nero y no binarias reportaron que ellxs y sus familias han considerado mudarse a un estado diferente por pol\u00edticas y leyes anti LGBTQ+.<\/p>\n\n\n\n<p>Por su parte, Edurne Balmori, directora ejecutiva de The Trevor Project M\u00e9xico, record\u00f3 que la organizaci\u00f3n tanto en M\u00e9xico como en Estados Unidos continuar\u00e1 trabajando por el mundo seguro y pacifico que merecen las juventudes LGBTQ+ para vivir en plenitud.<\/p>\n\n\n\n<blockquote class=\"twitter-tweet\"><p lang=\"es\" dir=\"ltr\">\ud83d\udeab\ud83d\udcdd &quot;Solo hay dos sexos&quot;: Trump revoca la protecci\u00f3n de derechos de los trans y los programas de diversidad, equidad e inclusi\u00f3n<a href=\"https:\/\/t.co\/I3ZZ1MAuB3\">https:\/\/t.co\/I3ZZ1MAuB3<\/a> <a href=\"https:\/\/t.co\/x0mQSDYSE5\">pic.twitter.com\/x0mQSDYSE5<\/a><\/p>&mdash; RT en Espa\u00f1ol (@ActualidadRT) <a href=\"https:\/\/twitter.com\/ActualidadRT\/status\/1881738526347362799?ref_src=twsrc%5Etfw\">January 21, 2025<\/a><\/blockquote> <script async src=\"https:\/\/platform.twitter.com\/widgets.js\" charset=\"utf-8\"><\/script>\n\n\n\n<p>Vale la pena recordar que la discriminaci\u00f3n es uno de los factores de riesgo que m\u00e1s impactan en la salud mental de las juventudes LGBTQ+. Datos de la Encuesta 2024 sobre Salud Mental de las Juventudes LGBTQ+, elaborada por The Trevor Project M\u00e9xico, detallan que esta discriminaci\u00f3n se ejerce en mayor medida por familiares o integrantes del hogar (53 por ciento) y pares de la escuela (52 por ciento) por lo que el apoyo y afirmaci\u00f3n en estos espacios es vital.<\/p>\n\n\n\n<p>\u201cEn The Trevor Project M\u00e9xico contamos con diversos recursos como gu\u00edas, art\u00edculos, manuales y videos, entre ellos +Cerca, que aborda el rol de las personas adultas en la escucha activa, validaci\u00f3n y apoyo de las juventudes LGBTQ+; todo ello para aprender m\u00e1s sobre temas LGBTQ+ y cuidar de la salud mental de todxs\u201d, finaliz\u00f3 Balmori.<\/p>\n","protected":false},"excerpt":{"rendered":"<p>The Trevor Project alert\u00f3 sobre la situaci\u00f3n pidi\u00f3 que cese el ataque pol\u00edtico a este sector de la poblaci\u00f3n, en particular a las juventudes transg\u00e9nero y no binaries Las solicitudes de servicios de atenci\u00f3n de crisis para juventudes LGBTQ+ que ofrece The Trevor Project reportaron un incremento de 33 por ciento el d\u00eda de la [&hellip;]<\/p>\n","protected":false},"author":58,"featured_media":100077,"comment_status":"open","ping_status":"open","sticky":false,"template":"","format":"standard","meta":{"tdm_status":"","tdm_grid_status":"","footnotes":""},"categories":[35,36],"tags":[],"class_list":{"0":"post-100076","1":"post","2":"type-post","3":"status-publish","4":"format-standard","5":"has-post-thumbnail","7":"category-amor-es-amor","8":"category-semanales"},"yoast_head":"<!-- This site is optimized with the Yoast SEO plugin v27.4 - https:\/\/yoast.com\/product\/yoast-seo-wordpress\/ -->\n<title>Trump provoca aumento de solicitudes de atenci\u00f3n de crisis de las juventudes LGBTQ en EU - Fuentes Fidedignas<\/title>\n<meta name=\"robots\" content=\"index, follow, max-snippet:-1, max-image-preview:large, max-video-preview:-1\" \/>\n<link rel=\"canonical\" href=\"https:\/\/fuentesfidedignas.com.mx\/index.php\/2025\/01\/24\/trump-provoca-aumento-de-solicitudes-de-atencion-de-crisis-de-las-juventudes-lgbtq-en-eu\/\" \/>\n<meta property=\"og:locale\" content=\"es_MX\" \/>\n<meta property=\"og:type\" content=\"article\" \/>\n<meta property=\"og:title\" content=\"Trump provoca aumento de solicitudes de atenci\u00f3n de crisis de las juventudes LGBTQ en EU - Fuentes Fidedignas\" \/>\n<meta property=\"og:description\" content=\"The Trevor Project alert\u00f3 sobre la situaci\u00f3n pidi\u00f3 que cese el ataque pol\u00edtico a este sector de la poblaci\u00f3n, en particular a las juventudes transg\u00e9nero y no binaries Las solicitudes de servicios de atenci\u00f3n de crisis para juventudes LGBTQ+ que ofrece The Trevor Project reportaron un incremento de 33 por ciento el d\u00eda de la [&hellip;]\" \/>\n<meta property=\"og:url\" content=\"https:\/\/fuentesfidedignas.com.mx\/index.php\/2025\/01\/24\/trump-provoca-aumento-de-solicitudes-de-atencion-de-crisis-de-las-juventudes-lgbtq-en-eu\/\" \/>\n<meta property=\"og:site_name\" content=\"Fuentes Fidedignas\" \/>\n<meta property=\"article:publisher\" content=\"https:\/\/www.facebook.com\/Fuentes-Fidedignas-368234489921644\" \/>\n<meta property=\"article:published_time\" content=\"2025-01-24T11:44:00+00:00\" \/>\n<meta property=\"og:image\" content=\"https:\/\/fuentesfidedignas.com.mx\/wp-content\/uploads\/2025\/01\/solicitudes-de-atencion-de-crisis-de-las-juventudes-LGBTQ-en-EU.jpg\" \/>\n\t<meta property=\"og:image:width\" content=\"600\" \/>\n\t<meta property=\"og:image:height\" content=\"313\" \/>\n\t<meta property=\"og:image:type\" content=\"image\/jpeg\" \/>\n<meta name=\"author\" content=\"Reporte \u00cdndigo\" \/>\n<meta name=\"twitter:card\" content=\"summary_large_image\" \/>\n<meta name=\"twitter:creator\" content=\"@fidedignas\" \/>\n<meta name=\"twitter:site\" content=\"@fidedignas\" \/>\n<meta name=\"twitter:label1\" content=\"Escrito por\" \/>\n\t<meta name=\"twitter:data1\" content=\"Reporte \u00cdndigo\" \/>\n\t<meta name=\"twitter:label2\" content=\"Tiempo de lectura\" \/>\n\t<meta name=\"twitter:data2\" content=\"3 minutos\" \/>\n<script type=\"application\/ld+json\" class=\"yoast-schema-graph\">{\"@context\":\"https:\\\/\\\/schema.org\",\"@graph\":[{\"@type\":\"Article\",\"@id\":\"https:\\\/\\\/fuentesfidedignas.com.mx\\\/index.php\\\/2025\\\/01\\\/24\\\/trump-provoca-aumento-de-solicitudes-de-atencion-de-crisis-de-las-juventudes-lgbtq-en-eu\\\/#article\",\"isPartOf\":{\"@id\":\"https:\\\/\\\/fuentesfidedignas.com.mx\\\/index.php\\\/2025\\\/01\\\/24\\\/trump-provoca-aumento-de-solicitudes-de-atencion-de-crisis-de-las-juventudes-lgbtq-en-eu\\\/\"},\"author\":{\"name\":\"Reporte \u00cdndigo\",\"@id\":\"https:\\\/\\\/fuentesfidedignas.com.mx\\\/#\\\/schema\\\/person\\\/e2b569f461972f4dc692e8a57def3fa1\"},\"headline\":\"Trump provoca aumento de solicitudes de atenci\u00f3n de crisis de las juventudes LGBTQ en EU\",\"datePublished\":\"2025-01-24T11:44:00+00:00\",\"mainEntityOfPage\":{\"@id\":\"https:\\\/\\\/fuentesfidedignas.com.mx\\\/index.php\\\/2025\\\/01\\\/24\\\/trump-provoca-aumento-de-solicitudes-de-atencion-de-crisis-de-las-juventudes-lgbtq-en-eu\\\/\"},\"wordCount\":753,\"commentCount\":0,\"publisher\":{\"@id\":\"https:\\\/\\\/fuentesfidedignas.com.mx\\\/#organization\"},\"image\":{\"@id\":\"https:\\\/\\\/fuentesfidedignas.com.mx\\\/index.php\\\/2025\\\/01\\\/24\\\/trump-provoca-aumento-de-solicitudes-de-atencion-de-crisis-de-las-juventudes-lgbtq-en-eu\\\/#primaryimage\"},\"thumbnailUrl\":\"https:\\\/\\\/fuentesfidedignas.com.mx\\\/wp-content\\\/uploads\\\/2025\\\/01\\\/solicitudes-de-atencion-de-crisis-de-las-juventudes-LGBTQ-en-EU.jpg\",\"articleSection\":[\"AMOR ES AMOR\",\"SEMANALES\"],\"inLanguage\":\"es\",\"potentialAction\":[{\"@type\":\"CommentAction\",\"name\":\"Comment\",\"target\":[\"https:\\\/\\\/fuentesfidedignas.com.mx\\\/index.php\\\/2025\\\/01\\\/24\\\/trump-provoca-aumento-de-solicitudes-de-atencion-de-crisis-de-las-juventudes-lgbtq-en-eu\\\/#respond\"]}]},{\"@type\":\"WebPage\",\"@id\":\"https:\\\/\\\/fuentesfidedignas.com.mx\\\/index.php\\\/2025\\\/01\\\/24\\\/trump-provoca-aumento-de-solicitudes-de-atencion-de-crisis-de-las-juventudes-lgbtq-en-eu\\\/\",\"url\":\"https:\\\/\\\/fuentesfidedignas.com.mx\\\/index.php\\\/2025\\\/01\\\/24\\\/trump-provoca-aumento-de-solicitudes-de-atencion-de-crisis-de-las-juventudes-lgbtq-en-eu\\\/\",\"name\":\"Trump provoca aumento de solicitudes de atenci\u00f3n de crisis de las juventudes LGBTQ en EU - Fuentes Fidedignas\",\"isPartOf\":{\"@id\":\"https:\\\/\\\/fuentesfidedignas.com.mx\\\/#website\"},\"primaryImageOfPage\":{\"@id\":\"https:\\\/\\\/fuentesfidedignas.com.mx\\\/index.php\\\/2025\\\/01\\\/24\\\/trump-provoca-aumento-de-solicitudes-de-atencion-de-crisis-de-las-juventudes-lgbtq-en-eu\\\/#primaryimage\"},\"image\":{\"@id\":\"https:\\\/\\\/fuentesfidedignas.com.mx\\\/index.php\\\/2025\\\/01\\\/24\\\/trump-provoca-aumento-de-solicitudes-de-atencion-de-crisis-de-las-juventudes-lgbtq-en-eu\\\/#primaryimage\"},\"thumbnailUrl\":\"https:\\\/\\\/fuentesfidedignas.com.mx\\\/wp-content\\\/uploads\\\/2025\\\/01\\\/solicitudes-de-atencion-de-crisis-de-las-juventudes-LGBTQ-en-EU.jpg\",\"datePublished\":\"2025-01-24T11:44:00+00:00\",\"breadcrumb\":{\"@id\":\"https:\\\/\\\/fuentesfidedignas.com.mx\\\/index.php\\\/2025\\\/01\\\/24\\\/trump-provoca-aumento-de-solicitudes-de-atencion-de-crisis-de-las-juventudes-lgbtq-en-eu\\\/#breadcrumb\"},\"inLanguage\":\"es\",\"potentialAction\":[{\"@type\":\"ReadAction\",\"target\":[\"https:\\\/\\\/fuentesfidedignas.com.mx\\\/index.php\\\/2025\\\/01\\\/24\\\/trump-provoca-aumento-de-solicitudes-de-atencion-de-crisis-de-las-juventudes-lgbtq-en-eu\\\/\"]}]},{\"@type\":\"ImageObject\",\"inLanguage\":\"es\",\"@id\":\"https:\\\/\\\/fuentesfidedignas.com.mx\\\/index.php\\\/2025\\\/01\\\/24\\\/trump-provoca-aumento-de-solicitudes-de-atencion-de-crisis-de-las-juventudes-lgbtq-en-eu\\\/#primaryimage\",\"url\":\"https:\\\/\\\/fuentesfidedignas.com.mx\\\/wp-content\\\/uploads\\\/2025\\\/01\\\/solicitudes-de-atencion-de-crisis-de-las-juventudes-LGBTQ-en-EU.jpg\",\"contentUrl\":\"https:\\\/\\\/fuentesfidedignas.com.mx\\\/wp-content\\\/uploads\\\/2025\\\/01\\\/solicitudes-de-atencion-de-crisis-de-las-juventudes-LGBTQ-en-EU.jpg\",\"width\":600,\"height\":313},{\"@type\":\"BreadcrumbList\",\"@id\":\"https:\\\/\\\/fuentesfidedignas.com.mx\\\/index.php\\\/2025\\\/01\\\/24\\\/trump-provoca-aumento-de-solicitudes-de-atencion-de-crisis-de-las-juventudes-lgbtq-en-eu\\\/#breadcrumb\",\"itemListElement\":[{\"@type\":\"ListItem\",\"position\":1,\"name\":\"Inicio\",\"item\":\"https:\\\/\\\/fuentesfidedignas.com.mx\\\/\"},{\"@type\":\"ListItem\",\"position\":2,\"name\":\"Trump provoca aumento de solicitudes de atenci\u00f3n de crisis de las juventudes LGBTQ en EU\"}]},{\"@type\":\"WebSite\",\"@id\":\"https:\\\/\\\/fuentesfidedignas.com.mx\\\/#website\",\"url\":\"https:\\\/\\\/fuentesfidedignas.com.mx\\\/\",\"name\":\"Fuentes Fidedignas\",\"description\":\"Otro sitio realizado con WordPress\",\"publisher\":{\"@id\":\"https:\\\/\\\/fuentesfidedignas.com.mx\\\/#organization\"},\"potentialAction\":[{\"@type\":\"SearchAction\",\"target\":{\"@type\":\"EntryPoint\",\"urlTemplate\":\"https:\\\/\\\/fuentesfidedignas.com.mx\\\/?s={search_term_string}\"},\"query-input\":{\"@type\":\"PropertyValueSpecification\",\"valueRequired\":true,\"valueName\":\"search_term_string\"}}],\"inLanguage\":\"es\"},{\"@type\":\"Organization\",\"@id\":\"https:\\\/\\\/fuentesfidedignas.com.mx\\\/#organization\",\"name\":\"Fuentes Fidedignas\",\"url\":\"https:\\\/\\\/fuentesfidedignas.com.mx\\\/\",\"logo\":{\"@type\":\"ImageObject\",\"inLanguage\":\"es\",\"@id\":\"https:\\\/\\\/fuentesfidedignas.com.mx\\\/#\\\/schema\\\/logo\\\/image\\\/\",\"url\":\"https:\\\/\\\/fuentesfidedignas.com.mx\\\/wp-content\\\/uploads\\\/2021\\\/04\\\/logo-retina.png\",\"contentUrl\":\"https:\\\/\\\/fuentesfidedignas.com.mx\\\/wp-content\\\/uploads\\\/2021\\\/04\\\/logo-retina.png\",\"width\":280,\"height\":51,\"caption\":\"Fuentes Fidedignas\"},\"image\":{\"@id\":\"https:\\\/\\\/fuentesfidedignas.com.mx\\\/#\\\/schema\\\/logo\\\/image\\\/\"},\"sameAs\":[\"https:\\\/\\\/www.facebook.com\\\/Fuentes-Fidedignas-368234489921644\",\"https:\\\/\\\/x.com\\\/fidedignas\"]},{\"@type\":\"Person\",\"@id\":\"https:\\\/\\\/fuentesfidedignas.com.mx\\\/#\\\/schema\\\/person\\\/e2b569f461972f4dc692e8a57def3fa1\",\"name\":\"Reporte \u00cdndigo\",\"image\":{\"@type\":\"ImageObject\",\"inLanguage\":\"es\",\"@id\":\"https:\\\/\\\/secure.gravatar.com\\\/avatar\\\/d0231ec752df7587e8d58cf5337090d30f7b0e109e5ee25039125ea0fff8a941?s=96&d=mm&r=g\",\"url\":\"https:\\\/\\\/secure.gravatar.com\\\/avatar\\\/d0231ec752df7587e8d58cf5337090d30f7b0e109e5ee25039125ea0fff8a941?s=96&d=mm&r=g\",\"contentUrl\":\"https:\\\/\\\/secure.gravatar.com\\\/avatar\\\/d0231ec752df7587e8d58cf5337090d30f7b0e109e5ee25039125ea0fff8a941?s=96&d=mm&r=g\",\"caption\":\"Reporte \u00cdndigo\"},\"url\":\"https:\\\/\\\/fuentesfidedignas.com.mx\\\/index.php\\\/author\\\/reporte-indigo\\\/\"}]}<\/script>\n<!-- \/ Yoast SEO plugin. -->","yoast_head_json":{"title":"Trump provoca aumento de solicitudes de atenci\u00f3n de crisis de las juventudes LGBTQ en EU - Fuentes Fidedignas","robots":{"index":"index","follow":"follow","max-snippet":"max-snippet:-1","max-image-preview":"max-image-preview:large","max-video-preview":"max-video-preview:-1"},"canonical":"https:\/\/fuentesfidedignas.com.mx\/index.php\/2025\/01\/24\/trump-provoca-aumento-de-solicitudes-de-atencion-de-crisis-de-las-juventudes-lgbtq-en-eu\/","og_locale":"es_MX","og_type":"article","og_title":"Trump provoca aumento de solicitudes de atenci\u00f3n de crisis de las juventudes LGBTQ en EU - Fuentes Fidedignas","og_description":"The Trevor Project alert\u00f3 sobre la situaci\u00f3n pidi\u00f3 que cese el ataque pol\u00edtico a este sector de la poblaci\u00f3n, en particular a las juventudes transg\u00e9nero y no binaries Las solicitudes de servicios de atenci\u00f3n de crisis para juventudes LGBTQ+ que ofrece The Trevor Project reportaron un incremento de 33 por ciento el d\u00eda de la [&hellip;]","og_url":"https:\/\/fuentesfidedignas.com.mx\/index.php\/2025\/01\/24\/trump-provoca-aumento-de-solicitudes-de-atencion-de-crisis-de-las-juventudes-lgbtq-en-eu\/","og_site_name":"Fuentes Fidedignas","article_publisher":"https:\/\/www.facebook.com\/Fuentes-Fidedignas-368234489921644","article_published_time":"2025-01-24T11:44:00+00:00","og_image":[{"width":600,"height":313,"url":"https:\/\/fuentesfidedignas.com.mx\/wp-content\/uploads\/2025\/01\/solicitudes-de-atencion-de-crisis-de-las-juventudes-LGBTQ-en-EU.jpg","type":"image\/jpeg"}],"author":"Reporte \u00cdndigo","twitter_card":"summary_large_image","twitter_creator":"@fidedignas","twitter_site":"@fidedignas","twitter_misc":{"Escrito por":"Reporte \u00cdndigo","Tiempo de lectura":"3 minutos"},"schema":{"@context":"https:\/\/schema.org","@graph":[{"@type":"Article","@id":"https:\/\/fuentesfidedignas.com.mx\/index.php\/2025\/01\/24\/trump-provoca-aumento-de-solicitudes-de-atencion-de-crisis-de-las-juventudes-lgbtq-en-eu\/#article","isPartOf":{"@id":"https:\/\/fuentesfidedignas.com.mx\/index.php\/2025\/01\/24\/trump-provoca-aumento-de-solicitudes-de-atencion-de-crisis-de-las-juventudes-lgbtq-en-eu\/"},"author":{"name":"Reporte \u00cdndigo","@id":"https:\/\/fuentesfidedignas.com.mx\/#\/schema\/person\/e2b569f461972f4dc692e8a57def3fa1"},"headline":"Trump provoca aumento de solicitudes de atenci\u00f3n de crisis de las juventudes LGBTQ en EU","datePublished":"2025-01-24T11:44:00+00:00","mainEntityOfPage":{"@id":"https:\/\/fuentesfidedignas.com.mx\/index.php\/2025\/01\/24\/trump-provoca-aumento-de-solicitudes-de-atencion-de-crisis-de-las-juventudes-lgbtq-en-eu\/"},"wordCount":753,"commentCount":0,"publisher":{"@id":"https:\/\/fuentesfidedignas.com.mx\/#organization"},"image":{"@id":"https:\/\/fuentesfidedignas.com.mx\/index.php\/2025\/01\/24\/trump-provoca-aumento-de-solicitudes-de-atencion-de-crisis-de-las-juventudes-lgbtq-en-eu\/#primaryimage"},"thumbnailUrl":"https:\/\/fuentesfidedignas.com.mx\/wp-content\/uploads\/2025\/01\/solicitudes-de-atencion-de-crisis-de-las-juventudes-LGBTQ-en-EU.jpg","articleSection":["AMOR ES AMOR","SEMANALES"],"inLanguage":"es","potentialAction":[{"@type":"CommentAction","name":"Comment","target":["https:\/\/fuentesfidedignas.com.mx\/index.php\/2025\/01\/24\/trump-provoca-aumento-de-solicitudes-de-atencion-de-crisis-de-las-juventudes-lgbtq-en-eu\/#respond"]}]},{"@type":"WebPage","@id":"https:\/\/fuentesfidedignas.com.mx\/index.php\/2025\/01\/24\/trump-provoca-aumento-de-solicitudes-de-atencion-de-crisis-de-las-juventudes-lgbtq-en-eu\/","url":"https:\/\/fuentesfidedignas.com.mx\/index.php\/2025\/01\/24\/trump-provoca-aumento-de-solicitudes-de-atencion-de-crisis-de-las-juventudes-lgbtq-en-eu\/","name":"Trump provoca aumento de solicitudes de atenci\u00f3n de crisis de las juventudes LGBTQ en EU - Fuentes Fidedignas","isPartOf":{"@id":"https:\/\/fuentesfidedignas.com.mx\/#website"},"primaryImageOfPage":{"@id":"https:\/\/fuentesfidedignas.com.mx\/index.php\/2025\/01\/24\/trump-provoca-aumento-de-solicitudes-de-atencion-de-crisis-de-las-juventudes-lgbtq-en-eu\/#primaryimage"},"image":{"@id":"https:\/\/fuentesfidedignas.com.mx\/index.php\/2025\/01\/24\/trump-provoca-aumento-de-solicitudes-de-atencion-de-crisis-de-las-juventudes-lgbtq-en-eu\/#primaryimage"},"thumbnailUrl":"https:\/\/fuentesfidedignas.com.mx\/wp-content\/uploads\/2025\/01\/solicitudes-de-atencion-de-crisis-de-las-juventudes-LGBTQ-en-EU.jpg","datePublished":"2025-01-24T11:44:00+00:00","breadcrumb":{"@id":"https:\/\/fuentesfidedignas.com.mx\/index.php\/2025\/01\/24\/trump-provoca-aumento-de-solicitudes-de-atencion-de-crisis-de-las-juventudes-lgbtq-en-eu\/#breadcrumb"},"inLanguage":"es","potentialAction":[{"@type":"ReadAction","target":["https:\/\/fuentesfidedignas.com.mx\/index.php\/2025\/01\/24\/trump-provoca-aumento-de-solicitudes-de-atencion-de-crisis-de-las-juventudes-lgbtq-en-eu\/"]}]},{"@type":"ImageObject","inLanguage":"es","@id":"https:\/\/fuentesfidedignas.com.mx\/index.php\/2025\/01\/24\/trump-provoca-aumento-de-solicitudes-de-atencion-de-crisis-de-las-juventudes-lgbtq-en-eu\/#primaryimage","url":"https:\/\/fuentesfidedignas.com.mx\/wp-content\/uploads\/2025\/01\/solicitudes-de-atencion-de-crisis-de-las-juventudes-LGBTQ-en-EU.jpg","contentUrl":"https:\/\/fuentesfidedignas.com.mx\/wp-content\/uploads\/2025\/01\/solicitudes-de-atencion-de-crisis-de-las-juventudes-LGBTQ-en-EU.jpg","width":600,"height":313},{"@type":"BreadcrumbList","@id":"https:\/\/fuentesfidedignas.com.mx\/index.php\/2025\/01\/24\/trump-provoca-aumento-de-solicitudes-de-atencion-de-crisis-de-las-juventudes-lgbtq-en-eu\/#breadcrumb","itemListElement":[{"@type":"ListItem","position":1,"name":"Inicio","item":"https:\/\/fuentesfidedignas.com.mx\/"},{"@type":"ListItem","position":2,"name":"Trump provoca aumento de solicitudes de atenci\u00f3n de crisis de las juventudes LGBTQ en EU"}]},{"@type":"WebSite","@id":"https:\/\/fuentesfidedignas.com.mx\/#website","url":"https:\/\/fuentesfidedignas.com.mx\/","name":"Fuentes Fidedignas","description":"Otro sitio realizado con WordPress","publisher":{"@id":"https:\/\/fuentesfidedignas.com.mx\/#organization"},"potentialAction":[{"@type":"SearchAction","target":{"@type":"EntryPoint","urlTemplate":"https:\/\/fuentesfidedignas.com.mx\/?s={search_term_string}"},"query-input":{"@type":"PropertyValueSpecification","valueRequired":true,"valueName":"search_term_string"}}],"inLanguage":"es"},{"@type":"Organization","@id":"https:\/\/fuentesfidedignas.com.mx\/#organization","name":"Fuentes Fidedignas","url":"https:\/\/fuentesfidedignas.com.mx\/","logo":{"@type":"ImageObject","inLanguage":"es","@id":"https:\/\/fuentesfidedignas.com.mx\/#\/schema\/logo\/image\/","url":"https:\/\/fuentesfidedignas.com.mx\/wp-content\/uploads\/2021\/04\/logo-retina.png","contentUrl":"https:\/\/fuentesfidedignas.com.mx\/wp-content\/uploads\/2021\/04\/logo-retina.png","width":280,"height":51,"caption":"Fuentes Fidedignas"},"image":{"@id":"https:\/\/fuentesfidedignas.com.mx\/#\/schema\/logo\/image\/"},"sameAs":["https:\/\/www.facebook.com\/Fuentes-Fidedignas-368234489921644","https:\/\/x.com\/fidedignas"]},{"@type":"Person","@id":"https:\/\/fuentesfidedignas.com.mx\/#\/schema\/person\/e2b569f461972f4dc692e8a57def3fa1","name":"Reporte \u00cdndigo","image":{"@type":"ImageObject","inLanguage":"es","@id":"https:\/\/secure.gravatar.com\/avatar\/d0231ec752df7587e8d58cf5337090d30f7b0e109e5ee25039125ea0fff8a941?s=96&d=mm&r=g","url":"https:\/\/secure.gravatar.com\/avatar\/d0231ec752df7587e8d58cf5337090d30f7b0e109e5ee25039125ea0fff8a941?s=96&d=mm&r=g","contentUrl":"https:\/\/secure.gravatar.com\/avatar\/d0231ec752df7587e8d58cf5337090d30f7b0e109e5ee25039125ea0fff8a941?s=96&d=mm&r=g","caption":"Reporte \u00cdndigo"},"url":"https:\/\/fuentesfidedignas.com.mx\/index.php\/author\/reporte-indigo\/"}]}},"_links":{"self":[{"href":"https:\/\/fuentesfidedignas.com.mx\/index.php\/wp-json\/wp\/v2\/posts\/100076","targetHints":{"allow":["GET"]}}],"collection":[{"href":"https:\/\/fuentesfidedignas.com.mx\/index.php\/wp-json\/wp\/v2\/posts"}],"about":[{"href":"https:\/\/fuentesfidedignas.com.mx\/index.php\/wp-json\/wp\/v2\/types\/post"}],"author":[{"embeddable":true,"href":"https:\/\/fuentesfidedignas.com.mx\/index.php\/wp-json\/wp\/v2\/users\/58"}],"replies":[{"embeddable":true,"href":"https:\/\/fuentesfidedignas.com.mx\/index.php\/wp-json\/wp\/v2\/comments?post=100076"}],"version-history":[{"count":1,"href":"https:\/\/fuentesfidedignas.com.mx\/index.php\/wp-json\/wp\/v2\/posts\/100076\/revisions"}],"predecessor-version":[{"id":100078,"href":"https:\/\/fuentesfidedignas.com.mx\/index.php\/wp-json\/wp\/v2\/posts\/100076\/revisions\/100078"}],"wp:featuredmedia":[{"embeddable":true,"href":"https:\/\/fuentesfidedignas.com.mx\/index.php\/wp-json\/wp\/v2\/media\/100077"}],"wp:attachment":[{"href":"https:\/\/fuentesfidedignas.com.mx\/index.php\/wp-json\/wp\/v2\/media?parent=100076"}],"wp:term":[{"taxonomy":"category","embeddable":true,"href":"https:\/\/fuentesfidedignas.com.mx\/index.php\/wp-json\/wp\/v2\/categories?post=100076"},{"taxonomy":"post_tag","embeddable":true,"href":"https:\/\/fuentesfidedignas.com.mx\/index.php\/wp-json\/wp\/v2\/tags?post=100076"}],"curies":[{"name":"wp","href":"https:\/\/api.w.org\/{rel}","templated":true}]}}