{"id":100070,"date":"2025-01-24T04:00:00","date_gmt":"2025-01-24T11:00:00","guid":{"rendered":"https:\/\/fuentesfidedignas.com.mx\/?p=100070"},"modified":"2025-01-23T19:03:08","modified_gmt":"2025-01-24T02:03:08","slug":"localizan-el-pais-oculto-cuyos-habitantes-no-llegaban-a-vivir-ni-siquiera-hasta-los-20-anos","status":"publish","type":"post","link":"https:\/\/fuentesfidedignas.com.mx\/index.php\/2025\/01\/24\/localizan-el-pais-oculto-cuyos-habitantes-no-llegaban-a-vivir-ni-siquiera-hasta-los-20-anos\/","title":{"rendered":"Localizan el \u2018pa\u00eds oculto\u2019 cuyos habitantes no llegaban a vivir ni siquiera hasta los 20 a\u00f1os"},"content":{"rendered":"\n<p><strong><em>La falta de alimentaci\u00f3n, el clima \u00e1rido y caluroso, y los desastres naturales convirtieron la convivencia en esta localidad en un infierno para su poblaci\u00f3n.<\/em><\/strong><\/p>\n\n\n\n<p>Con el paso del tiempo el ser humano tiende a romantizar toda \u00e9poca pasada. El Imperio Romano, el Antiguo Egipto o la Francia napole\u00f3nica son algunas de las etapas que salen a relucir para criticar algunos problemas de la actualidad. Sin embargo, casos como B\u00e4renthal nos demuestra que, en ocasiones, no todo era tan id\u00edlico como creemos.<\/p>\n\n\n\n<p>Ubicado en el valle del Alb, en la Selva Negra de Alemania, esta peque\u00f1a localidad alemana ha sido estudiada por arque\u00f3logos e historiadores por sus duras condiciones de vida a lo largo de toda la historia.<\/p>\n\n\n\n<p>B\u00e4renthal tuvo una poblaci\u00f3n simultanea de entre 30 y 50 personas con una esperanza de vida muy baja, incluso para la \u00e9poca. Tan solo el 41% de los habitantes muri\u00f3 antes de los 20 a\u00f1os y m\u00e1s de la mitad vivieron menos de 5 a\u00f1os, por lo que alcanzar los 60 a\u00f1os se convirti\u00f3 en una aut\u00e9ntica haza\u00f1a dentro de la comunidad.<\/p>\n\n\n\n<p>Si bien la violencia era algo com\u00fan, no parece haber sido el principal problema de la comunidad, sino la pobreza. A trav\u00e9s del estudio de los huesos encontrados, los investigadores han descubierto que la desnutrici\u00f3n, consecuencia de la falta de alimentos ricos en cereales y vitamina C, provocaron caries y escorbuto.<\/p>\n\n\n\n<p>As\u00ed mismo, la osteoporosis (debilitaci\u00f3n anormal de los huesos) y las enfermedades respiratorias eran comunes entre la poblaci\u00f3n, que se ve\u00eda constantemente acosada por incendios forestales.<\/p>\n\n\n\n<p><strong>Proceso migratorio<\/strong><br>Todas estas condiciones, especialmente visibles en los restos de ni\u00f1os y adolescentes, obligaron a la poblaci\u00f3n a buscar nuevos asentamientos donde poder establecer una comunidad pr\u00f3spera.<\/p>\n\n\n\n<p>\u201cComo era de esperar, las oleadas de emigraci\u00f3n desde el siglo XVII han demostrado cu\u00e1n malas eran realmente las condiciones. El hecho de que este lugar haya estado ocupado durante tanto tiempo probablemente se deba a otras razones, como la ubicaci\u00f3n conveniente\u201d, explican en la exposici\u00f3n \u201cEl pa\u00eds oculto\u201d, ubicada en la ciudad de Stuttgart y dedicada a esta localidad tan peculiar.<\/p>\n\n\n\n<p>Sigue el canal de Diario AS en WhatsApp, donde encontrar\u00e1s todo el deporte en un solo espacio: la actualidad del d\u00eda, la agenda con la \u00faltima hora de los eventos deportivos m\u00e1s importantes, las im\u00e1genes m\u00e1s destacadas, la opini\u00f3n de las mejores firmas de AS, reportajes, v\u00eddeos, y algo de humor de vez en cuando.<\/p>\n","protected":false},"excerpt":{"rendered":"<p>La falta de alimentaci\u00f3n, el clima \u00e1rido y caluroso, y los desastres naturales convirtieron la convivencia en esta localidad en un infierno para su poblaci\u00f3n. Con el paso del tiempo el ser humano tiende a romantizar toda \u00e9poca pasada. El Imperio Romano, el Antiguo Egipto o la Francia napole\u00f3nica son algunas de las etapas que [&hellip;]<\/p>\n","protected":false},"author":133,"featured_media":100071,"comment_status":"open","ping_status":"open","sticky":false,"template":"","format":"standard","meta":{"tdm_status":"","tdm_grid_status":"","footnotes":""},"categories":[40],"tags":[],"class_list":{"0":"post-100070","1":"post","2":"type-post","3":"status-publish","4":"format-standard","5":"has-post-thumbnail","7":"category-las-asombrosas"},"yoast_head":"<!-- This site is optimized with the Yoast SEO plugin v27.5 - https:\/\/yoast.com\/product\/yoast-seo-wordpress\/ -->\n<title>Localizan el \u2018pa\u00eds oculto\u2019 cuyos habitantes no llegaban a vivir ni siquiera hasta los 20 a\u00f1os - Fuentes Fidedignas<\/title>\n<meta name=\"robots\" content=\"index, follow, max-snippet:-1, max-image-preview:large, max-video-preview:-1\" \/>\n<link rel=\"canonical\" href=\"https:\/\/fuentesfidedignas.com.mx\/index.php\/2025\/01\/24\/localizan-el-pais-oculto-cuyos-habitantes-no-llegaban-a-vivir-ni-siquiera-hasta-los-20-anos\/\" \/>\n<meta property=\"og:locale\" content=\"es_MX\" \/>\n<meta property=\"og:type\" content=\"article\" \/>\n<meta property=\"og:title\" content=\"Localizan el \u2018pa\u00eds oculto\u2019 cuyos habitantes no llegaban a vivir ni siquiera hasta los 20 a\u00f1os - Fuentes Fidedignas\" \/>\n<meta property=\"og:description\" content=\"La falta de alimentaci\u00f3n, el clima \u00e1rido y caluroso, y los desastres naturales convirtieron la convivencia en esta localidad en un infierno para su poblaci\u00f3n. Con el paso del tiempo el ser humano tiende a romantizar toda \u00e9poca pasada. El Imperio Romano, el Antiguo Egipto o la Francia napole\u00f3nica son algunas de las etapas que [&hellip;]\" \/>\n<meta property=\"og:url\" content=\"https:\/\/fuentesfidedignas.com.mx\/index.php\/2025\/01\/24\/localizan-el-pais-oculto-cuyos-habitantes-no-llegaban-a-vivir-ni-siquiera-hasta-los-20-anos\/\" \/>\n<meta property=\"og:site_name\" content=\"Fuentes Fidedignas\" \/>\n<meta property=\"article:publisher\" content=\"https:\/\/www.facebook.com\/Fuentes-Fidedignas-368234489921644\" \/>\n<meta property=\"article:published_time\" content=\"2025-01-24T11:00:00+00:00\" \/>\n<meta property=\"og:image\" content=\"https:\/\/fuentesfidedignas.com.mx\/wp-content\/uploads\/2025\/01\/restos-oseos.jpg\" \/>\n\t<meta property=\"og:image:width\" content=\"600\" \/>\n\t<meta property=\"og:image:height\" content=\"332\" \/>\n\t<meta property=\"og:image:type\" content=\"image\/jpeg\" \/>\n<meta name=\"author\" content=\"As\" \/>\n<meta name=\"twitter:card\" content=\"summary_large_image\" \/>\n<meta name=\"twitter:creator\" content=\"@fidedignas\" \/>\n<meta name=\"twitter:site\" content=\"@fidedignas\" \/>\n<meta name=\"twitter:label1\" content=\"Escrito por\" \/>\n\t<meta name=\"twitter:data1\" content=\"As\" \/>\n\t<meta name=\"twitter:label2\" content=\"Tiempo de lectura\" \/>\n\t<meta name=\"twitter:data2\" content=\"3 minutos\" \/>\n<script type=\"application\/ld+json\" class=\"yoast-schema-graph\">{\"@context\":\"https:\\\/\\\/schema.org\",\"@graph\":[{\"@type\":\"Article\",\"@id\":\"https:\\\/\\\/fuentesfidedignas.com.mx\\\/index.php\\\/2025\\\/01\\\/24\\\/localizan-el-pais-oculto-cuyos-habitantes-no-llegaban-a-vivir-ni-siquiera-hasta-los-20-anos\\\/#article\",\"isPartOf\":{\"@id\":\"https:\\\/\\\/fuentesfidedignas.com.mx\\\/index.php\\\/2025\\\/01\\\/24\\\/localizan-el-pais-oculto-cuyos-habitantes-no-llegaban-a-vivir-ni-siquiera-hasta-los-20-anos\\\/\"},\"author\":{\"name\":\"As\",\"@id\":\"https:\\\/\\\/fuentesfidedignas.com.mx\\\/#\\\/schema\\\/person\\\/9816e4fd88481f89b569209fb62a6d19\"},\"headline\":\"Localizan el \u2018pa\u00eds oculto\u2019 cuyos habitantes no llegaban a vivir ni siquiera hasta los 20 a\u00f1os\",\"datePublished\":\"2025-01-24T11:00:00+00:00\",\"mainEntityOfPage\":{\"@id\":\"https:\\\/\\\/fuentesfidedignas.com.mx\\\/index.php\\\/2025\\\/01\\\/24\\\/localizan-el-pais-oculto-cuyos-habitantes-no-llegaban-a-vivir-ni-siquiera-hasta-los-20-anos\\\/\"},\"wordCount\":449,\"commentCount\":0,\"publisher\":{\"@id\":\"https:\\\/\\\/fuentesfidedignas.com.mx\\\/#organization\"},\"image\":{\"@id\":\"https:\\\/\\\/fuentesfidedignas.com.mx\\\/index.php\\\/2025\\\/01\\\/24\\\/localizan-el-pais-oculto-cuyos-habitantes-no-llegaban-a-vivir-ni-siquiera-hasta-los-20-anos\\\/#primaryimage\"},\"thumbnailUrl\":\"https:\\\/\\\/fuentesfidedignas.com.mx\\\/wp-content\\\/uploads\\\/2025\\\/01\\\/restos-oseos.jpg\",\"articleSection\":[\"LAS ASOMBROSAS\"],\"inLanguage\":\"es\",\"potentialAction\":[{\"@type\":\"CommentAction\",\"name\":\"Comment\",\"target\":[\"https:\\\/\\\/fuentesfidedignas.com.mx\\\/index.php\\\/2025\\\/01\\\/24\\\/localizan-el-pais-oculto-cuyos-habitantes-no-llegaban-a-vivir-ni-siquiera-hasta-los-20-anos\\\/#respond\"]}]},{\"@type\":\"WebPage\",\"@id\":\"https:\\\/\\\/fuentesfidedignas.com.mx\\\/index.php\\\/2025\\\/01\\\/24\\\/localizan-el-pais-oculto-cuyos-habitantes-no-llegaban-a-vivir-ni-siquiera-hasta-los-20-anos\\\/\",\"url\":\"https:\\\/\\\/fuentesfidedignas.com.mx\\\/index.php\\\/2025\\\/01\\\/24\\\/localizan-el-pais-oculto-cuyos-habitantes-no-llegaban-a-vivir-ni-siquiera-hasta-los-20-anos\\\/\",\"name\":\"Localizan el \u2018pa\u00eds oculto\u2019 cuyos habitantes no llegaban a vivir ni siquiera hasta los 20 a\u00f1os - Fuentes Fidedignas\",\"isPartOf\":{\"@id\":\"https:\\\/\\\/fuentesfidedignas.com.mx\\\/#website\"},\"primaryImageOfPage\":{\"@id\":\"https:\\\/\\\/fuentesfidedignas.com.mx\\\/index.php\\\/2025\\\/01\\\/24\\\/localizan-el-pais-oculto-cuyos-habitantes-no-llegaban-a-vivir-ni-siquiera-hasta-los-20-anos\\\/#primaryimage\"},\"image\":{\"@id\":\"https:\\\/\\\/fuentesfidedignas.com.mx\\\/index.php\\\/2025\\\/01\\\/24\\\/localizan-el-pais-oculto-cuyos-habitantes-no-llegaban-a-vivir-ni-siquiera-hasta-los-20-anos\\\/#primaryimage\"},\"thumbnailUrl\":\"https:\\\/\\\/fuentesfidedignas.com.mx\\\/wp-content\\\/uploads\\\/2025\\\/01\\\/restos-oseos.jpg\",\"datePublished\":\"2025-01-24T11:00:00+00:00\",\"breadcrumb\":{\"@id\":\"https:\\\/\\\/fuentesfidedignas.com.mx\\\/index.php\\\/2025\\\/01\\\/24\\\/localizan-el-pais-oculto-cuyos-habitantes-no-llegaban-a-vivir-ni-siquiera-hasta-los-20-anos\\\/#breadcrumb\"},\"inLanguage\":\"es\",\"potentialAction\":[{\"@type\":\"ReadAction\",\"target\":[\"https:\\\/\\\/fuentesfidedignas.com.mx\\\/index.php\\\/2025\\\/01\\\/24\\\/localizan-el-pais-oculto-cuyos-habitantes-no-llegaban-a-vivir-ni-siquiera-hasta-los-20-anos\\\/\"]}]},{\"@type\":\"ImageObject\",\"inLanguage\":\"es\",\"@id\":\"https:\\\/\\\/fuentesfidedignas.com.mx\\\/index.php\\\/2025\\\/01\\\/24\\\/localizan-el-pais-oculto-cuyos-habitantes-no-llegaban-a-vivir-ni-siquiera-hasta-los-20-anos\\\/#primaryimage\",\"url\":\"https:\\\/\\\/fuentesfidedignas.com.mx\\\/wp-content\\\/uploads\\\/2025\\\/01\\\/restos-oseos.jpg\",\"contentUrl\":\"https:\\\/\\\/fuentesfidedignas.com.mx\\\/wp-content\\\/uploads\\\/2025\\\/01\\\/restos-oseos.jpg\",\"width\":600,\"height\":332},{\"@type\":\"BreadcrumbList\",\"@id\":\"https:\\\/\\\/fuentesfidedignas.com.mx\\\/index.php\\\/2025\\\/01\\\/24\\\/localizan-el-pais-oculto-cuyos-habitantes-no-llegaban-a-vivir-ni-siquiera-hasta-los-20-anos\\\/#breadcrumb\",\"itemListElement\":[{\"@type\":\"ListItem\",\"position\":1,\"name\":\"Inicio\",\"item\":\"https:\\\/\\\/fuentesfidedignas.com.mx\\\/\"},{\"@type\":\"ListItem\",\"position\":2,\"name\":\"Localizan el \u2018pa\u00eds oculto\u2019 cuyos habitantes no llegaban a vivir ni siquiera hasta los 20 a\u00f1os\"}]},{\"@type\":\"WebSite\",\"@id\":\"https:\\\/\\\/fuentesfidedignas.com.mx\\\/#website\",\"url\":\"https:\\\/\\\/fuentesfidedignas.com.mx\\\/\",\"name\":\"Fuentes Fidedignas\",\"description\":\"Otro sitio realizado con WordPress\",\"publisher\":{\"@id\":\"https:\\\/\\\/fuentesfidedignas.com.mx\\\/#organization\"},\"potentialAction\":[{\"@type\":\"SearchAction\",\"target\":{\"@type\":\"EntryPoint\",\"urlTemplate\":\"https:\\\/\\\/fuentesfidedignas.com.mx\\\/?s={search_term_string}\"},\"query-input\":{\"@type\":\"PropertyValueSpecification\",\"valueRequired\":true,\"valueName\":\"search_term_string\"}}],\"inLanguage\":\"es\"},{\"@type\":\"Organization\",\"@id\":\"https:\\\/\\\/fuentesfidedignas.com.mx\\\/#organization\",\"name\":\"Fuentes Fidedignas\",\"url\":\"https:\\\/\\\/fuentesfidedignas.com.mx\\\/\",\"logo\":{\"@type\":\"ImageObject\",\"inLanguage\":\"es\",\"@id\":\"https:\\\/\\\/fuentesfidedignas.com.mx\\\/#\\\/schema\\\/logo\\\/image\\\/\",\"url\":\"https:\\\/\\\/fuentesfidedignas.com.mx\\\/wp-content\\\/uploads\\\/2021\\\/04\\\/logo-retina.png\",\"contentUrl\":\"https:\\\/\\\/fuentesfidedignas.com.mx\\\/wp-content\\\/uploads\\\/2021\\\/04\\\/logo-retina.png\",\"width\":280,\"height\":51,\"caption\":\"Fuentes Fidedignas\"},\"image\":{\"@id\":\"https:\\\/\\\/fuentesfidedignas.com.mx\\\/#\\\/schema\\\/logo\\\/image\\\/\"},\"sameAs\":[\"https:\\\/\\\/www.facebook.com\\\/Fuentes-Fidedignas-368234489921644\",\"https:\\\/\\\/x.com\\\/fidedignas\"]},{\"@type\":\"Person\",\"@id\":\"https:\\\/\\\/fuentesfidedignas.com.mx\\\/#\\\/schema\\\/person\\\/9816e4fd88481f89b569209fb62a6d19\",\"name\":\"As\",\"image\":{\"@type\":\"ImageObject\",\"inLanguage\":\"es\",\"@id\":\"https:\\\/\\\/secure.gravatar.com\\\/avatar\\\/4753c92462a6e413ad1dbb2981e32e6f1ba8ce27683d280004667056aaa6729f?s=96&d=mm&r=g\",\"url\":\"https:\\\/\\\/secure.gravatar.com\\\/avatar\\\/4753c92462a6e413ad1dbb2981e32e6f1ba8ce27683d280004667056aaa6729f?s=96&d=mm&r=g\",\"contentUrl\":\"https:\\\/\\\/secure.gravatar.com\\\/avatar\\\/4753c92462a6e413ad1dbb2981e32e6f1ba8ce27683d280004667056aaa6729f?s=96&d=mm&r=g\",\"caption\":\"As\"},\"url\":\"https:\\\/\\\/fuentesfidedignas.com.mx\\\/index.php\\\/author\\\/as\\\/\"}]}<\/script>\n<!-- \/ Yoast SEO plugin. -->","yoast_head_json":{"title":"Localizan el \u2018pa\u00eds oculto\u2019 cuyos habitantes no llegaban a vivir ni siquiera hasta los 20 a\u00f1os - Fuentes Fidedignas","robots":{"index":"index","follow":"follow","max-snippet":"max-snippet:-1","max-image-preview":"max-image-preview:large","max-video-preview":"max-video-preview:-1"},"canonical":"https:\/\/fuentesfidedignas.com.mx\/index.php\/2025\/01\/24\/localizan-el-pais-oculto-cuyos-habitantes-no-llegaban-a-vivir-ni-siquiera-hasta-los-20-anos\/","og_locale":"es_MX","og_type":"article","og_title":"Localizan el \u2018pa\u00eds oculto\u2019 cuyos habitantes no llegaban a vivir ni siquiera hasta los 20 a\u00f1os - Fuentes Fidedignas","og_description":"La falta de alimentaci\u00f3n, el clima \u00e1rido y caluroso, y los desastres naturales convirtieron la convivencia en esta localidad en un infierno para su poblaci\u00f3n. Con el paso del tiempo el ser humano tiende a romantizar toda \u00e9poca pasada. El Imperio Romano, el Antiguo Egipto o la Francia napole\u00f3nica son algunas de las etapas que [&hellip;]","og_url":"https:\/\/fuentesfidedignas.com.mx\/index.php\/2025\/01\/24\/localizan-el-pais-oculto-cuyos-habitantes-no-llegaban-a-vivir-ni-siquiera-hasta-los-20-anos\/","og_site_name":"Fuentes Fidedignas","article_publisher":"https:\/\/www.facebook.com\/Fuentes-Fidedignas-368234489921644","article_published_time":"2025-01-24T11:00:00+00:00","og_image":[{"width":600,"height":332,"url":"https:\/\/fuentesfidedignas.com.mx\/wp-content\/uploads\/2025\/01\/restos-oseos.jpg","type":"image\/jpeg"}],"author":"As","twitter_card":"summary_large_image","twitter_creator":"@fidedignas","twitter_site":"@fidedignas","twitter_misc":{"Escrito por":"As","Tiempo de lectura":"3 minutos"},"schema":{"@context":"https:\/\/schema.org","@graph":[{"@type":"Article","@id":"https:\/\/fuentesfidedignas.com.mx\/index.php\/2025\/01\/24\/localizan-el-pais-oculto-cuyos-habitantes-no-llegaban-a-vivir-ni-siquiera-hasta-los-20-anos\/#article","isPartOf":{"@id":"https:\/\/fuentesfidedignas.com.mx\/index.php\/2025\/01\/24\/localizan-el-pais-oculto-cuyos-habitantes-no-llegaban-a-vivir-ni-siquiera-hasta-los-20-anos\/"},"author":{"name":"As","@id":"https:\/\/fuentesfidedignas.com.mx\/#\/schema\/person\/9816e4fd88481f89b569209fb62a6d19"},"headline":"Localizan el \u2018pa\u00eds oculto\u2019 cuyos habitantes no llegaban a vivir ni siquiera hasta los 20 a\u00f1os","datePublished":"2025-01-24T11:00:00+00:00","mainEntityOfPage":{"@id":"https:\/\/fuentesfidedignas.com.mx\/index.php\/2025\/01\/24\/localizan-el-pais-oculto-cuyos-habitantes-no-llegaban-a-vivir-ni-siquiera-hasta-los-20-anos\/"},"wordCount":449,"commentCount":0,"publisher":{"@id":"https:\/\/fuentesfidedignas.com.mx\/#organization"},"image":{"@id":"https:\/\/fuentesfidedignas.com.mx\/index.php\/2025\/01\/24\/localizan-el-pais-oculto-cuyos-habitantes-no-llegaban-a-vivir-ni-siquiera-hasta-los-20-anos\/#primaryimage"},"thumbnailUrl":"https:\/\/fuentesfidedignas.com.mx\/wp-content\/uploads\/2025\/01\/restos-oseos.jpg","articleSection":["LAS ASOMBROSAS"],"inLanguage":"es","potentialAction":[{"@type":"CommentAction","name":"Comment","target":["https:\/\/fuentesfidedignas.com.mx\/index.php\/2025\/01\/24\/localizan-el-pais-oculto-cuyos-habitantes-no-llegaban-a-vivir-ni-siquiera-hasta-los-20-anos\/#respond"]}]},{"@type":"WebPage","@id":"https:\/\/fuentesfidedignas.com.mx\/index.php\/2025\/01\/24\/localizan-el-pais-oculto-cuyos-habitantes-no-llegaban-a-vivir-ni-siquiera-hasta-los-20-anos\/","url":"https:\/\/fuentesfidedignas.com.mx\/index.php\/2025\/01\/24\/localizan-el-pais-oculto-cuyos-habitantes-no-llegaban-a-vivir-ni-siquiera-hasta-los-20-anos\/","name":"Localizan el \u2018pa\u00eds oculto\u2019 cuyos habitantes no llegaban a vivir ni siquiera hasta los 20 a\u00f1os - Fuentes Fidedignas","isPartOf":{"@id":"https:\/\/fuentesfidedignas.com.mx\/#website"},"primaryImageOfPage":{"@id":"https:\/\/fuentesfidedignas.com.mx\/index.php\/2025\/01\/24\/localizan-el-pais-oculto-cuyos-habitantes-no-llegaban-a-vivir-ni-siquiera-hasta-los-20-anos\/#primaryimage"},"image":{"@id":"https:\/\/fuentesfidedignas.com.mx\/index.php\/2025\/01\/24\/localizan-el-pais-oculto-cuyos-habitantes-no-llegaban-a-vivir-ni-siquiera-hasta-los-20-anos\/#primaryimage"},"thumbnailUrl":"https:\/\/fuentesfidedignas.com.mx\/wp-content\/uploads\/2025\/01\/restos-oseos.jpg","datePublished":"2025-01-24T11:00:00+00:00","breadcrumb":{"@id":"https:\/\/fuentesfidedignas.com.mx\/index.php\/2025\/01\/24\/localizan-el-pais-oculto-cuyos-habitantes-no-llegaban-a-vivir-ni-siquiera-hasta-los-20-anos\/#breadcrumb"},"inLanguage":"es","potentialAction":[{"@type":"ReadAction","target":["https:\/\/fuentesfidedignas.com.mx\/index.php\/2025\/01\/24\/localizan-el-pais-oculto-cuyos-habitantes-no-llegaban-a-vivir-ni-siquiera-hasta-los-20-anos\/"]}]},{"@type":"ImageObject","inLanguage":"es","@id":"https:\/\/fuentesfidedignas.com.mx\/index.php\/2025\/01\/24\/localizan-el-pais-oculto-cuyos-habitantes-no-llegaban-a-vivir-ni-siquiera-hasta-los-20-anos\/#primaryimage","url":"https:\/\/fuentesfidedignas.com.mx\/wp-content\/uploads\/2025\/01\/restos-oseos.jpg","contentUrl":"https:\/\/fuentesfidedignas.com.mx\/wp-content\/uploads\/2025\/01\/restos-oseos.jpg","width":600,"height":332},{"@type":"BreadcrumbList","@id":"https:\/\/fuentesfidedignas.com.mx\/index.php\/2025\/01\/24\/localizan-el-pais-oculto-cuyos-habitantes-no-llegaban-a-vivir-ni-siquiera-hasta-los-20-anos\/#breadcrumb","itemListElement":[{"@type":"ListItem","position":1,"name":"Inicio","item":"https:\/\/fuentesfidedignas.com.mx\/"},{"@type":"ListItem","position":2,"name":"Localizan el \u2018pa\u00eds oculto\u2019 cuyos habitantes no llegaban a vivir ni siquiera hasta los 20 a\u00f1os"}]},{"@type":"WebSite","@id":"https:\/\/fuentesfidedignas.com.mx\/#website","url":"https:\/\/fuentesfidedignas.com.mx\/","name":"Fuentes Fidedignas","description":"Otro sitio realizado con WordPress","publisher":{"@id":"https:\/\/fuentesfidedignas.com.mx\/#organization"},"potentialAction":[{"@type":"SearchAction","target":{"@type":"EntryPoint","urlTemplate":"https:\/\/fuentesfidedignas.com.mx\/?s={search_term_string}"},"query-input":{"@type":"PropertyValueSpecification","valueRequired":true,"valueName":"search_term_string"}}],"inLanguage":"es"},{"@type":"Organization","@id":"https:\/\/fuentesfidedignas.com.mx\/#organization","name":"Fuentes Fidedignas","url":"https:\/\/fuentesfidedignas.com.mx\/","logo":{"@type":"ImageObject","inLanguage":"es","@id":"https:\/\/fuentesfidedignas.com.mx\/#\/schema\/logo\/image\/","url":"https:\/\/fuentesfidedignas.com.mx\/wp-content\/uploads\/2021\/04\/logo-retina.png","contentUrl":"https:\/\/fuentesfidedignas.com.mx\/wp-content\/uploads\/2021\/04\/logo-retina.png","width":280,"height":51,"caption":"Fuentes Fidedignas"},"image":{"@id":"https:\/\/fuentesfidedignas.com.mx\/#\/schema\/logo\/image\/"},"sameAs":["https:\/\/www.facebook.com\/Fuentes-Fidedignas-368234489921644","https:\/\/x.com\/fidedignas"]},{"@type":"Person","@id":"https:\/\/fuentesfidedignas.com.mx\/#\/schema\/person\/9816e4fd88481f89b569209fb62a6d19","name":"As","image":{"@type":"ImageObject","inLanguage":"es","@id":"https:\/\/secure.gravatar.com\/avatar\/4753c92462a6e413ad1dbb2981e32e6f1ba8ce27683d280004667056aaa6729f?s=96&d=mm&r=g","url":"https:\/\/secure.gravatar.com\/avatar\/4753c92462a6e413ad1dbb2981e32e6f1ba8ce27683d280004667056aaa6729f?s=96&d=mm&r=g","contentUrl":"https:\/\/secure.gravatar.com\/avatar\/4753c92462a6e413ad1dbb2981e32e6f1ba8ce27683d280004667056aaa6729f?s=96&d=mm&r=g","caption":"As"},"url":"https:\/\/fuentesfidedignas.com.mx\/index.php\/author\/as\/"}]}},"_links":{"self":[{"href":"https:\/\/fuentesfidedignas.com.mx\/index.php\/wp-json\/wp\/v2\/posts\/100070","targetHints":{"allow":["GET"]}}],"collection":[{"href":"https:\/\/fuentesfidedignas.com.mx\/index.php\/wp-json\/wp\/v2\/posts"}],"about":[{"href":"https:\/\/fuentesfidedignas.com.mx\/index.php\/wp-json\/wp\/v2\/types\/post"}],"author":[{"embeddable":true,"href":"https:\/\/fuentesfidedignas.com.mx\/index.php\/wp-json\/wp\/v2\/users\/133"}],"replies":[{"embeddable":true,"href":"https:\/\/fuentesfidedignas.com.mx\/index.php\/wp-json\/wp\/v2\/comments?post=100070"}],"version-history":[{"count":1,"href":"https:\/\/fuentesfidedignas.com.mx\/index.php\/wp-json\/wp\/v2\/posts\/100070\/revisions"}],"predecessor-version":[{"id":100072,"href":"https:\/\/fuentesfidedignas.com.mx\/index.php\/wp-json\/wp\/v2\/posts\/100070\/revisions\/100072"}],"wp:featuredmedia":[{"embeddable":true,"href":"https:\/\/fuentesfidedignas.com.mx\/index.php\/wp-json\/wp\/v2\/media\/100071"}],"wp:attachment":[{"href":"https:\/\/fuentesfidedignas.com.mx\/index.php\/wp-json\/wp\/v2\/media?parent=100070"}],"wp:term":[{"taxonomy":"category","embeddable":true,"href":"https:\/\/fuentesfidedignas.com.mx\/index.php\/wp-json\/wp\/v2\/categories?post=100070"},{"taxonomy":"post_tag","embeddable":true,"href":"https:\/\/fuentesfidedignas.com.mx\/index.php\/wp-json\/wp\/v2\/tags?post=100070"}],"curies":[{"name":"wp","href":"https:\/\/api.w.org\/{rel}","templated":true}]}}